{"id":15350,"date":"2022-11-22T09:07:37","date_gmt":"2022-11-22T08:07:37","guid":{"rendered":"https:\/\/news.save.ch\/?p=15350"},"modified":"2023-06-10T15:47:05","modified_gmt":"2023-06-10T13:47:05","slug":"klimawandel-eu-will-rechenzentren-ins-weltall-verlegen","status":null,"type":"post","link":"https:\/\/news.save.ch\/it\/klimawandel-eu-will-rechenzentren-ins-weltall-verlegen\/","title":{"rendered":"Cambiamento climatico: l'UE vuole spostare i centri dati nello spazio"},"content":{"rendered":"<figure id=\"attachment_15360\" aria-describedby=\"caption-attachment-15360\" style=\"width: 680px\" class=\"wp-caption alignnone\"><img loading=\"lazy\" decoding=\"async\" class=\"wp-image-15360 size-medium\" src=\"https:\/\/news.save.ch\/wp-content\/uploads\/2022\/11\/Depositphotos_84262480_S-680x510.jpg\" alt=\"Cambiamento climatico: l&#039;UE vuole spostare i centri dati nello spazio\" width=\"680\" height=\"510\" srcset=\"https:\/\/news.save.ch\/wp-content\/uploads\/2022\/11\/Depositphotos_84262480_S-680x510.jpg 680w, https:\/\/news.save.ch\/wp-content\/uploads\/2022\/11\/Depositphotos_84262480_S-768x576.jpg 768w, https:\/\/news.save.ch\/wp-content\/uploads\/2022\/11\/Depositphotos_84262480_S-16x12.jpg 16w, https:\/\/news.save.ch\/wp-content\/uploads\/2022\/11\/Depositphotos_84262480_S-375x281.jpg 375w, https:\/\/news.save.ch\/wp-content\/uploads\/2022\/11\/Depositphotos_84262480_S-467x350.jpg 467w, https:\/\/news.save.ch\/wp-content\/uploads\/2022\/11\/Depositphotos_84262480_S.jpg 1000w\" sizes=\"auto, (max-width: 680px) 100vw, 680px\" \/><figcaption id=\"caption-attachment-15360\" class=\"wp-caption-text\">Immagine: depositphotos<\/figcaption><\/figure>\n<p>I data center hanno bisogno di sempre pi\u00f9 elettricit\u00e0 a causa dell'immenso aumento dei dati. In questo contesto, l'Unione europea ha ora <a href=\"https:\/\/ec.europa.eu\/info\/funding-tenders\/find-funding\/eu-funding-programmes\/horizon-europe_de\" target=\"_blank\" rel=\"noopener\">uno studio<\/a> per valutare se in futuro i centri dati possano essere trasferiti anche nello spazio. Al di fuori dell'atmosfera terrestre, il clima del pianeta non sarebbe pi\u00f9 in pericolo. L'alimentazione potrebbe essere fornita da pannelli solari, mentre la connessione dati con la Terra potrebbe avvenire tramite laser.<\/p>\n<p>L'implementazione \u00e8 ora all'esame della Commissione francese <a href=\"https:\/\/www.thalesgroup.com\/en\/worldwide\/space\/press-release\/ascend-thales-alenia-space-lead-european-feasibility-study-data\" target=\"_blank\" rel=\"noopener\">Societ\u00e0 spaziale Thales<\/a>. Tuttavia, c'\u00e8 un ostacolo: I centri dati non potevano essere semplicemente costruiti nello spazio su larga scala. Lo studio di fattibilit\u00e0 servir\u00e0 ora a valutare come l'hardware potrebbe arrivare nello spazio, dove verrebbe parcheggiato e come potrebbe essere mantenuto dai robot.<\/p>\n<h3>Molte domande sulla sicurezza<\/h3>\n<p>In ultima analisi, tuttavia, anche le questioni di sicurezza giocano un ruolo decisivo. \u00c8 vero che i data center nello spazio sarebbero un progetto a lungo termine per la protezione del clima, poich\u00e9 l'ambiente sarebbe comunque freddo e quindi sarebbe necessaria meno elettricit\u00e0 per il raffreddamento. Tuttavia, che dire, ad esempio, delle procedure di messa in servizio o di assistenza in caso di problemi tecnici o di danni orbitali, o come sarebbero protetti questi centri dati dagli attacchi?<\/p>\n<p>In una prima fase, stanno esaminando quante emissioni di CO2 vengono generate durante la costruzione delle infrastrutture e come queste si confrontano con la costruzione di centri dati convenzionali. Dopotutto, sono stati investiti molti soldi nello studio di fattibilit\u00e0, quindi l'implementazione non dovrebbe essere esclusa fin dall'inizio.<\/p>\n<p><em>Fonte: deutschlandfunknova.de\/editoria\u00a0<\/em><\/p>","protected":false},"excerpt":{"rendered":"<p>Rechenzentren ben\u00f6tigen infolge der immensen Datenzunahme immer mehr Strom. Vor diesem Hintergrund hat die Europ\u00e4ische Union nun eine Studie in Auftrag gegeben, um zu pr\u00fcfen, ob sich Rechenzentren k\u00fcnftig auch ins Weltall verlegen liessen. Ausserhalb der Erdatmosph\u00e4re w\u00e4re dadurch das Klima auf dem irdischen Planeten nicht mehr gef\u00e4hrdet. Die Stromzufuhr k\u00f6nnte durch Solarpaneele zugef\u00fchrt werden, [&hellip;]<\/p>\n","protected":false},"author":9,"featured_media":15360,"comment_status":"closed","ping_status":"closed","sticky":false,"template":"","format":"standard","meta":{"_acf_changed":false,"pgc_sgb_lightbox_settings":"","footnotes":""},"categories":[1,3313],"tags":[3859,2431,1525,3858,3860,3861,1526],"class_list":["post-15350","post","type-post","status-publish","format-standard","has-post-thumbnail","hentry","category-allgemein","category-digitalisierung","tag-co2-ausstoss","tag-laser","tag-rechenzentren","tag-rechenzentren-im-weltall","tag-solarpaneele","tag-thales","tag-weltraum"],"acf":[],"hkrextid":null,"publication":null,"issue":null,"workflow":null,"startPage":null,"spitzmarke":null,"_posts_by_tag_page_fields":null,"_at_widget":null,"_yoast_wpseo_primary_category":"1","_yoast_wpseo_focuskw_text_input":null,"_yoast_wpseo_opengraph-image":null,"_yoast_wpseo_opengraph-description":null,"_yoast_wpseo_opengraph-title":null,"enclosure":null,"_yoast_wpseo_twitter-title":null,"_yoast_wpseo_twitter-description":null,"_yoast_wpseo_twitter-image":null,"_wp_old_slug":null,"_yoast_wpseo_title":null,"_yoast_wpseo_canonical":null,"yoast_head":"<!-- This site is optimized with the Yoast SEO plugin v27.5 - https:\/\/yoast.com\/product\/yoast-seo-wordpress\/ -->\n<title>Klimawandel: EU will Rechenzentren ins Weltall verlegen - Save<\/title>\n<meta name=\"description\" content=\"Ist die Digitalisierung Teil der L\u00f6sung gegen den Klimawandel? Die Europ\u00e4ische Union hat eine Studie in Auftrag gegeben, um zu pr\u00fcfen, ob sich Rechenzentren auch k\u00fcnftig ins Weltall verlegen liessen.\" \/>\n<meta name=\"robots\" content=\"index, follow, max-snippet:-1, max-image-preview:large, max-video-preview:-1\" \/>\n<link rel=\"canonical\" href=\"https:\/\/news.save.ch\/it\/klimawandel-eu-will-rechenzentren-ins-weltall-verlegen\/\" \/>\n<meta property=\"og:locale\" content=\"it_IT\" \/>\n<meta property=\"og:type\" content=\"article\" \/>\n<meta property=\"og:title\" content=\"Klimawandel: EU will Rechenzentren ins Weltall verlegen - Save\" \/>\n<meta property=\"og:description\" content=\"Ist die Digitalisierung Teil der L\u00f6sung gegen den Klimawandel? Die Europ\u00e4ische Union hat eine Studie in Auftrag gegeben, um zu pr\u00fcfen, ob sich Rechenzentren auch k\u00fcnftig ins Weltall verlegen liessen.\" \/>\n<meta property=\"og:url\" content=\"https:\/\/news.save.ch\/it\/klimawandel-eu-will-rechenzentren-ins-weltall-verlegen\/\" \/>\n<meta property=\"og:site_name\" content=\"Save\" \/>\n<meta property=\"article:published_time\" content=\"2022-11-22T08:07:37+00:00\" \/>\n<meta property=\"article:modified_time\" content=\"2023-06-10T13:47:05+00:00\" \/>\n<meta property=\"og:image\" content=\"https:\/\/news.save.ch\/wp-content\/uploads\/2022\/11\/Depositphotos_84262480_S.jpg\" \/>\n\t<meta property=\"og:image:width\" content=\"1000\" \/>\n\t<meta property=\"og:image:height\" content=\"750\" \/>\n\t<meta property=\"og:image:type\" content=\"image\/jpeg\" \/>\n<meta name=\"author\" content=\"Simon Gr\u00f6flin\" \/>\n<meta name=\"twitter:card\" content=\"summary_large_image\" \/>\n<meta name=\"twitter:label1\" content=\"Scritto da\" \/>\n\t<meta name=\"twitter:data1\" content=\"Simon Gr\u00f6flin\" \/>\n\t<meta name=\"twitter:label2\" content=\"Tempo di lettura stimato\" \/>\n\t<meta name=\"twitter:data2\" content=\"2 minuti\" \/>\n<script type=\"application\/ld+json\" class=\"yoast-schema-graph\">{\"@context\":\"https:\\\/\\\/schema.org\",\"@graph\":[{\"@type\":\"Article\",\"@id\":\"https:\\\/\\\/news.save.ch\\\/klimawandel-eu-will-rechenzentren-ins-weltall-verlegen\\\/#article\",\"isPartOf\":{\"@id\":\"https:\\\/\\\/news.save.ch\\\/klimawandel-eu-will-rechenzentren-ins-weltall-verlegen\\\/\"},\"author\":{\"name\":\"Simon Gr\u00f6flin\",\"@id\":\"https:\\\/\\\/news.save.ch\\\/de\\\/#\\\/schema\\\/person\\\/ad4ef21102fd6125312409ac57d5296d\"},\"headline\":\"Klimawandel: EU will Rechenzentren ins Weltall verlegen\",\"datePublished\":\"2022-11-22T08:07:37+00:00\",\"dateModified\":\"2023-06-10T13:47:05+00:00\",\"mainEntityOfPage\":{\"@id\":\"https:\\\/\\\/news.save.ch\\\/klimawandel-eu-will-rechenzentren-ins-weltall-verlegen\\\/\"},\"wordCount\":274,\"publisher\":{\"@id\":\"https:\\\/\\\/news.save.ch\\\/de\\\/#organization\"},\"image\":{\"@id\":\"https:\\\/\\\/news.save.ch\\\/klimawandel-eu-will-rechenzentren-ins-weltall-verlegen\\\/#primaryimage\"},\"thumbnailUrl\":\"https:\\\/\\\/news.save.ch\\\/wp-content\\\/uploads\\\/2022\\\/11\\\/Depositphotos_84262480_S.jpg\",\"keywords\":[\"CO2-Aussto\u00df\",\"Laser\",\"Rechenzentren\",\"Rechenzentren im Weltall\",\"Solarpaneele\",\"Thales\",\"Weltraum\"],\"articleSection\":[\"ALLGEMEIN\",\"DIGITALISIERUNG\"],\"inLanguage\":\"it-IT\"},{\"@type\":\"WebPage\",\"@id\":\"https:\\\/\\\/news.save.ch\\\/klimawandel-eu-will-rechenzentren-ins-weltall-verlegen\\\/\",\"url\":\"https:\\\/\\\/news.save.ch\\\/klimawandel-eu-will-rechenzentren-ins-weltall-verlegen\\\/\",\"name\":\"Klimawandel: EU will Rechenzentren ins Weltall verlegen - Save\",\"isPartOf\":{\"@id\":\"https:\\\/\\\/news.save.ch\\\/de\\\/#website\"},\"primaryImageOfPage\":{\"@id\":\"https:\\\/\\\/news.save.ch\\\/klimawandel-eu-will-rechenzentren-ins-weltall-verlegen\\\/#primaryimage\"},\"image\":{\"@id\":\"https:\\\/\\\/news.save.ch\\\/klimawandel-eu-will-rechenzentren-ins-weltall-verlegen\\\/#primaryimage\"},\"thumbnailUrl\":\"https:\\\/\\\/news.save.ch\\\/wp-content\\\/uploads\\\/2022\\\/11\\\/Depositphotos_84262480_S.jpg\",\"datePublished\":\"2022-11-22T08:07:37+00:00\",\"dateModified\":\"2023-06-10T13:47:05+00:00\",\"description\":\"Ist die Digitalisierung Teil der L\u00f6sung gegen den Klimawandel? Die Europ\u00e4ische Union hat eine Studie in Auftrag gegeben, um zu pr\u00fcfen, ob sich Rechenzentren auch k\u00fcnftig ins Weltall verlegen liessen.\",\"breadcrumb\":{\"@id\":\"https:\\\/\\\/news.save.ch\\\/klimawandel-eu-will-rechenzentren-ins-weltall-verlegen\\\/#breadcrumb\"},\"inLanguage\":\"it-IT\",\"potentialAction\":[{\"@type\":\"ReadAction\",\"target\":[\"https:\\\/\\\/news.save.ch\\\/klimawandel-eu-will-rechenzentren-ins-weltall-verlegen\\\/\"]}]},{\"@type\":\"ImageObject\",\"inLanguage\":\"it-IT\",\"@id\":\"https:\\\/\\\/news.save.ch\\\/klimawandel-eu-will-rechenzentren-ins-weltall-verlegen\\\/#primaryimage\",\"url\":\"https:\\\/\\\/news.save.ch\\\/wp-content\\\/uploads\\\/2022\\\/11\\\/Depositphotos_84262480_S.jpg\",\"contentUrl\":\"https:\\\/\\\/news.save.ch\\\/wp-content\\\/uploads\\\/2022\\\/11\\\/Depositphotos_84262480_S.jpg\",\"width\":1000,\"height\":750,\"caption\":\"Interstellar centers in space, computer generated abstract background\"},{\"@type\":\"BreadcrumbList\",\"@id\":\"https:\\\/\\\/news.save.ch\\\/klimawandel-eu-will-rechenzentren-ins-weltall-verlegen\\\/#breadcrumb\",\"itemListElement\":[{\"@type\":\"ListItem\",\"position\":1,\"name\":\"Home\",\"item\":\"https:\\\/\\\/news.save.ch\\\/de\\\/\"},{\"@type\":\"ListItem\",\"position\":2,\"name\":\"Klimawandel: EU will Rechenzentren ins Weltall verlegen\"}]},{\"@type\":\"WebSite\",\"@id\":\"https:\\\/\\\/news.save.ch\\\/de\\\/#website\",\"url\":\"https:\\\/\\\/news.save.ch\\\/de\\\/\",\"name\":\"Save\",\"description\":\"Schweizer Fachzeitschrift f\u00fcr Sicherheit\",\"publisher\":{\"@id\":\"https:\\\/\\\/news.save.ch\\\/de\\\/#organization\"},\"potentialAction\":[{\"@type\":\"SearchAction\",\"target\":{\"@type\":\"EntryPoint\",\"urlTemplate\":\"https:\\\/\\\/news.save.ch\\\/de\\\/?s={search_term_string}\"},\"query-input\":{\"@type\":\"PropertyValueSpecification\",\"valueRequired\":true,\"valueName\":\"search_term_string\"}}],\"inLanguage\":\"it-IT\"},{\"@type\":\"Organization\",\"@id\":\"https:\\\/\\\/news.save.ch\\\/de\\\/#organization\",\"name\":\"Sicherheitsforum\",\"url\":\"https:\\\/\\\/news.save.ch\\\/de\\\/\",\"logo\":{\"@type\":\"ImageObject\",\"inLanguage\":\"it-IT\",\"@id\":\"https:\\\/\\\/news.save.ch\\\/de\\\/#\\\/schema\\\/logo\\\/image\\\/\",\"url\":\"https:\\\/\\\/news.save.ch\\\/wp-content\\\/uploads\\\/2022\\\/06\\\/Logo_SF_2012.png\",\"contentUrl\":\"https:\\\/\\\/news.save.ch\\\/wp-content\\\/uploads\\\/2022\\\/06\\\/Logo_SF_2012.png\",\"width\":1100,\"height\":91,\"caption\":\"Sicherheitsforum\"},\"image\":{\"@id\":\"https:\\\/\\\/news.save.ch\\\/de\\\/#\\\/schema\\\/logo\\\/image\\\/\"}},{\"@type\":\"Person\",\"@id\":\"https:\\\/\\\/news.save.ch\\\/de\\\/#\\\/schema\\\/person\\\/ad4ef21102fd6125312409ac57d5296d\",\"name\":\"Simon Gr\u00f6flin\",\"image\":{\"@type\":\"ImageObject\",\"inLanguage\":\"it-IT\",\"@id\":\"https:\\\/\\\/secure.gravatar.com\\\/avatar\\\/6ddceb80eb734354635539e0ea5140bb7c41e42de7c45c9a2ab9921b5d5c9a83?s=96&d=mm&r=g\",\"url\":\"https:\\\/\\\/secure.gravatar.com\\\/avatar\\\/6ddceb80eb734354635539e0ea5140bb7c41e42de7c45c9a2ab9921b5d5c9a83?s=96&d=mm&r=g\",\"contentUrl\":\"https:\\\/\\\/secure.gravatar.com\\\/avatar\\\/6ddceb80eb734354635539e0ea5140bb7c41e42de7c45c9a2ab9921b5d5c9a83?s=96&d=mm&r=g\",\"caption\":\"Simon Gr\u00f6flin\"},\"url\":\"https:\\\/\\\/news.save.ch\\\/it\\\/author\\\/simon-groeflin\\\/\"}]}<\/script>\n<!-- \/ Yoast SEO plugin. -->","yoast_head_json":{"title":"Cambiamento climatico: l'UE vuole spostare i centri dati nello spazio - Save","description":"La digitalizzazione fa parte della soluzione al cambiamento climatico? L'Unione Europea ha commissionato uno studio per verificare se in futuro i centri dati potranno essere spostati nello spazio.","robots":{"index":"index","follow":"follow","max-snippet":"max-snippet:-1","max-image-preview":"max-image-preview:large","max-video-preview":"max-video-preview:-1"},"canonical":"https:\/\/news.save.ch\/it\/klimawandel-eu-will-rechenzentren-ins-weltall-verlegen\/","og_locale":"it_IT","og_type":"article","og_title":"Klimawandel: EU will Rechenzentren ins Weltall verlegen - Save","og_description":"Ist die Digitalisierung Teil der L\u00f6sung gegen den Klimawandel? Die Europ\u00e4ische Union hat eine Studie in Auftrag gegeben, um zu pr\u00fcfen, ob sich Rechenzentren auch k\u00fcnftig ins Weltall verlegen liessen.","og_url":"https:\/\/news.save.ch\/it\/klimawandel-eu-will-rechenzentren-ins-weltall-verlegen\/","og_site_name":"Save","article_published_time":"2022-11-22T08:07:37+00:00","article_modified_time":"2023-06-10T13:47:05+00:00","og_image":[{"width":1000,"height":750,"url":"https:\/\/news.save.ch\/wp-content\/uploads\/2022\/11\/Depositphotos_84262480_S.jpg","type":"image\/jpeg"}],"author":"Simon Gr\u00f6flin","twitter_card":"summary_large_image","twitter_misc":{"Scritto da":"Simon Gr\u00f6flin","Tempo di lettura stimato":"2 minuti"},"schema":{"@context":"https:\/\/schema.org","@graph":[{"@type":"Article","@id":"https:\/\/news.save.ch\/klimawandel-eu-will-rechenzentren-ins-weltall-verlegen\/#article","isPartOf":{"@id":"https:\/\/news.save.ch\/klimawandel-eu-will-rechenzentren-ins-weltall-verlegen\/"},"author":{"name":"Simon Gr\u00f6flin","@id":"https:\/\/news.save.ch\/de\/#\/schema\/person\/ad4ef21102fd6125312409ac57d5296d"},"headline":"Klimawandel: EU will Rechenzentren ins Weltall verlegen","datePublished":"2022-11-22T08:07:37+00:00","dateModified":"2023-06-10T13:47:05+00:00","mainEntityOfPage":{"@id":"https:\/\/news.save.ch\/klimawandel-eu-will-rechenzentren-ins-weltall-verlegen\/"},"wordCount":274,"publisher":{"@id":"https:\/\/news.save.ch\/de\/#organization"},"image":{"@id":"https:\/\/news.save.ch\/klimawandel-eu-will-rechenzentren-ins-weltall-verlegen\/#primaryimage"},"thumbnailUrl":"https:\/\/news.save.ch\/wp-content\/uploads\/2022\/11\/Depositphotos_84262480_S.jpg","keywords":["CO2-Aussto\u00df","Laser","Rechenzentren","Rechenzentren im Weltall","Solarpaneele","Thales","Weltraum"],"articleSection":["ALLGEMEIN","DIGITALISIERUNG"],"inLanguage":"it-IT"},{"@type":"WebPage","@id":"https:\/\/news.save.ch\/klimawandel-eu-will-rechenzentren-ins-weltall-verlegen\/","url":"https:\/\/news.save.ch\/klimawandel-eu-will-rechenzentren-ins-weltall-verlegen\/","name":"Cambiamento climatico: l'UE vuole spostare i centri dati nello spazio - Save","isPartOf":{"@id":"https:\/\/news.save.ch\/de\/#website"},"primaryImageOfPage":{"@id":"https:\/\/news.save.ch\/klimawandel-eu-will-rechenzentren-ins-weltall-verlegen\/#primaryimage"},"image":{"@id":"https:\/\/news.save.ch\/klimawandel-eu-will-rechenzentren-ins-weltall-verlegen\/#primaryimage"},"thumbnailUrl":"https:\/\/news.save.ch\/wp-content\/uploads\/2022\/11\/Depositphotos_84262480_S.jpg","datePublished":"2022-11-22T08:07:37+00:00","dateModified":"2023-06-10T13:47:05+00:00","description":"La digitalizzazione fa parte della soluzione al cambiamento climatico? L'Unione Europea ha commissionato uno studio per verificare se in futuro i centri dati potranno essere spostati nello spazio.","breadcrumb":{"@id":"https:\/\/news.save.ch\/klimawandel-eu-will-rechenzentren-ins-weltall-verlegen\/#breadcrumb"},"inLanguage":"it-IT","potentialAction":[{"@type":"ReadAction","target":["https:\/\/news.save.ch\/klimawandel-eu-will-rechenzentren-ins-weltall-verlegen\/"]}]},{"@type":"ImageObject","inLanguage":"it-IT","@id":"https:\/\/news.save.ch\/klimawandel-eu-will-rechenzentren-ins-weltall-verlegen\/#primaryimage","url":"https:\/\/news.save.ch\/wp-content\/uploads\/2022\/11\/Depositphotos_84262480_S.jpg","contentUrl":"https:\/\/news.save.ch\/wp-content\/uploads\/2022\/11\/Depositphotos_84262480_S.jpg","width":1000,"height":750,"caption":"Interstellar centers in space, computer generated abstract background"},{"@type":"BreadcrumbList","@id":"https:\/\/news.save.ch\/klimawandel-eu-will-rechenzentren-ins-weltall-verlegen\/#breadcrumb","itemListElement":[{"@type":"ListItem","position":1,"name":"Home","item":"https:\/\/news.save.ch\/de\/"},{"@type":"ListItem","position":2,"name":"Klimawandel: EU will Rechenzentren ins Weltall verlegen"}]},{"@type":"WebSite","@id":"https:\/\/news.save.ch\/de\/#website","url":"https:\/\/news.save.ch\/de\/","name":"Risparmiare","description":"Rivista svizzera specializzata in sicurezza","publisher":{"@id":"https:\/\/news.save.ch\/de\/#organization"},"potentialAction":[{"@type":"SearchAction","target":{"@type":"EntryPoint","urlTemplate":"https:\/\/news.save.ch\/de\/?s={search_term_string}"},"query-input":{"@type":"PropertyValueSpecification","valueRequired":true,"valueName":"search_term_string"}}],"inLanguage":"it-IT"},{"@type":"Organization","@id":"https:\/\/news.save.ch\/de\/#organization","name":"Forum sulla sicurezza","url":"https:\/\/news.save.ch\/de\/","logo":{"@type":"ImageObject","inLanguage":"it-IT","@id":"https:\/\/news.save.ch\/de\/#\/schema\/logo\/image\/","url":"https:\/\/news.save.ch\/wp-content\/uploads\/2022\/06\/Logo_SF_2012.png","contentUrl":"https:\/\/news.save.ch\/wp-content\/uploads\/2022\/06\/Logo_SF_2012.png","width":1100,"height":91,"caption":"Sicherheitsforum"},"image":{"@id":"https:\/\/news.save.ch\/de\/#\/schema\/logo\/image\/"}},{"@type":"Person","@id":"https:\/\/news.save.ch\/de\/#\/schema\/person\/ad4ef21102fd6125312409ac57d5296d","name":"Simon Gr\u00f6flin","image":{"@type":"ImageObject","inLanguage":"it-IT","@id":"https:\/\/secure.gravatar.com\/avatar\/6ddceb80eb734354635539e0ea5140bb7c41e42de7c45c9a2ab9921b5d5c9a83?s=96&d=mm&r=g","url":"https:\/\/secure.gravatar.com\/avatar\/6ddceb80eb734354635539e0ea5140bb7c41e42de7c45c9a2ab9921b5d5c9a83?s=96&d=mm&r=g","contentUrl":"https:\/\/secure.gravatar.com\/avatar\/6ddceb80eb734354635539e0ea5140bb7c41e42de7c45c9a2ab9921b5d5c9a83?s=96&d=mm&r=g","caption":"Simon Gr\u00f6flin"},"url":"https:\/\/news.save.ch\/it\/author\/simon-groeflin\/"}]}},"_links":{"self":[{"href":"https:\/\/news.save.ch\/it\/wp-json\/wp\/v2\/posts\/15350","targetHints":{"allow":["GET"]}}],"collection":[{"href":"https:\/\/news.save.ch\/it\/wp-json\/wp\/v2\/posts"}],"about":[{"href":"https:\/\/news.save.ch\/it\/wp-json\/wp\/v2\/types\/post"}],"author":[{"embeddable":true,"href":"https:\/\/news.save.ch\/it\/wp-json\/wp\/v2\/users\/9"}],"replies":[{"embeddable":true,"href":"https:\/\/news.save.ch\/it\/wp-json\/wp\/v2\/comments?post=15350"}],"version-history":[{"count":8,"href":"https:\/\/news.save.ch\/it\/wp-json\/wp\/v2\/posts\/15350\/revisions"}],"predecessor-version":[{"id":19783,"href":"https:\/\/news.save.ch\/it\/wp-json\/wp\/v2\/posts\/15350\/revisions\/19783"}],"wp:featuredmedia":[{"embeddable":true,"href":"https:\/\/news.save.ch\/it\/wp-json\/wp\/v2\/media\/15360"}],"wp:attachment":[{"href":"https:\/\/news.save.ch\/it\/wp-json\/wp\/v2\/media?parent=15350"}],"wp:term":[{"taxonomy":"category","embeddable":true,"href":"https:\/\/news.save.ch\/it\/wp-json\/wp\/v2\/categories?post=15350"},{"taxonomy":"post_tag","embeddable":true,"href":"https:\/\/news.save.ch\/it\/wp-json\/wp\/v2\/tags?post=15350"}],"curies":[{"name":"wp","href":"https:\/\/api.w.org\/{rel}","templated":true}]}}