{"id":15447,"date":"2022-12-06T08:43:22","date_gmt":"2022-12-06T07:43:22","guid":{"rendered":"https:\/\/news.save.ch\/?p=15447"},"modified":"2023-06-16T06:52:47","modified_gmt":"2023-06-16T04:52:47","slug":"botschaft-zur-meldepflicht-fuer-cyberangriffe-bei-kritischen-infrastrukturen","status":null,"type":"post","link":"https:\/\/news.save.ch\/it\/botschaft-zur-meldepflicht-fuer-cyberangriffe-bei-kritischen-infrastrukturen\/","title":{"rendered":"Messaggio sull'obbligo di segnalare gli attacchi informatici alle infrastrutture critiche"},"content":{"rendered":"<figure id=\"attachment_15449\" aria-describedby=\"caption-attachment-15449\" style=\"width: 640px\" class=\"wp-caption alignnone\"><img loading=\"lazy\" decoding=\"async\" class=\"wp-image-15449 size-full\" src=\"https:\/\/news.save.ch\/wp-content\/uploads\/2022\/12\/cyber-g01573f8cc_640.jpg\" alt=\"infrastrutture critiche\" width=\"640\" height=\"427\" srcset=\"https:\/\/news.save.ch\/wp-content\/uploads\/2022\/12\/cyber-g01573f8cc_640.jpg 640w, https:\/\/news.save.ch\/wp-content\/uploads\/2022\/12\/cyber-g01573f8cc_640-18x12.jpg 18w, https:\/\/news.save.ch\/wp-content\/uploads\/2022\/12\/cyber-g01573f8cc_640-375x250.jpg 375w, https:\/\/news.save.ch\/wp-content\/uploads\/2022\/12\/cyber-g01573f8cc_640-525x350.jpg 525w\" sizes=\"auto, (max-width: 640px) 100vw, 640px\" \/><figcaption id=\"caption-attachment-15449\" class=\"wp-caption-text\">Immagine: Pixabay<\/figcaption><\/figure>\n<p>Con l'inizio della guerra di aggressione della Russia all'Ucraina \u00e8 gi\u00e0 iniziato un nuovo capitolo della cybersicurezza, come ha sottolineato Microsoft in una <a href=\"https:\/\/blogs.microsoft.com\/on-the-issues\/2022\/11\/04\/microsoft-digital-defense-report-2022-ukraine\/\" target=\"_blank\" rel=\"noopener\">Blogpost di novembre<\/a> scrive. Da allora, l'azienda di Redmond ha osservato anche un forte aumento dei cyberattacchi. Se negli ultimi anni il numero di attacchi alle infrastrutture critiche rappresentava il 20% di tutti i cyberattacchi perpetrati dagli Stati, di recente gli attacchi motivati dallo Stato sono aumentati del 40%, secondo Microsoft. Tuttavia, il rapporto rileva anche che la Russia non \u00e8 l'unico Paese che combina sempre pi\u00f9 spesso l'aggressione fisica con la guerra informatica. Vengono citati anche Paesi come l'Iran, la Corea del Nord e la Cina.<\/p>\n<p>Grazie a un nuovo obbligo di segnalazione al Centro nazionale per la sicurezza informatica, in futuro dovrebbe essere possibile valutare meglio le situazioni di minaccia. Durante la procedura di consultazione su un progetto di legge, la Confederazione ha ricevuto in totale circa <a href=\"https:\/\/www.newsd.admin.ch\/newsd\/message\/attachments\/74217.pdf\" target=\"_blank\" rel=\"noopener\">99 opinioni<\/a> di cantoni, operatori di infrastrutture critiche e rappresentanti della ricerca e dell'industria. Secondo la Confederazione, non c'\u00e8 ancora una visione d'insieme di quali attacchi abbiano avuto luogo e dove, poich\u00e9 le segnalazioni all'NCSC sono state fatte finora su base volontaria.<\/p>\n<p>Al fine di rendere la notifica di un attacco a un'infrastruttura critica il pi\u00f9 semplice possibile da gestire, l'NCSC intende ora introdurre un <a href=\"https:\/\/www.newsd.admin.ch\/newsd\/message\/attachments\/74216.pdf\" target=\"_blank\" rel=\"noopener\">modulo di segnalazione elettronica<\/a>Vto essere messo a disposizione del pubblico. I rapporti possono cos\u00ec essere facilmente registrati e, se lo si desidera, trasmessi direttamente ad altre agenzie, come scrive la Confederazione in un comunicato.<\/p>\n<p><em>Fonte: Consiglio federale<\/em><\/p>","protected":false},"excerpt":{"rendered":"<p>Bereits mit Beginn des russischen Angriffskriegs auf die Ukraine hat ein neues Kapitel der Cybersicherheit begonnen, wie Microsoft in einem November-Blogpost schreibt. Seither beobachten auch die Redmonder einen sprunghaften Anstieg von Cyberattacken. Betraf die Anzahl Angriffe auf kritische Infrastrukturen in den letzten Jahren noch 20 Prozent aller von Staaten ver\u00fcbten Cyberangriffe, so legten staatlich motivierte [&hellip;]<\/p>\n","protected":false},"author":9,"featured_media":15449,"comment_status":"closed","ping_status":"closed","sticky":false,"template":"","format":"standard","meta":{"_acf_changed":false,"pgc_sgb_lightbox_settings":"","footnotes":""},"categories":[1],"tags":[1244,670,964,4181,1045],"class_list":["post-15447","post","type-post","status-publish","format-standard","has-post-thumbnail","hentry","category-allgemein","tag-cyberattacken","tag-cybersicherheit","tag-kritische-infrastrukturen","tag-meldepflicht","tag-nationale-zentrum-fuer-cybersicherheit"],"acf":[],"hkrextid":null,"publication":null,"issue":null,"workflow":null,"startPage":null,"spitzmarke":null,"_posts_by_tag_page_fields":null,"_at_widget":null,"_yoast_wpseo_primary_category":"","_yoast_wpseo_focuskw_text_input":null,"_yoast_wpseo_opengraph-image":null,"_yoast_wpseo_opengraph-description":null,"_yoast_wpseo_opengraph-title":null,"enclosure":null,"_yoast_wpseo_twitter-title":null,"_yoast_wpseo_twitter-description":null,"_yoast_wpseo_twitter-image":null,"_wp_old_slug":null,"_yoast_wpseo_title":null,"_yoast_wpseo_canonical":null,"yoast_head":"<!-- This site is optimized with the Yoast SEO plugin v27.5 - https:\/\/yoast.com\/product\/yoast-seo-wordpress\/ -->\n<title>Botschaft zur Meldepflicht f\u00fcr Cyberangriffe bei kritischen Infrastrukturen - Save<\/title>\n<meta name=\"description\" content=\"Der Bundesrat will eine Meldepflicht f\u00fcr Cyberangriffe auf kritische Infrastrukturen einf\u00fchren. Eine neue Botschaft zur \u00c4nderung des Bundesgesetzes \u00fcber die Informationssicherheit wurde beim Bund gutgeheissen und nun mit einer Vorlage verabschiedet.\" \/>\n<meta name=\"robots\" content=\"index, follow, max-snippet:-1, max-image-preview:large, max-video-preview:-1\" \/>\n<link rel=\"canonical\" href=\"https:\/\/news.save.ch\/it\/botschaft-zur-meldepflicht-fuer-cyberangriffe-bei-kritischen-infrastrukturen\/\" \/>\n<meta property=\"og:locale\" content=\"it_IT\" \/>\n<meta property=\"og:type\" content=\"article\" \/>\n<meta property=\"og:title\" content=\"Botschaft zur Meldepflicht f\u00fcr Cyberangriffe bei kritischen Infrastrukturen - Save\" \/>\n<meta property=\"og:description\" content=\"Der Bundesrat will eine Meldepflicht f\u00fcr Cyberangriffe auf kritische Infrastrukturen einf\u00fchren. Eine neue Botschaft zur \u00c4nderung des Bundesgesetzes \u00fcber die Informationssicherheit wurde beim Bund gutgeheissen und nun mit einer Vorlage verabschiedet.\" \/>\n<meta property=\"og:url\" content=\"https:\/\/news.save.ch\/it\/botschaft-zur-meldepflicht-fuer-cyberangriffe-bei-kritischen-infrastrukturen\/\" \/>\n<meta property=\"og:site_name\" content=\"Save\" \/>\n<meta property=\"article:published_time\" content=\"2022-12-06T07:43:22+00:00\" \/>\n<meta property=\"article:modified_time\" content=\"2023-06-16T04:52:47+00:00\" \/>\n<meta property=\"og:image\" content=\"https:\/\/news.save.ch\/wp-content\/uploads\/2022\/12\/cyber-g01573f8cc_640.jpg\" \/>\n\t<meta property=\"og:image:width\" content=\"640\" \/>\n\t<meta property=\"og:image:height\" content=\"427\" \/>\n\t<meta property=\"og:image:type\" content=\"image\/jpeg\" \/>\n<meta name=\"author\" content=\"Simon Gr\u00f6flin\" \/>\n<meta name=\"twitter:card\" content=\"summary_large_image\" \/>\n<meta name=\"twitter:label1\" content=\"Scritto da\" \/>\n\t<meta name=\"twitter:data1\" content=\"Simon Gr\u00f6flin\" \/>\n\t<meta name=\"twitter:label2\" content=\"Tempo di lettura stimato\" \/>\n\t<meta name=\"twitter:data2\" content=\"2 minuti\" \/>\n<script type=\"application\/ld+json\" class=\"yoast-schema-graph\">{\"@context\":\"https:\\\/\\\/schema.org\",\"@graph\":[{\"@type\":\"Article\",\"@id\":\"https:\\\/\\\/news.save.ch\\\/botschaft-zur-meldepflicht-fuer-cyberangriffe-bei-kritischen-infrastrukturen\\\/#article\",\"isPartOf\":{\"@id\":\"https:\\\/\\\/news.save.ch\\\/botschaft-zur-meldepflicht-fuer-cyberangriffe-bei-kritischen-infrastrukturen\\\/\"},\"author\":{\"name\":\"Simon Gr\u00f6flin\",\"@id\":\"https:\\\/\\\/news.save.ch\\\/de\\\/#\\\/schema\\\/person\\\/ad4ef21102fd6125312409ac57d5296d\"},\"headline\":\"Botschaft zur Meldepflicht f\u00fcr Cyberangriffe bei kritischen Infrastrukturen\",\"datePublished\":\"2022-12-06T07:43:22+00:00\",\"dateModified\":\"2023-06-16T04:52:47+00:00\",\"mainEntityOfPage\":{\"@id\":\"https:\\\/\\\/news.save.ch\\\/botschaft-zur-meldepflicht-fuer-cyberangriffe-bei-kritischen-infrastrukturen\\\/\"},\"wordCount\":241,\"publisher\":{\"@id\":\"https:\\\/\\\/news.save.ch\\\/de\\\/#organization\"},\"image\":{\"@id\":\"https:\\\/\\\/news.save.ch\\\/botschaft-zur-meldepflicht-fuer-cyberangriffe-bei-kritischen-infrastrukturen\\\/#primaryimage\"},\"thumbnailUrl\":\"https:\\\/\\\/news.save.ch\\\/wp-content\\\/uploads\\\/2022\\\/12\\\/cyber-g01573f8cc_640.jpg\",\"keywords\":[\"Cyberattacken\",\"Cybersicherheit\",\"kritische Infrastrukturen\",\"Meldepflicht\",\"Nationale Zentrum f\u00fcr Cybersicherheit\"],\"articleSection\":[\"ALLGEMEIN\"],\"inLanguage\":\"it-IT\"},{\"@type\":\"WebPage\",\"@id\":\"https:\\\/\\\/news.save.ch\\\/botschaft-zur-meldepflicht-fuer-cyberangriffe-bei-kritischen-infrastrukturen\\\/\",\"url\":\"https:\\\/\\\/news.save.ch\\\/botschaft-zur-meldepflicht-fuer-cyberangriffe-bei-kritischen-infrastrukturen\\\/\",\"name\":\"Botschaft zur Meldepflicht f\u00fcr Cyberangriffe bei kritischen Infrastrukturen - Save\",\"isPartOf\":{\"@id\":\"https:\\\/\\\/news.save.ch\\\/de\\\/#website\"},\"primaryImageOfPage\":{\"@id\":\"https:\\\/\\\/news.save.ch\\\/botschaft-zur-meldepflicht-fuer-cyberangriffe-bei-kritischen-infrastrukturen\\\/#primaryimage\"},\"image\":{\"@id\":\"https:\\\/\\\/news.save.ch\\\/botschaft-zur-meldepflicht-fuer-cyberangriffe-bei-kritischen-infrastrukturen\\\/#primaryimage\"},\"thumbnailUrl\":\"https:\\\/\\\/news.save.ch\\\/wp-content\\\/uploads\\\/2022\\\/12\\\/cyber-g01573f8cc_640.jpg\",\"datePublished\":\"2022-12-06T07:43:22+00:00\",\"dateModified\":\"2023-06-16T04:52:47+00:00\",\"description\":\"Der Bundesrat will eine Meldepflicht f\u00fcr Cyberangriffe auf kritische Infrastrukturen einf\u00fchren. Eine neue Botschaft zur \u00c4nderung des Bundesgesetzes \u00fcber die Informationssicherheit wurde beim Bund gutgeheissen und nun mit einer Vorlage verabschiedet.\",\"breadcrumb\":{\"@id\":\"https:\\\/\\\/news.save.ch\\\/botschaft-zur-meldepflicht-fuer-cyberangriffe-bei-kritischen-infrastrukturen\\\/#breadcrumb\"},\"inLanguage\":\"it-IT\",\"potentialAction\":[{\"@type\":\"ReadAction\",\"target\":[\"https:\\\/\\\/news.save.ch\\\/botschaft-zur-meldepflicht-fuer-cyberangriffe-bei-kritischen-infrastrukturen\\\/\"]}]},{\"@type\":\"ImageObject\",\"inLanguage\":\"it-IT\",\"@id\":\"https:\\\/\\\/news.save.ch\\\/botschaft-zur-meldepflicht-fuer-cyberangriffe-bei-kritischen-infrastrukturen\\\/#primaryimage\",\"url\":\"https:\\\/\\\/news.save.ch\\\/wp-content\\\/uploads\\\/2022\\\/12\\\/cyber-g01573f8cc_640.jpg\",\"contentUrl\":\"https:\\\/\\\/news.save.ch\\\/wp-content\\\/uploads\\\/2022\\\/12\\\/cyber-g01573f8cc_640.jpg\",\"width\":640,\"height\":427},{\"@type\":\"BreadcrumbList\",\"@id\":\"https:\\\/\\\/news.save.ch\\\/botschaft-zur-meldepflicht-fuer-cyberangriffe-bei-kritischen-infrastrukturen\\\/#breadcrumb\",\"itemListElement\":[{\"@type\":\"ListItem\",\"position\":1,\"name\":\"Home\",\"item\":\"https:\\\/\\\/news.save.ch\\\/de\\\/\"},{\"@type\":\"ListItem\",\"position\":2,\"name\":\"Botschaft zur Meldepflicht f\u00fcr Cyberangriffe bei kritischen Infrastrukturen\"}]},{\"@type\":\"WebSite\",\"@id\":\"https:\\\/\\\/news.save.ch\\\/de\\\/#website\",\"url\":\"https:\\\/\\\/news.save.ch\\\/de\\\/\",\"name\":\"Save\",\"description\":\"Schweizer Fachzeitschrift f\u00fcr Sicherheit\",\"publisher\":{\"@id\":\"https:\\\/\\\/news.save.ch\\\/de\\\/#organization\"},\"potentialAction\":[{\"@type\":\"SearchAction\",\"target\":{\"@type\":\"EntryPoint\",\"urlTemplate\":\"https:\\\/\\\/news.save.ch\\\/de\\\/?s={search_term_string}\"},\"query-input\":{\"@type\":\"PropertyValueSpecification\",\"valueRequired\":true,\"valueName\":\"search_term_string\"}}],\"inLanguage\":\"it-IT\"},{\"@type\":\"Organization\",\"@id\":\"https:\\\/\\\/news.save.ch\\\/de\\\/#organization\",\"name\":\"Sicherheitsforum\",\"url\":\"https:\\\/\\\/news.save.ch\\\/de\\\/\",\"logo\":{\"@type\":\"ImageObject\",\"inLanguage\":\"it-IT\",\"@id\":\"https:\\\/\\\/news.save.ch\\\/de\\\/#\\\/schema\\\/logo\\\/image\\\/\",\"url\":\"https:\\\/\\\/news.save.ch\\\/wp-content\\\/uploads\\\/2022\\\/06\\\/Logo_SF_2012.png\",\"contentUrl\":\"https:\\\/\\\/news.save.ch\\\/wp-content\\\/uploads\\\/2022\\\/06\\\/Logo_SF_2012.png\",\"width\":1100,\"height\":91,\"caption\":\"Sicherheitsforum\"},\"image\":{\"@id\":\"https:\\\/\\\/news.save.ch\\\/de\\\/#\\\/schema\\\/logo\\\/image\\\/\"}},{\"@type\":\"Person\",\"@id\":\"https:\\\/\\\/news.save.ch\\\/de\\\/#\\\/schema\\\/person\\\/ad4ef21102fd6125312409ac57d5296d\",\"name\":\"Simon Gr\u00f6flin\",\"image\":{\"@type\":\"ImageObject\",\"inLanguage\":\"it-IT\",\"@id\":\"https:\\\/\\\/secure.gravatar.com\\\/avatar\\\/6ddceb80eb734354635539e0ea5140bb7c41e42de7c45c9a2ab9921b5d5c9a83?s=96&d=mm&r=g\",\"url\":\"https:\\\/\\\/secure.gravatar.com\\\/avatar\\\/6ddceb80eb734354635539e0ea5140bb7c41e42de7c45c9a2ab9921b5d5c9a83?s=96&d=mm&r=g\",\"contentUrl\":\"https:\\\/\\\/secure.gravatar.com\\\/avatar\\\/6ddceb80eb734354635539e0ea5140bb7c41e42de7c45c9a2ab9921b5d5c9a83?s=96&d=mm&r=g\",\"caption\":\"Simon Gr\u00f6flin\"},\"url\":\"https:\\\/\\\/news.save.ch\\\/it\\\/author\\\/simon-groeflin\\\/\"}]}<\/script>\n<!-- \/ Yoast SEO plugin. -->","yoast_head_json":{"title":"Messaggio sull'obbligo di segnalare gli attacchi informatici alle infrastrutture critiche - Save","description":"Il Consiglio federale vuole introdurre l'obbligo di segnalazione degli attacchi informatici alle infrastrutture critiche. Un nuovo messaggio sulla modifica della Legge federale sulla sicurezza delle informazioni \u00e8 stato approvato a livello federale e ora \u00e8 stato approvato con un disegno di legge.","robots":{"index":"index","follow":"follow","max-snippet":"max-snippet:-1","max-image-preview":"max-image-preview:large","max-video-preview":"max-video-preview:-1"},"canonical":"https:\/\/news.save.ch\/it\/botschaft-zur-meldepflicht-fuer-cyberangriffe-bei-kritischen-infrastrukturen\/","og_locale":"it_IT","og_type":"article","og_title":"Botschaft zur Meldepflicht f\u00fcr Cyberangriffe bei kritischen Infrastrukturen - Save","og_description":"Der Bundesrat will eine Meldepflicht f\u00fcr Cyberangriffe auf kritische Infrastrukturen einf\u00fchren. Eine neue Botschaft zur \u00c4nderung des Bundesgesetzes \u00fcber die Informationssicherheit wurde beim Bund gutgeheissen und nun mit einer Vorlage verabschiedet.","og_url":"https:\/\/news.save.ch\/it\/botschaft-zur-meldepflicht-fuer-cyberangriffe-bei-kritischen-infrastrukturen\/","og_site_name":"Save","article_published_time":"2022-12-06T07:43:22+00:00","article_modified_time":"2023-06-16T04:52:47+00:00","og_image":[{"width":640,"height":427,"url":"https:\/\/news.save.ch\/wp-content\/uploads\/2022\/12\/cyber-g01573f8cc_640.jpg","type":"image\/jpeg"}],"author":"Simon Gr\u00f6flin","twitter_card":"summary_large_image","twitter_misc":{"Scritto da":"Simon Gr\u00f6flin","Tempo di lettura stimato":"2 minuti"},"schema":{"@context":"https:\/\/schema.org","@graph":[{"@type":"Article","@id":"https:\/\/news.save.ch\/botschaft-zur-meldepflicht-fuer-cyberangriffe-bei-kritischen-infrastrukturen\/#article","isPartOf":{"@id":"https:\/\/news.save.ch\/botschaft-zur-meldepflicht-fuer-cyberangriffe-bei-kritischen-infrastrukturen\/"},"author":{"name":"Simon Gr\u00f6flin","@id":"https:\/\/news.save.ch\/de\/#\/schema\/person\/ad4ef21102fd6125312409ac57d5296d"},"headline":"Botschaft zur Meldepflicht f\u00fcr Cyberangriffe bei kritischen Infrastrukturen","datePublished":"2022-12-06T07:43:22+00:00","dateModified":"2023-06-16T04:52:47+00:00","mainEntityOfPage":{"@id":"https:\/\/news.save.ch\/botschaft-zur-meldepflicht-fuer-cyberangriffe-bei-kritischen-infrastrukturen\/"},"wordCount":241,"publisher":{"@id":"https:\/\/news.save.ch\/de\/#organization"},"image":{"@id":"https:\/\/news.save.ch\/botschaft-zur-meldepflicht-fuer-cyberangriffe-bei-kritischen-infrastrukturen\/#primaryimage"},"thumbnailUrl":"https:\/\/news.save.ch\/wp-content\/uploads\/2022\/12\/cyber-g01573f8cc_640.jpg","keywords":["Cyberattacken","Cybersicherheit","kritische Infrastrukturen","Meldepflicht","Nationale Zentrum f\u00fcr Cybersicherheit"],"articleSection":["ALLGEMEIN"],"inLanguage":"it-IT"},{"@type":"WebPage","@id":"https:\/\/news.save.ch\/botschaft-zur-meldepflicht-fuer-cyberangriffe-bei-kritischen-infrastrukturen\/","url":"https:\/\/news.save.ch\/botschaft-zur-meldepflicht-fuer-cyberangriffe-bei-kritischen-infrastrukturen\/","name":"Messaggio sull'obbligo di segnalare gli attacchi informatici alle infrastrutture critiche - Save","isPartOf":{"@id":"https:\/\/news.save.ch\/de\/#website"},"primaryImageOfPage":{"@id":"https:\/\/news.save.ch\/botschaft-zur-meldepflicht-fuer-cyberangriffe-bei-kritischen-infrastrukturen\/#primaryimage"},"image":{"@id":"https:\/\/news.save.ch\/botschaft-zur-meldepflicht-fuer-cyberangriffe-bei-kritischen-infrastrukturen\/#primaryimage"},"thumbnailUrl":"https:\/\/news.save.ch\/wp-content\/uploads\/2022\/12\/cyber-g01573f8cc_640.jpg","datePublished":"2022-12-06T07:43:22+00:00","dateModified":"2023-06-16T04:52:47+00:00","description":"Il Consiglio federale vuole introdurre l'obbligo di segnalazione degli attacchi informatici alle infrastrutture critiche. Un nuovo messaggio sulla modifica della Legge federale sulla sicurezza delle informazioni \u00e8 stato approvato a livello federale e ora \u00e8 stato approvato con un disegno di legge.","breadcrumb":{"@id":"https:\/\/news.save.ch\/botschaft-zur-meldepflicht-fuer-cyberangriffe-bei-kritischen-infrastrukturen\/#breadcrumb"},"inLanguage":"it-IT","potentialAction":[{"@type":"ReadAction","target":["https:\/\/news.save.ch\/botschaft-zur-meldepflicht-fuer-cyberangriffe-bei-kritischen-infrastrukturen\/"]}]},{"@type":"ImageObject","inLanguage":"it-IT","@id":"https:\/\/news.save.ch\/botschaft-zur-meldepflicht-fuer-cyberangriffe-bei-kritischen-infrastrukturen\/#primaryimage","url":"https:\/\/news.save.ch\/wp-content\/uploads\/2022\/12\/cyber-g01573f8cc_640.jpg","contentUrl":"https:\/\/news.save.ch\/wp-content\/uploads\/2022\/12\/cyber-g01573f8cc_640.jpg","width":640,"height":427},{"@type":"BreadcrumbList","@id":"https:\/\/news.save.ch\/botschaft-zur-meldepflicht-fuer-cyberangriffe-bei-kritischen-infrastrukturen\/#breadcrumb","itemListElement":[{"@type":"ListItem","position":1,"name":"Home","item":"https:\/\/news.save.ch\/de\/"},{"@type":"ListItem","position":2,"name":"Botschaft zur Meldepflicht f\u00fcr Cyberangriffe bei kritischen Infrastrukturen"}]},{"@type":"WebSite","@id":"https:\/\/news.save.ch\/de\/#website","url":"https:\/\/news.save.ch\/de\/","name":"Risparmiare","description":"Rivista svizzera specializzata in sicurezza","publisher":{"@id":"https:\/\/news.save.ch\/de\/#organization"},"potentialAction":[{"@type":"SearchAction","target":{"@type":"EntryPoint","urlTemplate":"https:\/\/news.save.ch\/de\/?s={search_term_string}"},"query-input":{"@type":"PropertyValueSpecification","valueRequired":true,"valueName":"search_term_string"}}],"inLanguage":"it-IT"},{"@type":"Organization","@id":"https:\/\/news.save.ch\/de\/#organization","name":"Forum sulla sicurezza","url":"https:\/\/news.save.ch\/de\/","logo":{"@type":"ImageObject","inLanguage":"it-IT","@id":"https:\/\/news.save.ch\/de\/#\/schema\/logo\/image\/","url":"https:\/\/news.save.ch\/wp-content\/uploads\/2022\/06\/Logo_SF_2012.png","contentUrl":"https:\/\/news.save.ch\/wp-content\/uploads\/2022\/06\/Logo_SF_2012.png","width":1100,"height":91,"caption":"Sicherheitsforum"},"image":{"@id":"https:\/\/news.save.ch\/de\/#\/schema\/logo\/image\/"}},{"@type":"Person","@id":"https:\/\/news.save.ch\/de\/#\/schema\/person\/ad4ef21102fd6125312409ac57d5296d","name":"Simon Gr\u00f6flin","image":{"@type":"ImageObject","inLanguage":"it-IT","@id":"https:\/\/secure.gravatar.com\/avatar\/6ddceb80eb734354635539e0ea5140bb7c41e42de7c45c9a2ab9921b5d5c9a83?s=96&d=mm&r=g","url":"https:\/\/secure.gravatar.com\/avatar\/6ddceb80eb734354635539e0ea5140bb7c41e42de7c45c9a2ab9921b5d5c9a83?s=96&d=mm&r=g","contentUrl":"https:\/\/secure.gravatar.com\/avatar\/6ddceb80eb734354635539e0ea5140bb7c41e42de7c45c9a2ab9921b5d5c9a83?s=96&d=mm&r=g","caption":"Simon Gr\u00f6flin"},"url":"https:\/\/news.save.ch\/it\/author\/simon-groeflin\/"}]}},"_links":{"self":[{"href":"https:\/\/news.save.ch\/it\/wp-json\/wp\/v2\/posts\/15447","targetHints":{"allow":["GET"]}}],"collection":[{"href":"https:\/\/news.save.ch\/it\/wp-json\/wp\/v2\/posts"}],"about":[{"href":"https:\/\/news.save.ch\/it\/wp-json\/wp\/v2\/types\/post"}],"author":[{"embeddable":true,"href":"https:\/\/news.save.ch\/it\/wp-json\/wp\/v2\/users\/9"}],"replies":[{"embeddable":true,"href":"https:\/\/news.save.ch\/it\/wp-json\/wp\/v2\/comments?post=15447"}],"version-history":[{"count":10,"href":"https:\/\/news.save.ch\/it\/wp-json\/wp\/v2\/posts\/15447\/revisions"}],"predecessor-version":[{"id":20014,"href":"https:\/\/news.save.ch\/it\/wp-json\/wp\/v2\/posts\/15447\/revisions\/20014"}],"wp:featuredmedia":[{"embeddable":true,"href":"https:\/\/news.save.ch\/it\/wp-json\/wp\/v2\/media\/15449"}],"wp:attachment":[{"href":"https:\/\/news.save.ch\/it\/wp-json\/wp\/v2\/media?parent=15447"}],"wp:term":[{"taxonomy":"category","embeddable":true,"href":"https:\/\/news.save.ch\/it\/wp-json\/wp\/v2\/categories?post=15447"},{"taxonomy":"post_tag","embeddable":true,"href":"https:\/\/news.save.ch\/it\/wp-json\/wp\/v2\/tags?post=15447"}],"curies":[{"name":"wp","href":"https:\/\/api.w.org\/{rel}","templated":true}]}}