{"id":1552,"date":"2015-09-10T11:29:10","date_gmt":"2015-09-10T09:29:10","guid":{"rendered":"https:\/\/dev.sicherheitsforum.ch\/?p=1552"},"modified":"2023-03-14T09:00:04","modified_gmt":"2023-03-14T08:00:04","slug":"pcs-systemtechnik-mit-grossem-wachstum","status":null,"type":"post","link":"https:\/\/news.save.ch\/it\/pcs-systemtechnik-mit-grossem-wachstum\/","title":{"rendered":"PCS Systemtechnik in grande crescita"},"content":{"rendered":"<figure id=\"attachment_1556\" aria-describedby=\"caption-attachment-1556\" style=\"width: 680px\" class=\"wp-caption alignnone\"><img loading=\"lazy\" decoding=\"async\" class=\"wp-image-1556 size-medium\" src=\"https:\/\/news.save.ch\/wp-content\/uploads\/2016\/12\/PCS-Systemtechnik-mit-grossem-Wachstum-sicherheitsforum.jpg\" width=\"680\" height=\"311\" \/><figcaption id=\"caption-attachment-1556\" class=\"wp-caption-text\">La torre di San Martino a Francoforte.<\/figcaption><\/figure>\n<p>Il fattore decisivo per il fatturato eccezionalmente alto \u00e8 stato un certo numero di grandi progetti di clienti che sono stati realizzati in collaborazione con i partner software di <a href=\"https:\/\/www.pcs.com\" target=\"_blank\" data-cke-saved-href=\"https:\/\/www.pcs.com\" rel=\"noopener\">PCS<\/a> sono stati implementati, come sottolinea il fornitore. Anche Intus 5200, il nuovo terminale per la registrazione degli orari introdotto quest'anno, ha avuto un riscontro molto positivo.<\/p>\n<p><strong>Concetti di sicurezza a livello aziendale<\/strong><\/p>\n<p>Secondo il fornitore, la tendenza \u00e8 quella di adottare concetti di sicurezza a livello aziendale: La tendenza \u00e8 quella di implementare non solo progetti di registrazione degli orari e di controllo degli accessi, ma anche concetti di sicurezza a livello aziendale con monitoraggio integrato dei parcheggi, controllo degli accessi, videosorveglianza e gestione dei visitatori. PCS cita come esempio la St Martin Tower di Francoforte, inaugurata di recente, che si basa su spazi attraenti e su un'infrastruttura di servizi completa: dall'asilo nido al centro fitness interno, dal catering alle sale conferenze e ai servizi di portineria e reception, tutto \u00e8 orientato alle esigenze dei dipendenti. La sicurezza dell'edificio \u00e8 stata pianificata fin dall'inizio: La torre \u00e8 protetta da un ampio sistema di controllo degli accessi e di videosorveglianza. \u00c8 stato integrato anche un sistema di gestione delle carte d'identit\u00e0: gli inquilini della torre riceveranno carte d'identit\u00e0 multifunzionali da utilizzare per la fatturazione senza contanti nell'area ristorazione e presso le stampanti follow-me.<\/p>\n<p><strong>Crescita per il prossimo anno<\/strong><\/p>\n<p>Per i prossimi mesi del 2015\/16, l'amministratore delegato di PCS Walter Elsner \u00e8 ottimista sul futuro. \"Nell'anno commerciale appena trascorso, abbiamo potuto beneficiare di progetti eccezionali che non si possono prevedere ogni anno. Ma siamo comunque fiduciosi di poter continuare la nostra crescita in questo anno commerciale\".<\/p>\n<p>&nbsp;<\/p>","protected":false},"excerpt":{"rendered":"<p>Ausschlaggebend f\u00fcr den aussergew\u00f6hnlich hohen Umsatz waren einige grosse Kundenprojekte, die in Kooperation mit den Software-Partnern von PCS umgesetzt wurden, wie der Anbieter betont. Auf eine sehr positive Resonanz sei ferner das in diesem Jahr neu vorgestellte Produkt Intus 5200 gestossen, das neue Zeiterfassungsterminal. Unternehmensweite Sicherheitskonzepte Laut Anbieter geht die Entwicklung in Richtung unternehmensweite Sicherheitskonzepte: [&hellip;]<\/p>\n","protected":false},"author":1,"featured_media":1556,"comment_status":"open","ping_status":"open","sticky":false,"template":"","format":"standard","meta":{"_acf_changed":false,"pgc_sgb_lightbox_settings":"","footnotes":""},"categories":[3312],"tags":[78,90],"class_list":["post-1552","post","type-post","status-publish","format-standard","has-post-thumbnail","hentry","category-sicherheit","tag-videoueberwachung","tag-zutrittskontrollevideo-security"],"acf":[],"hkrextid":null,"publication":null,"issue":null,"workflow":null,"startPage":null,"spitzmarke":null,"_posts_by_tag_page_fields":{"widget_title":"","widget_tags":""},"_at_widget":"1","_yoast_wpseo_primary_category":"3303","_yoast_wpseo_focuskw_text_input":"PCS","_yoast_wpseo_opengraph-image":"https:\/\/news.save.ch\/wp-content\/uploads\/2016\/12\/PCS-Systemtechnik-mit-grossem-Wachstum-sicherheitsforum.jpg","_yoast_wpseo_opengraph-description":"F\u00fcr PCS Systemtechnik GmbH ging am 30. Juni 2015 ein erfolgreiches Gesch\u00e4ftsjahr zu Ende: Das Unternehmen konnte gem\u00e4ss Angaben den Umsatz auf 18,7 Millionen Euro ausbauen, was einem Wachstum von \u00fcber 20 Prozent entspricht.","_yoast_wpseo_opengraph-title":"PCS Systemtechnik mit grossem Wachstum","enclosure":null,"_yoast_wpseo_twitter-title":null,"_yoast_wpseo_twitter-description":null,"_yoast_wpseo_twitter-image":null,"_wp_old_slug":null,"_yoast_wpseo_title":null,"_yoast_wpseo_canonical":null,"yoast_head":"<!-- This site is optimized with the Yoast SEO plugin v27.5 - https:\/\/yoast.com\/product\/yoast-seo-wordpress\/ -->\n<title>PCS Systemtechnik mit grossem Wachstum - Save<\/title>\n<meta name=\"description\" content=\"F\u00fcr PCS Systemtechnik GmbH ging am 30. Juni 2015 ein erfolgreiches Gesch\u00e4ftsjahr zu Ende.\" \/>\n<meta name=\"robots\" content=\"index, follow, max-snippet:-1, max-image-preview:large, max-video-preview:-1\" \/>\n<link rel=\"canonical\" href=\"https:\/\/news.save.ch\/it\/pcs-systemtechnik-mit-grossem-wachstum\/\" \/>\n<meta property=\"og:locale\" content=\"it_IT\" \/>\n<meta property=\"og:type\" content=\"article\" \/>\n<meta property=\"og:title\" content=\"PCS Systemtechnik mit grossem Wachstum\" \/>\n<meta property=\"og:description\" content=\"F\u00fcr PCS Systemtechnik GmbH ging am 30. Juni 2015 ein erfolgreiches Gesch\u00e4ftsjahr zu Ende: Das Unternehmen konnte gem\u00e4ss Angaben den Umsatz auf 18,7 Millionen Euro ausbauen, was einem Wachstum von \u00fcber 20 Prozent entspricht.\" \/>\n<meta property=\"og:url\" content=\"https:\/\/news.save.ch\/it\/pcs-systemtechnik-mit-grossem-wachstum\/\" \/>\n<meta property=\"og:site_name\" content=\"Save\" \/>\n<meta property=\"article:published_time\" content=\"2015-09-10T09:29:10+00:00\" \/>\n<meta property=\"article:modified_time\" content=\"2023-03-14T08:00:04+00:00\" \/>\n<meta property=\"og:image\" content=\"https:\/\/news.save.ch\/wp-content\/uploads\/2016\/12\/PCS-Systemtechnik-mit-grossem-Wachstum-sicherheitsforum.jpg\" \/>\n<meta name=\"author\" content=\"admin\" \/>\n<meta name=\"twitter:card\" content=\"summary_large_image\" \/>\n<meta name=\"twitter:label1\" content=\"Scritto da\" \/>\n\t<meta name=\"twitter:data1\" content=\"admin\" \/>\n\t<meta name=\"twitter:label2\" content=\"Tempo di lettura stimato\" \/>\n\t<meta name=\"twitter:data2\" content=\"1 minuto\" \/>\n<script type=\"application\/ld+json\" class=\"yoast-schema-graph\">{\"@context\":\"https:\\\/\\\/schema.org\",\"@graph\":[{\"@type\":\"Article\",\"@id\":\"https:\\\/\\\/news.save.ch\\\/pcs-systemtechnik-mit-grossem-wachstum\\\/#article\",\"isPartOf\":{\"@id\":\"https:\\\/\\\/news.save.ch\\\/pcs-systemtechnik-mit-grossem-wachstum\\\/\"},\"author\":{\"name\":\"admin\",\"@id\":\"https:\\\/\\\/news.save.ch\\\/de\\\/#\\\/schema\\\/person\\\/d49e199490bad7c70d64b9ab51142f2b\"},\"headline\":\"PCS Systemtechnik mit grossem Wachstum\",\"datePublished\":\"2015-09-10T09:29:10+00:00\",\"dateModified\":\"2023-03-14T08:00:04+00:00\",\"mainEntityOfPage\":{\"@id\":\"https:\\\/\\\/news.save.ch\\\/pcs-systemtechnik-mit-grossem-wachstum\\\/\"},\"wordCount\":256,\"commentCount\":0,\"publisher\":{\"@id\":\"https:\\\/\\\/news.save.ch\\\/de\\\/#organization\"},\"image\":{\"@id\":\"https:\\\/\\\/news.save.ch\\\/pcs-systemtechnik-mit-grossem-wachstum\\\/#primaryimage\"},\"thumbnailUrl\":\"https:\\\/\\\/news.save.ch\\\/wp-content\\\/uploads\\\/2016\\\/12\\\/PCS-Systemtechnik-mit-grossem-Wachstum-sicherheitsforum-scaled-1-scaled.jpg\",\"keywords\":[\"Video\u00fcberwachung\",\"Zutrittskontrolle\\\/Video-Security\"],\"articleSection\":[\"SICHERHEIT\"],\"inLanguage\":\"it-IT\"},{\"@type\":\"WebPage\",\"@id\":\"https:\\\/\\\/news.save.ch\\\/pcs-systemtechnik-mit-grossem-wachstum\\\/\",\"url\":\"https:\\\/\\\/news.save.ch\\\/pcs-systemtechnik-mit-grossem-wachstum\\\/\",\"name\":\"PCS Systemtechnik mit grossem Wachstum - Save\",\"isPartOf\":{\"@id\":\"https:\\\/\\\/news.save.ch\\\/de\\\/#website\"},\"primaryImageOfPage\":{\"@id\":\"https:\\\/\\\/news.save.ch\\\/pcs-systemtechnik-mit-grossem-wachstum\\\/#primaryimage\"},\"image\":{\"@id\":\"https:\\\/\\\/news.save.ch\\\/pcs-systemtechnik-mit-grossem-wachstum\\\/#primaryimage\"},\"thumbnailUrl\":\"https:\\\/\\\/news.save.ch\\\/wp-content\\\/uploads\\\/2016\\\/12\\\/PCS-Systemtechnik-mit-grossem-Wachstum-sicherheitsforum-scaled-1-scaled.jpg\",\"datePublished\":\"2015-09-10T09:29:10+00:00\",\"dateModified\":\"2023-03-14T08:00:04+00:00\",\"description\":\"F\u00fcr PCS Systemtechnik GmbH ging am 30. Juni 2015 ein erfolgreiches Gesch\u00e4ftsjahr zu Ende.\",\"breadcrumb\":{\"@id\":\"https:\\\/\\\/news.save.ch\\\/pcs-systemtechnik-mit-grossem-wachstum\\\/#breadcrumb\"},\"inLanguage\":\"it-IT\",\"potentialAction\":[{\"@type\":\"ReadAction\",\"target\":[\"https:\\\/\\\/news.save.ch\\\/pcs-systemtechnik-mit-grossem-wachstum\\\/\"]}]},{\"@type\":\"ImageObject\",\"inLanguage\":\"it-IT\",\"@id\":\"https:\\\/\\\/news.save.ch\\\/pcs-systemtechnik-mit-grossem-wachstum\\\/#primaryimage\",\"url\":\"https:\\\/\\\/news.save.ch\\\/wp-content\\\/uploads\\\/2016\\\/12\\\/PCS-Systemtechnik-mit-grossem-Wachstum-sicherheitsforum-scaled-1-scaled.jpg\",\"contentUrl\":\"https:\\\/\\\/news.save.ch\\\/wp-content\\\/uploads\\\/2016\\\/12\\\/PCS-Systemtechnik-mit-grossem-Wachstum-sicherheitsforum-scaled-1-scaled.jpg\",\"width\":1400,\"height\":640,\"caption\":\"Der St Martin Tower in Frankfurt.\"},{\"@type\":\"BreadcrumbList\",\"@id\":\"https:\\\/\\\/news.save.ch\\\/pcs-systemtechnik-mit-grossem-wachstum\\\/#breadcrumb\",\"itemListElement\":[{\"@type\":\"ListItem\",\"position\":1,\"name\":\"Home\",\"item\":\"https:\\\/\\\/news.save.ch\\\/de\\\/\"},{\"@type\":\"ListItem\",\"position\":2,\"name\":\"PCS Systemtechnik mit grossem Wachstum\"}]},{\"@type\":\"WebSite\",\"@id\":\"https:\\\/\\\/news.save.ch\\\/de\\\/#website\",\"url\":\"https:\\\/\\\/news.save.ch\\\/de\\\/\",\"name\":\"Save\",\"description\":\"Schweizer Fachzeitschrift f\u00fcr Sicherheit\",\"publisher\":{\"@id\":\"https:\\\/\\\/news.save.ch\\\/de\\\/#organization\"},\"potentialAction\":[{\"@type\":\"SearchAction\",\"target\":{\"@type\":\"EntryPoint\",\"urlTemplate\":\"https:\\\/\\\/news.save.ch\\\/de\\\/?s={search_term_string}\"},\"query-input\":{\"@type\":\"PropertyValueSpecification\",\"valueRequired\":true,\"valueName\":\"search_term_string\"}}],\"inLanguage\":\"it-IT\"},{\"@type\":\"Organization\",\"@id\":\"https:\\\/\\\/news.save.ch\\\/de\\\/#organization\",\"name\":\"Sicherheitsforum\",\"url\":\"https:\\\/\\\/news.save.ch\\\/de\\\/\",\"logo\":{\"@type\":\"ImageObject\",\"inLanguage\":\"it-IT\",\"@id\":\"https:\\\/\\\/news.save.ch\\\/de\\\/#\\\/schema\\\/logo\\\/image\\\/\",\"url\":\"https:\\\/\\\/news.save.ch\\\/wp-content\\\/uploads\\\/2022\\\/06\\\/Logo_SF_2012.png\",\"contentUrl\":\"https:\\\/\\\/news.save.ch\\\/wp-content\\\/uploads\\\/2022\\\/06\\\/Logo_SF_2012.png\",\"width\":1100,\"height\":91,\"caption\":\"Sicherheitsforum\"},\"image\":{\"@id\":\"https:\\\/\\\/news.save.ch\\\/de\\\/#\\\/schema\\\/logo\\\/image\\\/\"}},{\"@type\":\"Person\",\"@id\":\"https:\\\/\\\/news.save.ch\\\/de\\\/#\\\/schema\\\/person\\\/d49e199490bad7c70d64b9ab51142f2b\",\"name\":\"admin\",\"image\":{\"@type\":\"ImageObject\",\"inLanguage\":\"it-IT\",\"@id\":\"https:\\\/\\\/secure.gravatar.com\\\/avatar\\\/ae2f4d718e6c49043e314ce431e7e645d646302a24a5ef5a8bc8e3f5a032e319?s=96&d=mm&r=g\",\"url\":\"https:\\\/\\\/secure.gravatar.com\\\/avatar\\\/ae2f4d718e6c49043e314ce431e7e645d646302a24a5ef5a8bc8e3f5a032e319?s=96&d=mm&r=g\",\"contentUrl\":\"https:\\\/\\\/secure.gravatar.com\\\/avatar\\\/ae2f4d718e6c49043e314ce431e7e645d646302a24a5ef5a8bc8e3f5a032e319?s=96&d=mm&r=g\",\"caption\":\"admin\"},\"sameAs\":[\"https:\\\/\\\/develop.organisator.galledia.ch\"],\"url\":\"https:\\\/\\\/news.save.ch\\\/it\\\/author\\\/admin\\\/\"}]}<\/script>\n<!-- \/ Yoast SEO plugin. -->","yoast_head_json":{"title":"PCS Systemtechnik in grande crescita - Save","description":"Il 30 giugno 2015 si \u00e8 concluso un anno finanziario di successo per PCS Systemtechnik GmbH.","robots":{"index":"index","follow":"follow","max-snippet":"max-snippet:-1","max-image-preview":"max-image-preview:large","max-video-preview":"max-video-preview:-1"},"canonical":"https:\/\/news.save.ch\/it\/pcs-systemtechnik-mit-grossem-wachstum\/","og_locale":"it_IT","og_type":"article","og_title":"PCS Systemtechnik mit grossem Wachstum","og_description":"F\u00fcr PCS Systemtechnik GmbH ging am 30. Juni 2015 ein erfolgreiches Gesch\u00e4ftsjahr zu Ende: Das Unternehmen konnte gem\u00e4ss Angaben den Umsatz auf 18,7 Millionen Euro ausbauen, was einem Wachstum von \u00fcber 20 Prozent entspricht.","og_url":"https:\/\/news.save.ch\/it\/pcs-systemtechnik-mit-grossem-wachstum\/","og_site_name":"Save","article_published_time":"2015-09-10T09:29:10+00:00","article_modified_time":"2023-03-14T08:00:04+00:00","og_image":[{"url":"https:\/\/news.save.ch\/wp-content\/uploads\/2016\/12\/PCS-Systemtechnik-mit-grossem-Wachstum-sicherheitsforum.jpg","type":"","width":"","height":""}],"author":"admin","twitter_card":"summary_large_image","twitter_misc":{"Scritto da":"admin","Tempo di lettura stimato":"1 minuto"},"schema":{"@context":"https:\/\/schema.org","@graph":[{"@type":"Article","@id":"https:\/\/news.save.ch\/pcs-systemtechnik-mit-grossem-wachstum\/#article","isPartOf":{"@id":"https:\/\/news.save.ch\/pcs-systemtechnik-mit-grossem-wachstum\/"},"author":{"name":"admin","@id":"https:\/\/news.save.ch\/de\/#\/schema\/person\/d49e199490bad7c70d64b9ab51142f2b"},"headline":"PCS Systemtechnik mit grossem Wachstum","datePublished":"2015-09-10T09:29:10+00:00","dateModified":"2023-03-14T08:00:04+00:00","mainEntityOfPage":{"@id":"https:\/\/news.save.ch\/pcs-systemtechnik-mit-grossem-wachstum\/"},"wordCount":256,"commentCount":0,"publisher":{"@id":"https:\/\/news.save.ch\/de\/#organization"},"image":{"@id":"https:\/\/news.save.ch\/pcs-systemtechnik-mit-grossem-wachstum\/#primaryimage"},"thumbnailUrl":"https:\/\/news.save.ch\/wp-content\/uploads\/2016\/12\/PCS-Systemtechnik-mit-grossem-Wachstum-sicherheitsforum-scaled-1-scaled.jpg","keywords":["Video\u00fcberwachung","Zutrittskontrolle\/Video-Security"],"articleSection":["SICHERHEIT"],"inLanguage":"it-IT"},{"@type":"WebPage","@id":"https:\/\/news.save.ch\/pcs-systemtechnik-mit-grossem-wachstum\/","url":"https:\/\/news.save.ch\/pcs-systemtechnik-mit-grossem-wachstum\/","name":"PCS Systemtechnik in grande crescita - Save","isPartOf":{"@id":"https:\/\/news.save.ch\/de\/#website"},"primaryImageOfPage":{"@id":"https:\/\/news.save.ch\/pcs-systemtechnik-mit-grossem-wachstum\/#primaryimage"},"image":{"@id":"https:\/\/news.save.ch\/pcs-systemtechnik-mit-grossem-wachstum\/#primaryimage"},"thumbnailUrl":"https:\/\/news.save.ch\/wp-content\/uploads\/2016\/12\/PCS-Systemtechnik-mit-grossem-Wachstum-sicherheitsforum-scaled-1-scaled.jpg","datePublished":"2015-09-10T09:29:10+00:00","dateModified":"2023-03-14T08:00:04+00:00","description":"Il 30 giugno 2015 si \u00e8 concluso un anno finanziario di successo per PCS Systemtechnik GmbH.","breadcrumb":{"@id":"https:\/\/news.save.ch\/pcs-systemtechnik-mit-grossem-wachstum\/#breadcrumb"},"inLanguage":"it-IT","potentialAction":[{"@type":"ReadAction","target":["https:\/\/news.save.ch\/pcs-systemtechnik-mit-grossem-wachstum\/"]}]},{"@type":"ImageObject","inLanguage":"it-IT","@id":"https:\/\/news.save.ch\/pcs-systemtechnik-mit-grossem-wachstum\/#primaryimage","url":"https:\/\/news.save.ch\/wp-content\/uploads\/2016\/12\/PCS-Systemtechnik-mit-grossem-Wachstum-sicherheitsforum-scaled-1-scaled.jpg","contentUrl":"https:\/\/news.save.ch\/wp-content\/uploads\/2016\/12\/PCS-Systemtechnik-mit-grossem-Wachstum-sicherheitsforum-scaled-1-scaled.jpg","width":1400,"height":640,"caption":"Der St Martin Tower in Frankfurt."},{"@type":"BreadcrumbList","@id":"https:\/\/news.save.ch\/pcs-systemtechnik-mit-grossem-wachstum\/#breadcrumb","itemListElement":[{"@type":"ListItem","position":1,"name":"Home","item":"https:\/\/news.save.ch\/de\/"},{"@type":"ListItem","position":2,"name":"PCS Systemtechnik mit grossem Wachstum"}]},{"@type":"WebSite","@id":"https:\/\/news.save.ch\/de\/#website","url":"https:\/\/news.save.ch\/de\/","name":"Risparmiare","description":"Rivista svizzera specializzata in sicurezza","publisher":{"@id":"https:\/\/news.save.ch\/de\/#organization"},"potentialAction":[{"@type":"SearchAction","target":{"@type":"EntryPoint","urlTemplate":"https:\/\/news.save.ch\/de\/?s={search_term_string}"},"query-input":{"@type":"PropertyValueSpecification","valueRequired":true,"valueName":"search_term_string"}}],"inLanguage":"it-IT"},{"@type":"Organization","@id":"https:\/\/news.save.ch\/de\/#organization","name":"Forum sulla sicurezza","url":"https:\/\/news.save.ch\/de\/","logo":{"@type":"ImageObject","inLanguage":"it-IT","@id":"https:\/\/news.save.ch\/de\/#\/schema\/logo\/image\/","url":"https:\/\/news.save.ch\/wp-content\/uploads\/2022\/06\/Logo_SF_2012.png","contentUrl":"https:\/\/news.save.ch\/wp-content\/uploads\/2022\/06\/Logo_SF_2012.png","width":1100,"height":91,"caption":"Sicherheitsforum"},"image":{"@id":"https:\/\/news.save.ch\/de\/#\/schema\/logo\/image\/"}},{"@type":"Person","@id":"https:\/\/news.save.ch\/de\/#\/schema\/person\/d49e199490bad7c70d64b9ab51142f2b","name":"amministratore","image":{"@type":"ImageObject","inLanguage":"it-IT","@id":"https:\/\/secure.gravatar.com\/avatar\/ae2f4d718e6c49043e314ce431e7e645d646302a24a5ef5a8bc8e3f5a032e319?s=96&d=mm&r=g","url":"https:\/\/secure.gravatar.com\/avatar\/ae2f4d718e6c49043e314ce431e7e645d646302a24a5ef5a8bc8e3f5a032e319?s=96&d=mm&r=g","contentUrl":"https:\/\/secure.gravatar.com\/avatar\/ae2f4d718e6c49043e314ce431e7e645d646302a24a5ef5a8bc8e3f5a032e319?s=96&d=mm&r=g","caption":"admin"},"sameAs":["https:\/\/develop.organisator.galledia.ch"],"url":"https:\/\/news.save.ch\/it\/author\/admin\/"}]}},"_links":{"self":[{"href":"https:\/\/news.save.ch\/it\/wp-json\/wp\/v2\/posts\/1552","targetHints":{"allow":["GET"]}}],"collection":[{"href":"https:\/\/news.save.ch\/it\/wp-json\/wp\/v2\/posts"}],"about":[{"href":"https:\/\/news.save.ch\/it\/wp-json\/wp\/v2\/types\/post"}],"author":[{"embeddable":true,"href":"https:\/\/news.save.ch\/it\/wp-json\/wp\/v2\/users\/1"}],"replies":[{"embeddable":true,"href":"https:\/\/news.save.ch\/it\/wp-json\/wp\/v2\/comments?post=1552"}],"version-history":[{"count":1,"href":"https:\/\/news.save.ch\/it\/wp-json\/wp\/v2\/posts\/1552\/revisions"}],"predecessor-version":[{"id":18010,"href":"https:\/\/news.save.ch\/it\/wp-json\/wp\/v2\/posts\/1552\/revisions\/18010"}],"wp:featuredmedia":[{"embeddable":true,"href":"https:\/\/news.save.ch\/it\/wp-json\/wp\/v2\/media\/1556"}],"wp:attachment":[{"href":"https:\/\/news.save.ch\/it\/wp-json\/wp\/v2\/media?parent=1552"}],"wp:term":[{"taxonomy":"category","embeddable":true,"href":"https:\/\/news.save.ch\/it\/wp-json\/wp\/v2\/categories?post=1552"},{"taxonomy":"post_tag","embeddable":true,"href":"https:\/\/news.save.ch\/it\/wp-json\/wp\/v2\/tags?post=1552"}],"curies":[{"name":"wp","href":"https:\/\/api.w.org\/{rel}","templated":true}]}}