{"id":15547,"date":"2023-01-03T10:07:31","date_gmt":"2023-01-03T09:07:31","guid":{"rendered":"https:\/\/news.save.ch\/?p=15547"},"modified":"2023-06-15T02:20:37","modified_gmt":"2023-06-15T00:20:37","slug":"neues-gesetz-zu-explosivstoffen-in-kraft","status":null,"type":"post","link":"https:\/\/news.save.ch\/it\/neues-gesetz-zu-explosivstoffen-in-kraft\/","title":{"rendered":"In vigore la nuova legge sugli esplosivi"},"content":{"rendered":"<figure id=\"attachment_15551\" aria-describedby=\"caption-attachment-15551\" style=\"width: 640px\" class=\"wp-caption alignnone\"><img loading=\"lazy\" decoding=\"async\" class=\"wp-image-15551 size-full\" src=\"https:\/\/news.save.ch\/wp-content\/uploads\/2023\/01\/test-g2b91f7e82_640.jpg\" alt=\"Fedpol\" width=\"640\" height=\"424\" srcset=\"https:\/\/news.save.ch\/wp-content\/uploads\/2023\/01\/test-g2b91f7e82_640.jpg 640w, https:\/\/news.save.ch\/wp-content\/uploads\/2023\/01\/test-g2b91f7e82_640-18x12.jpg 18w, https:\/\/news.save.ch\/wp-content\/uploads\/2023\/01\/test-g2b91f7e82_640-375x248.jpg 375w, https:\/\/news.save.ch\/wp-content\/uploads\/2023\/01\/test-g2b91f7e82_640-528x350.jpg 528w\" sizes=\"auto, (max-width: 640px) 100vw, 640px\" \/><figcaption id=\"caption-attachment-15551\" class=\"wp-caption-text\">Immagine: Pixabay<\/figcaption><\/figure>\n<p>In determinate concentrazioni, i cosiddetti precursori, come il perossido di idrogeno contenuto nei disinfettanti, possono essere utilizzati per produrre esplosivi artigianali. In teoria, potrebbero essere utilizzati da terroristi e organizzazioni criminali per attacchi o per far saltare in aria i bancomat. Anche i privati interessati agli esplosivi e alla pirotecnica potrebbero fare uso di alcuni precursori.<\/p>\n<h3>Portale clienti di Fedpol<\/h3>\n<p>Dal 1\u00b0 gennaio 2023 \u00e8 entrata in vigore una nuova legge. A seconda della sostanza e della concentrazione di precursori specifici, da allora \u00e8 necessaria una licenza speciale rilasciata dall'Ufficio federale di polizia (Fedpol). La licenza speciale \u00e8 valida per tre anni. La legge regolamenta, tra l'altro, l'acquisizione, il possesso, il trasferimento e la vendita, ma anche l'importazione e l'esportazione di precursori per miscele esplosive. Anche la fornitura di tali sostanze sul mercato e la fabbricazione di esplosivi da parte di utenti privati sono regolamentate.<\/p>\n<p>Come ha dichiarato la Fedpol in un comunicato stampa <a href=\"https:\/\/www.admin.ch\/gov\/de\/start\/dokumentation\/medienmitteilungen.msg-id-92396.html\" target=\"_blank\" rel=\"noopener\">scrive<\/a>Sul mercato svizzero sono interessati circa 100 prodotti che potrebbero teoricamente servire come precursori per la produzione di esplosivi. Le richieste di licenza possono essere inoltrate tramite il portale clienti di Fedpol, disponibile sul sito web <a href=\"https:\/\/www.fedpol.admin.ch\/\" target=\"_blank\" rel=\"noopener\">www.fedpol.admin.ch<\/a> pu\u00f2 essere richiamato. Secondo l'Ufficio federale, anche i negozi specializzati nella vendita di prodotti possono ora verificare costantemente le loro licenze.<\/p>\n<p><em>Fonte: Fedpol\/Ufficio editoriale<\/em><\/p>\n<p>&nbsp;<\/p>","protected":false},"excerpt":{"rendered":"<p>In bestimmten Konzentrationen k\u00f6nnen sogenannte Vorl\u00e4uferstoffe wie beispielsweise Wasserstoffperoxid in Desinfektionsmitteln zur Herstellung selbstgebauter Sprengstoffe dienen. Diese liessen sich theoretisch von Terroristen und kriminellen Organisationen f\u00fcr Anschl\u00e4ge oder zur Sprengung von Geldautomaten nutzen. Auch Privatpersonen, die sich f\u00fcr Sprengstoffe und Pyrotechnik interessieren, k\u00f6nnten von bestimmten Vorl\u00e4uferstoffen Gebrauch machen. Kundenportal beim Fedpol Per 1. Januar 2023 [&hellip;]<\/p>\n","protected":false},"author":9,"featured_media":15551,"comment_status":"closed","ping_status":"closed","sticky":false,"template":"","format":"standard","meta":{"_acf_changed":false,"pgc_sgb_lightbox_settings":"","footnotes":""},"categories":[1],"tags":[1898,1544,310,3787,43,3786,4152],"class_list":["post-15547","post","type-post","status-publish","format-standard","has-post-thumbnail","hentry","category-allgemein","tag-desinfektionsmittel","tag-explosivstoffe","tag-sicherheit","tag-sonderbewilligung","tag-terrorismus","tag-vorlaeuferstoffe","tag-wasserstoffperoxid"],"acf":[],"hkrextid":null,"publication":null,"issue":null,"workflow":null,"startPage":null,"spitzmarke":null,"_posts_by_tag_page_fields":null,"_at_widget":null,"_yoast_wpseo_primary_category":"1","_yoast_wpseo_focuskw_text_input":null,"_yoast_wpseo_opengraph-image":null,"_yoast_wpseo_opengraph-description":null,"_yoast_wpseo_opengraph-title":null,"enclosure":null,"_yoast_wpseo_twitter-title":null,"_yoast_wpseo_twitter-description":null,"_yoast_wpseo_twitter-image":null,"_wp_old_slug":null,"_yoast_wpseo_title":null,"_yoast_wpseo_canonical":null,"yoast_head":"<!-- This site is optimized with the Yoast SEO plugin v27.5 - https:\/\/yoast.com\/product\/yoast-seo-wordpress\/ -->\n<title>Neues Gesetz zu Explosivstoffen in Kraft - Save<\/title>\n<meta name=\"description\" content=\"Ab Neujahr wird der Erwerb durch Privatpersonen von Substanzen zur Herstellung von Explosivstoffen geregelt. Betroffen auf dem Schweizer Markt sind rund 100 Produkte, die solche Substanzen enthalten k\u00f6nnen. Je nach Substanz und Konzentration wird k\u00fcnftig eine Sonderbewilligung \u00fcbers Fedpol erforderlich.\" \/>\n<meta name=\"robots\" content=\"index, follow, max-snippet:-1, max-image-preview:large, max-video-preview:-1\" \/>\n<link rel=\"canonical\" href=\"https:\/\/news.save.ch\/it\/neues-gesetz-zu-explosivstoffen-in-kraft\/\" \/>\n<meta property=\"og:locale\" content=\"it_IT\" \/>\n<meta property=\"og:type\" content=\"article\" \/>\n<meta property=\"og:title\" content=\"Neues Gesetz zu Explosivstoffen in Kraft - Save\" \/>\n<meta property=\"og:description\" content=\"Ab Neujahr wird der Erwerb durch Privatpersonen von Substanzen zur Herstellung von Explosivstoffen geregelt. Betroffen auf dem Schweizer Markt sind rund 100 Produkte, die solche Substanzen enthalten k\u00f6nnen. Je nach Substanz und Konzentration wird k\u00fcnftig eine Sonderbewilligung \u00fcbers Fedpol erforderlich.\" \/>\n<meta property=\"og:url\" content=\"https:\/\/news.save.ch\/it\/neues-gesetz-zu-explosivstoffen-in-kraft\/\" \/>\n<meta property=\"og:site_name\" content=\"Save\" \/>\n<meta property=\"article:published_time\" content=\"2023-01-03T09:07:31+00:00\" \/>\n<meta property=\"article:modified_time\" content=\"2023-06-15T00:20:37+00:00\" \/>\n<meta property=\"og:image\" content=\"https:\/\/news.save.ch\/wp-content\/uploads\/2023\/01\/test-g2b91f7e82_640.jpg\" \/>\n\t<meta property=\"og:image:width\" content=\"640\" \/>\n\t<meta property=\"og:image:height\" content=\"424\" \/>\n\t<meta property=\"og:image:type\" content=\"image\/jpeg\" \/>\n<meta name=\"author\" content=\"Simon Gr\u00f6flin\" \/>\n<meta name=\"twitter:card\" content=\"summary_large_image\" \/>\n<meta name=\"twitter:label1\" content=\"Scritto da\" \/>\n\t<meta name=\"twitter:data1\" content=\"Simon Gr\u00f6flin\" \/>\n\t<meta name=\"twitter:label2\" content=\"Tempo di lettura stimato\" \/>\n\t<meta name=\"twitter:data2\" content=\"2 minuti\" \/>\n<script type=\"application\/ld+json\" class=\"yoast-schema-graph\">{\"@context\":\"https:\\\/\\\/schema.org\",\"@graph\":[{\"@type\":\"Article\",\"@id\":\"https:\\\/\\\/news.save.ch\\\/neues-gesetz-zu-explosivstoffen-in-kraft\\\/#article\",\"isPartOf\":{\"@id\":\"https:\\\/\\\/news.save.ch\\\/neues-gesetz-zu-explosivstoffen-in-kraft\\\/\"},\"author\":{\"name\":\"Simon Gr\u00f6flin\",\"@id\":\"https:\\\/\\\/news.save.ch\\\/de\\\/#\\\/schema\\\/person\\\/ad4ef21102fd6125312409ac57d5296d\"},\"headline\":\"Neues Gesetz zu Explosivstoffen in Kraft\",\"datePublished\":\"2023-01-03T09:07:31+00:00\",\"dateModified\":\"2023-06-15T00:20:37+00:00\",\"mainEntityOfPage\":{\"@id\":\"https:\\\/\\\/news.save.ch\\\/neues-gesetz-zu-explosivstoffen-in-kraft\\\/\"},\"wordCount\":230,\"publisher\":{\"@id\":\"https:\\\/\\\/news.save.ch\\\/de\\\/#organization\"},\"image\":{\"@id\":\"https:\\\/\\\/news.save.ch\\\/neues-gesetz-zu-explosivstoffen-in-kraft\\\/#primaryimage\"},\"thumbnailUrl\":\"https:\\\/\\\/news.save.ch\\\/wp-content\\\/uploads\\\/2023\\\/01\\\/test-g2b91f7e82_640.jpg\",\"keywords\":[\"Desinfektionsmittel\",\"Explosivstoffe\",\"Sicherheit\",\"Sonderbewilligung\",\"Terrorismus\",\"Vorl\u00e4uferstoffe\",\"Wasserstoffperoxid\"],\"articleSection\":[\"ALLGEMEIN\"],\"inLanguage\":\"it-IT\"},{\"@type\":\"WebPage\",\"@id\":\"https:\\\/\\\/news.save.ch\\\/neues-gesetz-zu-explosivstoffen-in-kraft\\\/\",\"url\":\"https:\\\/\\\/news.save.ch\\\/neues-gesetz-zu-explosivstoffen-in-kraft\\\/\",\"name\":\"Neues Gesetz zu Explosivstoffen in Kraft - Save\",\"isPartOf\":{\"@id\":\"https:\\\/\\\/news.save.ch\\\/de\\\/#website\"},\"primaryImageOfPage\":{\"@id\":\"https:\\\/\\\/news.save.ch\\\/neues-gesetz-zu-explosivstoffen-in-kraft\\\/#primaryimage\"},\"image\":{\"@id\":\"https:\\\/\\\/news.save.ch\\\/neues-gesetz-zu-explosivstoffen-in-kraft\\\/#primaryimage\"},\"thumbnailUrl\":\"https:\\\/\\\/news.save.ch\\\/wp-content\\\/uploads\\\/2023\\\/01\\\/test-g2b91f7e82_640.jpg\",\"datePublished\":\"2023-01-03T09:07:31+00:00\",\"dateModified\":\"2023-06-15T00:20:37+00:00\",\"description\":\"Ab Neujahr wird der Erwerb durch Privatpersonen von Substanzen zur Herstellung von Explosivstoffen geregelt. Betroffen auf dem Schweizer Markt sind rund 100 Produkte, die solche Substanzen enthalten k\u00f6nnen. Je nach Substanz und Konzentration wird k\u00fcnftig eine Sonderbewilligung \u00fcbers Fedpol erforderlich.\",\"breadcrumb\":{\"@id\":\"https:\\\/\\\/news.save.ch\\\/neues-gesetz-zu-explosivstoffen-in-kraft\\\/#breadcrumb\"},\"inLanguage\":\"it-IT\",\"potentialAction\":[{\"@type\":\"ReadAction\",\"target\":[\"https:\\\/\\\/news.save.ch\\\/neues-gesetz-zu-explosivstoffen-in-kraft\\\/\"]}]},{\"@type\":\"ImageObject\",\"inLanguage\":\"it-IT\",\"@id\":\"https:\\\/\\\/news.save.ch\\\/neues-gesetz-zu-explosivstoffen-in-kraft\\\/#primaryimage\",\"url\":\"https:\\\/\\\/news.save.ch\\\/wp-content\\\/uploads\\\/2023\\\/01\\\/test-g2b91f7e82_640.jpg\",\"contentUrl\":\"https:\\\/\\\/news.save.ch\\\/wp-content\\\/uploads\\\/2023\\\/01\\\/test-g2b91f7e82_640.jpg\",\"width\":640,\"height\":424},{\"@type\":\"BreadcrumbList\",\"@id\":\"https:\\\/\\\/news.save.ch\\\/neues-gesetz-zu-explosivstoffen-in-kraft\\\/#breadcrumb\",\"itemListElement\":[{\"@type\":\"ListItem\",\"position\":1,\"name\":\"Home\",\"item\":\"https:\\\/\\\/news.save.ch\\\/de\\\/\"},{\"@type\":\"ListItem\",\"position\":2,\"name\":\"Neues Gesetz zu Explosivstoffen in Kraft\"}]},{\"@type\":\"WebSite\",\"@id\":\"https:\\\/\\\/news.save.ch\\\/de\\\/#website\",\"url\":\"https:\\\/\\\/news.save.ch\\\/de\\\/\",\"name\":\"Save\",\"description\":\"Schweizer Fachzeitschrift f\u00fcr Sicherheit\",\"publisher\":{\"@id\":\"https:\\\/\\\/news.save.ch\\\/de\\\/#organization\"},\"potentialAction\":[{\"@type\":\"SearchAction\",\"target\":{\"@type\":\"EntryPoint\",\"urlTemplate\":\"https:\\\/\\\/news.save.ch\\\/de\\\/?s={search_term_string}\"},\"query-input\":{\"@type\":\"PropertyValueSpecification\",\"valueRequired\":true,\"valueName\":\"search_term_string\"}}],\"inLanguage\":\"it-IT\"},{\"@type\":\"Organization\",\"@id\":\"https:\\\/\\\/news.save.ch\\\/de\\\/#organization\",\"name\":\"Sicherheitsforum\",\"url\":\"https:\\\/\\\/news.save.ch\\\/de\\\/\",\"logo\":{\"@type\":\"ImageObject\",\"inLanguage\":\"it-IT\",\"@id\":\"https:\\\/\\\/news.save.ch\\\/de\\\/#\\\/schema\\\/logo\\\/image\\\/\",\"url\":\"https:\\\/\\\/news.save.ch\\\/wp-content\\\/uploads\\\/2022\\\/06\\\/Logo_SF_2012.png\",\"contentUrl\":\"https:\\\/\\\/news.save.ch\\\/wp-content\\\/uploads\\\/2022\\\/06\\\/Logo_SF_2012.png\",\"width\":1100,\"height\":91,\"caption\":\"Sicherheitsforum\"},\"image\":{\"@id\":\"https:\\\/\\\/news.save.ch\\\/de\\\/#\\\/schema\\\/logo\\\/image\\\/\"}},{\"@type\":\"Person\",\"@id\":\"https:\\\/\\\/news.save.ch\\\/de\\\/#\\\/schema\\\/person\\\/ad4ef21102fd6125312409ac57d5296d\",\"name\":\"Simon Gr\u00f6flin\",\"image\":{\"@type\":\"ImageObject\",\"inLanguage\":\"it-IT\",\"@id\":\"https:\\\/\\\/secure.gravatar.com\\\/avatar\\\/6ddceb80eb734354635539e0ea5140bb7c41e42de7c45c9a2ab9921b5d5c9a83?s=96&d=mm&r=g\",\"url\":\"https:\\\/\\\/secure.gravatar.com\\\/avatar\\\/6ddceb80eb734354635539e0ea5140bb7c41e42de7c45c9a2ab9921b5d5c9a83?s=96&d=mm&r=g\",\"contentUrl\":\"https:\\\/\\\/secure.gravatar.com\\\/avatar\\\/6ddceb80eb734354635539e0ea5140bb7c41e42de7c45c9a2ab9921b5d5c9a83?s=96&d=mm&r=g\",\"caption\":\"Simon Gr\u00f6flin\"},\"url\":\"https:\\\/\\\/news.save.ch\\\/it\\\/author\\\/simon-groeflin\\\/\"}]}<\/script>\n<!-- \/ Yoast SEO plugin. -->","yoast_head_json":{"title":"In vigore la nuova legge sugli esplosivi - Save","description":"A partire dal nuovo anno, l'acquisto da parte di privati di sostanze per la fabbricazione di esplosivi sar\u00e0 regolamentato. Sul mercato svizzero sono interessati circa 100 prodotti che possono contenere tali sostanze. A seconda della sostanza e della concentrazione, in futuro sar\u00e0 necessaria una licenza speciale da parte della Fedpol.","robots":{"index":"index","follow":"follow","max-snippet":"max-snippet:-1","max-image-preview":"max-image-preview:large","max-video-preview":"max-video-preview:-1"},"canonical":"https:\/\/news.save.ch\/it\/neues-gesetz-zu-explosivstoffen-in-kraft\/","og_locale":"it_IT","og_type":"article","og_title":"Neues Gesetz zu Explosivstoffen in Kraft - Save","og_description":"Ab Neujahr wird der Erwerb durch Privatpersonen von Substanzen zur Herstellung von Explosivstoffen geregelt. Betroffen auf dem Schweizer Markt sind rund 100 Produkte, die solche Substanzen enthalten k\u00f6nnen. Je nach Substanz und Konzentration wird k\u00fcnftig eine Sonderbewilligung \u00fcbers Fedpol erforderlich.","og_url":"https:\/\/news.save.ch\/it\/neues-gesetz-zu-explosivstoffen-in-kraft\/","og_site_name":"Save","article_published_time":"2023-01-03T09:07:31+00:00","article_modified_time":"2023-06-15T00:20:37+00:00","og_image":[{"width":640,"height":424,"url":"https:\/\/news.save.ch\/wp-content\/uploads\/2023\/01\/test-g2b91f7e82_640.jpg","type":"image\/jpeg"}],"author":"Simon Gr\u00f6flin","twitter_card":"summary_large_image","twitter_misc":{"Scritto da":"Simon Gr\u00f6flin","Tempo di lettura stimato":"2 minuti"},"schema":{"@context":"https:\/\/schema.org","@graph":[{"@type":"Article","@id":"https:\/\/news.save.ch\/neues-gesetz-zu-explosivstoffen-in-kraft\/#article","isPartOf":{"@id":"https:\/\/news.save.ch\/neues-gesetz-zu-explosivstoffen-in-kraft\/"},"author":{"name":"Simon Gr\u00f6flin","@id":"https:\/\/news.save.ch\/de\/#\/schema\/person\/ad4ef21102fd6125312409ac57d5296d"},"headline":"Neues Gesetz zu Explosivstoffen in Kraft","datePublished":"2023-01-03T09:07:31+00:00","dateModified":"2023-06-15T00:20:37+00:00","mainEntityOfPage":{"@id":"https:\/\/news.save.ch\/neues-gesetz-zu-explosivstoffen-in-kraft\/"},"wordCount":230,"publisher":{"@id":"https:\/\/news.save.ch\/de\/#organization"},"image":{"@id":"https:\/\/news.save.ch\/neues-gesetz-zu-explosivstoffen-in-kraft\/#primaryimage"},"thumbnailUrl":"https:\/\/news.save.ch\/wp-content\/uploads\/2023\/01\/test-g2b91f7e82_640.jpg","keywords":["Desinfektionsmittel","Explosivstoffe","Sicherheit","Sonderbewilligung","Terrorismus","Vorl\u00e4uferstoffe","Wasserstoffperoxid"],"articleSection":["ALLGEMEIN"],"inLanguage":"it-IT"},{"@type":"WebPage","@id":"https:\/\/news.save.ch\/neues-gesetz-zu-explosivstoffen-in-kraft\/","url":"https:\/\/news.save.ch\/neues-gesetz-zu-explosivstoffen-in-kraft\/","name":"In vigore la nuova legge sugli esplosivi - Save","isPartOf":{"@id":"https:\/\/news.save.ch\/de\/#website"},"primaryImageOfPage":{"@id":"https:\/\/news.save.ch\/neues-gesetz-zu-explosivstoffen-in-kraft\/#primaryimage"},"image":{"@id":"https:\/\/news.save.ch\/neues-gesetz-zu-explosivstoffen-in-kraft\/#primaryimage"},"thumbnailUrl":"https:\/\/news.save.ch\/wp-content\/uploads\/2023\/01\/test-g2b91f7e82_640.jpg","datePublished":"2023-01-03T09:07:31+00:00","dateModified":"2023-06-15T00:20:37+00:00","description":"A partire dal nuovo anno, l'acquisto da parte di privati di sostanze per la fabbricazione di esplosivi sar\u00e0 regolamentato. Sul mercato svizzero sono interessati circa 100 prodotti che possono contenere tali sostanze. A seconda della sostanza e della concentrazione, in futuro sar\u00e0 necessaria una licenza speciale da parte della Fedpol.","breadcrumb":{"@id":"https:\/\/news.save.ch\/neues-gesetz-zu-explosivstoffen-in-kraft\/#breadcrumb"},"inLanguage":"it-IT","potentialAction":[{"@type":"ReadAction","target":["https:\/\/news.save.ch\/neues-gesetz-zu-explosivstoffen-in-kraft\/"]}]},{"@type":"ImageObject","inLanguage":"it-IT","@id":"https:\/\/news.save.ch\/neues-gesetz-zu-explosivstoffen-in-kraft\/#primaryimage","url":"https:\/\/news.save.ch\/wp-content\/uploads\/2023\/01\/test-g2b91f7e82_640.jpg","contentUrl":"https:\/\/news.save.ch\/wp-content\/uploads\/2023\/01\/test-g2b91f7e82_640.jpg","width":640,"height":424},{"@type":"BreadcrumbList","@id":"https:\/\/news.save.ch\/neues-gesetz-zu-explosivstoffen-in-kraft\/#breadcrumb","itemListElement":[{"@type":"ListItem","position":1,"name":"Home","item":"https:\/\/news.save.ch\/de\/"},{"@type":"ListItem","position":2,"name":"Neues Gesetz zu Explosivstoffen in Kraft"}]},{"@type":"WebSite","@id":"https:\/\/news.save.ch\/de\/#website","url":"https:\/\/news.save.ch\/de\/","name":"Risparmiare","description":"Rivista svizzera specializzata in sicurezza","publisher":{"@id":"https:\/\/news.save.ch\/de\/#organization"},"potentialAction":[{"@type":"SearchAction","target":{"@type":"EntryPoint","urlTemplate":"https:\/\/news.save.ch\/de\/?s={search_term_string}"},"query-input":{"@type":"PropertyValueSpecification","valueRequired":true,"valueName":"search_term_string"}}],"inLanguage":"it-IT"},{"@type":"Organization","@id":"https:\/\/news.save.ch\/de\/#organization","name":"Forum sulla sicurezza","url":"https:\/\/news.save.ch\/de\/","logo":{"@type":"ImageObject","inLanguage":"it-IT","@id":"https:\/\/news.save.ch\/de\/#\/schema\/logo\/image\/","url":"https:\/\/news.save.ch\/wp-content\/uploads\/2022\/06\/Logo_SF_2012.png","contentUrl":"https:\/\/news.save.ch\/wp-content\/uploads\/2022\/06\/Logo_SF_2012.png","width":1100,"height":91,"caption":"Sicherheitsforum"},"image":{"@id":"https:\/\/news.save.ch\/de\/#\/schema\/logo\/image\/"}},{"@type":"Person","@id":"https:\/\/news.save.ch\/de\/#\/schema\/person\/ad4ef21102fd6125312409ac57d5296d","name":"Simon Gr\u00f6flin","image":{"@type":"ImageObject","inLanguage":"it-IT","@id":"https:\/\/secure.gravatar.com\/avatar\/6ddceb80eb734354635539e0ea5140bb7c41e42de7c45c9a2ab9921b5d5c9a83?s=96&d=mm&r=g","url":"https:\/\/secure.gravatar.com\/avatar\/6ddceb80eb734354635539e0ea5140bb7c41e42de7c45c9a2ab9921b5d5c9a83?s=96&d=mm&r=g","contentUrl":"https:\/\/secure.gravatar.com\/avatar\/6ddceb80eb734354635539e0ea5140bb7c41e42de7c45c9a2ab9921b5d5c9a83?s=96&d=mm&r=g","caption":"Simon Gr\u00f6flin"},"url":"https:\/\/news.save.ch\/it\/author\/simon-groeflin\/"}]}},"_links":{"self":[{"href":"https:\/\/news.save.ch\/it\/wp-json\/wp\/v2\/posts\/15547","targetHints":{"allow":["GET"]}}],"collection":[{"href":"https:\/\/news.save.ch\/it\/wp-json\/wp\/v2\/posts"}],"about":[{"href":"https:\/\/news.save.ch\/it\/wp-json\/wp\/v2\/types\/post"}],"author":[{"embeddable":true,"href":"https:\/\/news.save.ch\/it\/wp-json\/wp\/v2\/users\/9"}],"replies":[{"embeddable":true,"href":"https:\/\/news.save.ch\/it\/wp-json\/wp\/v2\/comments?post=15547"}],"version-history":[{"count":8,"href":"https:\/\/news.save.ch\/it\/wp-json\/wp\/v2\/posts\/15547\/revisions"}],"predecessor-version":[{"id":19994,"href":"https:\/\/news.save.ch\/it\/wp-json\/wp\/v2\/posts\/15547\/revisions\/19994"}],"wp:featuredmedia":[{"embeddable":true,"href":"https:\/\/news.save.ch\/it\/wp-json\/wp\/v2\/media\/15551"}],"wp:attachment":[{"href":"https:\/\/news.save.ch\/it\/wp-json\/wp\/v2\/media?parent=15547"}],"wp:term":[{"taxonomy":"category","embeddable":true,"href":"https:\/\/news.save.ch\/it\/wp-json\/wp\/v2\/categories?post=15547"},{"taxonomy":"post_tag","embeddable":true,"href":"https:\/\/news.save.ch\/it\/wp-json\/wp\/v2\/tags?post=15547"}],"curies":[{"name":"wp","href":"https:\/\/api.w.org\/{rel}","templated":true}]}}