{"id":158,"date":"2015-04-30T15:26:10","date_gmt":"2015-04-30T13:26:10","guid":{"rendered":"https:\/\/dev.sicherheitsforum.ch\/?p=158"},"modified":"2015-04-30T15:26:10","modified_gmt":"2015-04-30T13:26:10","slug":"erstens-mega-deal-in-der-sicherheitsbranche","status":null,"type":"post","link":"https:\/\/news.save.ch\/it\/erstens-mega-deal-in-der-sicherheitsbranche\/","title":{"rendered":"Primo: mega affare nel settore della sicurezza"},"content":{"rendered":"<figure id=\"attachment_159\" aria-describedby=\"caption-attachment-159\" style=\"width: 680px\" class=\"wp-caption alignnone\"><img loading=\"lazy\" decoding=\"async\" class=\"size-medium wp-image-159\" src=\"https:\/\/sicherheitsforum.ch\/wp-content\/uploads\/2016\/12\/Erstens-Mega-Deal-in-der-Sicherheitsbranche_sicherheitsforum.jpg\" alt=\"Il presidente del consiglio di amministrazione della nuova holding sar\u00e0 Ulrich Graf, attualmente presidente del consiglio di amministrazione di Kaba.\" width=\"680\" height=\"453\" \/><figcaption id=\"caption-attachment-159\" class=\"wp-caption-text\">Il presidente del consiglio di amministrazione della nuova holding sar\u00e0 Ulrich Graf, attualmente presidente del consiglio di amministrazione di Kaba.<\/figcaption><\/figure>\n<p>Per Ulrich Graf, Presidente del Consiglio di Amministrazione di Kaba, \u00e8 chiaro: \"L'unione dei due forti marchi <a href=\"https:\/\/www.dorma.com\" target=\"_blank\" data-cke-saved-href=\"https:\/\/www.dorma.com\" rel=\"noopener\">Dorma <\/a>e <a href=\"https:\/\/www.kaba.com\" target=\"_blank\" data-cke-saved-href=\"https:\/\/www.kaba.com\" rel=\"noopener\">Kaba<\/a> nasce un'azienda leader nel settore della sicurezza. Gli azionisti sono a favore di un orientamento a lungo termine, che \u00e8 anche un vero vantaggio competitivo nel nostro settore dinamico.\" Dorma offre soluzioni per l'accesso ed \u00e8 uno dei leader di mercato per quanto riguarda la tecnologia automatica, la ferramenta per vetri e la chiusura delle porte. Lo stesso vale per Kaba nel campo del controllo degli accessi, della raccolta dati in officina e dei sistemi di chiavi.<\/p>\n<blockquote>\n<p>Il risultato \u00e8 la top 3 mondiale nella classifica della sicurezza e degli accessi.<\/p>\n<\/blockquote>\n<p>Con un fatturato proforma di oltre 2 miliardi di franchi svizzeri, circa 16.000 dipendenti e sedi in 53 Paesi, le due aziende fuse con la nuova holding congiunta entrano nella top 3 globale del mercato altamente frammentato delle soluzioni di sicurezza e accesso. Hans Gummert, Presidente del Consiglio di Sorveglianza di Dorma: \"Con la fusione delle nostre aziende, affermate a livello mondiale, rafforziamo in modo significativo la nostra posizione sul mercato. Non solo condividiamo oltre cento anni di tradizione imprenditoriale e gli stessi valori, ma siamo anche ampiamente d'accordo sulle nostre strategie\".<\/p>\n<p><strong>Dorma e Kaba sono un binomio ideale<\/strong><\/p>\n<p>Le competenze tecnologiche, i prodotti e i canali di distribuzione di Dorma e Kaba si completano a vicenda in modo ideale. La rete comune di distribuzione e assistenza, il cross-selling e il posizionamento come \"one-stop shop\" per la sicurezza e l'accesso agli edifici apriranno un ulteriore e considerevole potenziale di crescita per la societ\u00e0 combinata. Thomas P. Wagner, CEO di Dorma: \"Insieme a Kaba stiamo facendo un grande passo avanti. Stiamo ampliando la nostra gamma di prodotti, rafforzando la nostra presenza globale e aumentando la nostra forza innovativa. Questo ci permetter\u00e0 di sfruttare meglio e pi\u00f9 velocemente le opportunit\u00e0 offerte da megatendenze come l'urbanizzazione e la digitalizzazione.\"<\/p>\n<p>dorma+kaba disporr\u00e0 di impianti di produzione in tutti i principali mercati del settore e accelerer\u00e0 la sua espansione globale con una maggiore presenza in Europa, nelle Americhe e nell'Asia-Pacifico in particolare, si sottolinea.<\/p>\n<p><strong>Aumento sostanziale del valore <\/strong><\/p>\n<p>Riet Cadonau, CEO di Kaba: \"Dorma e Kaba sono partner ideali sotto tutti i punti di vista e rappresentano una soluzione strategica convincente. Con la fusione prevista, stiamo creando ulteriori opportunit\u00e0 per una crescita redditizia e sostenibile, con un corrispondente valore aggiunto per i nostri clienti, partner, dipendenti e azionisti.\"<\/p>\n<p>Nei prossimi quattro anni, il nuovo duo punta a una crescita delle vendite compresa tra 6 e 7% (in valuta locale) all'anno. Secondo la dichiarazione, grazie ai maggiori volumi di acquisto, all'ottimizzazione dei costi infrastrutturali e agli incrementi di efficienza, si prevede che le sinergie di costo di 60-70 milioni di franchi svizzeri all'anno avranno pieno effetto nel quarto anno successivo alla fusione. I costi di implementazione una tantum sono stimati pari alle sinergie di costo per un anno.<\/p>\n<p><strong>Chi sar\u00e0 cosa nel nuovo gruppo?<\/strong><\/p>\n<p>Ulrich Graf, attuale Presidente del Consiglio di Amministrazione di Kaba, presieder\u00e0 il Consiglio di Amministrazione del nuovo gruppo. L'amministratore delegato sar\u00e0 Riet Cadonau, attuale CEO di Kaba. Il CFO designato \u00e8 Bernd Brinker, CFO di Dorma. Gli organi di gestione del gruppo devono essere il pi\u00f9 possibile equilibrati, secondo i responsabili.<\/p>\n<p>Le sedi di R\u00fcmlang e di Ennepetal, in Germania, svolgeranno un ruolo importante nella societ\u00e0 comune. R\u00fcmlang sar\u00e0 la sede centrale di dorma+kaba Holding, mentre Ennepetal, come sede della futura divisione \"Access Solutions DACH\", sar\u00e0 responsabile delle attivit\u00e0 nei paesi di lingua tedesca.<\/p>\n<p>La fusione comporta anche una fusione di posti di lavoro: si parla di una riduzione complessiva di circa 5% della forza lavoro, distribuita su quattro anni.<\/p>\n<p>Ulteriori informazioni sul <a title=\"Collegamento alla struttura della transazione\" href=\"https:\/\/hamster.ch\/magazine\/sicherheitsforum\/ausserordentliche-gv-von-kaba\" target=\"_blank\" data-cke-saved-href=\"https:\/\/hamster.ch\/magazine\/sicherheitsforum\/ausserordentliche-gv-von-kaba\" rel=\"noopener\">Struttura della transazione <\/a>e la valutazione, nonch\u00e9 i rapporti di partecipazione tra Kaba e la famiglia di proprietari Dorma sono <a title=\"Collegamento alla struttura della transazione\" href=\"https:\/\/hamster.ch\/magazine\/sicherheitsforum\/dorma-kaba-tranksaktionsstruktur-und-bewertung\" target=\"_blank\" data-cke-saved-href=\"https:\/\/hamster.ch\/magazine\/sicherheitsforum\/dorma-kaba-tranksaktionsstruktur-und-bewertung\" rel=\"noopener\">qui <\/a>disponibile.<\/p>\n<p>Il mega-affare deve ancora essere approvato dagli azionisti in occasione di una <a title=\"Informazioni sull&#039;Assemblea generale\" href=\"https:\/\/hamster.ch\/magazine\/sicherheitsforum\/ausserordentliche-gv-von-kaba\" target=\"_blank\" data-cke-saved-href=\"https:\/\/hamster.ch\/magazine\/sicherheitsforum\/ausserordentliche-gv-von-kaba\" rel=\"noopener\">Assemblea generale straordinaria <\/a>essere approvato da Kaba.<\/p>\n<div id='gallery-1' class='gallery galleryid-158 gallery-columns-3 gallery-size-thumbnail'><figure class='gallery-item'>\n\t\t\t<div class='gallery-icon landscape'>\n\t\t\t\t<a href='https:\/\/news.save.ch\/it\/bernd_brinker_cfo_dorma_sicherheitsforum\/'><img loading=\"lazy\" decoding=\"async\" width=\"150\" height=\"100\" src=\"https:\/\/news.save.ch\/wp-content\/uploads\/2016\/12\/Bernd_Brinker_CFO_DORMA_sicherheitsforum-scaled.jpg\" class=\"attachment-thumbnail size-thumbnail\" alt=\"\" srcset=\"https:\/\/news.save.ch\/wp-content\/uploads\/2016\/12\/Bernd_Brinker_CFO_DORMA_sicherheitsforum-scaled.jpg 1400w, https:\/\/news.save.ch\/wp-content\/uploads\/2016\/12\/Bernd_Brinker_CFO_DORMA_sicherheitsforum-375x250.jpg 375w\" sizes=\"auto, (max-width: 150px) 100vw, 150px\" \/><\/a>\n\t\t\t<\/div><\/figure><figure class='gallery-item'>\n\t\t\t<div class='gallery-icon landscape'>\n\t\t\t\t<a href='https:\/\/news.save.ch\/it\/riet-cadonau-chief-executive-officer_sicherheitsforum\/'><img loading=\"lazy\" decoding=\"async\" width=\"150\" height=\"100\" src=\"https:\/\/news.save.ch\/wp-content\/uploads\/2016\/12\/riet-cadonau-chief-executive-officer_sicherheitsforum-scaled.jpg\" class=\"attachment-thumbnail size-thumbnail\" alt=\"\" srcset=\"https:\/\/news.save.ch\/wp-content\/uploads\/2016\/12\/riet-cadonau-chief-executive-officer_sicherheitsforum-scaled.jpg 1400w, https:\/\/news.save.ch\/wp-content\/uploads\/2016\/12\/riet-cadonau-chief-executive-officer_sicherheitsforum-375x250.jpg 375w\" sizes=\"auto, (max-width: 150px) 100vw, 150px\" \/><\/a>\n\t\t\t<\/div><\/figure>\n\t\t<\/div>\n\n<p>Il direttore finanziario della nuova holding sar\u00e0 Bernd Brinker, attualmente direttore finanziario di Dorma. Il CEO della nuova holding sar\u00e0 Riet Cadonau, attualmente CEO di Kaba.<\/p>\n<p>&nbsp;<\/p>\n<p>&nbsp;<\/p>","protected":false},"excerpt":{"rendered":"<p>F\u00fcr Ulrich Graf, VR-Pr\u00e4si\u00addent von Kaba, ist klar: \u201eDurch die Verbindung der beiden starken Marken Dorma und Kaba entsteht ein f\u00fchrendes Unternehmen der Sicherheitsindustrie. Die Aktion\u00e4re stehen f\u00fcr eine langfristige Ausrichtung \u2013 auch das ist in unserer dynamischen Branche ein echter Wettbewerbsvorteil.&#8220; Dorma bietet Zugangsl\u00f6sungen an und geh\u00f6rt in der Automatik-, Glasbeschlags- und T\u00fcrschliesstechnik zu [&hellip;]<\/p>\n","protected":false},"author":1,"featured_media":159,"comment_status":"open","ping_status":"open","sticky":false,"template":"","format":"standard","meta":{"_acf_changed":false,"pgc_sgb_lightbox_settings":"","footnotes":""},"categories":[1],"tags":[131,132,133,44],"class_list":["post-158","post","type-post","status-publish","format-standard","has-post-thumbnail","hentry","category-allgemein","tag-dorma","tag-finanzierung","tag-kaba","tag-kooperation"],"acf":[],"hkrextid":null,"publication":null,"issue":null,"workflow":null,"startPage":null,"spitzmarke":null,"_posts_by_tag_page_fields":{"widget_title":"","widget_tags":""},"_at_widget":"1","_yoast_wpseo_primary_category":"1","_yoast_wpseo_focuskw_text_input":"Mega-Deal","_yoast_wpseo_opengraph-image":"https:\/\/sicherheitsforum.ch\/wp-content\/uploads\/2016\/12\/Erstens-Mega-Deal-in-der-Sicherheitsbranche_sicherheitsforum.jpg","_yoast_wpseo_opengraph-description":"Die Schweizer Kaba Holding AG mit Sitz in R\u00fcmlang und das deutsche Familien\u00adunternehmen Dorma Holding wollen fusionieren. Entstehen w\u00fcrde die Gruppe dorma+kaba. Eine entsprechende Transaktionsvereinbarung wurde gestern Abend unterzeichnet. Der Deal muss noch von den Aktion\u00e4ren abgesegnet werden.","_yoast_wpseo_opengraph-title":"Erstens: Mega-Deal in der Sicherheitsbranche","enclosure":null,"_yoast_wpseo_twitter-title":null,"_yoast_wpseo_twitter-description":null,"_yoast_wpseo_twitter-image":null,"_wp_old_slug":null,"_yoast_wpseo_title":null,"_yoast_wpseo_canonical":null,"yoast_head":"<!-- This site is optimized with the Yoast SEO plugin v27.4 - https:\/\/yoast.com\/product\/yoast-seo-wordpress\/ -->\n<title>Erstens: Mega-Deal in der Sicherheitsbranche - Save<\/title>\n<meta name=\"description\" content=\"Die Kaba Holding AG mit Sitz in R\u00fcmlang und das deutsche Familien\u00adunternehmen Dorma Holding wollen fusionieren. Entstehen w\u00fcrde die Gruppe dorma+kaba.\" \/>\n<meta name=\"robots\" content=\"index, follow, max-snippet:-1, max-image-preview:large, max-video-preview:-1\" \/>\n<link rel=\"canonical\" href=\"https:\/\/news.save.ch\/it\/erstens-mega-deal-in-der-sicherheitsbranche\/\" \/>\n<meta property=\"og:locale\" content=\"it_IT\" \/>\n<meta property=\"og:type\" content=\"article\" \/>\n<meta property=\"og:title\" content=\"Erstens: Mega-Deal in der Sicherheitsbranche\" \/>\n<meta property=\"og:description\" content=\"Die Schweizer Kaba Holding AG mit Sitz in R\u00fcmlang und das deutsche Familien\u00adunternehmen Dorma Holding wollen fusionieren. Entstehen w\u00fcrde die Gruppe dorma+kaba. Eine entsprechende Transaktionsvereinbarung wurde gestern Abend unterzeichnet. Der Deal muss noch von den Aktion\u00e4ren abgesegnet werden.\" \/>\n<meta property=\"og:url\" content=\"https:\/\/news.save.ch\/it\/erstens-mega-deal-in-der-sicherheitsbranche\/\" \/>\n<meta property=\"og:site_name\" content=\"Save\" \/>\n<meta property=\"article:published_time\" content=\"2015-04-30T13:26:10+00:00\" \/>\n<meta property=\"og:image\" content=\"https:\/\/sicherheitsforum.ch\/wp-content\/uploads\/2016\/12\/Erstens-Mega-Deal-in-der-Sicherheitsbranche_sicherheitsforum.jpg\" \/>\n<meta name=\"author\" content=\"admin\" \/>\n<meta name=\"twitter:card\" content=\"summary_large_image\" \/>\n<meta name=\"twitter:label1\" content=\"Scritto da\" \/>\n\t<meta name=\"twitter:data1\" content=\"admin\" \/>\n\t<meta name=\"twitter:label2\" content=\"Tempo di lettura stimato\" \/>\n\t<meta name=\"twitter:data2\" content=\"4 minuti\" \/>\n<script type=\"application\/ld+json\" class=\"yoast-schema-graph\">{\"@context\":\"https:\\\/\\\/schema.org\",\"@graph\":[{\"@type\":\"Article\",\"@id\":\"https:\\\/\\\/news.save.ch\\\/erstens-mega-deal-in-der-sicherheitsbranche\\\/#article\",\"isPartOf\":{\"@id\":\"https:\\\/\\\/news.save.ch\\\/erstens-mega-deal-in-der-sicherheitsbranche\\\/\"},\"author\":{\"name\":\"admin\",\"@id\":\"https:\\\/\\\/news.save.ch\\\/de\\\/#\\\/schema\\\/person\\\/d49e199490bad7c70d64b9ab51142f2b\"},\"headline\":\"Erstens: Mega-Deal in der Sicherheitsbranche\",\"datePublished\":\"2015-04-30T13:26:10+00:00\",\"mainEntityOfPage\":{\"@id\":\"https:\\\/\\\/news.save.ch\\\/erstens-mega-deal-in-der-sicherheitsbranche\\\/\"},\"wordCount\":723,\"commentCount\":0,\"publisher\":{\"@id\":\"https:\\\/\\\/news.save.ch\\\/de\\\/#organization\"},\"image\":{\"@id\":\"https:\\\/\\\/news.save.ch\\\/erstens-mega-deal-in-der-sicherheitsbranche\\\/#primaryimage\"},\"thumbnailUrl\":\"https:\\\/\\\/news.save.ch\\\/wp-content\\\/uploads\\\/2016\\\/12\\\/Erstens-Mega-Deal-in-der-Sicherheitsbranche_sicherheitsforum-scaled.jpg\",\"keywords\":[\"Dorma\",\"Finanzierung\",\"Kaba\",\"Kooperation\"],\"articleSection\":[\"ALLGEMEIN\"],\"inLanguage\":\"it-IT\"},{\"@type\":\"WebPage\",\"@id\":\"https:\\\/\\\/news.save.ch\\\/erstens-mega-deal-in-der-sicherheitsbranche\\\/\",\"url\":\"https:\\\/\\\/news.save.ch\\\/erstens-mega-deal-in-der-sicherheitsbranche\\\/\",\"name\":\"Erstens: Mega-Deal in der Sicherheitsbranche - Save\",\"isPartOf\":{\"@id\":\"https:\\\/\\\/news.save.ch\\\/de\\\/#website\"},\"primaryImageOfPage\":{\"@id\":\"https:\\\/\\\/news.save.ch\\\/erstens-mega-deal-in-der-sicherheitsbranche\\\/#primaryimage\"},\"image\":{\"@id\":\"https:\\\/\\\/news.save.ch\\\/erstens-mega-deal-in-der-sicherheitsbranche\\\/#primaryimage\"},\"thumbnailUrl\":\"https:\\\/\\\/news.save.ch\\\/wp-content\\\/uploads\\\/2016\\\/12\\\/Erstens-Mega-Deal-in-der-Sicherheitsbranche_sicherheitsforum-scaled.jpg\",\"datePublished\":\"2015-04-30T13:26:10+00:00\",\"description\":\"Die Kaba Holding AG mit Sitz in R\u00fcmlang und das deutsche Familien\u00adunternehmen Dorma Holding wollen fusionieren. Entstehen w\u00fcrde die Gruppe dorma+kaba.\",\"breadcrumb\":{\"@id\":\"https:\\\/\\\/news.save.ch\\\/erstens-mega-deal-in-der-sicherheitsbranche\\\/#breadcrumb\"},\"inLanguage\":\"it-IT\",\"potentialAction\":[{\"@type\":\"ReadAction\",\"target\":[\"https:\\\/\\\/news.save.ch\\\/erstens-mega-deal-in-der-sicherheitsbranche\\\/\"]}]},{\"@type\":\"ImageObject\",\"inLanguage\":\"it-IT\",\"@id\":\"https:\\\/\\\/news.save.ch\\\/erstens-mega-deal-in-der-sicherheitsbranche\\\/#primaryimage\",\"url\":\"https:\\\/\\\/news.save.ch\\\/wp-content\\\/uploads\\\/2016\\\/12\\\/Erstens-Mega-Deal-in-der-Sicherheitsbranche_sicherheitsforum-scaled.jpg\",\"contentUrl\":\"https:\\\/\\\/news.save.ch\\\/wp-content\\\/uploads\\\/2016\\\/12\\\/Erstens-Mega-Deal-in-der-Sicherheitsbranche_sicherheitsforum-scaled.jpg\",\"width\":1400,\"height\":932,\"caption\":\"VR-Pr\u00e4sident der neuen Holding wird Ulrich Graf, heutiger VR-Pr\u00e4sident von Kaba.\"},{\"@type\":\"BreadcrumbList\",\"@id\":\"https:\\\/\\\/news.save.ch\\\/erstens-mega-deal-in-der-sicherheitsbranche\\\/#breadcrumb\",\"itemListElement\":[{\"@type\":\"ListItem\",\"position\":1,\"name\":\"Home\",\"item\":\"https:\\\/\\\/news.save.ch\\\/de\\\/\"},{\"@type\":\"ListItem\",\"position\":2,\"name\":\"Erstens: Mega-Deal in der Sicherheitsbranche\"}]},{\"@type\":\"WebSite\",\"@id\":\"https:\\\/\\\/news.save.ch\\\/de\\\/#website\",\"url\":\"https:\\\/\\\/news.save.ch\\\/de\\\/\",\"name\":\"Save\",\"description\":\"Schweizer Fachzeitschrift f\u00fcr Sicherheit\",\"publisher\":{\"@id\":\"https:\\\/\\\/news.save.ch\\\/de\\\/#organization\"},\"potentialAction\":[{\"@type\":\"SearchAction\",\"target\":{\"@type\":\"EntryPoint\",\"urlTemplate\":\"https:\\\/\\\/news.save.ch\\\/de\\\/?s={search_term_string}\"},\"query-input\":{\"@type\":\"PropertyValueSpecification\",\"valueRequired\":true,\"valueName\":\"search_term_string\"}}],\"inLanguage\":\"it-IT\"},{\"@type\":\"Organization\",\"@id\":\"https:\\\/\\\/news.save.ch\\\/de\\\/#organization\",\"name\":\"Sicherheitsforum\",\"url\":\"https:\\\/\\\/news.save.ch\\\/de\\\/\",\"logo\":{\"@type\":\"ImageObject\",\"inLanguage\":\"it-IT\",\"@id\":\"https:\\\/\\\/news.save.ch\\\/de\\\/#\\\/schema\\\/logo\\\/image\\\/\",\"url\":\"https:\\\/\\\/news.save.ch\\\/wp-content\\\/uploads\\\/2022\\\/06\\\/Logo_SF_2012.png\",\"contentUrl\":\"https:\\\/\\\/news.save.ch\\\/wp-content\\\/uploads\\\/2022\\\/06\\\/Logo_SF_2012.png\",\"width\":1100,\"height\":91,\"caption\":\"Sicherheitsforum\"},\"image\":{\"@id\":\"https:\\\/\\\/news.save.ch\\\/de\\\/#\\\/schema\\\/logo\\\/image\\\/\"}},{\"@type\":\"Person\",\"@id\":\"https:\\\/\\\/news.save.ch\\\/de\\\/#\\\/schema\\\/person\\\/d49e199490bad7c70d64b9ab51142f2b\",\"name\":\"admin\",\"image\":{\"@type\":\"ImageObject\",\"inLanguage\":\"it-IT\",\"@id\":\"https:\\\/\\\/secure.gravatar.com\\\/avatar\\\/ae2f4d718e6c49043e314ce431e7e645d646302a24a5ef5a8bc8e3f5a032e319?s=96&d=mm&r=g\",\"url\":\"https:\\\/\\\/secure.gravatar.com\\\/avatar\\\/ae2f4d718e6c49043e314ce431e7e645d646302a24a5ef5a8bc8e3f5a032e319?s=96&d=mm&r=g\",\"contentUrl\":\"https:\\\/\\\/secure.gravatar.com\\\/avatar\\\/ae2f4d718e6c49043e314ce431e7e645d646302a24a5ef5a8bc8e3f5a032e319?s=96&d=mm&r=g\",\"caption\":\"admin\"},\"sameAs\":[\"https:\\\/\\\/develop.organisator.galledia.ch\"],\"url\":\"https:\\\/\\\/news.save.ch\\\/it\\\/author\\\/admin\\\/\"}]}<\/script>\n<!-- \/ Yoast SEO plugin. -->","yoast_head_json":{"title":"Primo: mega accordo nel settore della sicurezza - Save","description":"Kaba Holding AG, con sede a R\u00fcmlang, e l'azienda familiare tedesca Dorma Holding vogliono fondersi. Il risultato sarebbe il gruppo dorma+kaba.","robots":{"index":"index","follow":"follow","max-snippet":"max-snippet:-1","max-image-preview":"max-image-preview:large","max-video-preview":"max-video-preview:-1"},"canonical":"https:\/\/news.save.ch\/it\/erstens-mega-deal-in-der-sicherheitsbranche\/","og_locale":"it_IT","og_type":"article","og_title":"Erstens: Mega-Deal in der Sicherheitsbranche","og_description":"Die Schweizer Kaba Holding AG mit Sitz in R\u00fcmlang und das deutsche Familien\u00adunternehmen Dorma Holding wollen fusionieren. Entstehen w\u00fcrde die Gruppe dorma+kaba. Eine entsprechende Transaktionsvereinbarung wurde gestern Abend unterzeichnet. Der Deal muss noch von den Aktion\u00e4ren abgesegnet werden.","og_url":"https:\/\/news.save.ch\/it\/erstens-mega-deal-in-der-sicherheitsbranche\/","og_site_name":"Save","article_published_time":"2015-04-30T13:26:10+00:00","og_image":[{"url":"https:\/\/sicherheitsforum.ch\/wp-content\/uploads\/2016\/12\/Erstens-Mega-Deal-in-der-Sicherheitsbranche_sicherheitsforum.jpg","type":"","width":"","height":""}],"author":"admin","twitter_card":"summary_large_image","twitter_misc":{"Scritto da":"admin","Tempo di lettura stimato":"4 minuti"},"schema":{"@context":"https:\/\/schema.org","@graph":[{"@type":"Article","@id":"https:\/\/news.save.ch\/erstens-mega-deal-in-der-sicherheitsbranche\/#article","isPartOf":{"@id":"https:\/\/news.save.ch\/erstens-mega-deal-in-der-sicherheitsbranche\/"},"author":{"name":"admin","@id":"https:\/\/news.save.ch\/de\/#\/schema\/person\/d49e199490bad7c70d64b9ab51142f2b"},"headline":"Erstens: Mega-Deal in der Sicherheitsbranche","datePublished":"2015-04-30T13:26:10+00:00","mainEntityOfPage":{"@id":"https:\/\/news.save.ch\/erstens-mega-deal-in-der-sicherheitsbranche\/"},"wordCount":723,"commentCount":0,"publisher":{"@id":"https:\/\/news.save.ch\/de\/#organization"},"image":{"@id":"https:\/\/news.save.ch\/erstens-mega-deal-in-der-sicherheitsbranche\/#primaryimage"},"thumbnailUrl":"https:\/\/news.save.ch\/wp-content\/uploads\/2016\/12\/Erstens-Mega-Deal-in-der-Sicherheitsbranche_sicherheitsforum-scaled.jpg","keywords":["Dorma","Finanzierung","Kaba","Kooperation"],"articleSection":["ALLGEMEIN"],"inLanguage":"it-IT"},{"@type":"WebPage","@id":"https:\/\/news.save.ch\/erstens-mega-deal-in-der-sicherheitsbranche\/","url":"https:\/\/news.save.ch\/erstens-mega-deal-in-der-sicherheitsbranche\/","name":"Primo: mega accordo nel settore della sicurezza - Save","isPartOf":{"@id":"https:\/\/news.save.ch\/de\/#website"},"primaryImageOfPage":{"@id":"https:\/\/news.save.ch\/erstens-mega-deal-in-der-sicherheitsbranche\/#primaryimage"},"image":{"@id":"https:\/\/news.save.ch\/erstens-mega-deal-in-der-sicherheitsbranche\/#primaryimage"},"thumbnailUrl":"https:\/\/news.save.ch\/wp-content\/uploads\/2016\/12\/Erstens-Mega-Deal-in-der-Sicherheitsbranche_sicherheitsforum-scaled.jpg","datePublished":"2015-04-30T13:26:10+00:00","description":"Kaba Holding AG, con sede a R\u00fcmlang, e l'azienda familiare tedesca Dorma Holding vogliono fondersi. Il risultato sarebbe il gruppo dorma+kaba.","breadcrumb":{"@id":"https:\/\/news.save.ch\/erstens-mega-deal-in-der-sicherheitsbranche\/#breadcrumb"},"inLanguage":"it-IT","potentialAction":[{"@type":"ReadAction","target":["https:\/\/news.save.ch\/erstens-mega-deal-in-der-sicherheitsbranche\/"]}]},{"@type":"ImageObject","inLanguage":"it-IT","@id":"https:\/\/news.save.ch\/erstens-mega-deal-in-der-sicherheitsbranche\/#primaryimage","url":"https:\/\/news.save.ch\/wp-content\/uploads\/2016\/12\/Erstens-Mega-Deal-in-der-Sicherheitsbranche_sicherheitsforum-scaled.jpg","contentUrl":"https:\/\/news.save.ch\/wp-content\/uploads\/2016\/12\/Erstens-Mega-Deal-in-der-Sicherheitsbranche_sicherheitsforum-scaled.jpg","width":1400,"height":932,"caption":"VR-Pr\u00e4sident der neuen Holding wird Ulrich Graf, heutiger VR-Pr\u00e4sident von Kaba."},{"@type":"BreadcrumbList","@id":"https:\/\/news.save.ch\/erstens-mega-deal-in-der-sicherheitsbranche\/#breadcrumb","itemListElement":[{"@type":"ListItem","position":1,"name":"Home","item":"https:\/\/news.save.ch\/de\/"},{"@type":"ListItem","position":2,"name":"Erstens: Mega-Deal in der Sicherheitsbranche"}]},{"@type":"WebSite","@id":"https:\/\/news.save.ch\/de\/#website","url":"https:\/\/news.save.ch\/de\/","name":"Risparmiare","description":"Rivista svizzera specializzata in sicurezza","publisher":{"@id":"https:\/\/news.save.ch\/de\/#organization"},"potentialAction":[{"@type":"SearchAction","target":{"@type":"EntryPoint","urlTemplate":"https:\/\/news.save.ch\/de\/?s={search_term_string}"},"query-input":{"@type":"PropertyValueSpecification","valueRequired":true,"valueName":"search_term_string"}}],"inLanguage":"it-IT"},{"@type":"Organization","@id":"https:\/\/news.save.ch\/de\/#organization","name":"Forum sulla sicurezza","url":"https:\/\/news.save.ch\/de\/","logo":{"@type":"ImageObject","inLanguage":"it-IT","@id":"https:\/\/news.save.ch\/de\/#\/schema\/logo\/image\/","url":"https:\/\/news.save.ch\/wp-content\/uploads\/2022\/06\/Logo_SF_2012.png","contentUrl":"https:\/\/news.save.ch\/wp-content\/uploads\/2022\/06\/Logo_SF_2012.png","width":1100,"height":91,"caption":"Sicherheitsforum"},"image":{"@id":"https:\/\/news.save.ch\/de\/#\/schema\/logo\/image\/"}},{"@type":"Person","@id":"https:\/\/news.save.ch\/de\/#\/schema\/person\/d49e199490bad7c70d64b9ab51142f2b","name":"amministratore","image":{"@type":"ImageObject","inLanguage":"it-IT","@id":"https:\/\/secure.gravatar.com\/avatar\/ae2f4d718e6c49043e314ce431e7e645d646302a24a5ef5a8bc8e3f5a032e319?s=96&d=mm&r=g","url":"https:\/\/secure.gravatar.com\/avatar\/ae2f4d718e6c49043e314ce431e7e645d646302a24a5ef5a8bc8e3f5a032e319?s=96&d=mm&r=g","contentUrl":"https:\/\/secure.gravatar.com\/avatar\/ae2f4d718e6c49043e314ce431e7e645d646302a24a5ef5a8bc8e3f5a032e319?s=96&d=mm&r=g","caption":"admin"},"sameAs":["https:\/\/develop.organisator.galledia.ch"],"url":"https:\/\/news.save.ch\/it\/author\/admin\/"}]}},"_links":{"self":[{"href":"https:\/\/news.save.ch\/it\/wp-json\/wp\/v2\/posts\/158","targetHints":{"allow":["GET"]}}],"collection":[{"href":"https:\/\/news.save.ch\/it\/wp-json\/wp\/v2\/posts"}],"about":[{"href":"https:\/\/news.save.ch\/it\/wp-json\/wp\/v2\/types\/post"}],"author":[{"embeddable":true,"href":"https:\/\/news.save.ch\/it\/wp-json\/wp\/v2\/users\/1"}],"replies":[{"embeddable":true,"href":"https:\/\/news.save.ch\/it\/wp-json\/wp\/v2\/comments?post=158"}],"version-history":[{"count":0,"href":"https:\/\/news.save.ch\/it\/wp-json\/wp\/v2\/posts\/158\/revisions"}],"wp:featuredmedia":[{"embeddable":true,"href":"https:\/\/news.save.ch\/it\/wp-json\/wp\/v2\/media\/159"}],"wp:attachment":[{"href":"https:\/\/news.save.ch\/it\/wp-json\/wp\/v2\/media?parent=158"}],"wp:term":[{"taxonomy":"category","embeddable":true,"href":"https:\/\/news.save.ch\/it\/wp-json\/wp\/v2\/categories?post=158"},{"taxonomy":"post_tag","embeddable":true,"href":"https:\/\/news.save.ch\/it\/wp-json\/wp\/v2\/tags?post=158"}],"curies":[{"name":"wp","href":"https:\/\/api.w.org\/{rel}","templated":true}]}}