{"id":1590,"date":"2015-09-09T11:38:13","date_gmt":"2015-09-09T09:38:13","guid":{"rendered":"https:\/\/dev.sicherheitsforum.ch\/?p=1590"},"modified":"2015-09-09T11:38:13","modified_gmt":"2015-09-09T09:38:13","slug":"kaba-gruppe-hohe-nettoliquiditaet-und-eigenkapitalquote","status":null,"type":"post","link":"https:\/\/news.save.ch\/it\/kaba-gruppe-hohe-nettoliquiditaet-und-eigenkapitalquote\/","title":{"rendered":"Kaba Group: elevata liquidit\u00e0 netta e rapporto di capitale proprio"},"content":{"rendered":"<p><img loading=\"lazy\" decoding=\"async\" class=\"alignnone wp-image-1592 size-full\" src=\"https:\/\/news.save.ch\/wp-content\/uploads\/2016\/12\/Kaba-Gruppe-hohe-Nettoliquidit\u00e4t-und-Eigenkapitalquote-sicherheitsforum.jpg\" width=\"535\" height=\"566\" \/><\/p>\n<p>Kaba ha aumentato l'EBITDA di 10,2% a 170,2 milioni di franchi (anno precedente: 154,5 milioni di franchi) e il margine EBITDA \u00e8 stato di 15,7%. Questo risultato \u00e8 stato particolarmente degno di nota perch\u00e9 il Gruppo \u00e8 riuscito a compensare l'inattesa pressione sui prezzi in Svizzera dovuta al forte apprezzamento del franco svizzero nella seconda met\u00e0 dell'esercizio.<\/p>\n<p>Secondo i dati, il risultato del gruppo \u00e8 aumentato dell'8,3% a 98,9 milioni di franchi (anno precedente: 91,3 milioni di franchi). L'utile per azione \u00e8 aumentato a 25,6 franchi (anno precedente: 24,0 franchi).<\/p>\n<p><strong>Bilancio solido<\/strong><\/p>\n<p>Il Gruppo ha chiuso l'anno in esame con un bilancio solido: al 30 giugno 2015, il totale delle attivit\u00e0 ammontava a 734,3 milioni di franchi (30 giugno 2014: 650,9 milioni di franchi *). Al 30 giugno 2015, la societ\u00e0 ha registrato una liquidit\u00e0 netta di 121,2 milioni di franchi svizzeri (30 giugno 2014: 35,4 milioni di franchi svizzeri) e un elevato rapporto di capitale proprio di 60,2% (anno precedente: 49,7%*).<\/p>\n<p>La relazione completa sull'esercizio 2014\/2015 di Kaba Holding AG come societ\u00e0 indipendente, nonch\u00e9 tutte le pubblicazioni sul Gruppo Kaba, sono disponibili all'indirizzo <a href=\"https:\/\/www.dormakaba.com\/publications\" target=\"_blank\" data-cke-saved-href=\"https:\/\/www.dormakaba.com\/publications\" rel=\"noopener\">qui <\/a>per trovare.<\/p>\n<p><strong>Aspettative per l'esercizio in corso<\/strong><\/p>\n<p>L'ambiente globale rimane complessivamente instabile, ha dichiarato l'azienda. Tuttavia, il <a href=\"https:\/\/sicherheitsforum.hamster.ch\/dorma-kaba-wettbewerbsbehoerden-genehmigen-fusion\" target=\"_blank\" data-cke-saved-href=\"https:\/\/sicherheitsforum.hamster.ch\/dorma-kaba-wettbewerbsbehoerden-genehmigen-fusion\" rel=\"noopener\">aziende fuse<\/a> dorma+kaba vede una tendenza verso condizioni economiche positive in Europa. Questo vale anche per il Nord America. La situazione nell'area Asia-Pacifico e in altri mercati emergenti (ad esempio in Sud America), invece, \u00e8 considerata molto impegnativa. In questa fase iniziale della fusione delle due societ\u00e0, non \u00e8 possibile stabilire obiettivi concreti per le vendite e la redditivit\u00e0. <a href=\"https:\/\/www.dorma.de\" target=\"_blank\" data-cke-saved-href=\"https:\/\/www.dorma.de\" rel=\"noopener\">Dorma <\/a>e <a href=\"https:\/\/www.kaba.com\" target=\"_blank\" data-cke-saved-href=\"https:\/\/www.kaba.com\" rel=\"noopener\">Kaba<\/a> Per l'esercizio in corso non \u00e8 ancora possibile fornire informazioni, come scrive ancora dorma+kaba Holding AG.<\/p>\n<p><strong>Assemblea generale del 20 ottobre 2015<\/strong><\/p>\n<p>Secondo l'annuncio, il Consiglio di amministrazione propone all'Assemblea generale annuale un dividendo di 12 franchi svizzeri per azione per l'esercizio 2014\/2015. Ci\u00f2 corrisponde a un payout ratio di 50,9% dell'utile netto consolidato.<\/p>\n<p>La prossima assemblea generale \u00e8 la centesima assemblea generale annuale di Kaba Holding AG e la prima assemblea generale annuale del Gruppo Kaba. <a href=\"https:\/\/www.dormakaba.com\" target=\"_blank\" data-cke-saved-href=\"https:\/\/www.dormakaba.com\" rel=\"noopener\">dorma+kaba Holding AG<\/a>. Il Consiglio di Amministrazione propone la rielezione dei dieci membri del Consiglio di Amministrazione e l'elezione di Ulrich Graf a Presidente del Consiglio di Amministrazione di dorma+kaba Holding AG, si legge in un comunicato. Il Consiglio di amministrazione propone inoltre la rielezione di Rolf D\u00f6rig, Hans Gummert e Hans Hess nel Comitato di remunerazione.<\/p>\n<p><em>* Kaba applica il principio contabile Swiss GAAP FER dal 1\u00b0 luglio 2014. Per motivi di comparabilit\u00e0, i dati dell'anno precedente sono stati adeguati. Con il passaggio al nuovo sistema, l'avviamento e le altre attivit\u00e0 immateriali derivanti da acquisizioni sono state compensate con il patrimonio netto. Ci\u00f2 ha portato a una riduzione del bilancio e a un minor rapporto di capitale proprio al 30 giugno 2014.<\/em><\/p>","protected":false},"excerpt":{"rendered":"<p>Kaba steigerte das EBITDA um 10,2% auf 170,2 Mio. Fr. (Vorjahr: 154,5 Mio. Fr.) und die EBITDA-Marge lag bei 15,7%. Dies sei vor allem deshalb hervorzuheben, da es der Gruppe gelungen sei, den unerwarteten w\u00e4hrungsbedingten Preisdruck in der Schweiz zu kompensieren, der durch die starke Aufwertung des Schweizer Franken in der zweiten H\u00e4lfte des Gesch\u00e4ftsjahres [&hellip;]<\/p>\n","protected":false},"author":1,"featured_media":1592,"comment_status":"open","ping_status":"open","sticky":false,"template":"","format":"standard","meta":{"_acf_changed":false,"pgc_sgb_lightbox_settings":"","footnotes":""},"categories":[1],"tags":[65],"class_list":["post-1590","post","type-post","status-publish","format-standard","has-post-thumbnail","hentry","category-allgemein","tag-unternehmen"],"acf":[],"hkrextid":null,"publication":null,"issue":null,"workflow":null,"startPage":null,"spitzmarke":null,"_posts_by_tag_page_fields":{"widget_title":"","widget_tags":""},"_at_widget":"1","_yoast_wpseo_primary_category":"1","_yoast_wpseo_focuskw_text_input":"Kaba-Gruppe","_yoast_wpseo_opengraph-image":"https:\/\/news.save.ch\/wp-content\/uploads\/2016\/12\/Kaba-Gruppe-hohe-Nettoliquidit\u00e4t-und-Eigenkapitalquote-sicherheitsforum.jpg","_yoast_wpseo_opengraph-description":"Die Kaba-Gruppe schliesst das Gesch\u00e4ftsjahr 2014\/2015 mit \u00fcberaus guten Ergebnissen ab, wie das Unternehmen heute mitgeteilt hat. Der konsolidierte Umsatz konnte um 8,1% gesteigert werden und lag mit 1085,2 Mio. Fr. erneut bei \u00fcber einer Milliarde. Organisch in Lokalw\u00e4hrungen sei es gelungen, den Umsatz um 5,4% zu erh\u00f6hen. Alle vier Divisionen lieferten einen positiven Beitrag hierzu, wie es ferner heisst.","_yoast_wpseo_opengraph-title":"Kaba-Gruppe: hohe Nettoliquidit\u00e4t und Eigenkapitalquote","enclosure":null,"_yoast_wpseo_twitter-title":null,"_yoast_wpseo_twitter-description":null,"_yoast_wpseo_twitter-image":null,"_wp_old_slug":null,"_yoast_wpseo_title":null,"_yoast_wpseo_canonical":null,"yoast_head":"<!-- This site is optimized with the Yoast SEO plugin v27.5 - https:\/\/yoast.com\/product\/yoast-seo-wordpress\/ -->\n<title>Kaba-Gruppe: hohe Nettoliquidit\u00e4t und Eigenkapitalquote - Save<\/title>\n<meta name=\"description\" content=\"Die Kaba-Gruppe schliesst das Gesch\u00e4ftsjahr 2014\/2015 mit \u00fcberaus guten Ergebnissen ab, wie das Unternehmen heute mitgeteilt hat.\" \/>\n<meta name=\"robots\" content=\"index, follow, max-snippet:-1, max-image-preview:large, max-video-preview:-1\" \/>\n<link rel=\"canonical\" href=\"https:\/\/news.save.ch\/it\/kaba-gruppe-hohe-nettoliquiditaet-und-eigenkapitalquote\/\" \/>\n<meta property=\"og:locale\" content=\"it_IT\" \/>\n<meta property=\"og:type\" content=\"article\" \/>\n<meta property=\"og:title\" content=\"Kaba-Gruppe: hohe Nettoliquidit\u00e4t und Eigenkapitalquote\" \/>\n<meta property=\"og:description\" content=\"Die Kaba-Gruppe schliesst das Gesch\u00e4ftsjahr 2014\/2015 mit \u00fcberaus guten Ergebnissen ab, wie das Unternehmen heute mitgeteilt hat. Der konsolidierte Umsatz konnte um 8,1% gesteigert werden und lag mit 1085,2 Mio. Fr. erneut bei \u00fcber einer Milliarde. Organisch in Lokalw\u00e4hrungen sei es gelungen, den Umsatz um 5,4% zu erh\u00f6hen. Alle vier Divisionen lieferten einen positiven Beitrag hierzu, wie es ferner heisst.\" \/>\n<meta property=\"og:url\" content=\"https:\/\/news.save.ch\/it\/kaba-gruppe-hohe-nettoliquiditaet-und-eigenkapitalquote\/\" \/>\n<meta property=\"og:site_name\" content=\"Save\" \/>\n<meta property=\"article:published_time\" content=\"2015-09-09T09:38:13+00:00\" \/>\n<meta property=\"og:image\" content=\"https:\/\/news.save.ch\/wp-content\/uploads\/2016\/12\/Kaba-Gruppe-hohe-Nettoliquidit\u00e4t-und-Eigenkapitalquote-sicherheitsforum.jpg\" \/>\n<meta name=\"author\" content=\"admin\" \/>\n<meta name=\"twitter:card\" content=\"summary_large_image\" \/>\n<meta name=\"twitter:label1\" content=\"Scritto da\" \/>\n\t<meta name=\"twitter:data1\" content=\"admin\" \/>\n\t<meta name=\"twitter:label2\" content=\"Tempo di lettura stimato\" \/>\n\t<meta name=\"twitter:data2\" content=\"2 minuti\" \/>\n<script type=\"application\/ld+json\" class=\"yoast-schema-graph\">{\"@context\":\"https:\\\/\\\/schema.org\",\"@graph\":[{\"@type\":\"Article\",\"@id\":\"https:\\\/\\\/news.save.ch\\\/kaba-gruppe-hohe-nettoliquiditaet-und-eigenkapitalquote\\\/#article\",\"isPartOf\":{\"@id\":\"https:\\\/\\\/news.save.ch\\\/kaba-gruppe-hohe-nettoliquiditaet-und-eigenkapitalquote\\\/\"},\"author\":{\"name\":\"admin\",\"@id\":\"https:\\\/\\\/news.save.ch\\\/de\\\/#\\\/schema\\\/person\\\/d49e199490bad7c70d64b9ab51142f2b\"},\"headline\":\"Kaba-Gruppe: hohe Nettoliquidit\u00e4t und Eigenkapitalquote\",\"datePublished\":\"2015-09-09T09:38:13+00:00\",\"mainEntityOfPage\":{\"@id\":\"https:\\\/\\\/news.save.ch\\\/kaba-gruppe-hohe-nettoliquiditaet-und-eigenkapitalquote\\\/\"},\"wordCount\":408,\"commentCount\":0,\"publisher\":{\"@id\":\"https:\\\/\\\/news.save.ch\\\/de\\\/#organization\"},\"image\":{\"@id\":\"https:\\\/\\\/news.save.ch\\\/kaba-gruppe-hohe-nettoliquiditaet-und-eigenkapitalquote\\\/#primaryimage\"},\"thumbnailUrl\":\"https:\\\/\\\/news.save.ch\\\/wp-content\\\/uploads\\\/2016\\\/12\\\/Kaba-Gruppe-hohe-Nettoliquiditaet-und-Eigenkapitalquote-sicherheitsforum.jpg\",\"keywords\":[\"Unternehmen\"],\"articleSection\":[\"ALLGEMEIN\"],\"inLanguage\":\"it-IT\"},{\"@type\":\"WebPage\",\"@id\":\"https:\\\/\\\/news.save.ch\\\/kaba-gruppe-hohe-nettoliquiditaet-und-eigenkapitalquote\\\/\",\"url\":\"https:\\\/\\\/news.save.ch\\\/kaba-gruppe-hohe-nettoliquiditaet-und-eigenkapitalquote\\\/\",\"name\":\"Kaba-Gruppe: hohe Nettoliquidit\u00e4t und Eigenkapitalquote - Save\",\"isPartOf\":{\"@id\":\"https:\\\/\\\/news.save.ch\\\/de\\\/#website\"},\"primaryImageOfPage\":{\"@id\":\"https:\\\/\\\/news.save.ch\\\/kaba-gruppe-hohe-nettoliquiditaet-und-eigenkapitalquote\\\/#primaryimage\"},\"image\":{\"@id\":\"https:\\\/\\\/news.save.ch\\\/kaba-gruppe-hohe-nettoliquiditaet-und-eigenkapitalquote\\\/#primaryimage\"},\"thumbnailUrl\":\"https:\\\/\\\/news.save.ch\\\/wp-content\\\/uploads\\\/2016\\\/12\\\/Kaba-Gruppe-hohe-Nettoliquiditaet-und-Eigenkapitalquote-sicherheitsforum.jpg\",\"datePublished\":\"2015-09-09T09:38:13+00:00\",\"description\":\"Die Kaba-Gruppe schliesst das Gesch\u00e4ftsjahr 2014\\\/2015 mit \u00fcberaus guten Ergebnissen ab, wie das Unternehmen heute mitgeteilt hat.\",\"breadcrumb\":{\"@id\":\"https:\\\/\\\/news.save.ch\\\/kaba-gruppe-hohe-nettoliquiditaet-und-eigenkapitalquote\\\/#breadcrumb\"},\"inLanguage\":\"it-IT\",\"potentialAction\":[{\"@type\":\"ReadAction\",\"target\":[\"https:\\\/\\\/news.save.ch\\\/kaba-gruppe-hohe-nettoliquiditaet-und-eigenkapitalquote\\\/\"]}]},{\"@type\":\"ImageObject\",\"inLanguage\":\"it-IT\",\"@id\":\"https:\\\/\\\/news.save.ch\\\/kaba-gruppe-hohe-nettoliquiditaet-und-eigenkapitalquote\\\/#primaryimage\",\"url\":\"https:\\\/\\\/news.save.ch\\\/wp-content\\\/uploads\\\/2016\\\/12\\\/Kaba-Gruppe-hohe-Nettoliquiditaet-und-Eigenkapitalquote-sicherheitsforum.jpg\",\"contentUrl\":\"https:\\\/\\\/news.save.ch\\\/wp-content\\\/uploads\\\/2016\\\/12\\\/Kaba-Gruppe-hohe-Nettoliquiditaet-und-Eigenkapitalquote-sicherheitsforum.jpg\",\"width\":535,\"height\":566},{\"@type\":\"BreadcrumbList\",\"@id\":\"https:\\\/\\\/news.save.ch\\\/kaba-gruppe-hohe-nettoliquiditaet-und-eigenkapitalquote\\\/#breadcrumb\",\"itemListElement\":[{\"@type\":\"ListItem\",\"position\":1,\"name\":\"Home\",\"item\":\"https:\\\/\\\/news.save.ch\\\/de\\\/\"},{\"@type\":\"ListItem\",\"position\":2,\"name\":\"Kaba-Gruppe: hohe Nettoliquidit\u00e4t und Eigenkapitalquote\"}]},{\"@type\":\"WebSite\",\"@id\":\"https:\\\/\\\/news.save.ch\\\/de\\\/#website\",\"url\":\"https:\\\/\\\/news.save.ch\\\/de\\\/\",\"name\":\"Save\",\"description\":\"Schweizer Fachzeitschrift f\u00fcr Sicherheit\",\"publisher\":{\"@id\":\"https:\\\/\\\/news.save.ch\\\/de\\\/#organization\"},\"potentialAction\":[{\"@type\":\"SearchAction\",\"target\":{\"@type\":\"EntryPoint\",\"urlTemplate\":\"https:\\\/\\\/news.save.ch\\\/de\\\/?s={search_term_string}\"},\"query-input\":{\"@type\":\"PropertyValueSpecification\",\"valueRequired\":true,\"valueName\":\"search_term_string\"}}],\"inLanguage\":\"it-IT\"},{\"@type\":\"Organization\",\"@id\":\"https:\\\/\\\/news.save.ch\\\/de\\\/#organization\",\"name\":\"Sicherheitsforum\",\"url\":\"https:\\\/\\\/news.save.ch\\\/de\\\/\",\"logo\":{\"@type\":\"ImageObject\",\"inLanguage\":\"it-IT\",\"@id\":\"https:\\\/\\\/news.save.ch\\\/de\\\/#\\\/schema\\\/logo\\\/image\\\/\",\"url\":\"https:\\\/\\\/news.save.ch\\\/wp-content\\\/uploads\\\/2022\\\/06\\\/Logo_SF_2012.png\",\"contentUrl\":\"https:\\\/\\\/news.save.ch\\\/wp-content\\\/uploads\\\/2022\\\/06\\\/Logo_SF_2012.png\",\"width\":1100,\"height\":91,\"caption\":\"Sicherheitsforum\"},\"image\":{\"@id\":\"https:\\\/\\\/news.save.ch\\\/de\\\/#\\\/schema\\\/logo\\\/image\\\/\"}},{\"@type\":\"Person\",\"@id\":\"https:\\\/\\\/news.save.ch\\\/de\\\/#\\\/schema\\\/person\\\/d49e199490bad7c70d64b9ab51142f2b\",\"name\":\"admin\",\"image\":{\"@type\":\"ImageObject\",\"inLanguage\":\"it-IT\",\"@id\":\"https:\\\/\\\/secure.gravatar.com\\\/avatar\\\/ae2f4d718e6c49043e314ce431e7e645d646302a24a5ef5a8bc8e3f5a032e319?s=96&d=mm&r=g\",\"url\":\"https:\\\/\\\/secure.gravatar.com\\\/avatar\\\/ae2f4d718e6c49043e314ce431e7e645d646302a24a5ef5a8bc8e3f5a032e319?s=96&d=mm&r=g\",\"contentUrl\":\"https:\\\/\\\/secure.gravatar.com\\\/avatar\\\/ae2f4d718e6c49043e314ce431e7e645d646302a24a5ef5a8bc8e3f5a032e319?s=96&d=mm&r=g\",\"caption\":\"admin\"},\"sameAs\":[\"https:\\\/\\\/develop.organisator.galledia.ch\"],\"url\":\"https:\\\/\\\/news.save.ch\\\/it\\\/author\\\/admin\\\/\"}]}<\/script>\n<!-- \/ Yoast SEO plugin. -->","yoast_head_json":{"title":"Kaba Group: elevata liquidit\u00e0 netta e rapporto di capitale proprio - Save","description":"Il Gruppo Kaba ha chiuso l'esercizio finanziario 2014\/2015 con risultati estremamente positivi, ha annunciato oggi l'azienda.","robots":{"index":"index","follow":"follow","max-snippet":"max-snippet:-1","max-image-preview":"max-image-preview:large","max-video-preview":"max-video-preview:-1"},"canonical":"https:\/\/news.save.ch\/it\/kaba-gruppe-hohe-nettoliquiditaet-und-eigenkapitalquote\/","og_locale":"it_IT","og_type":"article","og_title":"Kaba-Gruppe: hohe Nettoliquidit\u00e4t und Eigenkapitalquote","og_description":"Die Kaba-Gruppe schliesst das Gesch\u00e4ftsjahr 2014\/2015 mit \u00fcberaus guten Ergebnissen ab, wie das Unternehmen heute mitgeteilt hat. Der konsolidierte Umsatz konnte um 8,1% gesteigert werden und lag mit 1085,2 Mio. Fr. erneut bei \u00fcber einer Milliarde. Organisch in Lokalw\u00e4hrungen sei es gelungen, den Umsatz um 5,4% zu erh\u00f6hen. Alle vier Divisionen lieferten einen positiven Beitrag hierzu, wie es ferner heisst.","og_url":"https:\/\/news.save.ch\/it\/kaba-gruppe-hohe-nettoliquiditaet-und-eigenkapitalquote\/","og_site_name":"Save","article_published_time":"2015-09-09T09:38:13+00:00","og_image":[{"url":"https:\/\/news.save.ch\/wp-content\/uploads\/2016\/12\/Kaba-Gruppe-hohe-Nettoliquidit\u00e4t-und-Eigenkapitalquote-sicherheitsforum.jpg","type":"","width":"","height":""}],"author":"admin","twitter_card":"summary_large_image","twitter_misc":{"Scritto da":"admin","Tempo di lettura stimato":"2 minuti"},"schema":{"@context":"https:\/\/schema.org","@graph":[{"@type":"Article","@id":"https:\/\/news.save.ch\/kaba-gruppe-hohe-nettoliquiditaet-und-eigenkapitalquote\/#article","isPartOf":{"@id":"https:\/\/news.save.ch\/kaba-gruppe-hohe-nettoliquiditaet-und-eigenkapitalquote\/"},"author":{"name":"admin","@id":"https:\/\/news.save.ch\/de\/#\/schema\/person\/d49e199490bad7c70d64b9ab51142f2b"},"headline":"Kaba-Gruppe: hohe Nettoliquidit\u00e4t und Eigenkapitalquote","datePublished":"2015-09-09T09:38:13+00:00","mainEntityOfPage":{"@id":"https:\/\/news.save.ch\/kaba-gruppe-hohe-nettoliquiditaet-und-eigenkapitalquote\/"},"wordCount":408,"commentCount":0,"publisher":{"@id":"https:\/\/news.save.ch\/de\/#organization"},"image":{"@id":"https:\/\/news.save.ch\/kaba-gruppe-hohe-nettoliquiditaet-und-eigenkapitalquote\/#primaryimage"},"thumbnailUrl":"https:\/\/news.save.ch\/wp-content\/uploads\/2016\/12\/Kaba-Gruppe-hohe-Nettoliquiditaet-und-Eigenkapitalquote-sicherheitsforum.jpg","keywords":["Unternehmen"],"articleSection":["ALLGEMEIN"],"inLanguage":"it-IT"},{"@type":"WebPage","@id":"https:\/\/news.save.ch\/kaba-gruppe-hohe-nettoliquiditaet-und-eigenkapitalquote\/","url":"https:\/\/news.save.ch\/kaba-gruppe-hohe-nettoliquiditaet-und-eigenkapitalquote\/","name":"Kaba Group: elevata liquidit\u00e0 netta e rapporto di capitale proprio - Save","isPartOf":{"@id":"https:\/\/news.save.ch\/de\/#website"},"primaryImageOfPage":{"@id":"https:\/\/news.save.ch\/kaba-gruppe-hohe-nettoliquiditaet-und-eigenkapitalquote\/#primaryimage"},"image":{"@id":"https:\/\/news.save.ch\/kaba-gruppe-hohe-nettoliquiditaet-und-eigenkapitalquote\/#primaryimage"},"thumbnailUrl":"https:\/\/news.save.ch\/wp-content\/uploads\/2016\/12\/Kaba-Gruppe-hohe-Nettoliquiditaet-und-Eigenkapitalquote-sicherheitsforum.jpg","datePublished":"2015-09-09T09:38:13+00:00","description":"Il Gruppo Kaba ha chiuso l'esercizio finanziario 2014\/2015 con risultati estremamente positivi, ha annunciato oggi l'azienda.","breadcrumb":{"@id":"https:\/\/news.save.ch\/kaba-gruppe-hohe-nettoliquiditaet-und-eigenkapitalquote\/#breadcrumb"},"inLanguage":"it-IT","potentialAction":[{"@type":"ReadAction","target":["https:\/\/news.save.ch\/kaba-gruppe-hohe-nettoliquiditaet-und-eigenkapitalquote\/"]}]},{"@type":"ImageObject","inLanguage":"it-IT","@id":"https:\/\/news.save.ch\/kaba-gruppe-hohe-nettoliquiditaet-und-eigenkapitalquote\/#primaryimage","url":"https:\/\/news.save.ch\/wp-content\/uploads\/2016\/12\/Kaba-Gruppe-hohe-Nettoliquiditaet-und-Eigenkapitalquote-sicherheitsforum.jpg","contentUrl":"https:\/\/news.save.ch\/wp-content\/uploads\/2016\/12\/Kaba-Gruppe-hohe-Nettoliquiditaet-und-Eigenkapitalquote-sicherheitsforum.jpg","width":535,"height":566},{"@type":"BreadcrumbList","@id":"https:\/\/news.save.ch\/kaba-gruppe-hohe-nettoliquiditaet-und-eigenkapitalquote\/#breadcrumb","itemListElement":[{"@type":"ListItem","position":1,"name":"Home","item":"https:\/\/news.save.ch\/de\/"},{"@type":"ListItem","position":2,"name":"Kaba-Gruppe: hohe Nettoliquidit\u00e4t und Eigenkapitalquote"}]},{"@type":"WebSite","@id":"https:\/\/news.save.ch\/de\/#website","url":"https:\/\/news.save.ch\/de\/","name":"Risparmiare","description":"Rivista svizzera specializzata in sicurezza","publisher":{"@id":"https:\/\/news.save.ch\/de\/#organization"},"potentialAction":[{"@type":"SearchAction","target":{"@type":"EntryPoint","urlTemplate":"https:\/\/news.save.ch\/de\/?s={search_term_string}"},"query-input":{"@type":"PropertyValueSpecification","valueRequired":true,"valueName":"search_term_string"}}],"inLanguage":"it-IT"},{"@type":"Organization","@id":"https:\/\/news.save.ch\/de\/#organization","name":"Forum sulla sicurezza","url":"https:\/\/news.save.ch\/de\/","logo":{"@type":"ImageObject","inLanguage":"it-IT","@id":"https:\/\/news.save.ch\/de\/#\/schema\/logo\/image\/","url":"https:\/\/news.save.ch\/wp-content\/uploads\/2022\/06\/Logo_SF_2012.png","contentUrl":"https:\/\/news.save.ch\/wp-content\/uploads\/2022\/06\/Logo_SF_2012.png","width":1100,"height":91,"caption":"Sicherheitsforum"},"image":{"@id":"https:\/\/news.save.ch\/de\/#\/schema\/logo\/image\/"}},{"@type":"Person","@id":"https:\/\/news.save.ch\/de\/#\/schema\/person\/d49e199490bad7c70d64b9ab51142f2b","name":"amministratore","image":{"@type":"ImageObject","inLanguage":"it-IT","@id":"https:\/\/secure.gravatar.com\/avatar\/ae2f4d718e6c49043e314ce431e7e645d646302a24a5ef5a8bc8e3f5a032e319?s=96&d=mm&r=g","url":"https:\/\/secure.gravatar.com\/avatar\/ae2f4d718e6c49043e314ce431e7e645d646302a24a5ef5a8bc8e3f5a032e319?s=96&d=mm&r=g","contentUrl":"https:\/\/secure.gravatar.com\/avatar\/ae2f4d718e6c49043e314ce431e7e645d646302a24a5ef5a8bc8e3f5a032e319?s=96&d=mm&r=g","caption":"admin"},"sameAs":["https:\/\/develop.organisator.galledia.ch"],"url":"https:\/\/news.save.ch\/it\/author\/admin\/"}]}},"_links":{"self":[{"href":"https:\/\/news.save.ch\/it\/wp-json\/wp\/v2\/posts\/1590","targetHints":{"allow":["GET"]}}],"collection":[{"href":"https:\/\/news.save.ch\/it\/wp-json\/wp\/v2\/posts"}],"about":[{"href":"https:\/\/news.save.ch\/it\/wp-json\/wp\/v2\/types\/post"}],"author":[{"embeddable":true,"href":"https:\/\/news.save.ch\/it\/wp-json\/wp\/v2\/users\/1"}],"replies":[{"embeddable":true,"href":"https:\/\/news.save.ch\/it\/wp-json\/wp\/v2\/comments?post=1590"}],"version-history":[{"count":0,"href":"https:\/\/news.save.ch\/it\/wp-json\/wp\/v2\/posts\/1590\/revisions"}],"wp:featuredmedia":[{"embeddable":true,"href":"https:\/\/news.save.ch\/it\/wp-json\/wp\/v2\/media\/1592"}],"wp:attachment":[{"href":"https:\/\/news.save.ch\/it\/wp-json\/wp\/v2\/media?parent=1590"}],"wp:term":[{"taxonomy":"category","embeddable":true,"href":"https:\/\/news.save.ch\/it\/wp-json\/wp\/v2\/categories?post=1590"},{"taxonomy":"post_tag","embeddable":true,"href":"https:\/\/news.save.ch\/it\/wp-json\/wp\/v2\/tags?post=1590"}],"curies":[{"name":"wp","href":"https:\/\/api.w.org\/{rel}","templated":true}]}}