{"id":1613,"date":"2015-09-03T11:50:08","date_gmt":"2015-09-03T09:50:08","guid":{"rendered":"https:\/\/dev.sicherheitsforum.ch\/?p=1613"},"modified":"2015-09-03T11:50:08","modified_gmt":"2015-09-03T09:50:08","slug":"svti-grundsteinlegung-erweiterung-west","status":null,"type":"post","link":"https:\/\/news.save.ch\/it\/svti-grundsteinlegung-erweiterung-west\/","title":{"rendered":"SVTI: posa della prima pietra \"Estensione Ovest"},"content":{"rendered":"<div id='gallery-1' class='gallery galleryid-1613 gallery-columns-3 gallery-size-thumbnail'><figure class='gallery-item'>\n\t\t\t<div class='gallery-icon landscape'>\n\t\t\t\t<a href='https:\/\/news.save.ch\/it\/svti-grundsteinlegung-erweiterung-west1-sicherheitsforum\/'><img loading=\"lazy\" decoding=\"async\" width=\"150\" height=\"100\" src=\"https:\/\/news.save.ch\/wp-content\/uploads\/2016\/12\/SVTI-Grundsteinlegung-22Erweiterung-West221-sicherheitsforum-scaled.jpg\" class=\"attachment-thumbnail size-thumbnail\" alt=\"\" srcset=\"https:\/\/news.save.ch\/wp-content\/uploads\/2016\/12\/SVTI-Grundsteinlegung-22Erweiterung-West221-sicherheitsforum-scaled.jpg 1400w, https:\/\/news.save.ch\/wp-content\/uploads\/2016\/12\/SVTI-Grundsteinlegung-22Erweiterung-West221-sicherheitsforum-375x250.jpg 375w\" sizes=\"auto, (max-width: 150px) 100vw, 150px\" \/><\/a>\n\t\t\t<\/div><\/figure><figure class='gallery-item'>\n\t\t\t<div class='gallery-icon landscape'>\n\t\t\t\t<a href='https:\/\/news.save.ch\/it\/svti-grundsteinlegung-erweiterung-west2-sicherheitsforum\/'><img loading=\"lazy\" decoding=\"async\" width=\"150\" height=\"100\" src=\"https:\/\/news.save.ch\/wp-content\/uploads\/2016\/12\/SVTI-Grundsteinlegung-22Erweiterung-West222-sicherheitsforum-scaled.jpg\" class=\"attachment-thumbnail size-thumbnail\" alt=\"\" srcset=\"https:\/\/news.save.ch\/wp-content\/uploads\/2016\/12\/SVTI-Grundsteinlegung-22Erweiterung-West222-sicherheitsforum-scaled.jpg 1400w, https:\/\/news.save.ch\/wp-content\/uploads\/2016\/12\/SVTI-Grundsteinlegung-22Erweiterung-West222-sicherheitsforum-375x250.jpg 375w\" sizes=\"auto, (max-width: 150px) 100vw, 150px\" \/><\/a>\n\t\t\t<\/div><\/figure><figure class='gallery-item'>\n\t\t\t<div class='gallery-icon landscape'>\n\t\t\t\t<a href='https:\/\/news.save.ch\/it\/svti-grundsteinlegung-erweiterung-west3-sicherheitsforum\/'><img loading=\"lazy\" decoding=\"async\" width=\"150\" height=\"70\" src=\"https:\/\/news.save.ch\/wp-content\/uploads\/2016\/12\/SVTI-Grundsteinlegung-22Erweiterung-West223-sicherheitsforum-scaled.jpg\" class=\"attachment-thumbnail size-thumbnail\" alt=\"\" srcset=\"https:\/\/news.save.ch\/wp-content\/uploads\/2016\/12\/SVTI-Grundsteinlegung-22Erweiterung-West223-sicherheitsforum-scaled.jpg 1400w, https:\/\/news.save.ch\/wp-content\/uploads\/2016\/12\/SVTI-Grundsteinlegung-22Erweiterung-West223-sicherheitsforum-375x176.jpg 375w\" sizes=\"auto, (max-width: 150px) 100vw, 150px\" \/><\/a>\n\t\t\t<\/div><\/figure>\n\t\t<\/div>\n\n<p><em>Sede della SVTI a Wallisellen: Qui si sta costruendo il prolungamento ovest.<\/em><\/p>\n<figure id=\"attachment_1624\" aria-describedby=\"caption-attachment-1624\" style=\"width: 680px\" class=\"wp-caption alignnone\"><img loading=\"lazy\" decoding=\"async\" class=\"wp-image-1624 size-medium\" src=\"https:\/\/news.save.ch\/wp-content\/uploads\/2016\/12\/SVTI-Hauptsitz-in-Wallisellen-Hier-wird-die-Erweiterung-West-gebaut.-sicherheitsforum.jpg\" width=\"680\" height=\"453\" \/><figcaption id=\"caption-attachment-1624\" class=\"wp-caption-text\">Anche il Safety Forum con un articolo SVTI viene inserito nella cartuccia, che viene poi affondata nella fossa di scavo. Foto: R.Str\u00e4ssle<\/figcaption><\/figure>\n<p>Erano venuti tutti: Rappresentanti del comune di Wallisellen, persone dell'ufficio di architettura responsabile <a href=\"https:\/\/www.hzds.ch\" target=\"_blank\" data-cke-saved-href=\"https:\/\/www.hzds.ch\" rel=\"noopener\">HZDS<\/a>La direzione dei lavori, il consiglio d'amministrazione e la direzione dell'azienda sono stati coinvolti nel processo di costruzione. <a href=\"https:\/\/www.svti.ch\" target=\"_blank\" data-cke-saved-href=\"https:\/\/www.svti.ch\" rel=\"noopener\">SVTI<\/a>.  Al posto dell'attuale cava di scavo (vedi foto), verr\u00e0 costruito un edificio grande quasi quanto l'attuale sede di SVTI, anch'essa realizzata da HZDS e inaugurata nel 1998. Il nuovo edificio non \u00e8 solo un impegno per la sede di Wallisellen, ma anche per un'ulteriore crescita\", ha dichiarato il presidente di SVTI Udo B\u00e4ckert.<\/p>\n<p>L'ampliamento crea spazio per ulteriori opportunit\u00e0 di formazione: Le attivit\u00e0 seminariali dell'intero Gruppo SVTI con le societ\u00e0 SVTI, Swiss TS, Swissi e IWT saranno ampliate e riunite sotto l'egida della \"SVTI Academy\". Secondo l'associazione, uno degli obiettivi dell'ampliamento dell'Ovest \u00e8 quello di poter offrire in futuro la maggior parte dei corsi di perfezionamento all'interno dell'azienda, in modo da non dipendere pi\u00f9 da sedi esterne.<\/p>\n<p>L'ingresso principale, il foyer e l'auditorium suddivisibile saranno adiacenti alla piccola e recente Bahnhofplatz S\u00fcd (vedi terza foto nella galleria). Il primo piano offre spazio a sale per seminari, mentre gli altri piani superiori saranno adibiti a uffici. Secondo l'architetto, un nuovo piano mansardato con un tetto a sbalzo volante costituir\u00e0 un suggestivo punto di riferimento.<\/p>\n<p>L'edificio SVTI esistente accanto alla stazione ferroviaria di Wallisellen e l'ampliamento formano un insieme coerente, come afferma l'architetto responsabile, Heinz Zimmermann. \"Creare trasparenza\" \u00e8 il motto del centro di competenza per la sicurezza tecnica e la gestione dei rischi. Anche l'edificio di ampliamento, con le sue ampie superfici vetrate, vuole dimostrarlo. Se tutto va secondo i piani, l'edificio dovrebbe essere pronto per essere occupato nel 2017.<\/p>\n<p>&nbsp;<\/p>","protected":false},"excerpt":{"rendered":"<p>SVTI-Hauptsitz in Wallisellen: Hier wird die Erweiterung West gebaut. Sie waren alle gekommen: Vertreter der Gemeinde Wallisellen, Leute des verantwortlichen\u00a0Architekturb\u00fcros HZDS, die Bauleitung sowie der Vorstand und die Gesch\u00e4ftsleitung des SVTI.\u00a0\u00a0Am\u00a0Ort der jetzigen Baugrube (siehe Foto) wird nochmals ein fast so grosses Geb\u00e4ude wie der jetzige SVTI-Hauptsitz, der ebenfalls von HZDS realisiert und 1998 eingeweiht\u00a0wurde, [&hellip;]<\/p>\n","protected":false},"author":1,"featured_media":1624,"comment_status":"open","ping_status":"open","sticky":false,"template":"","format":"standard","meta":{"_acf_changed":false,"pgc_sgb_lightbox_settings":"","footnotes":""},"categories":[1],"tags":[65],"class_list":["post-1613","post","type-post","status-publish","format-standard","has-post-thumbnail","hentry","category-allgemein","tag-unternehmen"],"acf":[],"hkrextid":null,"publication":null,"issue":null,"workflow":null,"startPage":null,"spitzmarke":null,"_posts_by_tag_page_fields":{"widget_title":"","widget_tags":""},"_at_widget":"1","_yoast_wpseo_primary_category":"1","_yoast_wpseo_focuskw_text_input":"SVTI","_yoast_wpseo_opengraph-image":"https:\/\/news.save.ch\/wp-content\/uploads\/2016\/12\/SVTI-Hauptsitz-in-Wallisellen-Hier-wird-die-Erweiterung-West-gebaut.-sicherheitsforum.jpg","_yoast_wpseo_opengraph-description":"Mit einem symbolischen Akt hat am 3. September der Schweizerische Verein f\u00fcr technische Inspektion, SVTI, die Grundsteinlegung zum Bauprojekt \"Erweiterung West\" am Hauptsitz in Wallisellen zelebriert. In der Baugrube hat die Bauherrin eine Zeitkapsel versenkt, in der nebst weiteren Dokumenten auch die September-Ausgabe der Fachzeitschrift SicherheitsForum eingelagert wurden.","_yoast_wpseo_opengraph-title":"SVTI: Grundsteinlegung \"Erweiterung West\"","enclosure":null,"_yoast_wpseo_twitter-title":null,"_yoast_wpseo_twitter-description":null,"_yoast_wpseo_twitter-image":null,"_wp_old_slug":null,"_yoast_wpseo_title":null,"_yoast_wpseo_canonical":null,"yoast_head":"<!-- This site is optimized with the Yoast SEO plugin v27.5 - https:\/\/yoast.com\/product\/yoast-seo-wordpress\/ -->\n<title>SVTI: Grundsteinlegung &quot;Erweiterung West&quot; - Save<\/title>\n<meta name=\"description\" content=\"Mit einem symbolischen Akt hat der SVTI die Grundsteinlegung zum Bauprojekt &quot;Erweiterung West&quot; am Hauptsitz in Wallisellen zelebriert.\" \/>\n<meta name=\"robots\" content=\"index, follow, max-snippet:-1, max-image-preview:large, max-video-preview:-1\" \/>\n<link rel=\"canonical\" href=\"https:\/\/news.save.ch\/it\/svti-grundsteinlegung-erweiterung-west\/\" \/>\n<meta property=\"og:locale\" content=\"it_IT\" \/>\n<meta property=\"og:type\" content=\"article\" \/>\n<meta property=\"og:title\" content=\"SVTI: Grundsteinlegung &quot;Erweiterung West&quot;\" \/>\n<meta property=\"og:description\" content=\"Mit einem symbolischen Akt hat am 3. September der Schweizerische Verein f\u00fcr technische Inspektion, SVTI, die Grundsteinlegung zum Bauprojekt &quot;Erweiterung West&quot; am Hauptsitz in Wallisellen zelebriert. In der Baugrube hat die Bauherrin eine Zeitkapsel versenkt, in der nebst weiteren Dokumenten auch die September-Ausgabe der Fachzeitschrift SicherheitsForum eingelagert wurden.\" \/>\n<meta property=\"og:url\" content=\"https:\/\/news.save.ch\/it\/svti-grundsteinlegung-erweiterung-west\/\" \/>\n<meta property=\"og:site_name\" content=\"Save\" \/>\n<meta property=\"article:published_time\" content=\"2015-09-03T09:50:08+00:00\" \/>\n<meta property=\"og:image\" content=\"https:\/\/news.save.ch\/wp-content\/uploads\/2016\/12\/SVTI-Hauptsitz-in-Wallisellen-Hier-wird-die-Erweiterung-West-gebaut.-sicherheitsforum.jpg\" \/>\n<meta name=\"author\" content=\"admin\" \/>\n<meta name=\"twitter:card\" content=\"summary_large_image\" \/>\n<meta name=\"twitter:label1\" content=\"Scritto da\" \/>\n\t<meta name=\"twitter:data1\" content=\"admin\" \/>\n\t<meta name=\"twitter:label2\" content=\"Tempo di lettura stimato\" \/>\n\t<meta name=\"twitter:data2\" content=\"2 minuti\" \/>\n<script type=\"application\/ld+json\" class=\"yoast-schema-graph\">{\"@context\":\"https:\\\/\\\/schema.org\",\"@graph\":[{\"@type\":\"Article\",\"@id\":\"https:\\\/\\\/news.save.ch\\\/svti-grundsteinlegung-erweiterung-west\\\/#article\",\"isPartOf\":{\"@id\":\"https:\\\/\\\/news.save.ch\\\/svti-grundsteinlegung-erweiterung-west\\\/\"},\"author\":{\"name\":\"admin\",\"@id\":\"https:\\\/\\\/news.save.ch\\\/de\\\/#\\\/schema\\\/person\\\/d49e199490bad7c70d64b9ab51142f2b\"},\"headline\":\"SVTI: Grundsteinlegung &#8222;Erweiterung West&#8220;\",\"datePublished\":\"2015-09-03T09:50:08+00:00\",\"mainEntityOfPage\":{\"@id\":\"https:\\\/\\\/news.save.ch\\\/svti-grundsteinlegung-erweiterung-west\\\/\"},\"wordCount\":309,\"commentCount\":0,\"publisher\":{\"@id\":\"https:\\\/\\\/news.save.ch\\\/de\\\/#organization\"},\"image\":{\"@id\":\"https:\\\/\\\/news.save.ch\\\/svti-grundsteinlegung-erweiterung-west\\\/#primaryimage\"},\"thumbnailUrl\":\"https:\\\/\\\/news.save.ch\\\/wp-content\\\/uploads\\\/2016\\\/12\\\/SVTI-Hauptsitz-in-Wallisellen-Hier-wird-die-Erweiterung-West-gebaut.-sicherheitsforum-scaled-1-scaled.jpg\",\"keywords\":[\"Unternehmen\"],\"articleSection\":[\"ALLGEMEIN\"],\"inLanguage\":\"it-IT\"},{\"@type\":\"WebPage\",\"@id\":\"https:\\\/\\\/news.save.ch\\\/svti-grundsteinlegung-erweiterung-west\\\/\",\"url\":\"https:\\\/\\\/news.save.ch\\\/svti-grundsteinlegung-erweiterung-west\\\/\",\"name\":\"SVTI: Grundsteinlegung \\\"Erweiterung West\\\" - Save\",\"isPartOf\":{\"@id\":\"https:\\\/\\\/news.save.ch\\\/de\\\/#website\"},\"primaryImageOfPage\":{\"@id\":\"https:\\\/\\\/news.save.ch\\\/svti-grundsteinlegung-erweiterung-west\\\/#primaryimage\"},\"image\":{\"@id\":\"https:\\\/\\\/news.save.ch\\\/svti-grundsteinlegung-erweiterung-west\\\/#primaryimage\"},\"thumbnailUrl\":\"https:\\\/\\\/news.save.ch\\\/wp-content\\\/uploads\\\/2016\\\/12\\\/SVTI-Hauptsitz-in-Wallisellen-Hier-wird-die-Erweiterung-West-gebaut.-sicherheitsforum-scaled-1-scaled.jpg\",\"datePublished\":\"2015-09-03T09:50:08+00:00\",\"description\":\"Mit einem symbolischen Akt hat der SVTI die Grundsteinlegung zum Bauprojekt \\\"Erweiterung West\\\" am Hauptsitz in Wallisellen zelebriert.\",\"breadcrumb\":{\"@id\":\"https:\\\/\\\/news.save.ch\\\/svti-grundsteinlegung-erweiterung-west\\\/#breadcrumb\"},\"inLanguage\":\"it-IT\",\"potentialAction\":[{\"@type\":\"ReadAction\",\"target\":[\"https:\\\/\\\/news.save.ch\\\/svti-grundsteinlegung-erweiterung-west\\\/\"]}]},{\"@type\":\"ImageObject\",\"inLanguage\":\"it-IT\",\"@id\":\"https:\\\/\\\/news.save.ch\\\/svti-grundsteinlegung-erweiterung-west\\\/#primaryimage\",\"url\":\"https:\\\/\\\/news.save.ch\\\/wp-content\\\/uploads\\\/2016\\\/12\\\/SVTI-Hauptsitz-in-Wallisellen-Hier-wird-die-Erweiterung-West-gebaut.-sicherheitsforum-scaled-1-scaled.jpg\",\"contentUrl\":\"https:\\\/\\\/news.save.ch\\\/wp-content\\\/uploads\\\/2016\\\/12\\\/SVTI-Hauptsitz-in-Wallisellen-Hier-wird-die-Erweiterung-West-gebaut.-sicherheitsforum-scaled-1-scaled.jpg\",\"width\":1400,\"height\":934,\"caption\":\"Auch das SicherheitsForum mit einem SVTI-Artikel wird in die Kartusche getan, die anschliessend in der Baugrube versenkt wird. Fotos: R.Str\u00e4ssle\"},{\"@type\":\"BreadcrumbList\",\"@id\":\"https:\\\/\\\/news.save.ch\\\/svti-grundsteinlegung-erweiterung-west\\\/#breadcrumb\",\"itemListElement\":[{\"@type\":\"ListItem\",\"position\":1,\"name\":\"Home\",\"item\":\"https:\\\/\\\/news.save.ch\\\/de\\\/\"},{\"@type\":\"ListItem\",\"position\":2,\"name\":\"SVTI: Grundsteinlegung &#8222;Erweiterung West&#8220;\"}]},{\"@type\":\"WebSite\",\"@id\":\"https:\\\/\\\/news.save.ch\\\/de\\\/#website\",\"url\":\"https:\\\/\\\/news.save.ch\\\/de\\\/\",\"name\":\"Save\",\"description\":\"Schweizer Fachzeitschrift f\u00fcr Sicherheit\",\"publisher\":{\"@id\":\"https:\\\/\\\/news.save.ch\\\/de\\\/#organization\"},\"potentialAction\":[{\"@type\":\"SearchAction\",\"target\":{\"@type\":\"EntryPoint\",\"urlTemplate\":\"https:\\\/\\\/news.save.ch\\\/de\\\/?s={search_term_string}\"},\"query-input\":{\"@type\":\"PropertyValueSpecification\",\"valueRequired\":true,\"valueName\":\"search_term_string\"}}],\"inLanguage\":\"it-IT\"},{\"@type\":\"Organization\",\"@id\":\"https:\\\/\\\/news.save.ch\\\/de\\\/#organization\",\"name\":\"Sicherheitsforum\",\"url\":\"https:\\\/\\\/news.save.ch\\\/de\\\/\",\"logo\":{\"@type\":\"ImageObject\",\"inLanguage\":\"it-IT\",\"@id\":\"https:\\\/\\\/news.save.ch\\\/de\\\/#\\\/schema\\\/logo\\\/image\\\/\",\"url\":\"https:\\\/\\\/news.save.ch\\\/wp-content\\\/uploads\\\/2022\\\/06\\\/Logo_SF_2012.png\",\"contentUrl\":\"https:\\\/\\\/news.save.ch\\\/wp-content\\\/uploads\\\/2022\\\/06\\\/Logo_SF_2012.png\",\"width\":1100,\"height\":91,\"caption\":\"Sicherheitsforum\"},\"image\":{\"@id\":\"https:\\\/\\\/news.save.ch\\\/de\\\/#\\\/schema\\\/logo\\\/image\\\/\"}},{\"@type\":\"Person\",\"@id\":\"https:\\\/\\\/news.save.ch\\\/de\\\/#\\\/schema\\\/person\\\/d49e199490bad7c70d64b9ab51142f2b\",\"name\":\"admin\",\"image\":{\"@type\":\"ImageObject\",\"inLanguage\":\"it-IT\",\"@id\":\"https:\\\/\\\/secure.gravatar.com\\\/avatar\\\/ae2f4d718e6c49043e314ce431e7e645d646302a24a5ef5a8bc8e3f5a032e319?s=96&d=mm&r=g\",\"url\":\"https:\\\/\\\/secure.gravatar.com\\\/avatar\\\/ae2f4d718e6c49043e314ce431e7e645d646302a24a5ef5a8bc8e3f5a032e319?s=96&d=mm&r=g\",\"contentUrl\":\"https:\\\/\\\/secure.gravatar.com\\\/avatar\\\/ae2f4d718e6c49043e314ce431e7e645d646302a24a5ef5a8bc8e3f5a032e319?s=96&d=mm&r=g\",\"caption\":\"admin\"},\"sameAs\":[\"https:\\\/\\\/develop.organisator.galledia.ch\"],\"url\":\"https:\\\/\\\/news.save.ch\\\/it\\\/author\\\/admin\\\/\"}]}<\/script>\n<!-- \/ Yoast SEO plugin. -->","yoast_head_json":{"title":"SVTI: Posa della prima pietra dell'\"Estensione Ovest\" - Salva","description":"SVTI ha celebrato con un atto simbolico la posa della prima pietra del progetto edilizio \"West Extension\" presso la sede centrale di Wallisellen.","robots":{"index":"index","follow":"follow","max-snippet":"max-snippet:-1","max-image-preview":"max-image-preview:large","max-video-preview":"max-video-preview:-1"},"canonical":"https:\/\/news.save.ch\/it\/svti-grundsteinlegung-erweiterung-west\/","og_locale":"it_IT","og_type":"article","og_title":"SVTI: Grundsteinlegung \"Erweiterung West\"","og_description":"Mit einem symbolischen Akt hat am 3. September der Schweizerische Verein f\u00fcr technische Inspektion, SVTI, die Grundsteinlegung zum Bauprojekt \"Erweiterung West\" am Hauptsitz in Wallisellen zelebriert. In der Baugrube hat die Bauherrin eine Zeitkapsel versenkt, in der nebst weiteren Dokumenten auch die September-Ausgabe der Fachzeitschrift SicherheitsForum eingelagert wurden.","og_url":"https:\/\/news.save.ch\/it\/svti-grundsteinlegung-erweiterung-west\/","og_site_name":"Save","article_published_time":"2015-09-03T09:50:08+00:00","og_image":[{"url":"https:\/\/news.save.ch\/wp-content\/uploads\/2016\/12\/SVTI-Hauptsitz-in-Wallisellen-Hier-wird-die-Erweiterung-West-gebaut.-sicherheitsforum.jpg","type":"","width":"","height":""}],"author":"admin","twitter_card":"summary_large_image","twitter_misc":{"Scritto da":"admin","Tempo di lettura stimato":"2 minuti"},"schema":{"@context":"https:\/\/schema.org","@graph":[{"@type":"Article","@id":"https:\/\/news.save.ch\/svti-grundsteinlegung-erweiterung-west\/#article","isPartOf":{"@id":"https:\/\/news.save.ch\/svti-grundsteinlegung-erweiterung-west\/"},"author":{"name":"admin","@id":"https:\/\/news.save.ch\/de\/#\/schema\/person\/d49e199490bad7c70d64b9ab51142f2b"},"headline":"SVTI: Grundsteinlegung &#8222;Erweiterung West&#8220;","datePublished":"2015-09-03T09:50:08+00:00","mainEntityOfPage":{"@id":"https:\/\/news.save.ch\/svti-grundsteinlegung-erweiterung-west\/"},"wordCount":309,"commentCount":0,"publisher":{"@id":"https:\/\/news.save.ch\/de\/#organization"},"image":{"@id":"https:\/\/news.save.ch\/svti-grundsteinlegung-erweiterung-west\/#primaryimage"},"thumbnailUrl":"https:\/\/news.save.ch\/wp-content\/uploads\/2016\/12\/SVTI-Hauptsitz-in-Wallisellen-Hier-wird-die-Erweiterung-West-gebaut.-sicherheitsforum-scaled-1-scaled.jpg","keywords":["Unternehmen"],"articleSection":["ALLGEMEIN"],"inLanguage":"it-IT"},{"@type":"WebPage","@id":"https:\/\/news.save.ch\/svti-grundsteinlegung-erweiterung-west\/","url":"https:\/\/news.save.ch\/svti-grundsteinlegung-erweiterung-west\/","name":"SVTI: Posa della prima pietra dell'\"Estensione Ovest\" - Salva","isPartOf":{"@id":"https:\/\/news.save.ch\/de\/#website"},"primaryImageOfPage":{"@id":"https:\/\/news.save.ch\/svti-grundsteinlegung-erweiterung-west\/#primaryimage"},"image":{"@id":"https:\/\/news.save.ch\/svti-grundsteinlegung-erweiterung-west\/#primaryimage"},"thumbnailUrl":"https:\/\/news.save.ch\/wp-content\/uploads\/2016\/12\/SVTI-Hauptsitz-in-Wallisellen-Hier-wird-die-Erweiterung-West-gebaut.-sicherheitsforum-scaled-1-scaled.jpg","datePublished":"2015-09-03T09:50:08+00:00","description":"SVTI ha celebrato con un atto simbolico la posa della prima pietra del progetto edilizio \"West Extension\" presso la sede centrale di Wallisellen.","breadcrumb":{"@id":"https:\/\/news.save.ch\/svti-grundsteinlegung-erweiterung-west\/#breadcrumb"},"inLanguage":"it-IT","potentialAction":[{"@type":"ReadAction","target":["https:\/\/news.save.ch\/svti-grundsteinlegung-erweiterung-west\/"]}]},{"@type":"ImageObject","inLanguage":"it-IT","@id":"https:\/\/news.save.ch\/svti-grundsteinlegung-erweiterung-west\/#primaryimage","url":"https:\/\/news.save.ch\/wp-content\/uploads\/2016\/12\/SVTI-Hauptsitz-in-Wallisellen-Hier-wird-die-Erweiterung-West-gebaut.-sicherheitsforum-scaled-1-scaled.jpg","contentUrl":"https:\/\/news.save.ch\/wp-content\/uploads\/2016\/12\/SVTI-Hauptsitz-in-Wallisellen-Hier-wird-die-Erweiterung-West-gebaut.-sicherheitsforum-scaled-1-scaled.jpg","width":1400,"height":934,"caption":"Auch das SicherheitsForum mit einem SVTI-Artikel wird in die Kartusche getan, die anschliessend in der Baugrube versenkt wird. Fotos: R.Str\u00e4ssle"},{"@type":"BreadcrumbList","@id":"https:\/\/news.save.ch\/svti-grundsteinlegung-erweiterung-west\/#breadcrumb","itemListElement":[{"@type":"ListItem","position":1,"name":"Home","item":"https:\/\/news.save.ch\/de\/"},{"@type":"ListItem","position":2,"name":"SVTI: Grundsteinlegung &#8222;Erweiterung West&#8220;"}]},{"@type":"WebSite","@id":"https:\/\/news.save.ch\/de\/#website","url":"https:\/\/news.save.ch\/de\/","name":"Risparmiare","description":"Rivista svizzera specializzata in sicurezza","publisher":{"@id":"https:\/\/news.save.ch\/de\/#organization"},"potentialAction":[{"@type":"SearchAction","target":{"@type":"EntryPoint","urlTemplate":"https:\/\/news.save.ch\/de\/?s={search_term_string}"},"query-input":{"@type":"PropertyValueSpecification","valueRequired":true,"valueName":"search_term_string"}}],"inLanguage":"it-IT"},{"@type":"Organization","@id":"https:\/\/news.save.ch\/de\/#organization","name":"Forum sulla sicurezza","url":"https:\/\/news.save.ch\/de\/","logo":{"@type":"ImageObject","inLanguage":"it-IT","@id":"https:\/\/news.save.ch\/de\/#\/schema\/logo\/image\/","url":"https:\/\/news.save.ch\/wp-content\/uploads\/2022\/06\/Logo_SF_2012.png","contentUrl":"https:\/\/news.save.ch\/wp-content\/uploads\/2022\/06\/Logo_SF_2012.png","width":1100,"height":91,"caption":"Sicherheitsforum"},"image":{"@id":"https:\/\/news.save.ch\/de\/#\/schema\/logo\/image\/"}},{"@type":"Person","@id":"https:\/\/news.save.ch\/de\/#\/schema\/person\/d49e199490bad7c70d64b9ab51142f2b","name":"amministratore","image":{"@type":"ImageObject","inLanguage":"it-IT","@id":"https:\/\/secure.gravatar.com\/avatar\/ae2f4d718e6c49043e314ce431e7e645d646302a24a5ef5a8bc8e3f5a032e319?s=96&d=mm&r=g","url":"https:\/\/secure.gravatar.com\/avatar\/ae2f4d718e6c49043e314ce431e7e645d646302a24a5ef5a8bc8e3f5a032e319?s=96&d=mm&r=g","contentUrl":"https:\/\/secure.gravatar.com\/avatar\/ae2f4d718e6c49043e314ce431e7e645d646302a24a5ef5a8bc8e3f5a032e319?s=96&d=mm&r=g","caption":"admin"},"sameAs":["https:\/\/develop.organisator.galledia.ch"],"url":"https:\/\/news.save.ch\/it\/author\/admin\/"}]}},"_links":{"self":[{"href":"https:\/\/news.save.ch\/it\/wp-json\/wp\/v2\/posts\/1613","targetHints":{"allow":["GET"]}}],"collection":[{"href":"https:\/\/news.save.ch\/it\/wp-json\/wp\/v2\/posts"}],"about":[{"href":"https:\/\/news.save.ch\/it\/wp-json\/wp\/v2\/types\/post"}],"author":[{"embeddable":true,"href":"https:\/\/news.save.ch\/it\/wp-json\/wp\/v2\/users\/1"}],"replies":[{"embeddable":true,"href":"https:\/\/news.save.ch\/it\/wp-json\/wp\/v2\/comments?post=1613"}],"version-history":[{"count":0,"href":"https:\/\/news.save.ch\/it\/wp-json\/wp\/v2\/posts\/1613\/revisions"}],"wp:featuredmedia":[{"embeddable":true,"href":"https:\/\/news.save.ch\/it\/wp-json\/wp\/v2\/media\/1624"}],"wp:attachment":[{"href":"https:\/\/news.save.ch\/it\/wp-json\/wp\/v2\/media?parent=1613"}],"wp:term":[{"taxonomy":"category","embeddable":true,"href":"https:\/\/news.save.ch\/it\/wp-json\/wp\/v2\/categories?post=1613"},{"taxonomy":"post_tag","embeddable":true,"href":"https:\/\/news.save.ch\/it\/wp-json\/wp\/v2\/tags?post=1613"}],"curies":[{"name":"wp","href":"https:\/\/api.w.org\/{rel}","templated":true}]}}