{"id":16605,"date":"2015-03-13T14:54:11","date_gmt":"2015-03-13T13:54:11","guid":{"rendered":"http:\/\/dev.safety-plus.ch\/?p=115"},"modified":"2015-03-13T14:54:11","modified_gmt":"2015-03-13T13:54:11","slug":"neue-schweizer-vertretung-der-messe-duesseldorf","status":null,"type":"post","link":"https:\/\/news.save.ch\/it\/neue-schweizer-vertretung-der-messe-duesseldorf\/","title":{"rendered":"Nuova rappresentanza svizzera di Messe D\u00fcsseldorf"},"content":{"rendered":"<figure id=\"attachment_116\" aria-describedby=\"caption-attachment-116\" style=\"width: 680px\" class=\"wp-caption alignnone\"><img loading=\"lazy\" decoding=\"async\" class=\"wp-image-116 size-medium\" src=\"http:\/\/develop.safety-plus.ch\/wp-content\/uploads\/2016\/12\/55099cdd4dd2c_AA13_JV1403_safety-plus.jpeg\" alt=\"Messe D\u00fcsseldorf organizza, tra l&#039;altro, la fiera A+A.\" width=\"680\" height=\"462\" \/><figcaption id=\"caption-attachment-116\" class=\"wp-caption-text\">Messe D\u00fcsseldorf organizza, tra l'altro, la fiera A+A.<\/figcaption><\/figure>\n<p>Messe D\u00fcsseldorf, organizzatore tra l'altro di A+A dal 27 al 20 ottobre 2015, ha una nuova rappresentanza ufficiale in Svizzera: la societ\u00e0 MAS-Concept AG, con sede a Zugo, \u00e8 subentrata alla Intermess D\u00f6rgeloh AG di Zurigo a partire dal 1\u00b0 gennaio 2015. La nuova rappresentanza rileva anche il personale specializzato che fino alla fine del 2014 era responsabile dell'azienda fieristica presso Intermess D\u00f6rgeloh.<\/p>\n<p>Martin D\u00f6rgeloh ha rappresentato Messe D\u00fcsseldorf con la sua azienda per oltre 30 anni. D\u00f6rgeloh cita come motivo della rinuncia il desiderio di cercare ancora una volta una nuova sfida.<\/p>\n<p><a href=\"http:\/\/www.mas-concept.ch\" data-cke-saved-href=\"http:\/\/www.mas-concept.ch\">www.mas-concept.ch<\/a><\/p>","protected":false},"excerpt":{"rendered":"<p>Die Messe D\u00fcsseldorf, unter anderem Veranstalterin der A+A vom 27. bis zum 20. Oktober 2015, hat eine neue offizielle Vertretung in der Schweiz: Die Zuger Firma MAS-Concept AG hat die Aufgabe von Intermess D\u00f6rgeloh AG aus Z\u00fcrich per 1. Januar 2015 \u00fcbernommen. Die neue Vertretung \u00fcbernimmt zudem das Fachpersonal, das bis Ende 2014 bei Intermess [&hellip;]<\/p>\n","protected":false},"author":1,"featured_media":15970,"comment_status":"open","ping_status":"open","sticky":false,"template":"","format":"standard","meta":{"_acf_changed":false,"pgc_sgb_lightbox_settings":"","footnotes":""},"categories":[1],"tags":[2024,759],"class_list":["post-16605","post","type-post","status-publish","format-standard","has-post-thumbnail","hentry","category-allgemein","tag-fachkongress","tag-fachmesse"],"acf":[],"hkrextid":null,"publication":null,"issue":null,"workflow":null,"startPage":null,"spitzmarke":null,"_posts_by_tag_page_fields":{"widget_title":"","widget_tags":""},"_at_widget":"1","_yoast_wpseo_primary_category":"1","_yoast_wpseo_focuskw_text_input":"Messe D\u00fcsseldorf","_yoast_wpseo_opengraph-image":null,"_yoast_wpseo_opengraph-description":null,"_yoast_wpseo_opengraph-title":null,"enclosure":null,"_yoast_wpseo_twitter-title":null,"_yoast_wpseo_twitter-description":null,"_yoast_wpseo_twitter-image":null,"_wp_old_slug":null,"_yoast_wpseo_title":null,"_yoast_wpseo_canonical":null,"yoast_head":"<!-- This site is optimized with the Yoast SEO plugin v27.5 - https:\/\/yoast.com\/product\/yoast-seo-wordpress\/ -->\n<title>Neue Schweizer Vertretung der Messe D\u00fcsseldorf - Save<\/title>\n<meta name=\"description\" content=\"MAS-Concept AG \u00fcbernimmt Schweizer Messevertretung der Messe D\u00fcsseldorf.\" \/>\n<meta name=\"robots\" content=\"index, follow, max-snippet:-1, max-image-preview:large, max-video-preview:-1\" \/>\n<link rel=\"canonical\" href=\"https:\/\/news.save.ch\/it\/neue-schweizer-vertretung-der-messe-duesseldorf\/\" \/>\n<meta property=\"og:locale\" content=\"it_IT\" \/>\n<meta property=\"og:type\" content=\"article\" \/>\n<meta property=\"og:title\" content=\"Neue Schweizer Vertretung der Messe D\u00fcsseldorf - Save\" \/>\n<meta property=\"og:description\" content=\"MAS-Concept AG \u00fcbernimmt Schweizer Messevertretung der Messe D\u00fcsseldorf.\" \/>\n<meta property=\"og:url\" content=\"https:\/\/news.save.ch\/it\/neue-schweizer-vertretung-der-messe-duesseldorf\/\" \/>\n<meta property=\"og:site_name\" content=\"Save\" \/>\n<meta property=\"article:published_time\" content=\"2015-03-13T13:54:11+00:00\" \/>\n<meta property=\"og:image\" content=\"https:\/\/news.save.ch\/wp-content\/uploads\/2016\/12\/55099cdd4dd2c_AA13_JV1403_safety-plus-scaled-1.jpeg\" \/>\n\t<meta property=\"og:image:width\" content=\"1200\" \/>\n\t<meta property=\"og:image:height\" content=\"815\" \/>\n\t<meta property=\"og:image:type\" content=\"image\/jpeg\" \/>\n<meta name=\"author\" content=\"admin\" \/>\n<meta name=\"twitter:card\" content=\"summary_large_image\" \/>\n<meta name=\"twitter:label1\" content=\"Scritto da\" \/>\n\t<meta name=\"twitter:data1\" content=\"admin\" \/>\n\t<meta name=\"twitter:label2\" content=\"Tempo di lettura stimato\" \/>\n\t<meta name=\"twitter:data2\" content=\"1 minuto\" \/>\n<script type=\"application\/ld+json\" class=\"yoast-schema-graph\">{\"@context\":\"https:\\\/\\\/schema.org\",\"@graph\":[{\"@type\":\"Article\",\"@id\":\"https:\\\/\\\/news.save.ch\\\/neue-schweizer-vertretung-der-messe-duesseldorf\\\/#article\",\"isPartOf\":{\"@id\":\"https:\\\/\\\/news.save.ch\\\/neue-schweizer-vertretung-der-messe-duesseldorf\\\/\"},\"author\":{\"name\":\"admin\",\"@id\":\"https:\\\/\\\/news.save.ch\\\/de\\\/#\\\/schema\\\/person\\\/d49e199490bad7c70d64b9ab51142f2b\"},\"headline\":\"Neue Schweizer Vertretung der Messe D\u00fcsseldorf\",\"datePublished\":\"2015-03-13T13:54:11+00:00\",\"mainEntityOfPage\":{\"@id\":\"https:\\\/\\\/news.save.ch\\\/neue-schweizer-vertretung-der-messe-duesseldorf\\\/\"},\"wordCount\":123,\"commentCount\":0,\"publisher\":{\"@id\":\"https:\\\/\\\/news.save.ch\\\/de\\\/#organization\"},\"image\":{\"@id\":\"https:\\\/\\\/news.save.ch\\\/neue-schweizer-vertretung-der-messe-duesseldorf\\\/#primaryimage\"},\"thumbnailUrl\":\"https:\\\/\\\/news.save.ch\\\/wp-content\\\/uploads\\\/2016\\\/12\\\/55099cdd4dd2c_AA13_JV1403_safety-plus-scaled-1.jpeg\",\"keywords\":[\"Fachkongress\",\"Fachmesse\"],\"articleSection\":[\"ALLGEMEIN\"],\"inLanguage\":\"it-IT\"},{\"@type\":\"WebPage\",\"@id\":\"https:\\\/\\\/news.save.ch\\\/neue-schweizer-vertretung-der-messe-duesseldorf\\\/\",\"url\":\"https:\\\/\\\/news.save.ch\\\/neue-schweizer-vertretung-der-messe-duesseldorf\\\/\",\"name\":\"Neue Schweizer Vertretung der Messe D\u00fcsseldorf - Save\",\"isPartOf\":{\"@id\":\"https:\\\/\\\/news.save.ch\\\/de\\\/#website\"},\"primaryImageOfPage\":{\"@id\":\"https:\\\/\\\/news.save.ch\\\/neue-schweizer-vertretung-der-messe-duesseldorf\\\/#primaryimage\"},\"image\":{\"@id\":\"https:\\\/\\\/news.save.ch\\\/neue-schweizer-vertretung-der-messe-duesseldorf\\\/#primaryimage\"},\"thumbnailUrl\":\"https:\\\/\\\/news.save.ch\\\/wp-content\\\/uploads\\\/2016\\\/12\\\/55099cdd4dd2c_AA13_JV1403_safety-plus-scaled-1.jpeg\",\"datePublished\":\"2015-03-13T13:54:11+00:00\",\"description\":\"MAS-Concept AG \u00fcbernimmt Schweizer Messevertretung der Messe D\u00fcsseldorf.\",\"breadcrumb\":{\"@id\":\"https:\\\/\\\/news.save.ch\\\/neue-schweizer-vertretung-der-messe-duesseldorf\\\/#breadcrumb\"},\"inLanguage\":\"it-IT\",\"potentialAction\":[{\"@type\":\"ReadAction\",\"target\":[\"https:\\\/\\\/news.save.ch\\\/neue-schweizer-vertretung-der-messe-duesseldorf\\\/\"]}]},{\"@type\":\"ImageObject\",\"inLanguage\":\"it-IT\",\"@id\":\"https:\\\/\\\/news.save.ch\\\/neue-schweizer-vertretung-der-messe-duesseldorf\\\/#primaryimage\",\"url\":\"https:\\\/\\\/news.save.ch\\\/wp-content\\\/uploads\\\/2016\\\/12\\\/55099cdd4dd2c_AA13_JV1403_safety-plus-scaled-1.jpeg\",\"contentUrl\":\"https:\\\/\\\/news.save.ch\\\/wp-content\\\/uploads\\\/2016\\\/12\\\/55099cdd4dd2c_AA13_JV1403_safety-plus-scaled-1.jpeg\",\"width\":1200,\"height\":815,\"caption\":\"Die Messe D\u00fcsseldorf veranstaltet unter anderem die Fachmesse A+A.\"},{\"@type\":\"BreadcrumbList\",\"@id\":\"https:\\\/\\\/news.save.ch\\\/neue-schweizer-vertretung-der-messe-duesseldorf\\\/#breadcrumb\",\"itemListElement\":[{\"@type\":\"ListItem\",\"position\":1,\"name\":\"Home\",\"item\":\"https:\\\/\\\/news.save.ch\\\/de\\\/\"},{\"@type\":\"ListItem\",\"position\":2,\"name\":\"Neue Schweizer Vertretung der Messe D\u00fcsseldorf\"}]},{\"@type\":\"WebSite\",\"@id\":\"https:\\\/\\\/news.save.ch\\\/de\\\/#website\",\"url\":\"https:\\\/\\\/news.save.ch\\\/de\\\/\",\"name\":\"Save\",\"description\":\"Schweizer Fachzeitschrift f\u00fcr Sicherheit\",\"publisher\":{\"@id\":\"https:\\\/\\\/news.save.ch\\\/de\\\/#organization\"},\"potentialAction\":[{\"@type\":\"SearchAction\",\"target\":{\"@type\":\"EntryPoint\",\"urlTemplate\":\"https:\\\/\\\/news.save.ch\\\/de\\\/?s={search_term_string}\"},\"query-input\":{\"@type\":\"PropertyValueSpecification\",\"valueRequired\":true,\"valueName\":\"search_term_string\"}}],\"inLanguage\":\"it-IT\"},{\"@type\":\"Organization\",\"@id\":\"https:\\\/\\\/news.save.ch\\\/de\\\/#organization\",\"name\":\"Sicherheitsforum\",\"url\":\"https:\\\/\\\/news.save.ch\\\/de\\\/\",\"logo\":{\"@type\":\"ImageObject\",\"inLanguage\":\"it-IT\",\"@id\":\"https:\\\/\\\/news.save.ch\\\/de\\\/#\\\/schema\\\/logo\\\/image\\\/\",\"url\":\"https:\\\/\\\/news.save.ch\\\/wp-content\\\/uploads\\\/2022\\\/06\\\/Logo_SF_2012.png\",\"contentUrl\":\"https:\\\/\\\/news.save.ch\\\/wp-content\\\/uploads\\\/2022\\\/06\\\/Logo_SF_2012.png\",\"width\":1100,\"height\":91,\"caption\":\"Sicherheitsforum\"},\"image\":{\"@id\":\"https:\\\/\\\/news.save.ch\\\/de\\\/#\\\/schema\\\/logo\\\/image\\\/\"}},{\"@type\":\"Person\",\"@id\":\"https:\\\/\\\/news.save.ch\\\/de\\\/#\\\/schema\\\/person\\\/d49e199490bad7c70d64b9ab51142f2b\",\"name\":\"admin\",\"image\":{\"@type\":\"ImageObject\",\"inLanguage\":\"it-IT\",\"@id\":\"https:\\\/\\\/secure.gravatar.com\\\/avatar\\\/ae2f4d718e6c49043e314ce431e7e645d646302a24a5ef5a8bc8e3f5a032e319?s=96&d=mm&r=g\",\"url\":\"https:\\\/\\\/secure.gravatar.com\\\/avatar\\\/ae2f4d718e6c49043e314ce431e7e645d646302a24a5ef5a8bc8e3f5a032e319?s=96&d=mm&r=g\",\"contentUrl\":\"https:\\\/\\\/secure.gravatar.com\\\/avatar\\\/ae2f4d718e6c49043e314ce431e7e645d646302a24a5ef5a8bc8e3f5a032e319?s=96&d=mm&r=g\",\"caption\":\"admin\"},\"sameAs\":[\"https:\\\/\\\/develop.organisator.galledia.ch\"],\"url\":\"https:\\\/\\\/news.save.ch\\\/it\\\/author\\\/admin\\\/\"}]}<\/script>\n<!-- \/ Yoast SEO plugin. -->","yoast_head_json":{"title":"Nuova rappresentanza svizzera di Messe D\u00fcsseldorf - Save","description":"MAS-Concept AG rileva la rappresentanza fieristica svizzera di Messe D\u00fcsseldorf.","robots":{"index":"index","follow":"follow","max-snippet":"max-snippet:-1","max-image-preview":"max-image-preview:large","max-video-preview":"max-video-preview:-1"},"canonical":"https:\/\/news.save.ch\/it\/neue-schweizer-vertretung-der-messe-duesseldorf\/","og_locale":"it_IT","og_type":"article","og_title":"Neue Schweizer Vertretung der Messe D\u00fcsseldorf - Save","og_description":"MAS-Concept AG \u00fcbernimmt Schweizer Messevertretung der Messe D\u00fcsseldorf.","og_url":"https:\/\/news.save.ch\/it\/neue-schweizer-vertretung-der-messe-duesseldorf\/","og_site_name":"Save","article_published_time":"2015-03-13T13:54:11+00:00","og_image":[{"width":1200,"height":815,"url":"https:\/\/news.save.ch\/wp-content\/uploads\/2016\/12\/55099cdd4dd2c_AA13_JV1403_safety-plus-scaled-1.jpeg","type":"image\/jpeg"}],"author":"admin","twitter_card":"summary_large_image","twitter_misc":{"Scritto da":"admin","Tempo di lettura stimato":"1 minuto"},"schema":{"@context":"https:\/\/schema.org","@graph":[{"@type":"Article","@id":"https:\/\/news.save.ch\/neue-schweizer-vertretung-der-messe-duesseldorf\/#article","isPartOf":{"@id":"https:\/\/news.save.ch\/neue-schweizer-vertretung-der-messe-duesseldorf\/"},"author":{"name":"admin","@id":"https:\/\/news.save.ch\/de\/#\/schema\/person\/d49e199490bad7c70d64b9ab51142f2b"},"headline":"Neue Schweizer Vertretung der Messe D\u00fcsseldorf","datePublished":"2015-03-13T13:54:11+00:00","mainEntityOfPage":{"@id":"https:\/\/news.save.ch\/neue-schweizer-vertretung-der-messe-duesseldorf\/"},"wordCount":123,"commentCount":0,"publisher":{"@id":"https:\/\/news.save.ch\/de\/#organization"},"image":{"@id":"https:\/\/news.save.ch\/neue-schweizer-vertretung-der-messe-duesseldorf\/#primaryimage"},"thumbnailUrl":"https:\/\/news.save.ch\/wp-content\/uploads\/2016\/12\/55099cdd4dd2c_AA13_JV1403_safety-plus-scaled-1.jpeg","keywords":["Fachkongress","Fachmesse"],"articleSection":["ALLGEMEIN"],"inLanguage":"it-IT"},{"@type":"WebPage","@id":"https:\/\/news.save.ch\/neue-schweizer-vertretung-der-messe-duesseldorf\/","url":"https:\/\/news.save.ch\/neue-schweizer-vertretung-der-messe-duesseldorf\/","name":"Nuova rappresentanza svizzera di Messe D\u00fcsseldorf - Save","isPartOf":{"@id":"https:\/\/news.save.ch\/de\/#website"},"primaryImageOfPage":{"@id":"https:\/\/news.save.ch\/neue-schweizer-vertretung-der-messe-duesseldorf\/#primaryimage"},"image":{"@id":"https:\/\/news.save.ch\/neue-schweizer-vertretung-der-messe-duesseldorf\/#primaryimage"},"thumbnailUrl":"https:\/\/news.save.ch\/wp-content\/uploads\/2016\/12\/55099cdd4dd2c_AA13_JV1403_safety-plus-scaled-1.jpeg","datePublished":"2015-03-13T13:54:11+00:00","description":"MAS-Concept AG rileva la rappresentanza fieristica svizzera di Messe D\u00fcsseldorf.","breadcrumb":{"@id":"https:\/\/news.save.ch\/neue-schweizer-vertretung-der-messe-duesseldorf\/#breadcrumb"},"inLanguage":"it-IT","potentialAction":[{"@type":"ReadAction","target":["https:\/\/news.save.ch\/neue-schweizer-vertretung-der-messe-duesseldorf\/"]}]},{"@type":"ImageObject","inLanguage":"it-IT","@id":"https:\/\/news.save.ch\/neue-schweizer-vertretung-der-messe-duesseldorf\/#primaryimage","url":"https:\/\/news.save.ch\/wp-content\/uploads\/2016\/12\/55099cdd4dd2c_AA13_JV1403_safety-plus-scaled-1.jpeg","contentUrl":"https:\/\/news.save.ch\/wp-content\/uploads\/2016\/12\/55099cdd4dd2c_AA13_JV1403_safety-plus-scaled-1.jpeg","width":1200,"height":815,"caption":"Die Messe D\u00fcsseldorf veranstaltet unter anderem die Fachmesse A+A."},{"@type":"BreadcrumbList","@id":"https:\/\/news.save.ch\/neue-schweizer-vertretung-der-messe-duesseldorf\/#breadcrumb","itemListElement":[{"@type":"ListItem","position":1,"name":"Home","item":"https:\/\/news.save.ch\/de\/"},{"@type":"ListItem","position":2,"name":"Neue Schweizer Vertretung der Messe D\u00fcsseldorf"}]},{"@type":"WebSite","@id":"https:\/\/news.save.ch\/de\/#website","url":"https:\/\/news.save.ch\/de\/","name":"Risparmiare","description":"Rivista svizzera specializzata in sicurezza","publisher":{"@id":"https:\/\/news.save.ch\/de\/#organization"},"potentialAction":[{"@type":"SearchAction","target":{"@type":"EntryPoint","urlTemplate":"https:\/\/news.save.ch\/de\/?s={search_term_string}"},"query-input":{"@type":"PropertyValueSpecification","valueRequired":true,"valueName":"search_term_string"}}],"inLanguage":"it-IT"},{"@type":"Organization","@id":"https:\/\/news.save.ch\/de\/#organization","name":"Forum sulla sicurezza","url":"https:\/\/news.save.ch\/de\/","logo":{"@type":"ImageObject","inLanguage":"it-IT","@id":"https:\/\/news.save.ch\/de\/#\/schema\/logo\/image\/","url":"https:\/\/news.save.ch\/wp-content\/uploads\/2022\/06\/Logo_SF_2012.png","contentUrl":"https:\/\/news.save.ch\/wp-content\/uploads\/2022\/06\/Logo_SF_2012.png","width":1100,"height":91,"caption":"Sicherheitsforum"},"image":{"@id":"https:\/\/news.save.ch\/de\/#\/schema\/logo\/image\/"}},{"@type":"Person","@id":"https:\/\/news.save.ch\/de\/#\/schema\/person\/d49e199490bad7c70d64b9ab51142f2b","name":"amministratore","image":{"@type":"ImageObject","inLanguage":"it-IT","@id":"https:\/\/secure.gravatar.com\/avatar\/ae2f4d718e6c49043e314ce431e7e645d646302a24a5ef5a8bc8e3f5a032e319?s=96&d=mm&r=g","url":"https:\/\/secure.gravatar.com\/avatar\/ae2f4d718e6c49043e314ce431e7e645d646302a24a5ef5a8bc8e3f5a032e319?s=96&d=mm&r=g","contentUrl":"https:\/\/secure.gravatar.com\/avatar\/ae2f4d718e6c49043e314ce431e7e645d646302a24a5ef5a8bc8e3f5a032e319?s=96&d=mm&r=g","caption":"admin"},"sameAs":["https:\/\/develop.organisator.galledia.ch"],"url":"https:\/\/news.save.ch\/it\/author\/admin\/"}]}},"_links":{"self":[{"href":"https:\/\/news.save.ch\/it\/wp-json\/wp\/v2\/posts\/16605","targetHints":{"allow":["GET"]}}],"collection":[{"href":"https:\/\/news.save.ch\/it\/wp-json\/wp\/v2\/posts"}],"about":[{"href":"https:\/\/news.save.ch\/it\/wp-json\/wp\/v2\/types\/post"}],"author":[{"embeddable":true,"href":"https:\/\/news.save.ch\/it\/wp-json\/wp\/v2\/users\/1"}],"replies":[{"embeddable":true,"href":"https:\/\/news.save.ch\/it\/wp-json\/wp\/v2\/comments?post=16605"}],"version-history":[{"count":0,"href":"https:\/\/news.save.ch\/it\/wp-json\/wp\/v2\/posts\/16605\/revisions"}],"wp:featuredmedia":[{"embeddable":true,"href":"https:\/\/news.save.ch\/it\/wp-json\/wp\/v2\/media\/15970"}],"wp:attachment":[{"href":"https:\/\/news.save.ch\/it\/wp-json\/wp\/v2\/media?parent=16605"}],"wp:term":[{"taxonomy":"category","embeddable":true,"href":"https:\/\/news.save.ch\/it\/wp-json\/wp\/v2\/categories?post=16605"},{"taxonomy":"post_tag","embeddable":true,"href":"https:\/\/news.save.ch\/it\/wp-json\/wp\/v2\/tags?post=16605"}],"curies":[{"name":"wp","href":"https:\/\/api.w.org\/{rel}","templated":true}]}}