{"id":1661,"date":"2015-08-25T12:04:18","date_gmt":"2015-08-25T10:04:18","guid":{"rendered":"https:\/\/dev.sicherheitsforum.ch\/?p=1661"},"modified":"2015-08-25T12:04:18","modified_gmt":"2015-08-25T10:04:18","slug":"sonderschau-risikomanagement-von-naturgefahren","status":null,"type":"post","link":"https:\/\/news.save.ch\/it\/sonderschau-risikomanagement-von-naturgefahren\/","title":{"rendered":"Mostra speciale \"Gestione del rischio dei pericoli naturali"},"content":{"rendered":"<p><img loading=\"lazy\" decoding=\"async\" class=\"alignnone size-medium wp-image-1663\" src=\"https:\/\/sicherheitsforum.ch\/wp-content\/uploads\/2016\/12\/Sonderschau-\u201eGestione dei rischi naturali\u201c-safety-forum.jpg\" alt=\"\" width=\"680\" height=\"418\" \/><\/p>\n<p>La gestione dei rischi naturali sta diventando sempre pi\u00f9 importante. Anche quest'anno, quindi, la mostra speciale sar\u00e0 condotta da relatori di prim'ordine che faranno luce sui pericoli e sui rischi, nonch\u00e9 sulla prevenzione e sull'intervento. Argomenti attuali come la gestione delle alluvioni basata sul rischio, l'adattamento ai cambiamenti climatici o la protezione dai rischi naturali saranno presentati con casi di studio tratti dalla pratica. Inoltre, i funzionari di tutti i livelli riferiranno in una tavola rotonda i risultati e le lezioni apprese dall'operazione contro il maltempo a Emmental nel 2014. La presenza di esperti in materia di rischi naturali promette il trasferimento di conoscenze dalla pratica e consente uno scambio ai massimi livelli. In particolare, i responsabili della sicurezza delle aziende troveranno in questo forum il punto di accesso ideale per confrontarsi con i partner delle autorit\u00e0, della ricerca e della pratica, sia per il controllo del sito che per le possibili misure di limitazione dei rischi. Le due associazioni VKF (Associazione degli assicuratori antincendio cantonali) e SIA (Societ\u00e0 svizzera degli ingegneri e degli architetti) sostengono il forum e il tema principale \"Protezione degli edifici contro i pericoli naturali\".<\/p>\n<p>I fornitori di servizi e i produttori di prodotti sono rappresentati nell'area espositiva intorno al Forum. In questo modo, \u00e8 possibile trovare soluzioni per tutti gli argomenti trattati. L'ideazione e l'organizzazione della mostra speciale \u00e8 sotto la direzione di Egli Engineering AG e si svolger\u00e0 nel padiglione 6. La partecipazione alle conferenze \u00e8 gratuita per tutti i visitatori della fiera.<\/p>\n<p>La fiera offre un quadro completo del settore della sicurezza e dei suoi sviluppi. Tutte le informazioni su SICHERHEIT, la <a title=\"direttamente al Congresso\" href=\"https:\/\/www.save.ch\/notfall\/sicherheits-fachkongress-2015-11-10-bis-13\/\" target=\"_blank\" data-cke-saved-href=\"https:\/\/www.save.ch\/notfall\/sicherheits-fachkongress-2015-11-10-bis-13\/\" rel=\"noopener\">Congresso commerciale<\/a> e allo spettacolo speciale e ai programmi in corso sono <a href=\"https:\/\/www.sicherheit-messe.ch\" target=\"_blank\" data-cke-saved-href=\"https:\/\/www.sicherheit-messe.ch\" rel=\"noopener\">qui<\/a> disponibile.<\/p>","protected":false},"excerpt":{"rendered":"<p>Der Umgang mit Naturgefahren wird immer wichtiger. Daher wird die Sonderschau auch dieses Jahr wieder von hochkar\u00e4tigen Referenten geleitet, die sowohl die Gef\u00e4hrdung und Risiken als auch die Pr\u00e4vention und Intervention beleuchten. Aktuelle Themen wie Risikobasierter Umgang mit Hochwasser, Anpassung an den Klimawandel oder auch Schutz vor Naturgefahren werden mit Fallbeispielen aus der Praxis pr\u00e4sentiert. [&hellip;]<\/p>\n","protected":false},"author":1,"featured_media":1663,"comment_status":"open","ping_status":"open","sticky":false,"template":"","format":"standard","meta":{"_acf_changed":false,"pgc_sgb_lightbox_settings":"","footnotes":""},"categories":[1],"tags":[109,170],"class_list":["post-1661","post","type-post","status-publish","format-standard","has-post-thumbnail","hentry","category-allgemein","tag-aus-und-weiterbildung","tag-naturgefahren"],"acf":[],"hkrextid":null,"publication":null,"issue":null,"workflow":null,"startPage":null,"spitzmarke":null,"_posts_by_tag_page_fields":{"widget_title":"","widget_tags":""},"_at_widget":"1","_yoast_wpseo_primary_category":"1","_yoast_wpseo_focuskw_text_input":"Naturgefahren","_yoast_wpseo_opengraph-image":"https:\/\/sicherheitsforum.ch\/wp-content\/uploads\/2016\/12\/Sonderschau-\u201eRisikomanagement-von-Naturgefahren\u201c-sicherheitsforum.jpg","_yoast_wpseo_opengraph-description":"An der nationalen Fachmesse SICHERHEIT in Z\u00fcrich wird der Fokus der Sonderschau erneut auf \u201eRisikomanagement von Naturgefahren\u201c gelegt. Somit bietet der Anlass vom 10. bis 13. November 2015 eine ideale Plattform f\u00fcr den Austausch zwischen Gefahrenexperten und Sicherheitsbeauftragten, wie die Veranstalter schreiben.","_yoast_wpseo_opengraph-title":"Sonderschau \u201eRisikomanagement von Naturgefahren\u201c","enclosure":null,"_yoast_wpseo_twitter-title":null,"_yoast_wpseo_twitter-description":null,"_yoast_wpseo_twitter-image":null,"_wp_old_slug":null,"_yoast_wpseo_title":null,"_yoast_wpseo_canonical":null,"yoast_head":"<!-- This site is optimized with the Yoast SEO plugin v27.5 - https:\/\/yoast.com\/product\/yoast-seo-wordpress\/ -->\n<title>Sonderschau \u201eRisikomanagement von Naturgefahren\u201c - Save<\/title>\n<meta name=\"description\" content=\"An der nationalen Fachmesse SICHERHEIT in Z\u00fcrich wird der Fokus der Sonderschau auf \u201eRisikomanagement von Naturgefahren\u201c gelegt.\" \/>\n<meta name=\"robots\" content=\"index, follow, max-snippet:-1, max-image-preview:large, max-video-preview:-1\" \/>\n<link rel=\"canonical\" href=\"https:\/\/news.save.ch\/it\/sonderschau-risikomanagement-von-naturgefahren\/\" \/>\n<meta property=\"og:locale\" content=\"it_IT\" \/>\n<meta property=\"og:type\" content=\"article\" \/>\n<meta property=\"og:title\" content=\"Sonderschau \u201eRisikomanagement von Naturgefahren\u201c\" \/>\n<meta property=\"og:description\" content=\"An der nationalen Fachmesse SICHERHEIT in Z\u00fcrich wird der Fokus der Sonderschau erneut auf \u201eRisikomanagement von Naturgefahren\u201c gelegt. Somit bietet der Anlass vom 10. bis 13. November 2015 eine ideale Plattform f\u00fcr den Austausch zwischen Gefahrenexperten und Sicherheitsbeauftragten, wie die Veranstalter schreiben.\" \/>\n<meta property=\"og:url\" content=\"https:\/\/news.save.ch\/it\/sonderschau-risikomanagement-von-naturgefahren\/\" \/>\n<meta property=\"og:site_name\" content=\"Save\" \/>\n<meta property=\"article:published_time\" content=\"2015-08-25T10:04:18+00:00\" \/>\n<meta property=\"og:image\" content=\"https:\/\/sicherheitsforum.ch\/wp-content\/uploads\/2016\/12\/Sonderschau-\u201eRisikomanagement-von-Naturgefahren\u201c-sicherheitsforum.jpg\" \/>\n<meta name=\"author\" content=\"admin\" \/>\n<meta name=\"twitter:card\" content=\"summary_large_image\" \/>\n<meta name=\"twitter:label1\" content=\"Scritto da\" \/>\n\t<meta name=\"twitter:data1\" content=\"admin\" \/>\n\t<meta name=\"twitter:label2\" content=\"Tempo di lettura stimato\" \/>\n\t<meta name=\"twitter:data2\" content=\"1 minuto\" \/>\n<script type=\"application\/ld+json\" class=\"yoast-schema-graph\">{\"@context\":\"https:\\\/\\\/schema.org\",\"@graph\":[{\"@type\":\"Article\",\"@id\":\"https:\\\/\\\/news.save.ch\\\/sonderschau-risikomanagement-von-naturgefahren\\\/#article\",\"isPartOf\":{\"@id\":\"https:\\\/\\\/news.save.ch\\\/sonderschau-risikomanagement-von-naturgefahren\\\/\"},\"author\":{\"name\":\"admin\",\"@id\":\"https:\\\/\\\/news.save.ch\\\/de\\\/#\\\/schema\\\/person\\\/d49e199490bad7c70d64b9ab51142f2b\"},\"headline\":\"Sonderschau \u201eRisikomanagement von Naturgefahren\u201c\",\"datePublished\":\"2015-08-25T10:04:18+00:00\",\"mainEntityOfPage\":{\"@id\":\"https:\\\/\\\/news.save.ch\\\/sonderschau-risikomanagement-von-naturgefahren\\\/\"},\"wordCount\":250,\"commentCount\":0,\"publisher\":{\"@id\":\"https:\\\/\\\/news.save.ch\\\/de\\\/#organization\"},\"image\":{\"@id\":\"https:\\\/\\\/news.save.ch\\\/sonderschau-risikomanagement-von-naturgefahren\\\/#primaryimage\"},\"thumbnailUrl\":\"https:\\\/\\\/news.save.ch\\\/wp-content\\\/uploads\\\/2016\\\/12\\\/Sonderschau-\u201eRisikomanagement-von-Naturgefahren-sicherheitsforum-scaled.jpg\",\"keywords\":[\"Aus- und Weiterbildung\",\"Naturgefahren\"],\"articleSection\":[\"ALLGEMEIN\"],\"inLanguage\":\"it-IT\"},{\"@type\":\"WebPage\",\"@id\":\"https:\\\/\\\/news.save.ch\\\/sonderschau-risikomanagement-von-naturgefahren\\\/\",\"url\":\"https:\\\/\\\/news.save.ch\\\/sonderschau-risikomanagement-von-naturgefahren\\\/\",\"name\":\"Sonderschau \u201eRisikomanagement von Naturgefahren\u201c - Save\",\"isPartOf\":{\"@id\":\"https:\\\/\\\/news.save.ch\\\/de\\\/#website\"},\"primaryImageOfPage\":{\"@id\":\"https:\\\/\\\/news.save.ch\\\/sonderschau-risikomanagement-von-naturgefahren\\\/#primaryimage\"},\"image\":{\"@id\":\"https:\\\/\\\/news.save.ch\\\/sonderschau-risikomanagement-von-naturgefahren\\\/#primaryimage\"},\"thumbnailUrl\":\"https:\\\/\\\/news.save.ch\\\/wp-content\\\/uploads\\\/2016\\\/12\\\/Sonderschau-\u201eRisikomanagement-von-Naturgefahren-sicherheitsforum-scaled.jpg\",\"datePublished\":\"2015-08-25T10:04:18+00:00\",\"description\":\"An der nationalen Fachmesse SICHERHEIT in Z\u00fcrich wird der Fokus der Sonderschau auf \u201eRisikomanagement von Naturgefahren\u201c gelegt.\",\"breadcrumb\":{\"@id\":\"https:\\\/\\\/news.save.ch\\\/sonderschau-risikomanagement-von-naturgefahren\\\/#breadcrumb\"},\"inLanguage\":\"it-IT\",\"potentialAction\":[{\"@type\":\"ReadAction\",\"target\":[\"https:\\\/\\\/news.save.ch\\\/sonderschau-risikomanagement-von-naturgefahren\\\/\"]}]},{\"@type\":\"ImageObject\",\"inLanguage\":\"it-IT\",\"@id\":\"https:\\\/\\\/news.save.ch\\\/sonderschau-risikomanagement-von-naturgefahren\\\/#primaryimage\",\"url\":\"https:\\\/\\\/news.save.ch\\\/wp-content\\\/uploads\\\/2016\\\/12\\\/Sonderschau-\u201eRisikomanagement-von-Naturgefahren-sicherheitsforum-scaled.jpg\",\"contentUrl\":\"https:\\\/\\\/news.save.ch\\\/wp-content\\\/uploads\\\/2016\\\/12\\\/Sonderschau-\u201eRisikomanagement-von-Naturgefahren-sicherheitsforum-scaled.jpg\",\"width\":1400,\"height\":860},{\"@type\":\"BreadcrumbList\",\"@id\":\"https:\\\/\\\/news.save.ch\\\/sonderschau-risikomanagement-von-naturgefahren\\\/#breadcrumb\",\"itemListElement\":[{\"@type\":\"ListItem\",\"position\":1,\"name\":\"Home\",\"item\":\"https:\\\/\\\/news.save.ch\\\/de\\\/\"},{\"@type\":\"ListItem\",\"position\":2,\"name\":\"Sonderschau \u201eRisikomanagement von Naturgefahren\u201c\"}]},{\"@type\":\"WebSite\",\"@id\":\"https:\\\/\\\/news.save.ch\\\/de\\\/#website\",\"url\":\"https:\\\/\\\/news.save.ch\\\/de\\\/\",\"name\":\"Save\",\"description\":\"Schweizer Fachzeitschrift f\u00fcr Sicherheit\",\"publisher\":{\"@id\":\"https:\\\/\\\/news.save.ch\\\/de\\\/#organization\"},\"potentialAction\":[{\"@type\":\"SearchAction\",\"target\":{\"@type\":\"EntryPoint\",\"urlTemplate\":\"https:\\\/\\\/news.save.ch\\\/de\\\/?s={search_term_string}\"},\"query-input\":{\"@type\":\"PropertyValueSpecification\",\"valueRequired\":true,\"valueName\":\"search_term_string\"}}],\"inLanguage\":\"it-IT\"},{\"@type\":\"Organization\",\"@id\":\"https:\\\/\\\/news.save.ch\\\/de\\\/#organization\",\"name\":\"Sicherheitsforum\",\"url\":\"https:\\\/\\\/news.save.ch\\\/de\\\/\",\"logo\":{\"@type\":\"ImageObject\",\"inLanguage\":\"it-IT\",\"@id\":\"https:\\\/\\\/news.save.ch\\\/de\\\/#\\\/schema\\\/logo\\\/image\\\/\",\"url\":\"https:\\\/\\\/news.save.ch\\\/wp-content\\\/uploads\\\/2022\\\/06\\\/Logo_SF_2012.png\",\"contentUrl\":\"https:\\\/\\\/news.save.ch\\\/wp-content\\\/uploads\\\/2022\\\/06\\\/Logo_SF_2012.png\",\"width\":1100,\"height\":91,\"caption\":\"Sicherheitsforum\"},\"image\":{\"@id\":\"https:\\\/\\\/news.save.ch\\\/de\\\/#\\\/schema\\\/logo\\\/image\\\/\"}},{\"@type\":\"Person\",\"@id\":\"https:\\\/\\\/news.save.ch\\\/de\\\/#\\\/schema\\\/person\\\/d49e199490bad7c70d64b9ab51142f2b\",\"name\":\"admin\",\"image\":{\"@type\":\"ImageObject\",\"inLanguage\":\"it-IT\",\"@id\":\"https:\\\/\\\/secure.gravatar.com\\\/avatar\\\/ae2f4d718e6c49043e314ce431e7e645d646302a24a5ef5a8bc8e3f5a032e319?s=96&d=mm&r=g\",\"url\":\"https:\\\/\\\/secure.gravatar.com\\\/avatar\\\/ae2f4d718e6c49043e314ce431e7e645d646302a24a5ef5a8bc8e3f5a032e319?s=96&d=mm&r=g\",\"contentUrl\":\"https:\\\/\\\/secure.gravatar.com\\\/avatar\\\/ae2f4d718e6c49043e314ce431e7e645d646302a24a5ef5a8bc8e3f5a032e319?s=96&d=mm&r=g\",\"caption\":\"admin\"},\"sameAs\":[\"https:\\\/\\\/develop.organisator.galledia.ch\"],\"url\":\"https:\\\/\\\/news.save.ch\\\/it\\\/author\\\/admin\\\/\"}]}<\/script>\n<!-- \/ Yoast SEO plugin. -->","yoast_head_json":{"title":"Mostra speciale \"Gestione dei rischi naturali\" - Salva","description":"Alla fiera nazionale SICHERHEIT di Zurigo, la mostra speciale sar\u00e0 incentrata sulla \"Gestione del rischio dei pericoli naturali\".","robots":{"index":"index","follow":"follow","max-snippet":"max-snippet:-1","max-image-preview":"max-image-preview:large","max-video-preview":"max-video-preview:-1"},"canonical":"https:\/\/news.save.ch\/it\/sonderschau-risikomanagement-von-naturgefahren\/","og_locale":"it_IT","og_type":"article","og_title":"Sonderschau \u201eRisikomanagement von Naturgefahren\u201c","og_description":"An der nationalen Fachmesse SICHERHEIT in Z\u00fcrich wird der Fokus der Sonderschau erneut auf \u201eRisikomanagement von Naturgefahren\u201c gelegt. Somit bietet der Anlass vom 10. bis 13. November 2015 eine ideale Plattform f\u00fcr den Austausch zwischen Gefahrenexperten und Sicherheitsbeauftragten, wie die Veranstalter schreiben.","og_url":"https:\/\/news.save.ch\/it\/sonderschau-risikomanagement-von-naturgefahren\/","og_site_name":"Save","article_published_time":"2015-08-25T10:04:18+00:00","og_image":[{"url":"https:\/\/sicherheitsforum.ch\/wp-content\/uploads\/2016\/12\/Sonderschau-\u201eRisikomanagement-von-Naturgefahren\u201c-sicherheitsforum.jpg","type":"","width":"","height":""}],"author":"admin","twitter_card":"summary_large_image","twitter_misc":{"Scritto da":"admin","Tempo di lettura stimato":"1 minuto"},"schema":{"@context":"https:\/\/schema.org","@graph":[{"@type":"Article","@id":"https:\/\/news.save.ch\/sonderschau-risikomanagement-von-naturgefahren\/#article","isPartOf":{"@id":"https:\/\/news.save.ch\/sonderschau-risikomanagement-von-naturgefahren\/"},"author":{"name":"admin","@id":"https:\/\/news.save.ch\/de\/#\/schema\/person\/d49e199490bad7c70d64b9ab51142f2b"},"headline":"Sonderschau \u201eRisikomanagement von Naturgefahren\u201c","datePublished":"2015-08-25T10:04:18+00:00","mainEntityOfPage":{"@id":"https:\/\/news.save.ch\/sonderschau-risikomanagement-von-naturgefahren\/"},"wordCount":250,"commentCount":0,"publisher":{"@id":"https:\/\/news.save.ch\/de\/#organization"},"image":{"@id":"https:\/\/news.save.ch\/sonderschau-risikomanagement-von-naturgefahren\/#primaryimage"},"thumbnailUrl":"https:\/\/news.save.ch\/wp-content\/uploads\/2016\/12\/Sonderschau-\u201eRisikomanagement-von-Naturgefahren-sicherheitsforum-scaled.jpg","keywords":["Aus- und Weiterbildung","Naturgefahren"],"articleSection":["ALLGEMEIN"],"inLanguage":"it-IT"},{"@type":"WebPage","@id":"https:\/\/news.save.ch\/sonderschau-risikomanagement-von-naturgefahren\/","url":"https:\/\/news.save.ch\/sonderschau-risikomanagement-von-naturgefahren\/","name":"Mostra speciale \"Gestione dei rischi naturali\" - Salva","isPartOf":{"@id":"https:\/\/news.save.ch\/de\/#website"},"primaryImageOfPage":{"@id":"https:\/\/news.save.ch\/sonderschau-risikomanagement-von-naturgefahren\/#primaryimage"},"image":{"@id":"https:\/\/news.save.ch\/sonderschau-risikomanagement-von-naturgefahren\/#primaryimage"},"thumbnailUrl":"https:\/\/news.save.ch\/wp-content\/uploads\/2016\/12\/Sonderschau-\u201eRisikomanagement-von-Naturgefahren-sicherheitsforum-scaled.jpg","datePublished":"2015-08-25T10:04:18+00:00","description":"Alla fiera nazionale SICHERHEIT di Zurigo, la mostra speciale sar\u00e0 incentrata sulla \"Gestione del rischio dei pericoli naturali\".","breadcrumb":{"@id":"https:\/\/news.save.ch\/sonderschau-risikomanagement-von-naturgefahren\/#breadcrumb"},"inLanguage":"it-IT","potentialAction":[{"@type":"ReadAction","target":["https:\/\/news.save.ch\/sonderschau-risikomanagement-von-naturgefahren\/"]}]},{"@type":"ImageObject","inLanguage":"it-IT","@id":"https:\/\/news.save.ch\/sonderschau-risikomanagement-von-naturgefahren\/#primaryimage","url":"https:\/\/news.save.ch\/wp-content\/uploads\/2016\/12\/Sonderschau-\u201eRisikomanagement-von-Naturgefahren-sicherheitsforum-scaled.jpg","contentUrl":"https:\/\/news.save.ch\/wp-content\/uploads\/2016\/12\/Sonderschau-\u201eRisikomanagement-von-Naturgefahren-sicherheitsforum-scaled.jpg","width":1400,"height":860},{"@type":"BreadcrumbList","@id":"https:\/\/news.save.ch\/sonderschau-risikomanagement-von-naturgefahren\/#breadcrumb","itemListElement":[{"@type":"ListItem","position":1,"name":"Home","item":"https:\/\/news.save.ch\/de\/"},{"@type":"ListItem","position":2,"name":"Sonderschau \u201eRisikomanagement von Naturgefahren\u201c"}]},{"@type":"WebSite","@id":"https:\/\/news.save.ch\/de\/#website","url":"https:\/\/news.save.ch\/de\/","name":"Risparmiare","description":"Rivista svizzera specializzata in sicurezza","publisher":{"@id":"https:\/\/news.save.ch\/de\/#organization"},"potentialAction":[{"@type":"SearchAction","target":{"@type":"EntryPoint","urlTemplate":"https:\/\/news.save.ch\/de\/?s={search_term_string}"},"query-input":{"@type":"PropertyValueSpecification","valueRequired":true,"valueName":"search_term_string"}}],"inLanguage":"it-IT"},{"@type":"Organization","@id":"https:\/\/news.save.ch\/de\/#organization","name":"Forum sulla sicurezza","url":"https:\/\/news.save.ch\/de\/","logo":{"@type":"ImageObject","inLanguage":"it-IT","@id":"https:\/\/news.save.ch\/de\/#\/schema\/logo\/image\/","url":"https:\/\/news.save.ch\/wp-content\/uploads\/2022\/06\/Logo_SF_2012.png","contentUrl":"https:\/\/news.save.ch\/wp-content\/uploads\/2022\/06\/Logo_SF_2012.png","width":1100,"height":91,"caption":"Sicherheitsforum"},"image":{"@id":"https:\/\/news.save.ch\/de\/#\/schema\/logo\/image\/"}},{"@type":"Person","@id":"https:\/\/news.save.ch\/de\/#\/schema\/person\/d49e199490bad7c70d64b9ab51142f2b","name":"amministratore","image":{"@type":"ImageObject","inLanguage":"it-IT","@id":"https:\/\/secure.gravatar.com\/avatar\/ae2f4d718e6c49043e314ce431e7e645d646302a24a5ef5a8bc8e3f5a032e319?s=96&d=mm&r=g","url":"https:\/\/secure.gravatar.com\/avatar\/ae2f4d718e6c49043e314ce431e7e645d646302a24a5ef5a8bc8e3f5a032e319?s=96&d=mm&r=g","contentUrl":"https:\/\/secure.gravatar.com\/avatar\/ae2f4d718e6c49043e314ce431e7e645d646302a24a5ef5a8bc8e3f5a032e319?s=96&d=mm&r=g","caption":"admin"},"sameAs":["https:\/\/develop.organisator.galledia.ch"],"url":"https:\/\/news.save.ch\/it\/author\/admin\/"}]}},"_links":{"self":[{"href":"https:\/\/news.save.ch\/it\/wp-json\/wp\/v2\/posts\/1661","targetHints":{"allow":["GET"]}}],"collection":[{"href":"https:\/\/news.save.ch\/it\/wp-json\/wp\/v2\/posts"}],"about":[{"href":"https:\/\/news.save.ch\/it\/wp-json\/wp\/v2\/types\/post"}],"author":[{"embeddable":true,"href":"https:\/\/news.save.ch\/it\/wp-json\/wp\/v2\/users\/1"}],"replies":[{"embeddable":true,"href":"https:\/\/news.save.ch\/it\/wp-json\/wp\/v2\/comments?post=1661"}],"version-history":[{"count":0,"href":"https:\/\/news.save.ch\/it\/wp-json\/wp\/v2\/posts\/1661\/revisions"}],"wp:featuredmedia":[{"embeddable":true,"href":"https:\/\/news.save.ch\/it\/wp-json\/wp\/v2\/media\/1663"}],"wp:attachment":[{"href":"https:\/\/news.save.ch\/it\/wp-json\/wp\/v2\/media?parent=1661"}],"wp:term":[{"taxonomy":"category","embeddable":true,"href":"https:\/\/news.save.ch\/it\/wp-json\/wp\/v2\/categories?post=1661"},{"taxonomy":"post_tag","embeddable":true,"href":"https:\/\/news.save.ch\/it\/wp-json\/wp\/v2\/tags?post=1661"}],"curies":[{"name":"wp","href":"https:\/\/api.w.org\/{rel}","templated":true}]}}