{"id":16618,"date":"2015-03-31T09:30:52","date_gmt":"2015-03-31T07:30:52","guid":{"rendered":"http:\/\/dev.safety-plus.ch\/?p=166"},"modified":"2023-05-31T16:39:39","modified_gmt":"2023-05-31T14:39:39","slug":"sicherheits-charta-begruesst-1000-mitglied","status":null,"type":"post","link":"https:\/\/news.save.ch\/it\/sicherheits-charta-begruesst-1000-mitglied\/","title":{"rendered":"La Carta della sicurezza accoglie il millesimo membro"},"content":{"rendered":"<figure id=\"attachment_167\" aria-describedby=\"caption-attachment-167\" style=\"width: 4724px\" class=\"wp-caption alignnone\"><a href=\"http:\/\/develop.safety-plus.ch\/wp-content\/uploads\/2016\/12\/Sicherheits-Charta_begru\u0308sst_1000._Mitglied_safety-plus.jpg\"><img loading=\"lazy\" decoding=\"async\" class=\"size-full wp-image-167\" src=\"http:\/\/develop.safety-plus.ch\/wp-content\/uploads\/2016\/12\/Sicherheits-Charta_begru\u0308sst_1000._Mitglied_safety-plus.jpg\" alt=\"\" width=\"4724\" height=\"3149\" \/><\/a><figcaption id=\"caption-attachment-167\" class=\"wp-caption-text\">Rappresentanti della Suva consegnano simbolicamente una copia sovradimensionata della Carta della sicurezza all'impresa edile \"Les Fils de L\u00e9on Sarrasin SA\" di Martigny.<\/figcaption><\/figure>\n<p>Ogni anno, circa 181.500 persone assicurate dalla Suva subiscono un infortunio sul lavoro. Si tratta di circa 100 vittime di infortuni per ora di lavoro. Con il lancio del <a href=\"http:\/\/www.sicherheits-charta.ch\/\" target=\"_blank\" data-cke-saved-href=\"http:\/\/www.sicherheits-charta.ch\/\" rel=\"noopener\">Carta della sicurezza<\/a> poco meno di quattro anni fa, il <a href=\"https:\/\/www.suva.ch\/\" target=\"_blank\" data-cke-saved-href=\"https:\/\/www.suva.ch\/\" rel=\"noopener\">Suva <\/a>insieme alle parti sociali, si \u00e8 posto l'obiettivo di ridurre queste cifre. Ora l'impresa edile \"Les Fils de L\u00e9on Sarrasin SA\" di Martigny ha firmato la carta come millesimo membro e si \u00e8 impegnata a radicare saldamente le regole di sicurezza in azienda.<\/p>\n<p>I rappresentanti della Suva hanno consegnato simbolicamente all'impresa di costruzioni di Martigny una copia in grandi dimensioni della Carta e hanno ringraziato l'impresa per il suo impegno. \"La Carta della sicurezza ha lo scopo di contribuire a consolidare l'accettazione e la comprensione delle regole di sicurezza nelle aziende. Inoltre, la Carta legittima tutte le persone coinvolte a dire basta in caso di pericolo e a continuare a lavorare solo quando la sicurezza \u00e8 stata ripristinata\", afferma Andr\u00e9 Meier, responsabile del dipartimento di sicurezza sul lavoro della Suva. Nessun lavoro \u00e8 cos\u00ec importante da mettere a rischio la propria salute o quella dei dipendenti, aggiunge Meier.<\/p>","protected":false},"excerpt":{"rendered":"<p>Pro Jahr verunfallen rund 181 500 Versicherte der Suva bei der Arbeit. Das sind rund 100 Unfallopfer pro Arbeitsstunde. Mit der Lancierung der Sicherheits-Charta vor knapp vier Jahren hat sich die Suva zusammen mit den Sozialpartnern zum Ziel gesetzt, diese Zahlen zu senken. Nun hat die Bauunternehmung \u00abLes Fils de L\u00e9on Sarrasin SA\u00bb in Martigny [&hellip;]<\/p>\n","protected":false},"author":1,"featured_media":167,"comment_status":"closed","ping_status":"closed","sticky":false,"template":"","format":"standard","meta":{"_acf_changed":false,"pgc_sgb_lightbox_settings":"","footnotes":""},"categories":[3314],"tags":[172,167],"class_list":["post-16618","post","type-post","status-publish","format-standard","has-post-thumbnail","hentry","category-health-safety","tag-arbeitssicherheit","tag-suva"],"acf":[],"hkrextid":null,"publication":null,"issue":null,"workflow":null,"startPage":null,"spitzmarke":null,"_posts_by_tag_page_fields":{"widget_title":"","widget_tags":""},"_at_widget":"1","_yoast_wpseo_primary_category":"5","_yoast_wpseo_focuskw_text_input":"Sicherheits-Charta","_yoast_wpseo_opengraph-image":null,"_yoast_wpseo_opengraph-description":null,"_yoast_wpseo_opengraph-title":null,"enclosure":null,"_yoast_wpseo_twitter-title":null,"_yoast_wpseo_twitter-description":null,"_yoast_wpseo_twitter-image":null,"_wp_old_slug":null,"_yoast_wpseo_title":null,"_yoast_wpseo_canonical":null,"yoast_head":"<!-- This site is optimized with the Yoast SEO plugin v27.4 - https:\/\/yoast.com\/product\/yoast-seo-wordpress\/ -->\n<title>Sicherheits-Charta begr\u00fcsst 1000. Mitglied - Save<\/title>\n<meta name=\"description\" content=\"Mit dem Bauunternehmen &quot;Les Fils de L\u00e9on Sarrasin SA&quot; unterzeichnet das 1000. Mitglied die Sicherheits-Charta der SUVA.\" \/>\n<meta name=\"robots\" content=\"index, follow, max-snippet:-1, max-image-preview:large, max-video-preview:-1\" \/>\n<link rel=\"canonical\" href=\"https:\/\/news.save.ch\/it\/sicherheits-charta-begruesst-1000-mitglied\/\" \/>\n<meta property=\"og:locale\" content=\"it_IT\" \/>\n<meta property=\"og:type\" content=\"article\" \/>\n<meta property=\"og:title\" content=\"Sicherheits-Charta begr\u00fcsst 1000. Mitglied - Save\" \/>\n<meta property=\"og:description\" content=\"Mit dem Bauunternehmen &quot;Les Fils de L\u00e9on Sarrasin SA&quot; unterzeichnet das 1000. Mitglied die Sicherheits-Charta der SUVA.\" \/>\n<meta property=\"og:url\" content=\"https:\/\/news.save.ch\/it\/sicherheits-charta-begruesst-1000-mitglied\/\" \/>\n<meta property=\"og:site_name\" content=\"Save\" \/>\n<meta property=\"article:published_time\" content=\"2015-03-31T07:30:52+00:00\" \/>\n<meta property=\"article:modified_time\" content=\"2023-05-31T14:39:39+00:00\" \/>\n<meta property=\"og:image\" content=\"https:\/\/news.save.ch\/wp-content\/uploads\/2016\/12\/Sicherheits-Charta_begruesst_1000._Mitglied_safety-plus-scaled-1.jpg\" \/>\n\t<meta property=\"og:image:width\" content=\"1200\" \/>\n\t<meta property=\"og:image:height\" content=\"800\" \/>\n\t<meta property=\"og:image:type\" content=\"image\/jpeg\" \/>\n<meta name=\"author\" content=\"admin\" \/>\n<meta name=\"twitter:card\" content=\"summary_large_image\" \/>\n<meta name=\"twitter:label1\" content=\"Scritto da\" \/>\n\t<meta name=\"twitter:data1\" content=\"admin\" \/>\n\t<meta name=\"twitter:label2\" content=\"Tempo di lettura stimato\" \/>\n\t<meta name=\"twitter:data2\" content=\"1 minuto\" \/>\n<script type=\"application\/ld+json\" class=\"yoast-schema-graph\">{\"@context\":\"https:\\\/\\\/schema.org\",\"@graph\":[{\"@type\":\"Article\",\"@id\":\"https:\\\/\\\/news.save.ch\\\/sicherheits-charta-begruesst-1000-mitglied\\\/#article\",\"isPartOf\":{\"@id\":\"https:\\\/\\\/news.save.ch\\\/sicherheits-charta-begruesst-1000-mitglied\\\/\"},\"author\":{\"name\":\"admin\",\"@id\":\"https:\\\/\\\/news.save.ch\\\/de\\\/#\\\/schema\\\/person\\\/d49e199490bad7c70d64b9ab51142f2b\"},\"headline\":\"Sicherheits-Charta begr\u00fcsst 1000. Mitglied\",\"datePublished\":\"2015-03-31T07:30:52+00:00\",\"dateModified\":\"2023-05-31T14:39:39+00:00\",\"mainEntityOfPage\":{\"@id\":\"https:\\\/\\\/news.save.ch\\\/sicherheits-charta-begruesst-1000-mitglied\\\/\"},\"wordCount\":197,\"publisher\":{\"@id\":\"https:\\\/\\\/news.save.ch\\\/de\\\/#organization\"},\"image\":{\"@id\":\"https:\\\/\\\/news.save.ch\\\/sicherheits-charta-begruesst-1000-mitglied\\\/#primaryimage\"},\"thumbnailUrl\":\"https:\\\/\\\/news.save.ch\\\/wp-content\\\/uploads\\\/2016\\\/12\\\/Sicherheits-Charta_begruesst_1000._Mitglied_safety-plus-scaled-1.jpg\",\"keywords\":[\"Arbeitssicherheit\",\"SUVA\"],\"articleSection\":[\"HEALTH &amp; SAFETY\"],\"inLanguage\":\"it-IT\"},{\"@type\":\"WebPage\",\"@id\":\"https:\\\/\\\/news.save.ch\\\/sicherheits-charta-begruesst-1000-mitglied\\\/\",\"url\":\"https:\\\/\\\/news.save.ch\\\/sicherheits-charta-begruesst-1000-mitglied\\\/\",\"name\":\"Sicherheits-Charta begr\u00fcsst 1000. Mitglied - Save\",\"isPartOf\":{\"@id\":\"https:\\\/\\\/news.save.ch\\\/de\\\/#website\"},\"primaryImageOfPage\":{\"@id\":\"https:\\\/\\\/news.save.ch\\\/sicherheits-charta-begruesst-1000-mitglied\\\/#primaryimage\"},\"image\":{\"@id\":\"https:\\\/\\\/news.save.ch\\\/sicherheits-charta-begruesst-1000-mitglied\\\/#primaryimage\"},\"thumbnailUrl\":\"https:\\\/\\\/news.save.ch\\\/wp-content\\\/uploads\\\/2016\\\/12\\\/Sicherheits-Charta_begruesst_1000._Mitglied_safety-plus-scaled-1.jpg\",\"datePublished\":\"2015-03-31T07:30:52+00:00\",\"dateModified\":\"2023-05-31T14:39:39+00:00\",\"description\":\"Mit dem Bauunternehmen \\\"Les Fils de L\u00e9on Sarrasin SA\\\" unterzeichnet das 1000. Mitglied die Sicherheits-Charta der SUVA.\",\"breadcrumb\":{\"@id\":\"https:\\\/\\\/news.save.ch\\\/sicherheits-charta-begruesst-1000-mitglied\\\/#breadcrumb\"},\"inLanguage\":\"it-IT\",\"potentialAction\":[{\"@type\":\"ReadAction\",\"target\":[\"https:\\\/\\\/news.save.ch\\\/sicherheits-charta-begruesst-1000-mitglied\\\/\"]}]},{\"@type\":\"ImageObject\",\"inLanguage\":\"it-IT\",\"@id\":\"https:\\\/\\\/news.save.ch\\\/sicherheits-charta-begruesst-1000-mitglied\\\/#primaryimage\",\"url\":\"https:\\\/\\\/news.save.ch\\\/wp-content\\\/uploads\\\/2016\\\/12\\\/Sicherheits-Charta_begruesst_1000._Mitglied_safety-plus-scaled-1.jpg\",\"contentUrl\":\"https:\\\/\\\/news.save.ch\\\/wp-content\\\/uploads\\\/2016\\\/12\\\/Sicherheits-Charta_begruesst_1000._Mitglied_safety-plus-scaled-1.jpg\",\"width\":1200,\"height\":800,\"caption\":\"Vertreter der Suva \u00fcbergeben der Bauunternehmung \u00abLes Fils de L\u00e9on Sarrasin SA\u00bb in Martigny symbolisch ein \u00fcbergrosses Exemplar der Sicherheits-Charta.\"},{\"@type\":\"BreadcrumbList\",\"@id\":\"https:\\\/\\\/news.save.ch\\\/sicherheits-charta-begruesst-1000-mitglied\\\/#breadcrumb\",\"itemListElement\":[{\"@type\":\"ListItem\",\"position\":1,\"name\":\"Home\",\"item\":\"https:\\\/\\\/news.save.ch\\\/de\\\/\"},{\"@type\":\"ListItem\",\"position\":2,\"name\":\"Sicherheits-Charta begr\u00fcsst 1000. Mitglied\"}]},{\"@type\":\"WebSite\",\"@id\":\"https:\\\/\\\/news.save.ch\\\/de\\\/#website\",\"url\":\"https:\\\/\\\/news.save.ch\\\/de\\\/\",\"name\":\"Save\",\"description\":\"Schweizer Fachzeitschrift f\u00fcr Sicherheit\",\"publisher\":{\"@id\":\"https:\\\/\\\/news.save.ch\\\/de\\\/#organization\"},\"potentialAction\":[{\"@type\":\"SearchAction\",\"target\":{\"@type\":\"EntryPoint\",\"urlTemplate\":\"https:\\\/\\\/news.save.ch\\\/de\\\/?s={search_term_string}\"},\"query-input\":{\"@type\":\"PropertyValueSpecification\",\"valueRequired\":true,\"valueName\":\"search_term_string\"}}],\"inLanguage\":\"it-IT\"},{\"@type\":\"Organization\",\"@id\":\"https:\\\/\\\/news.save.ch\\\/de\\\/#organization\",\"name\":\"Sicherheitsforum\",\"url\":\"https:\\\/\\\/news.save.ch\\\/de\\\/\",\"logo\":{\"@type\":\"ImageObject\",\"inLanguage\":\"it-IT\",\"@id\":\"https:\\\/\\\/news.save.ch\\\/de\\\/#\\\/schema\\\/logo\\\/image\\\/\",\"url\":\"https:\\\/\\\/news.save.ch\\\/wp-content\\\/uploads\\\/2022\\\/06\\\/Logo_SF_2012.png\",\"contentUrl\":\"https:\\\/\\\/news.save.ch\\\/wp-content\\\/uploads\\\/2022\\\/06\\\/Logo_SF_2012.png\",\"width\":1100,\"height\":91,\"caption\":\"Sicherheitsforum\"},\"image\":{\"@id\":\"https:\\\/\\\/news.save.ch\\\/de\\\/#\\\/schema\\\/logo\\\/image\\\/\"}},{\"@type\":\"Person\",\"@id\":\"https:\\\/\\\/news.save.ch\\\/de\\\/#\\\/schema\\\/person\\\/d49e199490bad7c70d64b9ab51142f2b\",\"name\":\"admin\",\"image\":{\"@type\":\"ImageObject\",\"inLanguage\":\"it-IT\",\"@id\":\"https:\\\/\\\/secure.gravatar.com\\\/avatar\\\/ae2f4d718e6c49043e314ce431e7e645d646302a24a5ef5a8bc8e3f5a032e319?s=96&d=mm&r=g\",\"url\":\"https:\\\/\\\/secure.gravatar.com\\\/avatar\\\/ae2f4d718e6c49043e314ce431e7e645d646302a24a5ef5a8bc8e3f5a032e319?s=96&d=mm&r=g\",\"contentUrl\":\"https:\\\/\\\/secure.gravatar.com\\\/avatar\\\/ae2f4d718e6c49043e314ce431e7e645d646302a24a5ef5a8bc8e3f5a032e319?s=96&d=mm&r=g\",\"caption\":\"admin\"},\"sameAs\":[\"https:\\\/\\\/develop.organisator.galledia.ch\"],\"url\":\"https:\\\/\\\/news.save.ch\\\/it\\\/author\\\/admin\\\/\"}]}<\/script>\n<!-- \/ Yoast SEO plugin. -->","yoast_head_json":{"title":"La Carta della Sicurezza accoglie il millesimo membro - Save","description":"Con l'impresa di costruzioni \"Les Fils de L\u00e9on Sarrasin SA\", il millesimo membro firma la Carta della sicurezza della SUVA.","robots":{"index":"index","follow":"follow","max-snippet":"max-snippet:-1","max-image-preview":"max-image-preview:large","max-video-preview":"max-video-preview:-1"},"canonical":"https:\/\/news.save.ch\/it\/sicherheits-charta-begruesst-1000-mitglied\/","og_locale":"it_IT","og_type":"article","og_title":"Sicherheits-Charta begr\u00fcsst 1000. Mitglied - Save","og_description":"Mit dem Bauunternehmen \"Les Fils de L\u00e9on Sarrasin SA\" unterzeichnet das 1000. Mitglied die Sicherheits-Charta der SUVA.","og_url":"https:\/\/news.save.ch\/it\/sicherheits-charta-begruesst-1000-mitglied\/","og_site_name":"Save","article_published_time":"2015-03-31T07:30:52+00:00","article_modified_time":"2023-05-31T14:39:39+00:00","og_image":[{"width":1200,"height":800,"url":"https:\/\/news.save.ch\/wp-content\/uploads\/2016\/12\/Sicherheits-Charta_begruesst_1000._Mitglied_safety-plus-scaled-1.jpg","type":"image\/jpeg"}],"author":"admin","twitter_card":"summary_large_image","twitter_misc":{"Scritto da":"admin","Tempo di lettura stimato":"1 minuto"},"schema":{"@context":"https:\/\/schema.org","@graph":[{"@type":"Article","@id":"https:\/\/news.save.ch\/sicherheits-charta-begruesst-1000-mitglied\/#article","isPartOf":{"@id":"https:\/\/news.save.ch\/sicherheits-charta-begruesst-1000-mitglied\/"},"author":{"name":"admin","@id":"https:\/\/news.save.ch\/de\/#\/schema\/person\/d49e199490bad7c70d64b9ab51142f2b"},"headline":"Sicherheits-Charta begr\u00fcsst 1000. Mitglied","datePublished":"2015-03-31T07:30:52+00:00","dateModified":"2023-05-31T14:39:39+00:00","mainEntityOfPage":{"@id":"https:\/\/news.save.ch\/sicherheits-charta-begruesst-1000-mitglied\/"},"wordCount":197,"publisher":{"@id":"https:\/\/news.save.ch\/de\/#organization"},"image":{"@id":"https:\/\/news.save.ch\/sicherheits-charta-begruesst-1000-mitglied\/#primaryimage"},"thumbnailUrl":"https:\/\/news.save.ch\/wp-content\/uploads\/2016\/12\/Sicherheits-Charta_begruesst_1000._Mitglied_safety-plus-scaled-1.jpg","keywords":["Arbeitssicherheit","SUVA"],"articleSection":["HEALTH &amp; SAFETY"],"inLanguage":"it-IT"},{"@type":"WebPage","@id":"https:\/\/news.save.ch\/sicherheits-charta-begruesst-1000-mitglied\/","url":"https:\/\/news.save.ch\/sicherheits-charta-begruesst-1000-mitglied\/","name":"La Carta della Sicurezza accoglie il millesimo membro - Save","isPartOf":{"@id":"https:\/\/news.save.ch\/de\/#website"},"primaryImageOfPage":{"@id":"https:\/\/news.save.ch\/sicherheits-charta-begruesst-1000-mitglied\/#primaryimage"},"image":{"@id":"https:\/\/news.save.ch\/sicherheits-charta-begruesst-1000-mitglied\/#primaryimage"},"thumbnailUrl":"https:\/\/news.save.ch\/wp-content\/uploads\/2016\/12\/Sicherheits-Charta_begruesst_1000._Mitglied_safety-plus-scaled-1.jpg","datePublished":"2015-03-31T07:30:52+00:00","dateModified":"2023-05-31T14:39:39+00:00","description":"Con l'impresa di costruzioni \"Les Fils de L\u00e9on Sarrasin SA\", il millesimo membro firma la Carta della sicurezza della SUVA.","breadcrumb":{"@id":"https:\/\/news.save.ch\/sicherheits-charta-begruesst-1000-mitglied\/#breadcrumb"},"inLanguage":"it-IT","potentialAction":[{"@type":"ReadAction","target":["https:\/\/news.save.ch\/sicherheits-charta-begruesst-1000-mitglied\/"]}]},{"@type":"ImageObject","inLanguage":"it-IT","@id":"https:\/\/news.save.ch\/sicherheits-charta-begruesst-1000-mitglied\/#primaryimage","url":"https:\/\/news.save.ch\/wp-content\/uploads\/2016\/12\/Sicherheits-Charta_begruesst_1000._Mitglied_safety-plus-scaled-1.jpg","contentUrl":"https:\/\/news.save.ch\/wp-content\/uploads\/2016\/12\/Sicherheits-Charta_begruesst_1000._Mitglied_safety-plus-scaled-1.jpg","width":1200,"height":800,"caption":"Vertreter der Suva \u00fcbergeben der Bauunternehmung \u00abLes Fils de L\u00e9on Sarrasin SA\u00bb in Martigny symbolisch ein \u00fcbergrosses Exemplar der Sicherheits-Charta."},{"@type":"BreadcrumbList","@id":"https:\/\/news.save.ch\/sicherheits-charta-begruesst-1000-mitglied\/#breadcrumb","itemListElement":[{"@type":"ListItem","position":1,"name":"Home","item":"https:\/\/news.save.ch\/de\/"},{"@type":"ListItem","position":2,"name":"Sicherheits-Charta begr\u00fcsst 1000. Mitglied"}]},{"@type":"WebSite","@id":"https:\/\/news.save.ch\/de\/#website","url":"https:\/\/news.save.ch\/de\/","name":"Risparmiare","description":"Rivista svizzera specializzata in sicurezza","publisher":{"@id":"https:\/\/news.save.ch\/de\/#organization"},"potentialAction":[{"@type":"SearchAction","target":{"@type":"EntryPoint","urlTemplate":"https:\/\/news.save.ch\/de\/?s={search_term_string}"},"query-input":{"@type":"PropertyValueSpecification","valueRequired":true,"valueName":"search_term_string"}}],"inLanguage":"it-IT"},{"@type":"Organization","@id":"https:\/\/news.save.ch\/de\/#organization","name":"Forum sulla sicurezza","url":"https:\/\/news.save.ch\/de\/","logo":{"@type":"ImageObject","inLanguage":"it-IT","@id":"https:\/\/news.save.ch\/de\/#\/schema\/logo\/image\/","url":"https:\/\/news.save.ch\/wp-content\/uploads\/2022\/06\/Logo_SF_2012.png","contentUrl":"https:\/\/news.save.ch\/wp-content\/uploads\/2022\/06\/Logo_SF_2012.png","width":1100,"height":91,"caption":"Sicherheitsforum"},"image":{"@id":"https:\/\/news.save.ch\/de\/#\/schema\/logo\/image\/"}},{"@type":"Person","@id":"https:\/\/news.save.ch\/de\/#\/schema\/person\/d49e199490bad7c70d64b9ab51142f2b","name":"amministratore","image":{"@type":"ImageObject","inLanguage":"it-IT","@id":"https:\/\/secure.gravatar.com\/avatar\/ae2f4d718e6c49043e314ce431e7e645d646302a24a5ef5a8bc8e3f5a032e319?s=96&d=mm&r=g","url":"https:\/\/secure.gravatar.com\/avatar\/ae2f4d718e6c49043e314ce431e7e645d646302a24a5ef5a8bc8e3f5a032e319?s=96&d=mm&r=g","contentUrl":"https:\/\/secure.gravatar.com\/avatar\/ae2f4d718e6c49043e314ce431e7e645d646302a24a5ef5a8bc8e3f5a032e319?s=96&d=mm&r=g","caption":"admin"},"sameAs":["https:\/\/develop.organisator.galledia.ch"],"url":"https:\/\/news.save.ch\/it\/author\/admin\/"}]}},"_links":{"self":[{"href":"https:\/\/news.save.ch\/it\/wp-json\/wp\/v2\/posts\/16618","targetHints":{"allow":["GET"]}}],"collection":[{"href":"https:\/\/news.save.ch\/it\/wp-json\/wp\/v2\/posts"}],"about":[{"href":"https:\/\/news.save.ch\/it\/wp-json\/wp\/v2\/types\/post"}],"author":[{"embeddable":true,"href":"https:\/\/news.save.ch\/it\/wp-json\/wp\/v2\/users\/1"}],"replies":[{"embeddable":true,"href":"https:\/\/news.save.ch\/it\/wp-json\/wp\/v2\/comments?post=16618"}],"version-history":[{"count":1,"href":"https:\/\/news.save.ch\/it\/wp-json\/wp\/v2\/posts\/16618\/revisions"}],"predecessor-version":[{"id":18414,"href":"https:\/\/news.save.ch\/it\/wp-json\/wp\/v2\/posts\/16618\/revisions\/18414"}],"wp:featuredmedia":[{"embeddable":true,"href":"https:\/\/news.save.ch\/it\/wp-json\/wp\/v2\/media\/167"}],"wp:attachment":[{"href":"https:\/\/news.save.ch\/it\/wp-json\/wp\/v2\/media?parent=16618"}],"wp:term":[{"taxonomy":"category","embeddable":true,"href":"https:\/\/news.save.ch\/it\/wp-json\/wp\/v2\/categories?post=16618"},{"taxonomy":"post_tag","embeddable":true,"href":"https:\/\/news.save.ch\/it\/wp-json\/wp\/v2\/tags?post=16618"}],"curies":[{"name":"wp","href":"https:\/\/api.w.org\/{rel}","templated":true}]}}