{"id":16640,"date":"2015-04-29T10:24:31","date_gmt":"2015-04-29T08:24:31","guid":{"rendered":"http:\/\/dev.safety-plus.ch\/?p=226"},"modified":"2023-03-14T09:03:07","modified_gmt":"2023-03-14T08:03:07","slug":"tag-des-laerms-ruhezeiten-einhalten","status":null,"type":"post","link":"https:\/\/news.save.ch\/it\/tag-des-laerms-ruhezeiten-einhalten\/","title":{"rendered":"Giornata del rumore: rispettate i tempi di silenzio!"},"content":{"rendered":"<figure id=\"attachment_227\" aria-describedby=\"caption-attachment-227\" style=\"width: 680px\" class=\"wp-caption alignnone\"><img loading=\"lazy\" decoding=\"async\" class=\"wp-image-227 size-medium\" src=\"http:\/\/develop.safety-plus.ch\/wp-content\/uploads\/2016\/12\/Tag-des-Laerms-Ruhezeiten-einhalten_safety-plus.jpeg\" alt=\"Il rumore notturno toglie il sonno e pu\u00f2 essere pericoloso.\" width=\"680\" height=\"453\" \/><figcaption id=\"caption-attachment-227\" class=\"wp-caption-text\">Il rumore notturno toglie il sonno e pu\u00f2 essere pericoloso.<\/figcaption><\/figure>\n<p>Oggi <a href=\"http:\/\/www.laerm.ch\/de\/tag-gegen-laerm\/tag-gegen-laerm-2015\/tag-gegen-laerm-2015.html\" target=\"_blank\" data-cke-saved-href=\"http:\/\/www.laerm.ch\/de\/tag-gegen-laerm\/tag-gegen-laerm-2015\/tag-gegen-laerm-2015.html\" rel=\"noopener\">Giornata del rumore<\/a> chiede che si tenga conto delle esigenze di riposo dei residenti locali, anche quando escono.<\/p>\n<p>I nottambuli, ad esempio, dovrebbero comportarsi in modo tranquillo all'esterno durante le ore di silenzio notturno, dalle 22.00 alle 6.00, soprattutto quando fumano davanti alla porta o quando escono dal locale. Gli organizzatori e gli esercizi commerciali sono inoltre invitati a tenere la musica e i film ad alto volume al chiuso durante questo periodo.<\/p>\n<p>Questo non serve solo alla qualit\u00e0 della vita dei residenti, ma anche alla loro salute e sicurezza: da un lato, secondo gli studi, dormire a sufficienza \u00e8 indispensabile per la salute fisica e mentale. Ad esempio, una persistente mancanza di sonno aumenta il rischio di diabete e depressione, e un sonno troppo scarso vanifica anche gli sforzi per perdere peso.<\/p>\n<p>D'altra parte, la stanchezza aumenta anche il rischio di incidenti: sia nel tragitto verso il lavoro, sia nel tempo libero o sul lavoro stesso. Uno studio condotto in Austria, ad esempio, dimostra che un incidente stradale e lavorativo su tre \u00e8 stato causato dalla mancanza di sonno. Questo dimostra chiaramente che la qualit\u00e0 del sonno non \u00e8 una questione banale.<\/p>","protected":false},"excerpt":{"rendered":"<p>Der heutige Tag des L\u00e4rms ruft dazu auf, auch im Ausgang auf die Schlafbed\u00fcrfnisse der Anwohner R\u00fccksicht zu nehmen. So sollen Nachtschw\u00e4rmer sich draussen w\u00e4hrend der Nachtruhezeiten von 22 und 6 Uhr ruhig verhalten, insbesondere beim Rauchen vor der T\u00fcr oder beim Verlassens des Lokals. Auch die Veranstalter und Betriebe sind gefragt: Musik und laute [&hellip;]<\/p>\n","protected":false},"author":1,"featured_media":227,"comment_status":"open","ping_status":"open","sticky":false,"template":"","format":"standard","meta":{"_acf_changed":false,"pgc_sgb_lightbox_settings":"","footnotes":""},"categories":[3314],"tags":[172,149],"class_list":["post-16640","post","type-post","status-publish","format-standard","has-post-thumbnail","hentry","category-health-safety","tag-arbeitssicherheit","tag-gesundheitsschutz"],"acf":[],"hkrextid":null,"publication":null,"issue":null,"workflow":null,"startPage":null,"spitzmarke":null,"_posts_by_tag_page_fields":{"widget_title":"","widget_tags":""},"_at_widget":"1","_yoast_wpseo_primary_category":"5","_yoast_wpseo_focuskw_text_input":"Tag des L\u00e4rms","_yoast_wpseo_opengraph-image":null,"_yoast_wpseo_opengraph-description":null,"_yoast_wpseo_opengraph-title":null,"enclosure":null,"_yoast_wpseo_twitter-title":null,"_yoast_wpseo_twitter-description":null,"_yoast_wpseo_twitter-image":null,"_wp_old_slug":null,"_yoast_wpseo_title":null,"_yoast_wpseo_canonical":null,"yoast_head":"<!-- This site is optimized with the Yoast SEO plugin v27.4 - https:\/\/yoast.com\/product\/yoast-seo-wordpress\/ -->\n<title>Tag des L\u00e4rms: Ruhezeiten einhalten! - Save<\/title>\n<meta name=\"description\" content=\"Wer nicht genug schl\u00e4ft, ist weniger leistungsf\u00e4hig; anf\u00e4lliger auf Unf\u00e4lle. Der Tag des L\u00e4rms ruft zur R\u00fccksicht der Nachtschw\u00e4rmer gegen\u00fcber Anwohner auf.\" \/>\n<meta name=\"robots\" content=\"index, follow, max-snippet:-1, max-image-preview:large, max-video-preview:-1\" \/>\n<link rel=\"canonical\" href=\"https:\/\/news.save.ch\/it\/tag-des-laerms-ruhezeiten-einhalten\/\" \/>\n<meta property=\"og:locale\" content=\"it_IT\" \/>\n<meta property=\"og:type\" content=\"article\" \/>\n<meta property=\"og:title\" content=\"Tag des L\u00e4rms: Ruhezeiten einhalten! - Save\" \/>\n<meta property=\"og:description\" content=\"Wer nicht genug schl\u00e4ft, ist weniger leistungsf\u00e4hig; anf\u00e4lliger auf Unf\u00e4lle. Der Tag des L\u00e4rms ruft zur R\u00fccksicht der Nachtschw\u00e4rmer gegen\u00fcber Anwohner auf.\" \/>\n<meta property=\"og:url\" content=\"https:\/\/news.save.ch\/it\/tag-des-laerms-ruhezeiten-einhalten\/\" \/>\n<meta property=\"og:site_name\" content=\"Save\" \/>\n<meta property=\"article:published_time\" content=\"2015-04-29T08:24:31+00:00\" \/>\n<meta property=\"article:modified_time\" content=\"2023-03-14T08:03:07+00:00\" \/>\n<meta property=\"og:image\" content=\"https:\/\/news.save.ch\/wp-content\/uploads\/2016\/12\/Tag-des-Laerms-Ruhezeiten-einhalten_safety-plus-scaled-1.jpeg\" \/>\n\t<meta property=\"og:image:width\" content=\"1200\" \/>\n\t<meta property=\"og:image:height\" content=\"801\" \/>\n\t<meta property=\"og:image:type\" content=\"image\/jpeg\" \/>\n<meta name=\"author\" content=\"admin\" \/>\n<meta name=\"twitter:card\" content=\"summary_large_image\" \/>\n<meta name=\"twitter:label1\" content=\"Scritto da\" \/>\n\t<meta name=\"twitter:data1\" content=\"admin\" \/>\n\t<meta name=\"twitter:label2\" content=\"Tempo di lettura stimato\" \/>\n\t<meta name=\"twitter:data2\" content=\"1 minuto\" \/>\n<script type=\"application\/ld+json\" class=\"yoast-schema-graph\">{\"@context\":\"https:\\\/\\\/schema.org\",\"@graph\":[{\"@type\":\"Article\",\"@id\":\"https:\\\/\\\/news.save.ch\\\/tag-des-laerms-ruhezeiten-einhalten\\\/#article\",\"isPartOf\":{\"@id\":\"https:\\\/\\\/news.save.ch\\\/tag-des-laerms-ruhezeiten-einhalten\\\/\"},\"author\":{\"name\":\"admin\",\"@id\":\"https:\\\/\\\/news.save.ch\\\/de\\\/#\\\/schema\\\/person\\\/d49e199490bad7c70d64b9ab51142f2b\"},\"headline\":\"Tag des L\u00e4rms: Ruhezeiten einhalten!\",\"datePublished\":\"2015-04-29T08:24:31+00:00\",\"dateModified\":\"2023-03-14T08:03:07+00:00\",\"mainEntityOfPage\":{\"@id\":\"https:\\\/\\\/news.save.ch\\\/tag-des-laerms-ruhezeiten-einhalten\\\/\"},\"wordCount\":197,\"commentCount\":0,\"publisher\":{\"@id\":\"https:\\\/\\\/news.save.ch\\\/de\\\/#organization\"},\"image\":{\"@id\":\"https:\\\/\\\/news.save.ch\\\/tag-des-laerms-ruhezeiten-einhalten\\\/#primaryimage\"},\"thumbnailUrl\":\"https:\\\/\\\/news.save.ch\\\/wp-content\\\/uploads\\\/2016\\\/12\\\/Tag-des-Laerms-Ruhezeiten-einhalten_safety-plus-scaled-1.jpeg\",\"keywords\":[\"Arbeitssicherheit\",\"Gesundheitsschutz\"],\"articleSection\":[\"HEALTH &amp; SAFETY\"],\"inLanguage\":\"it-IT\"},{\"@type\":\"WebPage\",\"@id\":\"https:\\\/\\\/news.save.ch\\\/tag-des-laerms-ruhezeiten-einhalten\\\/\",\"url\":\"https:\\\/\\\/news.save.ch\\\/tag-des-laerms-ruhezeiten-einhalten\\\/\",\"name\":\"Tag des L\u00e4rms: Ruhezeiten einhalten! - Save\",\"isPartOf\":{\"@id\":\"https:\\\/\\\/news.save.ch\\\/de\\\/#website\"},\"primaryImageOfPage\":{\"@id\":\"https:\\\/\\\/news.save.ch\\\/tag-des-laerms-ruhezeiten-einhalten\\\/#primaryimage\"},\"image\":{\"@id\":\"https:\\\/\\\/news.save.ch\\\/tag-des-laerms-ruhezeiten-einhalten\\\/#primaryimage\"},\"thumbnailUrl\":\"https:\\\/\\\/news.save.ch\\\/wp-content\\\/uploads\\\/2016\\\/12\\\/Tag-des-Laerms-Ruhezeiten-einhalten_safety-plus-scaled-1.jpeg\",\"datePublished\":\"2015-04-29T08:24:31+00:00\",\"dateModified\":\"2023-03-14T08:03:07+00:00\",\"description\":\"Wer nicht genug schl\u00e4ft, ist weniger leistungsf\u00e4hig; anf\u00e4lliger auf Unf\u00e4lle. Der Tag des L\u00e4rms ruft zur R\u00fccksicht der Nachtschw\u00e4rmer gegen\u00fcber Anwohner auf.\",\"breadcrumb\":{\"@id\":\"https:\\\/\\\/news.save.ch\\\/tag-des-laerms-ruhezeiten-einhalten\\\/#breadcrumb\"},\"inLanguage\":\"it-IT\",\"potentialAction\":[{\"@type\":\"ReadAction\",\"target\":[\"https:\\\/\\\/news.save.ch\\\/tag-des-laerms-ruhezeiten-einhalten\\\/\"]}]},{\"@type\":\"ImageObject\",\"inLanguage\":\"it-IT\",\"@id\":\"https:\\\/\\\/news.save.ch\\\/tag-des-laerms-ruhezeiten-einhalten\\\/#primaryimage\",\"url\":\"https:\\\/\\\/news.save.ch\\\/wp-content\\\/uploads\\\/2016\\\/12\\\/Tag-des-Laerms-Ruhezeiten-einhalten_safety-plus-scaled-1.jpeg\",\"contentUrl\":\"https:\\\/\\\/news.save.ch\\\/wp-content\\\/uploads\\\/2016\\\/12\\\/Tag-des-Laerms-Ruhezeiten-einhalten_safety-plus-scaled-1.jpeg\",\"width\":1200,\"height\":801,\"caption\":\"N\u00e4chtlicher L\u00e4rm raubt den Schlaf - und das kann gef\u00e4hrlich sein.\"},{\"@type\":\"BreadcrumbList\",\"@id\":\"https:\\\/\\\/news.save.ch\\\/tag-des-laerms-ruhezeiten-einhalten\\\/#breadcrumb\",\"itemListElement\":[{\"@type\":\"ListItem\",\"position\":1,\"name\":\"Home\",\"item\":\"https:\\\/\\\/news.save.ch\\\/de\\\/\"},{\"@type\":\"ListItem\",\"position\":2,\"name\":\"Tag des L\u00e4rms: Ruhezeiten einhalten!\"}]},{\"@type\":\"WebSite\",\"@id\":\"https:\\\/\\\/news.save.ch\\\/de\\\/#website\",\"url\":\"https:\\\/\\\/news.save.ch\\\/de\\\/\",\"name\":\"Save\",\"description\":\"Schweizer Fachzeitschrift f\u00fcr Sicherheit\",\"publisher\":{\"@id\":\"https:\\\/\\\/news.save.ch\\\/de\\\/#organization\"},\"potentialAction\":[{\"@type\":\"SearchAction\",\"target\":{\"@type\":\"EntryPoint\",\"urlTemplate\":\"https:\\\/\\\/news.save.ch\\\/de\\\/?s={search_term_string}\"},\"query-input\":{\"@type\":\"PropertyValueSpecification\",\"valueRequired\":true,\"valueName\":\"search_term_string\"}}],\"inLanguage\":\"it-IT\"},{\"@type\":\"Organization\",\"@id\":\"https:\\\/\\\/news.save.ch\\\/de\\\/#organization\",\"name\":\"Sicherheitsforum\",\"url\":\"https:\\\/\\\/news.save.ch\\\/de\\\/\",\"logo\":{\"@type\":\"ImageObject\",\"inLanguage\":\"it-IT\",\"@id\":\"https:\\\/\\\/news.save.ch\\\/de\\\/#\\\/schema\\\/logo\\\/image\\\/\",\"url\":\"https:\\\/\\\/news.save.ch\\\/wp-content\\\/uploads\\\/2022\\\/06\\\/Logo_SF_2012.png\",\"contentUrl\":\"https:\\\/\\\/news.save.ch\\\/wp-content\\\/uploads\\\/2022\\\/06\\\/Logo_SF_2012.png\",\"width\":1100,\"height\":91,\"caption\":\"Sicherheitsforum\"},\"image\":{\"@id\":\"https:\\\/\\\/news.save.ch\\\/de\\\/#\\\/schema\\\/logo\\\/image\\\/\"}},{\"@type\":\"Person\",\"@id\":\"https:\\\/\\\/news.save.ch\\\/de\\\/#\\\/schema\\\/person\\\/d49e199490bad7c70d64b9ab51142f2b\",\"name\":\"admin\",\"image\":{\"@type\":\"ImageObject\",\"inLanguage\":\"it-IT\",\"@id\":\"https:\\\/\\\/secure.gravatar.com\\\/avatar\\\/ae2f4d718e6c49043e314ce431e7e645d646302a24a5ef5a8bc8e3f5a032e319?s=96&d=mm&r=g\",\"url\":\"https:\\\/\\\/secure.gravatar.com\\\/avatar\\\/ae2f4d718e6c49043e314ce431e7e645d646302a24a5ef5a8bc8e3f5a032e319?s=96&d=mm&r=g\",\"contentUrl\":\"https:\\\/\\\/secure.gravatar.com\\\/avatar\\\/ae2f4d718e6c49043e314ce431e7e645d646302a24a5ef5a8bc8e3f5a032e319?s=96&d=mm&r=g\",\"caption\":\"admin\"},\"sameAs\":[\"https:\\\/\\\/develop.organisator.galledia.ch\"],\"url\":\"https:\\\/\\\/news.save.ch\\\/it\\\/author\\\/admin\\\/\"}]}<\/script>\n<!-- \/ Yoast SEO plugin. -->","yoast_head_json":{"title":"Giornata del rumore: rispettate i tempi di silenzio! - Risparmiare","description":"Chi non dorme abbastanza \u00e8 meno efficiente e pi\u00f9 soggetto a incidenti. La Giornata del Rumore invita a considerare i nottambuli nei confronti dei residenti.","robots":{"index":"index","follow":"follow","max-snippet":"max-snippet:-1","max-image-preview":"max-image-preview:large","max-video-preview":"max-video-preview:-1"},"canonical":"https:\/\/news.save.ch\/it\/tag-des-laerms-ruhezeiten-einhalten\/","og_locale":"it_IT","og_type":"article","og_title":"Tag des L\u00e4rms: Ruhezeiten einhalten! - Save","og_description":"Wer nicht genug schl\u00e4ft, ist weniger leistungsf\u00e4hig; anf\u00e4lliger auf Unf\u00e4lle. Der Tag des L\u00e4rms ruft zur R\u00fccksicht der Nachtschw\u00e4rmer gegen\u00fcber Anwohner auf.","og_url":"https:\/\/news.save.ch\/it\/tag-des-laerms-ruhezeiten-einhalten\/","og_site_name":"Save","article_published_time":"2015-04-29T08:24:31+00:00","article_modified_time":"2023-03-14T08:03:07+00:00","og_image":[{"width":1200,"height":801,"url":"https:\/\/news.save.ch\/wp-content\/uploads\/2016\/12\/Tag-des-Laerms-Ruhezeiten-einhalten_safety-plus-scaled-1.jpeg","type":"image\/jpeg"}],"author":"admin","twitter_card":"summary_large_image","twitter_misc":{"Scritto da":"admin","Tempo di lettura stimato":"1 minuto"},"schema":{"@context":"https:\/\/schema.org","@graph":[{"@type":"Article","@id":"https:\/\/news.save.ch\/tag-des-laerms-ruhezeiten-einhalten\/#article","isPartOf":{"@id":"https:\/\/news.save.ch\/tag-des-laerms-ruhezeiten-einhalten\/"},"author":{"name":"admin","@id":"https:\/\/news.save.ch\/de\/#\/schema\/person\/d49e199490bad7c70d64b9ab51142f2b"},"headline":"Tag des L\u00e4rms: Ruhezeiten einhalten!","datePublished":"2015-04-29T08:24:31+00:00","dateModified":"2023-03-14T08:03:07+00:00","mainEntityOfPage":{"@id":"https:\/\/news.save.ch\/tag-des-laerms-ruhezeiten-einhalten\/"},"wordCount":197,"commentCount":0,"publisher":{"@id":"https:\/\/news.save.ch\/de\/#organization"},"image":{"@id":"https:\/\/news.save.ch\/tag-des-laerms-ruhezeiten-einhalten\/#primaryimage"},"thumbnailUrl":"https:\/\/news.save.ch\/wp-content\/uploads\/2016\/12\/Tag-des-Laerms-Ruhezeiten-einhalten_safety-plus-scaled-1.jpeg","keywords":["Arbeitssicherheit","Gesundheitsschutz"],"articleSection":["HEALTH &amp; SAFETY"],"inLanguage":"it-IT"},{"@type":"WebPage","@id":"https:\/\/news.save.ch\/tag-des-laerms-ruhezeiten-einhalten\/","url":"https:\/\/news.save.ch\/tag-des-laerms-ruhezeiten-einhalten\/","name":"Giornata del rumore: rispettate i tempi di silenzio! - Risparmiare","isPartOf":{"@id":"https:\/\/news.save.ch\/de\/#website"},"primaryImageOfPage":{"@id":"https:\/\/news.save.ch\/tag-des-laerms-ruhezeiten-einhalten\/#primaryimage"},"image":{"@id":"https:\/\/news.save.ch\/tag-des-laerms-ruhezeiten-einhalten\/#primaryimage"},"thumbnailUrl":"https:\/\/news.save.ch\/wp-content\/uploads\/2016\/12\/Tag-des-Laerms-Ruhezeiten-einhalten_safety-plus-scaled-1.jpeg","datePublished":"2015-04-29T08:24:31+00:00","dateModified":"2023-03-14T08:03:07+00:00","description":"Chi non dorme abbastanza \u00e8 meno efficiente e pi\u00f9 soggetto a incidenti. La Giornata del Rumore invita a considerare i nottambuli nei confronti dei residenti.","breadcrumb":{"@id":"https:\/\/news.save.ch\/tag-des-laerms-ruhezeiten-einhalten\/#breadcrumb"},"inLanguage":"it-IT","potentialAction":[{"@type":"ReadAction","target":["https:\/\/news.save.ch\/tag-des-laerms-ruhezeiten-einhalten\/"]}]},{"@type":"ImageObject","inLanguage":"it-IT","@id":"https:\/\/news.save.ch\/tag-des-laerms-ruhezeiten-einhalten\/#primaryimage","url":"https:\/\/news.save.ch\/wp-content\/uploads\/2016\/12\/Tag-des-Laerms-Ruhezeiten-einhalten_safety-plus-scaled-1.jpeg","contentUrl":"https:\/\/news.save.ch\/wp-content\/uploads\/2016\/12\/Tag-des-Laerms-Ruhezeiten-einhalten_safety-plus-scaled-1.jpeg","width":1200,"height":801,"caption":"N\u00e4chtlicher L\u00e4rm raubt den Schlaf - und das kann gef\u00e4hrlich sein."},{"@type":"BreadcrumbList","@id":"https:\/\/news.save.ch\/tag-des-laerms-ruhezeiten-einhalten\/#breadcrumb","itemListElement":[{"@type":"ListItem","position":1,"name":"Home","item":"https:\/\/news.save.ch\/de\/"},{"@type":"ListItem","position":2,"name":"Tag des L\u00e4rms: Ruhezeiten einhalten!"}]},{"@type":"WebSite","@id":"https:\/\/news.save.ch\/de\/#website","url":"https:\/\/news.save.ch\/de\/","name":"Risparmiare","description":"Rivista svizzera specializzata in sicurezza","publisher":{"@id":"https:\/\/news.save.ch\/de\/#organization"},"potentialAction":[{"@type":"SearchAction","target":{"@type":"EntryPoint","urlTemplate":"https:\/\/news.save.ch\/de\/?s={search_term_string}"},"query-input":{"@type":"PropertyValueSpecification","valueRequired":true,"valueName":"search_term_string"}}],"inLanguage":"it-IT"},{"@type":"Organization","@id":"https:\/\/news.save.ch\/de\/#organization","name":"Forum sulla sicurezza","url":"https:\/\/news.save.ch\/de\/","logo":{"@type":"ImageObject","inLanguage":"it-IT","@id":"https:\/\/news.save.ch\/de\/#\/schema\/logo\/image\/","url":"https:\/\/news.save.ch\/wp-content\/uploads\/2022\/06\/Logo_SF_2012.png","contentUrl":"https:\/\/news.save.ch\/wp-content\/uploads\/2022\/06\/Logo_SF_2012.png","width":1100,"height":91,"caption":"Sicherheitsforum"},"image":{"@id":"https:\/\/news.save.ch\/de\/#\/schema\/logo\/image\/"}},{"@type":"Person","@id":"https:\/\/news.save.ch\/de\/#\/schema\/person\/d49e199490bad7c70d64b9ab51142f2b","name":"amministratore","image":{"@type":"ImageObject","inLanguage":"it-IT","@id":"https:\/\/secure.gravatar.com\/avatar\/ae2f4d718e6c49043e314ce431e7e645d646302a24a5ef5a8bc8e3f5a032e319?s=96&d=mm&r=g","url":"https:\/\/secure.gravatar.com\/avatar\/ae2f4d718e6c49043e314ce431e7e645d646302a24a5ef5a8bc8e3f5a032e319?s=96&d=mm&r=g","contentUrl":"https:\/\/secure.gravatar.com\/avatar\/ae2f4d718e6c49043e314ce431e7e645d646302a24a5ef5a8bc8e3f5a032e319?s=96&d=mm&r=g","caption":"admin"},"sameAs":["https:\/\/develop.organisator.galledia.ch"],"url":"https:\/\/news.save.ch\/it\/author\/admin\/"}]}},"_links":{"self":[{"href":"https:\/\/news.save.ch\/it\/wp-json\/wp\/v2\/posts\/16640","targetHints":{"allow":["GET"]}}],"collection":[{"href":"https:\/\/news.save.ch\/it\/wp-json\/wp\/v2\/posts"}],"about":[{"href":"https:\/\/news.save.ch\/it\/wp-json\/wp\/v2\/types\/post"}],"author":[{"embeddable":true,"href":"https:\/\/news.save.ch\/it\/wp-json\/wp\/v2\/users\/1"}],"replies":[{"embeddable":true,"href":"https:\/\/news.save.ch\/it\/wp-json\/wp\/v2\/comments?post=16640"}],"version-history":[{"count":1,"href":"https:\/\/news.save.ch\/it\/wp-json\/wp\/v2\/posts\/16640\/revisions"}],"predecessor-version":[{"id":18404,"href":"https:\/\/news.save.ch\/it\/wp-json\/wp\/v2\/posts\/16640\/revisions\/18404"}],"wp:featuredmedia":[{"embeddable":true,"href":"https:\/\/news.save.ch\/it\/wp-json\/wp\/v2\/media\/227"}],"wp:attachment":[{"href":"https:\/\/news.save.ch\/it\/wp-json\/wp\/v2\/media?parent=16640"}],"wp:term":[{"taxonomy":"category","embeddable":true,"href":"https:\/\/news.save.ch\/it\/wp-json\/wp\/v2\/categories?post=16640"},{"taxonomy":"post_tag","embeddable":true,"href":"https:\/\/news.save.ch\/it\/wp-json\/wp\/v2\/tags?post=16640"}],"curies":[{"name":"wp","href":"https:\/\/api.w.org\/{rel}","templated":true}]}}