{"id":16641,"date":"2015-04-15T10:52:46","date_gmt":"2015-04-15T08:52:46","guid":{"rendered":"http:\/\/dev.safety-plus.ch\/?p=279"},"modified":"2023-03-14T09:04:31","modified_gmt":"2023-03-14T08:04:31","slug":"mit-vitalwertmessung-gegen-burnout","status":null,"type":"post","link":"https:\/\/news.save.ch\/it\/mit-vitalwertmessung-gegen-burnout\/","title":{"rendered":"Con la misurazione dei segni vitali contro il burnout?"},"content":{"rendered":"<figure id=\"attachment_282\" aria-describedby=\"caption-attachment-282\" style=\"width: 680px\" class=\"wp-caption alignnone\"><img loading=\"lazy\" decoding=\"async\" class=\"wp-image-282 size-medium\" src=\"http:\/\/develop.safety-plus.ch\/wp-content\/uploads\/2016\/12\/Mit-Vitalwertmessung-gegen-Burnout_safety-plus.jpg\" alt=\"Individuare lo stress prima che sia troppo tardi: lo dice la variabilit\u00e0 della frequenza cardiaca.\" width=\"680\" height=\"680\" \/><figcaption id=\"caption-attachment-282\" class=\"wp-caption-text\">Individuare lo stress prima che sia troppo tardi: lo dice la variabilit\u00e0 della frequenza cardiaca.<\/figcaption><\/figure>\n<p>Quanto sono stressato nella vita quotidiana? Cosa influenza il mio livello di stress?<\/p>\n<p>Chiunque voglia rispondere a queste domande potr\u00e0 farlo in futuro con un nuovo gadget, che dovrebbe addirittura prevenire il burnout a lungo termine.<\/p>\n<p>Il <a href=\"https:\/\/www.vital-monitor.com\/de\/anwendungsbereiche\/stressgeplagte\/\" target=\"_blank\" data-cke-saved-href=\"https:\/\/www.vital-monitor.com\/de\/anwendungsbereiche\/stressgeplagte\/\" rel=\"noopener\">Monitoraggio vitale<\/a> della start-up austriaca Pulse7 misura l'ECG con una fascia toracica e ne calcola la variabilit\u00e0 della frequenza cardiaca (HRV). Si tratta della capacit\u00e0 dell'organismo umano di cambiare la frequenza del ritmo cardiaco, ad esempio di battere pi\u00f9 velocemente durante lo sforzo.<\/p>\n<p>L'utente misura la sua attuale HRV al mattino. La misurazione pu\u00f2 essere ripetuta pi\u00f9 volte al giorno. Un'app e uno strumento web analizzano i dati e calcolano lo stato attuale di rigenerazione, il livello di stress e l'et\u00e0 biologica individuale.<\/p>\n<p>Una misurazione una tantum non \u00e8 ancora molto significativa, perch\u00e9 la bont\u00e0 o meno dei valori dipende principalmente dall'individuo. Ma se le misurazioni vengono effettuate su un periodo di tempo pi\u00f9 lungo, il risultato \u00e8 una tendenza a lungo termine che pu\u00f2 essere molto significativa, secondo l'azienda.<\/p>\n<p>L'utente dovrebbe quindi riconoscere le situazioni di sovraccarico e imparare a contrastare l'aumento del livello di stress in tempo utile, ad esempio con una breve passeggiata o con esercizi di rilassamento.<\/p>","protected":false},"excerpt":{"rendered":"<p>Wie gestresst bin ich eigentlich im Alltag? Was beeinflusst mein Stresslevel? Wer diese Fragen beantworten will, kann das k\u00fcnftig mit einem neuen Gadget tun\u2013 und soll gar auf lange Frist ein Burnout verhindern. Der Vitalmonitor des \u00f6sterreichischen Startups Pulse7 misst mit einem Brustgurt das EKG und berechnet daraus die Herzfrequenzvariabilit\u00e4t (HRV). Das ist die F\u00e4higkeit [&hellip;]<\/p>\n","protected":false},"author":1,"featured_media":15992,"comment_status":"open","ping_status":"open","sticky":false,"template":"","format":"standard","meta":{"_acf_changed":false,"pgc_sgb_lightbox_settings":"","footnotes":""},"categories":[3314],"tags":[149,141],"class_list":["post-16641","post","type-post","status-publish","format-standard","has-post-thumbnail","hentry","category-health-safety","tag-gesundheitsschutz","tag-praevention"],"acf":[],"hkrextid":null,"publication":null,"issue":null,"workflow":null,"startPage":null,"spitzmarke":null,"_posts_by_tag_page_fields":{"widget_title":"","widget_tags":""},"_at_widget":"1","_yoast_wpseo_primary_category":"2","_yoast_wpseo_focuskw_text_input":"Vitalwertmessung","_yoast_wpseo_opengraph-image":null,"_yoast_wpseo_opengraph-description":null,"_yoast_wpseo_opengraph-title":null,"enclosure":null,"_yoast_wpseo_twitter-title":null,"_yoast_wpseo_twitter-description":null,"_yoast_wpseo_twitter-image":null,"_wp_old_slug":null,"_yoast_wpseo_title":null,"_yoast_wpseo_canonical":null,"yoast_head":"<!-- This site is optimized with the Yoast SEO plugin v27.4 - https:\/\/yoast.com\/product\/yoast-seo-wordpress\/ -->\n<title>Mit Vitalwertmessung gegen Burnout? - Save<\/title>\n<meta name=\"description\" content=\"Vitalwertmessung: Stressgeplagte sollen dank einem intelligenten Brustgurt lernen, mit Stresssituationen besser umzugehen.\" \/>\n<meta name=\"robots\" content=\"index, follow, max-snippet:-1, max-image-preview:large, max-video-preview:-1\" \/>\n<link rel=\"canonical\" href=\"https:\/\/news.save.ch\/it\/mit-vitalwertmessung-gegen-burnout\/\" \/>\n<meta property=\"og:locale\" content=\"it_IT\" \/>\n<meta property=\"og:type\" content=\"article\" \/>\n<meta property=\"og:title\" content=\"Mit Vitalwertmessung gegen Burnout? - Save\" \/>\n<meta property=\"og:description\" content=\"Vitalwertmessung: Stressgeplagte sollen dank einem intelligenten Brustgurt lernen, mit Stresssituationen besser umzugehen.\" \/>\n<meta property=\"og:url\" content=\"https:\/\/news.save.ch\/it\/mit-vitalwertmessung-gegen-burnout\/\" \/>\n<meta property=\"og:site_name\" content=\"Save\" \/>\n<meta property=\"article:published_time\" content=\"2015-04-15T08:52:46+00:00\" \/>\n<meta property=\"article:modified_time\" content=\"2023-03-14T08:04:31+00:00\" \/>\n<meta property=\"og:image\" content=\"https:\/\/news.save.ch\/wp-content\/uploads\/2016\/12\/Mit-Vitalwertmessung-gegen-Burnout_safety-plus-scaled-1.jpg\" \/>\n\t<meta property=\"og:image:width\" content=\"1200\" \/>\n\t<meta property=\"og:image:height\" content=\"1200\" \/>\n\t<meta property=\"og:image:type\" content=\"image\/jpeg\" \/>\n<meta name=\"author\" content=\"admin\" \/>\n<meta name=\"twitter:card\" content=\"summary_large_image\" \/>\n<meta name=\"twitter:label1\" content=\"Scritto da\" \/>\n\t<meta name=\"twitter:data1\" content=\"admin\" \/>\n\t<meta name=\"twitter:label2\" content=\"Tempo di lettura stimato\" \/>\n\t<meta name=\"twitter:data2\" content=\"1 minuto\" \/>\n<script type=\"application\/ld+json\" class=\"yoast-schema-graph\">{\"@context\":\"https:\\\/\\\/schema.org\",\"@graph\":[{\"@type\":\"Article\",\"@id\":\"https:\\\/\\\/news.save.ch\\\/mit-vitalwertmessung-gegen-burnout\\\/#article\",\"isPartOf\":{\"@id\":\"https:\\\/\\\/news.save.ch\\\/mit-vitalwertmessung-gegen-burnout\\\/\"},\"author\":{\"name\":\"admin\",\"@id\":\"https:\\\/\\\/news.save.ch\\\/de\\\/#\\\/schema\\\/person\\\/d49e199490bad7c70d64b9ab51142f2b\"},\"headline\":\"Mit Vitalwertmessung gegen Burnout?\",\"datePublished\":\"2015-04-15T08:52:46+00:00\",\"dateModified\":\"2023-03-14T08:04:31+00:00\",\"mainEntityOfPage\":{\"@id\":\"https:\\\/\\\/news.save.ch\\\/mit-vitalwertmessung-gegen-burnout\\\/\"},\"wordCount\":213,\"commentCount\":0,\"publisher\":{\"@id\":\"https:\\\/\\\/news.save.ch\\\/de\\\/#organization\"},\"image\":{\"@id\":\"https:\\\/\\\/news.save.ch\\\/mit-vitalwertmessung-gegen-burnout\\\/#primaryimage\"},\"thumbnailUrl\":\"https:\\\/\\\/news.save.ch\\\/wp-content\\\/uploads\\\/2016\\\/12\\\/Mit-Vitalwertmessung-gegen-Burnout_safety-plus-scaled-1.jpg\",\"keywords\":[\"Gesundheitsschutz\",\"Pr\u00e4vention\"],\"articleSection\":[\"HEALTH &amp; SAFETY\"],\"inLanguage\":\"it-IT\"},{\"@type\":\"WebPage\",\"@id\":\"https:\\\/\\\/news.save.ch\\\/mit-vitalwertmessung-gegen-burnout\\\/\",\"url\":\"https:\\\/\\\/news.save.ch\\\/mit-vitalwertmessung-gegen-burnout\\\/\",\"name\":\"Mit Vitalwertmessung gegen Burnout? - Save\",\"isPartOf\":{\"@id\":\"https:\\\/\\\/news.save.ch\\\/de\\\/#website\"},\"primaryImageOfPage\":{\"@id\":\"https:\\\/\\\/news.save.ch\\\/mit-vitalwertmessung-gegen-burnout\\\/#primaryimage\"},\"image\":{\"@id\":\"https:\\\/\\\/news.save.ch\\\/mit-vitalwertmessung-gegen-burnout\\\/#primaryimage\"},\"thumbnailUrl\":\"https:\\\/\\\/news.save.ch\\\/wp-content\\\/uploads\\\/2016\\\/12\\\/Mit-Vitalwertmessung-gegen-Burnout_safety-plus-scaled-1.jpg\",\"datePublished\":\"2015-04-15T08:52:46+00:00\",\"dateModified\":\"2023-03-14T08:04:31+00:00\",\"description\":\"Vitalwertmessung: Stressgeplagte sollen dank einem intelligenten Brustgurt lernen, mit Stresssituationen besser umzugehen.\",\"breadcrumb\":{\"@id\":\"https:\\\/\\\/news.save.ch\\\/mit-vitalwertmessung-gegen-burnout\\\/#breadcrumb\"},\"inLanguage\":\"it-IT\",\"potentialAction\":[{\"@type\":\"ReadAction\",\"target\":[\"https:\\\/\\\/news.save.ch\\\/mit-vitalwertmessung-gegen-burnout\\\/\"]}]},{\"@type\":\"ImageObject\",\"inLanguage\":\"it-IT\",\"@id\":\"https:\\\/\\\/news.save.ch\\\/mit-vitalwertmessung-gegen-burnout\\\/#primaryimage\",\"url\":\"https:\\\/\\\/news.save.ch\\\/wp-content\\\/uploads\\\/2016\\\/12\\\/Mit-Vitalwertmessung-gegen-Burnout_safety-plus-scaled-1.jpg\",\"contentUrl\":\"https:\\\/\\\/news.save.ch\\\/wp-content\\\/uploads\\\/2016\\\/12\\\/Mit-Vitalwertmessung-gegen-Burnout_safety-plus-scaled-1.jpg\",\"width\":1200,\"height\":1200,\"caption\":\"Stress erkennen, bevor es zu sp\u00e4t ist - die Herzfrequenzvariabilit\u00e4t soll es verraten.\"},{\"@type\":\"BreadcrumbList\",\"@id\":\"https:\\\/\\\/news.save.ch\\\/mit-vitalwertmessung-gegen-burnout\\\/#breadcrumb\",\"itemListElement\":[{\"@type\":\"ListItem\",\"position\":1,\"name\":\"Home\",\"item\":\"https:\\\/\\\/news.save.ch\\\/de\\\/\"},{\"@type\":\"ListItem\",\"position\":2,\"name\":\"Mit Vitalwertmessung gegen Burnout?\"}]},{\"@type\":\"WebSite\",\"@id\":\"https:\\\/\\\/news.save.ch\\\/de\\\/#website\",\"url\":\"https:\\\/\\\/news.save.ch\\\/de\\\/\",\"name\":\"Save\",\"description\":\"Schweizer Fachzeitschrift f\u00fcr Sicherheit\",\"publisher\":{\"@id\":\"https:\\\/\\\/news.save.ch\\\/de\\\/#organization\"},\"potentialAction\":[{\"@type\":\"SearchAction\",\"target\":{\"@type\":\"EntryPoint\",\"urlTemplate\":\"https:\\\/\\\/news.save.ch\\\/de\\\/?s={search_term_string}\"},\"query-input\":{\"@type\":\"PropertyValueSpecification\",\"valueRequired\":true,\"valueName\":\"search_term_string\"}}],\"inLanguage\":\"it-IT\"},{\"@type\":\"Organization\",\"@id\":\"https:\\\/\\\/news.save.ch\\\/de\\\/#organization\",\"name\":\"Sicherheitsforum\",\"url\":\"https:\\\/\\\/news.save.ch\\\/de\\\/\",\"logo\":{\"@type\":\"ImageObject\",\"inLanguage\":\"it-IT\",\"@id\":\"https:\\\/\\\/news.save.ch\\\/de\\\/#\\\/schema\\\/logo\\\/image\\\/\",\"url\":\"https:\\\/\\\/news.save.ch\\\/wp-content\\\/uploads\\\/2022\\\/06\\\/Logo_SF_2012.png\",\"contentUrl\":\"https:\\\/\\\/news.save.ch\\\/wp-content\\\/uploads\\\/2022\\\/06\\\/Logo_SF_2012.png\",\"width\":1100,\"height\":91,\"caption\":\"Sicherheitsforum\"},\"image\":{\"@id\":\"https:\\\/\\\/news.save.ch\\\/de\\\/#\\\/schema\\\/logo\\\/image\\\/\"}},{\"@type\":\"Person\",\"@id\":\"https:\\\/\\\/news.save.ch\\\/de\\\/#\\\/schema\\\/person\\\/d49e199490bad7c70d64b9ab51142f2b\",\"name\":\"admin\",\"image\":{\"@type\":\"ImageObject\",\"inLanguage\":\"it-IT\",\"@id\":\"https:\\\/\\\/secure.gravatar.com\\\/avatar\\\/ae2f4d718e6c49043e314ce431e7e645d646302a24a5ef5a8bc8e3f5a032e319?s=96&d=mm&r=g\",\"url\":\"https:\\\/\\\/secure.gravatar.com\\\/avatar\\\/ae2f4d718e6c49043e314ce431e7e645d646302a24a5ef5a8bc8e3f5a032e319?s=96&d=mm&r=g\",\"contentUrl\":\"https:\\\/\\\/secure.gravatar.com\\\/avatar\\\/ae2f4d718e6c49043e314ce431e7e645d646302a24a5ef5a8bc8e3f5a032e319?s=96&d=mm&r=g\",\"caption\":\"admin\"},\"sameAs\":[\"https:\\\/\\\/develop.organisator.galledia.ch\"],\"url\":\"https:\\\/\\\/news.save.ch\\\/it\\\/author\\\/admin\\\/\"}]}<\/script>\n<!-- \/ Yoast SEO plugin. -->","yoast_head_json":{"title":"Misurare i segni vitali contro il burnout? - Risparmiare","description":"Misurazione dei segni vitali: chi soffre di stress dovrebbe imparare a gestire meglio le situazioni di stress grazie a una fascia toracica intelligente.","robots":{"index":"index","follow":"follow","max-snippet":"max-snippet:-1","max-image-preview":"max-image-preview:large","max-video-preview":"max-video-preview:-1"},"canonical":"https:\/\/news.save.ch\/it\/mit-vitalwertmessung-gegen-burnout\/","og_locale":"it_IT","og_type":"article","og_title":"Mit Vitalwertmessung gegen Burnout? - Save","og_description":"Vitalwertmessung: Stressgeplagte sollen dank einem intelligenten Brustgurt lernen, mit Stresssituationen besser umzugehen.","og_url":"https:\/\/news.save.ch\/it\/mit-vitalwertmessung-gegen-burnout\/","og_site_name":"Save","article_published_time":"2015-04-15T08:52:46+00:00","article_modified_time":"2023-03-14T08:04:31+00:00","og_image":[{"width":1200,"height":1200,"url":"https:\/\/news.save.ch\/wp-content\/uploads\/2016\/12\/Mit-Vitalwertmessung-gegen-Burnout_safety-plus-scaled-1.jpg","type":"image\/jpeg"}],"author":"admin","twitter_card":"summary_large_image","twitter_misc":{"Scritto da":"admin","Tempo di lettura stimato":"1 minuto"},"schema":{"@context":"https:\/\/schema.org","@graph":[{"@type":"Article","@id":"https:\/\/news.save.ch\/mit-vitalwertmessung-gegen-burnout\/#article","isPartOf":{"@id":"https:\/\/news.save.ch\/mit-vitalwertmessung-gegen-burnout\/"},"author":{"name":"admin","@id":"https:\/\/news.save.ch\/de\/#\/schema\/person\/d49e199490bad7c70d64b9ab51142f2b"},"headline":"Mit Vitalwertmessung gegen Burnout?","datePublished":"2015-04-15T08:52:46+00:00","dateModified":"2023-03-14T08:04:31+00:00","mainEntityOfPage":{"@id":"https:\/\/news.save.ch\/mit-vitalwertmessung-gegen-burnout\/"},"wordCount":213,"commentCount":0,"publisher":{"@id":"https:\/\/news.save.ch\/de\/#organization"},"image":{"@id":"https:\/\/news.save.ch\/mit-vitalwertmessung-gegen-burnout\/#primaryimage"},"thumbnailUrl":"https:\/\/news.save.ch\/wp-content\/uploads\/2016\/12\/Mit-Vitalwertmessung-gegen-Burnout_safety-plus-scaled-1.jpg","keywords":["Gesundheitsschutz","Pr\u00e4vention"],"articleSection":["HEALTH &amp; SAFETY"],"inLanguage":"it-IT"},{"@type":"WebPage","@id":"https:\/\/news.save.ch\/mit-vitalwertmessung-gegen-burnout\/","url":"https:\/\/news.save.ch\/mit-vitalwertmessung-gegen-burnout\/","name":"Misurare i segni vitali contro il burnout? - Risparmiare","isPartOf":{"@id":"https:\/\/news.save.ch\/de\/#website"},"primaryImageOfPage":{"@id":"https:\/\/news.save.ch\/mit-vitalwertmessung-gegen-burnout\/#primaryimage"},"image":{"@id":"https:\/\/news.save.ch\/mit-vitalwertmessung-gegen-burnout\/#primaryimage"},"thumbnailUrl":"https:\/\/news.save.ch\/wp-content\/uploads\/2016\/12\/Mit-Vitalwertmessung-gegen-Burnout_safety-plus-scaled-1.jpg","datePublished":"2015-04-15T08:52:46+00:00","dateModified":"2023-03-14T08:04:31+00:00","description":"Misurazione dei segni vitali: chi soffre di stress dovrebbe imparare a gestire meglio le situazioni di stress grazie a una fascia toracica intelligente.","breadcrumb":{"@id":"https:\/\/news.save.ch\/mit-vitalwertmessung-gegen-burnout\/#breadcrumb"},"inLanguage":"it-IT","potentialAction":[{"@type":"ReadAction","target":["https:\/\/news.save.ch\/mit-vitalwertmessung-gegen-burnout\/"]}]},{"@type":"ImageObject","inLanguage":"it-IT","@id":"https:\/\/news.save.ch\/mit-vitalwertmessung-gegen-burnout\/#primaryimage","url":"https:\/\/news.save.ch\/wp-content\/uploads\/2016\/12\/Mit-Vitalwertmessung-gegen-Burnout_safety-plus-scaled-1.jpg","contentUrl":"https:\/\/news.save.ch\/wp-content\/uploads\/2016\/12\/Mit-Vitalwertmessung-gegen-Burnout_safety-plus-scaled-1.jpg","width":1200,"height":1200,"caption":"Stress erkennen, bevor es zu sp\u00e4t ist - die Herzfrequenzvariabilit\u00e4t soll es verraten."},{"@type":"BreadcrumbList","@id":"https:\/\/news.save.ch\/mit-vitalwertmessung-gegen-burnout\/#breadcrumb","itemListElement":[{"@type":"ListItem","position":1,"name":"Home","item":"https:\/\/news.save.ch\/de\/"},{"@type":"ListItem","position":2,"name":"Mit Vitalwertmessung gegen Burnout?"}]},{"@type":"WebSite","@id":"https:\/\/news.save.ch\/de\/#website","url":"https:\/\/news.save.ch\/de\/","name":"Risparmiare","description":"Rivista svizzera specializzata in sicurezza","publisher":{"@id":"https:\/\/news.save.ch\/de\/#organization"},"potentialAction":[{"@type":"SearchAction","target":{"@type":"EntryPoint","urlTemplate":"https:\/\/news.save.ch\/de\/?s={search_term_string}"},"query-input":{"@type":"PropertyValueSpecification","valueRequired":true,"valueName":"search_term_string"}}],"inLanguage":"it-IT"},{"@type":"Organization","@id":"https:\/\/news.save.ch\/de\/#organization","name":"Forum sulla sicurezza","url":"https:\/\/news.save.ch\/de\/","logo":{"@type":"ImageObject","inLanguage":"it-IT","@id":"https:\/\/news.save.ch\/de\/#\/schema\/logo\/image\/","url":"https:\/\/news.save.ch\/wp-content\/uploads\/2022\/06\/Logo_SF_2012.png","contentUrl":"https:\/\/news.save.ch\/wp-content\/uploads\/2022\/06\/Logo_SF_2012.png","width":1100,"height":91,"caption":"Sicherheitsforum"},"image":{"@id":"https:\/\/news.save.ch\/de\/#\/schema\/logo\/image\/"}},{"@type":"Person","@id":"https:\/\/news.save.ch\/de\/#\/schema\/person\/d49e199490bad7c70d64b9ab51142f2b","name":"amministratore","image":{"@type":"ImageObject","inLanguage":"it-IT","@id":"https:\/\/secure.gravatar.com\/avatar\/ae2f4d718e6c49043e314ce431e7e645d646302a24a5ef5a8bc8e3f5a032e319?s=96&d=mm&r=g","url":"https:\/\/secure.gravatar.com\/avatar\/ae2f4d718e6c49043e314ce431e7e645d646302a24a5ef5a8bc8e3f5a032e319?s=96&d=mm&r=g","contentUrl":"https:\/\/secure.gravatar.com\/avatar\/ae2f4d718e6c49043e314ce431e7e645d646302a24a5ef5a8bc8e3f5a032e319?s=96&d=mm&r=g","caption":"admin"},"sameAs":["https:\/\/develop.organisator.galledia.ch"],"url":"https:\/\/news.save.ch\/it\/author\/admin\/"}]}},"_links":{"self":[{"href":"https:\/\/news.save.ch\/it\/wp-json\/wp\/v2\/posts\/16641","targetHints":{"allow":["GET"]}}],"collection":[{"href":"https:\/\/news.save.ch\/it\/wp-json\/wp\/v2\/posts"}],"about":[{"href":"https:\/\/news.save.ch\/it\/wp-json\/wp\/v2\/types\/post"}],"author":[{"embeddable":true,"href":"https:\/\/news.save.ch\/it\/wp-json\/wp\/v2\/users\/1"}],"replies":[{"embeddable":true,"href":"https:\/\/news.save.ch\/it\/wp-json\/wp\/v2\/comments?post=16641"}],"version-history":[{"count":1,"href":"https:\/\/news.save.ch\/it\/wp-json\/wp\/v2\/posts\/16641\/revisions"}],"predecessor-version":[{"id":18865,"href":"https:\/\/news.save.ch\/it\/wp-json\/wp\/v2\/posts\/16641\/revisions\/18865"}],"wp:featuredmedia":[{"embeddable":true,"href":"https:\/\/news.save.ch\/it\/wp-json\/wp\/v2\/media\/15992"}],"wp:attachment":[{"href":"https:\/\/news.save.ch\/it\/wp-json\/wp\/v2\/media?parent=16641"}],"wp:term":[{"taxonomy":"category","embeddable":true,"href":"https:\/\/news.save.ch\/it\/wp-json\/wp\/v2\/categories?post=16641"},{"taxonomy":"post_tag","embeddable":true,"href":"https:\/\/news.save.ch\/it\/wp-json\/wp\/v2\/tags?post=16641"}],"curies":[{"name":"wp","href":"https:\/\/api.w.org\/{rel}","templated":true}]}}