{"id":16663,"date":"2015-06-13T11:52:07","date_gmt":"2015-06-13T09:52:07","guid":{"rendered":"http:\/\/dev.safety-plus.ch\/?p=429"},"modified":"2023-03-14T09:01:12","modified_gmt":"2023-03-14T08:01:12","slug":"suva-streicht-teuerungszuschlag","status":null,"type":"post","link":"https:\/\/news.save.ch\/it\/suva-streicht-teuerungszuschlag\/","title":{"rendered":"La Suva abolisce l'aumento del costo della vita"},"content":{"rendered":"<figure id=\"attachment_430\" aria-describedby=\"caption-attachment-430\" style=\"width: 680px\" class=\"wp-caption alignnone\"><img loading=\"lazy\" decoding=\"async\" class=\"wp-image-430 size-medium\" src=\"http:\/\/develop.safety-plus.ch\/wp-content\/uploads\/2016\/12\/Suva-streicht-Teuerungszuschlag_safety-plus.jpeg\" alt=\"L&#039;amministratore delegato uscente Ulrich Fricker presenta le cifre chiave positive alla conferenza stampa annuale della Suva a Lucerna. (Foto: Dominik Baur)\" width=\"680\" height=\"453\" \/><figcaption id=\"caption-attachment-430\" class=\"wp-caption-text\">L'amministratore delegato uscente Ulrich Fricker presenta le cifre chiave positive alla conferenza stampa annuale della Suva a Lucerna. (Foto: Dominik Baur)<\/figcaption><\/figure>\n<p>Buone notizie per le aziende assicurate con la Suva: Grazie ai buoni risultati ottenuti lo scorso anno, la compagnia di assicurazione contro gli infortuni abolir\u00e0 il supplemento per il rincaro - che rappresenta il 7% del premio netto - a partire dall'1.1.2016.<\/p>\n<p>La maggior parte delle compagnie pu\u00f2 contare su premi stabili anche nel 2016.<\/p>\n<p>I dati sono positivi su tutta la linea: la Suva ha potuto restituire 70,5 milioni di franchi ai suoi assicurati, registrando comunque un risultato operativo di 105,8 milioni di franchi.<\/p>\n<p>Dopo che il numero di nuove pensioni di invalidit\u00e0 \u00e8 aumentato leggermente nel 2013 per la prima volta in sette anni, \u00e8 diminuito di nuovo leggermente nel 2014. Nel complesso, si sono stabilizzate a un livello basso: rispetto al 2004, si sono quasi dimezzate.<\/p>\n<p>Nell'ultimo anno sono diminuiti sia i sinistri che il rischio dei casi, e questo nonostante il fatto che complessivamente <a href=\"http:\/\/dev.safety-plus.ch\/arbeitszeit-mehr-absenzen-als-ueberstunden\/\" target=\"_blank\" data-cke-saved-href=\"http:\/\/safety-plus.hamster.ch\/arbeitszeit-mehr-absenzen-als-ueberstunden\" rel=\"noopener\">Pi\u00f9 ore lavorate<\/a> erano.<\/p>","protected":false},"excerpt":{"rendered":"<p>Gute Nachrichten f\u00fcr Unternehmen, die bei der Suva versichert sind: Dank ihrer guten Performance im vergangenen Jahr streicht die Unfallversicherung ab dem 1.1.2016 den Teuerungszuschlag &#8211; immerhin 7% der Nettopr\u00e4mie. Die meisten Unternehmen d\u00fcrfen sich ausserdem auf\u00a0stabile Pr\u00e4mien im Jahr 2016 freuen. Die Zahlen sind durchwegs positiv: So konnte die Suva 70,5 Mio. Fr. an [&hellip;]<\/p>\n","protected":false},"author":1,"featured_media":430,"comment_status":"open","ping_status":"open","sticky":false,"template":"","format":"standard","meta":{"_acf_changed":false,"pgc_sgb_lightbox_settings":"","footnotes":""},"categories":[3314],"tags":[172,167],"class_list":["post-16663","post","type-post","status-publish","format-standard","has-post-thumbnail","hentry","category-health-safety","tag-arbeitssicherheit","tag-suva"],"acf":[],"hkrextid":null,"publication":null,"issue":null,"workflow":null,"startPage":null,"spitzmarke":null,"_posts_by_tag_page_fields":{"widget_title":"","widget_tags":""},"_at_widget":"1","_yoast_wpseo_primary_category":"5","_yoast_wpseo_focuskw_text_input":"Suva","_yoast_wpseo_opengraph-image":null,"_yoast_wpseo_opengraph-description":null,"_yoast_wpseo_opengraph-title":null,"enclosure":null,"_yoast_wpseo_twitter-title":null,"_yoast_wpseo_twitter-description":null,"_yoast_wpseo_twitter-image":null,"_wp_old_slug":null,"_yoast_wpseo_title":null,"_yoast_wpseo_canonical":null,"yoast_head":"<!-- This site is optimized with the Yoast SEO plugin v27.5 - https:\/\/yoast.com\/product\/yoast-seo-wordpress\/ -->\n<title>Suva streicht Teuerungszuschlag - Save<\/title>\n<meta name=\"description\" content=\"Die Suva blickt auf ein erfolgreiches Gesch\u00e4ftsjahr 2014 zur\u00fcck.\" \/>\n<meta name=\"robots\" content=\"index, follow, max-snippet:-1, max-image-preview:large, max-video-preview:-1\" \/>\n<link rel=\"canonical\" href=\"https:\/\/news.save.ch\/it\/suva-streicht-teuerungszuschlag\/\" \/>\n<meta property=\"og:locale\" content=\"it_IT\" \/>\n<meta property=\"og:type\" content=\"article\" \/>\n<meta property=\"og:title\" content=\"Suva streicht Teuerungszuschlag - Save\" \/>\n<meta property=\"og:description\" content=\"Die Suva blickt auf ein erfolgreiches Gesch\u00e4ftsjahr 2014 zur\u00fcck.\" \/>\n<meta property=\"og:url\" content=\"https:\/\/news.save.ch\/it\/suva-streicht-teuerungszuschlag\/\" \/>\n<meta property=\"og:site_name\" content=\"Save\" \/>\n<meta property=\"article:published_time\" content=\"2015-06-13T09:52:07+00:00\" \/>\n<meta property=\"article:modified_time\" content=\"2023-03-14T08:01:12+00:00\" \/>\n<meta property=\"og:image\" content=\"https:\/\/news.save.ch\/wp-content\/uploads\/2016\/12\/Suva-streicht-Teuerungszuschlag_safety-plus-scaled-1.jpeg\" \/>\n\t<meta property=\"og:image:width\" content=\"1200\" \/>\n\t<meta property=\"og:image:height\" content=\"800\" \/>\n\t<meta property=\"og:image:type\" content=\"image\/jpeg\" \/>\n<meta name=\"author\" content=\"admin\" \/>\n<meta name=\"twitter:card\" content=\"summary_large_image\" \/>\n<meta name=\"twitter:label1\" content=\"Scritto da\" \/>\n\t<meta name=\"twitter:data1\" content=\"admin\" \/>\n\t<meta name=\"twitter:label2\" content=\"Tempo di lettura stimato\" \/>\n\t<meta name=\"twitter:data2\" content=\"1 minuto\" \/>\n<script type=\"application\/ld+json\" class=\"yoast-schema-graph\">{\"@context\":\"https:\\\/\\\/schema.org\",\"@graph\":[{\"@type\":\"Article\",\"@id\":\"https:\\\/\\\/news.save.ch\\\/suva-streicht-teuerungszuschlag\\\/#article\",\"isPartOf\":{\"@id\":\"https:\\\/\\\/news.save.ch\\\/suva-streicht-teuerungszuschlag\\\/\"},\"author\":{\"name\":\"admin\",\"@id\":\"https:\\\/\\\/news.save.ch\\\/de\\\/#\\\/schema\\\/person\\\/d49e199490bad7c70d64b9ab51142f2b\"},\"headline\":\"Suva streicht Teuerungszuschlag\",\"datePublished\":\"2015-06-13T09:52:07+00:00\",\"dateModified\":\"2023-03-14T08:01:12+00:00\",\"mainEntityOfPage\":{\"@id\":\"https:\\\/\\\/news.save.ch\\\/suva-streicht-teuerungszuschlag\\\/\"},\"wordCount\":161,\"commentCount\":0,\"publisher\":{\"@id\":\"https:\\\/\\\/news.save.ch\\\/de\\\/#organization\"},\"image\":{\"@id\":\"https:\\\/\\\/news.save.ch\\\/suva-streicht-teuerungszuschlag\\\/#primaryimage\"},\"thumbnailUrl\":\"https:\\\/\\\/news.save.ch\\\/wp-content\\\/uploads\\\/2016\\\/12\\\/Suva-streicht-Teuerungszuschlag_safety-plus-scaled-1.jpeg\",\"keywords\":[\"Arbeitssicherheit\",\"SUVA\"],\"articleSection\":[\"HEALTH &amp; SAFETY\"],\"inLanguage\":\"it-IT\"},{\"@type\":\"WebPage\",\"@id\":\"https:\\\/\\\/news.save.ch\\\/suva-streicht-teuerungszuschlag\\\/\",\"url\":\"https:\\\/\\\/news.save.ch\\\/suva-streicht-teuerungszuschlag\\\/\",\"name\":\"Suva streicht Teuerungszuschlag - Save\",\"isPartOf\":{\"@id\":\"https:\\\/\\\/news.save.ch\\\/de\\\/#website\"},\"primaryImageOfPage\":{\"@id\":\"https:\\\/\\\/news.save.ch\\\/suva-streicht-teuerungszuschlag\\\/#primaryimage\"},\"image\":{\"@id\":\"https:\\\/\\\/news.save.ch\\\/suva-streicht-teuerungszuschlag\\\/#primaryimage\"},\"thumbnailUrl\":\"https:\\\/\\\/news.save.ch\\\/wp-content\\\/uploads\\\/2016\\\/12\\\/Suva-streicht-Teuerungszuschlag_safety-plus-scaled-1.jpeg\",\"datePublished\":\"2015-06-13T09:52:07+00:00\",\"dateModified\":\"2023-03-14T08:01:12+00:00\",\"description\":\"Die Suva blickt auf ein erfolgreiches Gesch\u00e4ftsjahr 2014 zur\u00fcck.\",\"breadcrumb\":{\"@id\":\"https:\\\/\\\/news.save.ch\\\/suva-streicht-teuerungszuschlag\\\/#breadcrumb\"},\"inLanguage\":\"it-IT\",\"potentialAction\":[{\"@type\":\"ReadAction\",\"target\":[\"https:\\\/\\\/news.save.ch\\\/suva-streicht-teuerungszuschlag\\\/\"]}]},{\"@type\":\"ImageObject\",\"inLanguage\":\"it-IT\",\"@id\":\"https:\\\/\\\/news.save.ch\\\/suva-streicht-teuerungszuschlag\\\/#primaryimage\",\"url\":\"https:\\\/\\\/news.save.ch\\\/wp-content\\\/uploads\\\/2016\\\/12\\\/Suva-streicht-Teuerungszuschlag_safety-plus-scaled-1.jpeg\",\"contentUrl\":\"https:\\\/\\\/news.save.ch\\\/wp-content\\\/uploads\\\/2016\\\/12\\\/Suva-streicht-Teuerungszuschlag_safety-plus-scaled-1.jpeg\",\"width\":1200,\"height\":800,\"caption\":\"Der abtretende CEO Ulrich Fricker pr\u00e4sentiert positive Kennzahlen an der Bilanzmedienkonferenz der Suva in Luzern. (Foto: Dominik Baur)\"},{\"@type\":\"BreadcrumbList\",\"@id\":\"https:\\\/\\\/news.save.ch\\\/suva-streicht-teuerungszuschlag\\\/#breadcrumb\",\"itemListElement\":[{\"@type\":\"ListItem\",\"position\":1,\"name\":\"Home\",\"item\":\"https:\\\/\\\/news.save.ch\\\/de\\\/\"},{\"@type\":\"ListItem\",\"position\":2,\"name\":\"Suva streicht Teuerungszuschlag\"}]},{\"@type\":\"WebSite\",\"@id\":\"https:\\\/\\\/news.save.ch\\\/de\\\/#website\",\"url\":\"https:\\\/\\\/news.save.ch\\\/de\\\/\",\"name\":\"Save\",\"description\":\"Schweizer Fachzeitschrift f\u00fcr Sicherheit\",\"publisher\":{\"@id\":\"https:\\\/\\\/news.save.ch\\\/de\\\/#organization\"},\"potentialAction\":[{\"@type\":\"SearchAction\",\"target\":{\"@type\":\"EntryPoint\",\"urlTemplate\":\"https:\\\/\\\/news.save.ch\\\/de\\\/?s={search_term_string}\"},\"query-input\":{\"@type\":\"PropertyValueSpecification\",\"valueRequired\":true,\"valueName\":\"search_term_string\"}}],\"inLanguage\":\"it-IT\"},{\"@type\":\"Organization\",\"@id\":\"https:\\\/\\\/news.save.ch\\\/de\\\/#organization\",\"name\":\"Sicherheitsforum\",\"url\":\"https:\\\/\\\/news.save.ch\\\/de\\\/\",\"logo\":{\"@type\":\"ImageObject\",\"inLanguage\":\"it-IT\",\"@id\":\"https:\\\/\\\/news.save.ch\\\/de\\\/#\\\/schema\\\/logo\\\/image\\\/\",\"url\":\"https:\\\/\\\/news.save.ch\\\/wp-content\\\/uploads\\\/2022\\\/06\\\/Logo_SF_2012.png\",\"contentUrl\":\"https:\\\/\\\/news.save.ch\\\/wp-content\\\/uploads\\\/2022\\\/06\\\/Logo_SF_2012.png\",\"width\":1100,\"height\":91,\"caption\":\"Sicherheitsforum\"},\"image\":{\"@id\":\"https:\\\/\\\/news.save.ch\\\/de\\\/#\\\/schema\\\/logo\\\/image\\\/\"}},{\"@type\":\"Person\",\"@id\":\"https:\\\/\\\/news.save.ch\\\/de\\\/#\\\/schema\\\/person\\\/d49e199490bad7c70d64b9ab51142f2b\",\"name\":\"admin\",\"image\":{\"@type\":\"ImageObject\",\"inLanguage\":\"it-IT\",\"@id\":\"https:\\\/\\\/secure.gravatar.com\\\/avatar\\\/ae2f4d718e6c49043e314ce431e7e645d646302a24a5ef5a8bc8e3f5a032e319?s=96&d=mm&r=g\",\"url\":\"https:\\\/\\\/secure.gravatar.com\\\/avatar\\\/ae2f4d718e6c49043e314ce431e7e645d646302a24a5ef5a8bc8e3f5a032e319?s=96&d=mm&r=g\",\"contentUrl\":\"https:\\\/\\\/secure.gravatar.com\\\/avatar\\\/ae2f4d718e6c49043e314ce431e7e645d646302a24a5ef5a8bc8e3f5a032e319?s=96&d=mm&r=g\",\"caption\":\"admin\"},\"sameAs\":[\"https:\\\/\\\/develop.organisator.galledia.ch\"],\"url\":\"https:\\\/\\\/news.save.ch\\\/it\\\/author\\\/admin\\\/\"}]}<\/script>\n<!-- \/ Yoast SEO plugin. -->","yoast_head_json":{"title":"La Suva annulla l'aumento del costo della vita - Save","description":"La Suva pu\u00f2 guardare al successo dell'anno finanziario 2014.","robots":{"index":"index","follow":"follow","max-snippet":"max-snippet:-1","max-image-preview":"max-image-preview:large","max-video-preview":"max-video-preview:-1"},"canonical":"https:\/\/news.save.ch\/it\/suva-streicht-teuerungszuschlag\/","og_locale":"it_IT","og_type":"article","og_title":"Suva streicht Teuerungszuschlag - Save","og_description":"Die Suva blickt auf ein erfolgreiches Gesch\u00e4ftsjahr 2014 zur\u00fcck.","og_url":"https:\/\/news.save.ch\/it\/suva-streicht-teuerungszuschlag\/","og_site_name":"Save","article_published_time":"2015-06-13T09:52:07+00:00","article_modified_time":"2023-03-14T08:01:12+00:00","og_image":[{"width":1200,"height":800,"url":"https:\/\/news.save.ch\/wp-content\/uploads\/2016\/12\/Suva-streicht-Teuerungszuschlag_safety-plus-scaled-1.jpeg","type":"image\/jpeg"}],"author":"admin","twitter_card":"summary_large_image","twitter_misc":{"Scritto da":"admin","Tempo di lettura stimato":"1 minuto"},"schema":{"@context":"https:\/\/schema.org","@graph":[{"@type":"Article","@id":"https:\/\/news.save.ch\/suva-streicht-teuerungszuschlag\/#article","isPartOf":{"@id":"https:\/\/news.save.ch\/suva-streicht-teuerungszuschlag\/"},"author":{"name":"admin","@id":"https:\/\/news.save.ch\/de\/#\/schema\/person\/d49e199490bad7c70d64b9ab51142f2b"},"headline":"Suva streicht Teuerungszuschlag","datePublished":"2015-06-13T09:52:07+00:00","dateModified":"2023-03-14T08:01:12+00:00","mainEntityOfPage":{"@id":"https:\/\/news.save.ch\/suva-streicht-teuerungszuschlag\/"},"wordCount":161,"commentCount":0,"publisher":{"@id":"https:\/\/news.save.ch\/de\/#organization"},"image":{"@id":"https:\/\/news.save.ch\/suva-streicht-teuerungszuschlag\/#primaryimage"},"thumbnailUrl":"https:\/\/news.save.ch\/wp-content\/uploads\/2016\/12\/Suva-streicht-Teuerungszuschlag_safety-plus-scaled-1.jpeg","keywords":["Arbeitssicherheit","SUVA"],"articleSection":["HEALTH &amp; SAFETY"],"inLanguage":"it-IT"},{"@type":"WebPage","@id":"https:\/\/news.save.ch\/suva-streicht-teuerungszuschlag\/","url":"https:\/\/news.save.ch\/suva-streicht-teuerungszuschlag\/","name":"La Suva annulla l'aumento del costo della vita - Save","isPartOf":{"@id":"https:\/\/news.save.ch\/de\/#website"},"primaryImageOfPage":{"@id":"https:\/\/news.save.ch\/suva-streicht-teuerungszuschlag\/#primaryimage"},"image":{"@id":"https:\/\/news.save.ch\/suva-streicht-teuerungszuschlag\/#primaryimage"},"thumbnailUrl":"https:\/\/news.save.ch\/wp-content\/uploads\/2016\/12\/Suva-streicht-Teuerungszuschlag_safety-plus-scaled-1.jpeg","datePublished":"2015-06-13T09:52:07+00:00","dateModified":"2023-03-14T08:01:12+00:00","description":"La Suva pu\u00f2 guardare al successo dell'anno finanziario 2014.","breadcrumb":{"@id":"https:\/\/news.save.ch\/suva-streicht-teuerungszuschlag\/#breadcrumb"},"inLanguage":"it-IT","potentialAction":[{"@type":"ReadAction","target":["https:\/\/news.save.ch\/suva-streicht-teuerungszuschlag\/"]}]},{"@type":"ImageObject","inLanguage":"it-IT","@id":"https:\/\/news.save.ch\/suva-streicht-teuerungszuschlag\/#primaryimage","url":"https:\/\/news.save.ch\/wp-content\/uploads\/2016\/12\/Suva-streicht-Teuerungszuschlag_safety-plus-scaled-1.jpeg","contentUrl":"https:\/\/news.save.ch\/wp-content\/uploads\/2016\/12\/Suva-streicht-Teuerungszuschlag_safety-plus-scaled-1.jpeg","width":1200,"height":800,"caption":"Der abtretende CEO Ulrich Fricker pr\u00e4sentiert positive Kennzahlen an der Bilanzmedienkonferenz der Suva in Luzern. (Foto: Dominik Baur)"},{"@type":"BreadcrumbList","@id":"https:\/\/news.save.ch\/suva-streicht-teuerungszuschlag\/#breadcrumb","itemListElement":[{"@type":"ListItem","position":1,"name":"Home","item":"https:\/\/news.save.ch\/de\/"},{"@type":"ListItem","position":2,"name":"Suva streicht Teuerungszuschlag"}]},{"@type":"WebSite","@id":"https:\/\/news.save.ch\/de\/#website","url":"https:\/\/news.save.ch\/de\/","name":"Risparmiare","description":"Rivista svizzera specializzata in sicurezza","publisher":{"@id":"https:\/\/news.save.ch\/de\/#organization"},"potentialAction":[{"@type":"SearchAction","target":{"@type":"EntryPoint","urlTemplate":"https:\/\/news.save.ch\/de\/?s={search_term_string}"},"query-input":{"@type":"PropertyValueSpecification","valueRequired":true,"valueName":"search_term_string"}}],"inLanguage":"it-IT"},{"@type":"Organization","@id":"https:\/\/news.save.ch\/de\/#organization","name":"Forum sulla sicurezza","url":"https:\/\/news.save.ch\/de\/","logo":{"@type":"ImageObject","inLanguage":"it-IT","@id":"https:\/\/news.save.ch\/de\/#\/schema\/logo\/image\/","url":"https:\/\/news.save.ch\/wp-content\/uploads\/2022\/06\/Logo_SF_2012.png","contentUrl":"https:\/\/news.save.ch\/wp-content\/uploads\/2022\/06\/Logo_SF_2012.png","width":1100,"height":91,"caption":"Sicherheitsforum"},"image":{"@id":"https:\/\/news.save.ch\/de\/#\/schema\/logo\/image\/"}},{"@type":"Person","@id":"https:\/\/news.save.ch\/de\/#\/schema\/person\/d49e199490bad7c70d64b9ab51142f2b","name":"amministratore","image":{"@type":"ImageObject","inLanguage":"it-IT","@id":"https:\/\/secure.gravatar.com\/avatar\/ae2f4d718e6c49043e314ce431e7e645d646302a24a5ef5a8bc8e3f5a032e319?s=96&d=mm&r=g","url":"https:\/\/secure.gravatar.com\/avatar\/ae2f4d718e6c49043e314ce431e7e645d646302a24a5ef5a8bc8e3f5a032e319?s=96&d=mm&r=g","contentUrl":"https:\/\/secure.gravatar.com\/avatar\/ae2f4d718e6c49043e314ce431e7e645d646302a24a5ef5a8bc8e3f5a032e319?s=96&d=mm&r=g","caption":"admin"},"sameAs":["https:\/\/develop.organisator.galledia.ch"],"url":"https:\/\/news.save.ch\/it\/author\/admin\/"}]}},"_links":{"self":[{"href":"https:\/\/news.save.ch\/it\/wp-json\/wp\/v2\/posts\/16663","targetHints":{"allow":["GET"]}}],"collection":[{"href":"https:\/\/news.save.ch\/it\/wp-json\/wp\/v2\/posts"}],"about":[{"href":"https:\/\/news.save.ch\/it\/wp-json\/wp\/v2\/types\/post"}],"author":[{"embeddable":true,"href":"https:\/\/news.save.ch\/it\/wp-json\/wp\/v2\/users\/1"}],"replies":[{"embeddable":true,"href":"https:\/\/news.save.ch\/it\/wp-json\/wp\/v2\/comments?post=16663"}],"version-history":[{"count":1,"href":"https:\/\/news.save.ch\/it\/wp-json\/wp\/v2\/posts\/16663\/revisions"}],"predecessor-version":[{"id":18394,"href":"https:\/\/news.save.ch\/it\/wp-json\/wp\/v2\/posts\/16663\/revisions\/18394"}],"wp:featuredmedia":[{"embeddable":true,"href":"https:\/\/news.save.ch\/it\/wp-json\/wp\/v2\/media\/430"}],"wp:attachment":[{"href":"https:\/\/news.save.ch\/it\/wp-json\/wp\/v2\/media?parent=16663"}],"wp:term":[{"taxonomy":"category","embeddable":true,"href":"https:\/\/news.save.ch\/it\/wp-json\/wp\/v2\/categories?post=16663"},{"taxonomy":"post_tag","embeddable":true,"href":"https:\/\/news.save.ch\/it\/wp-json\/wp\/v2\/tags?post=16663"}],"curies":[{"name":"wp","href":"https:\/\/api.w.org\/{rel}","templated":true}]}}