{"id":16683,"date":"2015-09-16T13:56:18","date_gmt":"2015-09-16T11:56:18","guid":{"rendered":"http:\/\/dev.safety-plus.ch\/?p=590"},"modified":"2023-03-14T09:05:37","modified_gmt":"2023-03-14T08:05:37","slug":"wie-gehen-kleinunternehmen-mit-psychischen-erkrankungen-um","status":null,"type":"post","link":"https:\/\/news.save.ch\/it\/wie-gehen-kleinunternehmen-mit-psychischen-erkrankungen-um\/","title":{"rendered":"In che modo le piccole imprese affrontano la malattia mentale?"},"content":{"rendered":"<figure id=\"attachment_591\" aria-describedby=\"caption-attachment-591\" style=\"width: 680px\" class=\"wp-caption alignnone\"><img loading=\"lazy\" decoding=\"async\" class=\"wp-image-591 size-medium\" src=\"http:\/\/develop.safety-plus.ch\/wp-content\/uploads\/2016\/12\/Wie-gehen-Kleinunternehmen-mit-psychischen-Erkrankungen-um_safety-plus.jpeg\" alt=\"Un&#039;improvvisa mancanza di motivazione sul lavoro pu\u00f2 indicare un problema psicologico.\" width=\"680\" height=\"452\" srcset=\"https:\/\/news.save.ch\/wp-content\/uploads\/2016\/12\/Wie-gehen-Kleinunternehmen-mit-psychischen-Erkrankungen-um_safety-plus.jpeg 1000w, https:\/\/news.save.ch\/wp-content\/uploads\/2016\/12\/Wie-gehen-Kleinunternehmen-mit-psychischen-Erkrankungen-um_safety-plus-680x452.jpeg 680w, https:\/\/news.save.ch\/wp-content\/uploads\/2016\/12\/Wie-gehen-Kleinunternehmen-mit-psychischen-Erkrankungen-um_safety-plus-768x510.jpeg 768w, https:\/\/news.save.ch\/wp-content\/uploads\/2016\/12\/Wie-gehen-Kleinunternehmen-mit-psychischen-Erkrankungen-um_safety-plus-18x12.jpeg 18w, https:\/\/news.save.ch\/wp-content\/uploads\/2016\/12\/Wie-gehen-Kleinunternehmen-mit-psychischen-Erkrankungen-um_safety-plus-375x249.jpeg 375w, https:\/\/news.save.ch\/wp-content\/uploads\/2016\/12\/Wie-gehen-Kleinunternehmen-mit-psychischen-Erkrankungen-um_safety-plus-527x350.jpeg 527w\" sizes=\"auto, (max-width: 680px) 100vw, 680px\" \/><figcaption id=\"caption-attachment-591\" class=\"wp-caption-text\">Un'improvvisa mancanza di motivazione sul lavoro pu\u00f2 indicare un problema psicologico.<\/figcaption><\/figure>\n<p>Per conto dell'associazione Artisane, i ricercatori dell'Universit\u00e0 di Berna hanno studiato come reagiscono le piccole aziende con meno di 50 dipendenti quando i dipendenti sviluppano problemi di salute mentale.<\/p>\n<p>Sono state intervistate circa 300 aziende con una media di 17 dipendenti.<\/p>\n<p>La conclusione: grazie alla vicinanza con i dipendenti, il dirigente d'azienda riconosce rapidamente i segnali di problemi come un cambiamento nelle prestazioni o nel comportamento sociale. Tuttavia, questi segnali spesso non sono associati allo stress psicologico. La vicinanza al dipendente interessato pu\u00f2 addirittura essere uno svantaggio, in quanto spesso \u00e8 pi\u00f9 difficile per il manager affrontare questioni difficili o mantenere una distanza emotiva sufficiente.<\/p>\n<p>Gli autori raccomandano di affrontare le anomalie e i cambiamenti dei dipendenti con un dialogo personale e di cercare soluzioni di supporto. Lo studio fornisce delle linee guida in merito. Le misure possono includere l'adattamento della situazione lavorativa per ridurre lo stress o il coinvolgimento di specialisti esterni.<\/p>\n<p>L'intero studio pu\u00f2 essere\u00a0<a href=\"http:\/\/www.npg-rsp.ch\/fileadmin\/npg-rsp\/News-Infomail-Agenda\/Artisana_Bericht_UniBern_BASS.pdf\" target=\"_blank\" data-cke-saved-href=\"http:\/\/www.npg-rsp.ch\/fileadmin\/npg-rsp\/News-Infomail-Agenda\/Artisana_Bericht_UniBern_BASS.pdf\" rel=\"noopener\">qui<\/a>\u00a0pu\u00f2 essere scaricato.<\/p>","protected":false},"excerpt":{"rendered":"<p>Forscher der Universit\u00e4t Bern sind im Auftrag des Vereins Artisane der Frage nachgegangen, wie Kleinunternehmen mit weniger als 50 Mitarbeitern\u00a0reagieren, wenn bei Mitarbeitern psychische Probleme auftauchen. Befragt wurden rund 300 Unternehmen mit durchschnittlich 17 Mitarbeitenden. Das Fazit: Aufgrund der N\u00e4he zu den Mitarbeitern erennt der Betriebsverantwortliche Problemanzeichen wie etwa ein ver\u00e4ndertes Leistungs- oder Sozialverhalten schnell. [&hellip;]<\/p>\n","protected":false},"author":1,"featured_media":591,"comment_status":"open","ping_status":"open","sticky":false,"template":"","format":"standard","meta":{"_acf_changed":false,"pgc_sgb_lightbox_settings":"","footnotes":""},"categories":[3314],"tags":[2729],"class_list":["post-16683","post","type-post","status-publish","format-standard","has-post-thumbnail","hentry","category-health-safety","tag-psychische-gesundheit"],"acf":[],"hkrextid":null,"publication":null,"issue":null,"workflow":null,"startPage":null,"spitzmarke":null,"_posts_by_tag_page_fields":{"widget_title":"","widget_tags":""},"_at_widget":"1","_yoast_wpseo_primary_category":"3303","_yoast_wpseo_focuskw_text_input":"psychische Erkrankungen","_yoast_wpseo_opengraph-image":null,"_yoast_wpseo_opengraph-description":null,"_yoast_wpseo_opengraph-title":null,"enclosure":null,"_yoast_wpseo_twitter-title":null,"_yoast_wpseo_twitter-description":null,"_yoast_wpseo_twitter-image":null,"_wp_old_slug":null,"_yoast_wpseo_title":null,"_yoast_wpseo_canonical":null,"yoast_head":"<!-- This site is optimized with the Yoast SEO plugin v27.4 - https:\/\/yoast.com\/product\/yoast-seo-wordpress\/ -->\n<title>Wie gehen Kleinunternehmen mit psychischen Erkrankungen um? - Save<\/title>\n<meta name=\"description\" content=\"psychische Erkrankungen: Wenn bei Kleinunternehmen ein Mitarbeiter psychisch erkrankt, so kann dies starke Auswirkungen auf das gesamte Unternehmen haben.\" \/>\n<meta name=\"robots\" content=\"index, follow, max-snippet:-1, max-image-preview:large, max-video-preview:-1\" \/>\n<link rel=\"canonical\" href=\"https:\/\/news.save.ch\/it\/wie-gehen-kleinunternehmen-mit-psychischen-erkrankungen-um\/\" \/>\n<meta property=\"og:locale\" content=\"it_IT\" \/>\n<meta property=\"og:type\" content=\"article\" \/>\n<meta property=\"og:title\" content=\"Wie gehen Kleinunternehmen mit psychischen Erkrankungen um? - Save\" \/>\n<meta property=\"og:description\" content=\"psychische Erkrankungen: Wenn bei Kleinunternehmen ein Mitarbeiter psychisch erkrankt, so kann dies starke Auswirkungen auf das gesamte Unternehmen haben.\" \/>\n<meta property=\"og:url\" content=\"https:\/\/news.save.ch\/it\/wie-gehen-kleinunternehmen-mit-psychischen-erkrankungen-um\/\" \/>\n<meta property=\"og:site_name\" content=\"Save\" \/>\n<meta property=\"article:published_time\" content=\"2015-09-16T11:56:18+00:00\" \/>\n<meta property=\"article:modified_time\" content=\"2023-03-14T08:05:37+00:00\" \/>\n<meta property=\"og:image\" content=\"https:\/\/news.save.ch\/wp-content\/uploads\/2016\/12\/Wie-gehen-Kleinunternehmen-mit-psychischen-Erkrankungen-um_safety-plus.jpeg\" \/>\n\t<meta property=\"og:image:width\" content=\"1000\" \/>\n\t<meta property=\"og:image:height\" content=\"664\" \/>\n\t<meta property=\"og:image:type\" content=\"image\/jpeg\" \/>\n<meta name=\"author\" content=\"admin\" \/>\n<meta name=\"twitter:card\" content=\"summary_large_image\" \/>\n<meta name=\"twitter:label1\" content=\"Scritto da\" \/>\n\t<meta name=\"twitter:data1\" content=\"admin\" \/>\n\t<meta name=\"twitter:label2\" content=\"Tempo di lettura stimato\" \/>\n\t<meta name=\"twitter:data2\" content=\"1 minuto\" \/>\n<script type=\"application\/ld+json\" class=\"yoast-schema-graph\">{\"@context\":\"https:\\\/\\\/schema.org\",\"@graph\":[{\"@type\":\"Article\",\"@id\":\"https:\\\/\\\/news.save.ch\\\/wie-gehen-kleinunternehmen-mit-psychischen-erkrankungen-um\\\/#article\",\"isPartOf\":{\"@id\":\"https:\\\/\\\/news.save.ch\\\/wie-gehen-kleinunternehmen-mit-psychischen-erkrankungen-um\\\/\"},\"author\":{\"name\":\"admin\",\"@id\":\"https:\\\/\\\/news.save.ch\\\/de\\\/#\\\/schema\\\/person\\\/d49e199490bad7c70d64b9ab51142f2b\"},\"headline\":\"Wie gehen Kleinunternehmen mit psychischen Erkrankungen um?\",\"datePublished\":\"2015-09-16T11:56:18+00:00\",\"dateModified\":\"2023-03-14T08:05:37+00:00\",\"mainEntityOfPage\":{\"@id\":\"https:\\\/\\\/news.save.ch\\\/wie-gehen-kleinunternehmen-mit-psychischen-erkrankungen-um\\\/\"},\"wordCount\":181,\"commentCount\":0,\"publisher\":{\"@id\":\"https:\\\/\\\/news.save.ch\\\/de\\\/#organization\"},\"image\":{\"@id\":\"https:\\\/\\\/news.save.ch\\\/wie-gehen-kleinunternehmen-mit-psychischen-erkrankungen-um\\\/#primaryimage\"},\"thumbnailUrl\":\"https:\\\/\\\/news.save.ch\\\/wp-content\\\/uploads\\\/2016\\\/12\\\/Wie-gehen-Kleinunternehmen-mit-psychischen-Erkrankungen-um_safety-plus.jpeg\",\"keywords\":[\"Psychische Gesundheit\"],\"articleSection\":[\"HEALTH &amp; SAFETY\"],\"inLanguage\":\"it-IT\"},{\"@type\":\"WebPage\",\"@id\":\"https:\\\/\\\/news.save.ch\\\/wie-gehen-kleinunternehmen-mit-psychischen-erkrankungen-um\\\/\",\"url\":\"https:\\\/\\\/news.save.ch\\\/wie-gehen-kleinunternehmen-mit-psychischen-erkrankungen-um\\\/\",\"name\":\"Wie gehen Kleinunternehmen mit psychischen Erkrankungen um? - Save\",\"isPartOf\":{\"@id\":\"https:\\\/\\\/news.save.ch\\\/de\\\/#website\"},\"primaryImageOfPage\":{\"@id\":\"https:\\\/\\\/news.save.ch\\\/wie-gehen-kleinunternehmen-mit-psychischen-erkrankungen-um\\\/#primaryimage\"},\"image\":{\"@id\":\"https:\\\/\\\/news.save.ch\\\/wie-gehen-kleinunternehmen-mit-psychischen-erkrankungen-um\\\/#primaryimage\"},\"thumbnailUrl\":\"https:\\\/\\\/news.save.ch\\\/wp-content\\\/uploads\\\/2016\\\/12\\\/Wie-gehen-Kleinunternehmen-mit-psychischen-Erkrankungen-um_safety-plus.jpeg\",\"datePublished\":\"2015-09-16T11:56:18+00:00\",\"dateModified\":\"2023-03-14T08:05:37+00:00\",\"description\":\"psychische Erkrankungen: Wenn bei Kleinunternehmen ein Mitarbeiter psychisch erkrankt, so kann dies starke Auswirkungen auf das gesamte Unternehmen haben.\",\"breadcrumb\":{\"@id\":\"https:\\\/\\\/news.save.ch\\\/wie-gehen-kleinunternehmen-mit-psychischen-erkrankungen-um\\\/#breadcrumb\"},\"inLanguage\":\"it-IT\",\"potentialAction\":[{\"@type\":\"ReadAction\",\"target\":[\"https:\\\/\\\/news.save.ch\\\/wie-gehen-kleinunternehmen-mit-psychischen-erkrankungen-um\\\/\"]}]},{\"@type\":\"ImageObject\",\"inLanguage\":\"it-IT\",\"@id\":\"https:\\\/\\\/news.save.ch\\\/wie-gehen-kleinunternehmen-mit-psychischen-erkrankungen-um\\\/#primaryimage\",\"url\":\"https:\\\/\\\/news.save.ch\\\/wp-content\\\/uploads\\\/2016\\\/12\\\/Wie-gehen-Kleinunternehmen-mit-psychischen-Erkrankungen-um_safety-plus.jpeg\",\"contentUrl\":\"https:\\\/\\\/news.save.ch\\\/wp-content\\\/uploads\\\/2016\\\/12\\\/Wie-gehen-Kleinunternehmen-mit-psychischen-Erkrankungen-um_safety-plus.jpeg\",\"width\":1000,\"height\":664,\"caption\":\"Fehlt pl\u00f6tzlich die Motivation bei der Arbeit, kann dies auf ein psychisches Problem hinweisen.\"},{\"@type\":\"BreadcrumbList\",\"@id\":\"https:\\\/\\\/news.save.ch\\\/wie-gehen-kleinunternehmen-mit-psychischen-erkrankungen-um\\\/#breadcrumb\",\"itemListElement\":[{\"@type\":\"ListItem\",\"position\":1,\"name\":\"Home\",\"item\":\"https:\\\/\\\/news.save.ch\\\/de\\\/\"},{\"@type\":\"ListItem\",\"position\":2,\"name\":\"Wie gehen Kleinunternehmen mit psychischen Erkrankungen um?\"}]},{\"@type\":\"WebSite\",\"@id\":\"https:\\\/\\\/news.save.ch\\\/de\\\/#website\",\"url\":\"https:\\\/\\\/news.save.ch\\\/de\\\/\",\"name\":\"Save\",\"description\":\"Schweizer Fachzeitschrift f\u00fcr Sicherheit\",\"publisher\":{\"@id\":\"https:\\\/\\\/news.save.ch\\\/de\\\/#organization\"},\"potentialAction\":[{\"@type\":\"SearchAction\",\"target\":{\"@type\":\"EntryPoint\",\"urlTemplate\":\"https:\\\/\\\/news.save.ch\\\/de\\\/?s={search_term_string}\"},\"query-input\":{\"@type\":\"PropertyValueSpecification\",\"valueRequired\":true,\"valueName\":\"search_term_string\"}}],\"inLanguage\":\"it-IT\"},{\"@type\":\"Organization\",\"@id\":\"https:\\\/\\\/news.save.ch\\\/de\\\/#organization\",\"name\":\"Sicherheitsforum\",\"url\":\"https:\\\/\\\/news.save.ch\\\/de\\\/\",\"logo\":{\"@type\":\"ImageObject\",\"inLanguage\":\"it-IT\",\"@id\":\"https:\\\/\\\/news.save.ch\\\/de\\\/#\\\/schema\\\/logo\\\/image\\\/\",\"url\":\"https:\\\/\\\/news.save.ch\\\/wp-content\\\/uploads\\\/2022\\\/06\\\/Logo_SF_2012.png\",\"contentUrl\":\"https:\\\/\\\/news.save.ch\\\/wp-content\\\/uploads\\\/2022\\\/06\\\/Logo_SF_2012.png\",\"width\":1100,\"height\":91,\"caption\":\"Sicherheitsforum\"},\"image\":{\"@id\":\"https:\\\/\\\/news.save.ch\\\/de\\\/#\\\/schema\\\/logo\\\/image\\\/\"}},{\"@type\":\"Person\",\"@id\":\"https:\\\/\\\/news.save.ch\\\/de\\\/#\\\/schema\\\/person\\\/d49e199490bad7c70d64b9ab51142f2b\",\"name\":\"admin\",\"image\":{\"@type\":\"ImageObject\",\"inLanguage\":\"it-IT\",\"@id\":\"https:\\\/\\\/secure.gravatar.com\\\/avatar\\\/ae2f4d718e6c49043e314ce431e7e645d646302a24a5ef5a8bc8e3f5a032e319?s=96&d=mm&r=g\",\"url\":\"https:\\\/\\\/secure.gravatar.com\\\/avatar\\\/ae2f4d718e6c49043e314ce431e7e645d646302a24a5ef5a8bc8e3f5a032e319?s=96&d=mm&r=g\",\"contentUrl\":\"https:\\\/\\\/secure.gravatar.com\\\/avatar\\\/ae2f4d718e6c49043e314ce431e7e645d646302a24a5ef5a8bc8e3f5a032e319?s=96&d=mm&r=g\",\"caption\":\"admin\"},\"sameAs\":[\"https:\\\/\\\/develop.organisator.galledia.ch\"],\"url\":\"https:\\\/\\\/news.save.ch\\\/it\\\/author\\\/admin\\\/\"}]}<\/script>\n<!-- \/ Yoast SEO plugin. -->","yoast_head_json":{"title":"Come le piccole imprese affrontano la malattia mentale? - Salva","description":"Malattia mentale: Se un dipendente si ammala mentalmente in una piccola azienda, ci\u00f2 pu\u00f2 avere un impatto notevole sull'intera organizzazione.","robots":{"index":"index","follow":"follow","max-snippet":"max-snippet:-1","max-image-preview":"max-image-preview:large","max-video-preview":"max-video-preview:-1"},"canonical":"https:\/\/news.save.ch\/it\/wie-gehen-kleinunternehmen-mit-psychischen-erkrankungen-um\/","og_locale":"it_IT","og_type":"article","og_title":"Wie gehen Kleinunternehmen mit psychischen Erkrankungen um? - Save","og_description":"psychische Erkrankungen: Wenn bei Kleinunternehmen ein Mitarbeiter psychisch erkrankt, so kann dies starke Auswirkungen auf das gesamte Unternehmen haben.","og_url":"https:\/\/news.save.ch\/it\/wie-gehen-kleinunternehmen-mit-psychischen-erkrankungen-um\/","og_site_name":"Save","article_published_time":"2015-09-16T11:56:18+00:00","article_modified_time":"2023-03-14T08:05:37+00:00","og_image":[{"width":1000,"height":664,"url":"https:\/\/news.save.ch\/wp-content\/uploads\/2016\/12\/Wie-gehen-Kleinunternehmen-mit-psychischen-Erkrankungen-um_safety-plus.jpeg","type":"image\/jpeg"}],"author":"admin","twitter_card":"summary_large_image","twitter_misc":{"Scritto da":"admin","Tempo di lettura stimato":"1 minuto"},"schema":{"@context":"https:\/\/schema.org","@graph":[{"@type":"Article","@id":"https:\/\/news.save.ch\/wie-gehen-kleinunternehmen-mit-psychischen-erkrankungen-um\/#article","isPartOf":{"@id":"https:\/\/news.save.ch\/wie-gehen-kleinunternehmen-mit-psychischen-erkrankungen-um\/"},"author":{"name":"admin","@id":"https:\/\/news.save.ch\/de\/#\/schema\/person\/d49e199490bad7c70d64b9ab51142f2b"},"headline":"Wie gehen Kleinunternehmen mit psychischen Erkrankungen um?","datePublished":"2015-09-16T11:56:18+00:00","dateModified":"2023-03-14T08:05:37+00:00","mainEntityOfPage":{"@id":"https:\/\/news.save.ch\/wie-gehen-kleinunternehmen-mit-psychischen-erkrankungen-um\/"},"wordCount":181,"commentCount":0,"publisher":{"@id":"https:\/\/news.save.ch\/de\/#organization"},"image":{"@id":"https:\/\/news.save.ch\/wie-gehen-kleinunternehmen-mit-psychischen-erkrankungen-um\/#primaryimage"},"thumbnailUrl":"https:\/\/news.save.ch\/wp-content\/uploads\/2016\/12\/Wie-gehen-Kleinunternehmen-mit-psychischen-Erkrankungen-um_safety-plus.jpeg","keywords":["Psychische Gesundheit"],"articleSection":["HEALTH &amp; SAFETY"],"inLanguage":"it-IT"},{"@type":"WebPage","@id":"https:\/\/news.save.ch\/wie-gehen-kleinunternehmen-mit-psychischen-erkrankungen-um\/","url":"https:\/\/news.save.ch\/wie-gehen-kleinunternehmen-mit-psychischen-erkrankungen-um\/","name":"Come le piccole imprese affrontano la malattia mentale? - Salva","isPartOf":{"@id":"https:\/\/news.save.ch\/de\/#website"},"primaryImageOfPage":{"@id":"https:\/\/news.save.ch\/wie-gehen-kleinunternehmen-mit-psychischen-erkrankungen-um\/#primaryimage"},"image":{"@id":"https:\/\/news.save.ch\/wie-gehen-kleinunternehmen-mit-psychischen-erkrankungen-um\/#primaryimage"},"thumbnailUrl":"https:\/\/news.save.ch\/wp-content\/uploads\/2016\/12\/Wie-gehen-Kleinunternehmen-mit-psychischen-Erkrankungen-um_safety-plus.jpeg","datePublished":"2015-09-16T11:56:18+00:00","dateModified":"2023-03-14T08:05:37+00:00","description":"Malattia mentale: Se un dipendente si ammala mentalmente in una piccola azienda, ci\u00f2 pu\u00f2 avere un impatto notevole sull'intera organizzazione.","breadcrumb":{"@id":"https:\/\/news.save.ch\/wie-gehen-kleinunternehmen-mit-psychischen-erkrankungen-um\/#breadcrumb"},"inLanguage":"it-IT","potentialAction":[{"@type":"ReadAction","target":["https:\/\/news.save.ch\/wie-gehen-kleinunternehmen-mit-psychischen-erkrankungen-um\/"]}]},{"@type":"ImageObject","inLanguage":"it-IT","@id":"https:\/\/news.save.ch\/wie-gehen-kleinunternehmen-mit-psychischen-erkrankungen-um\/#primaryimage","url":"https:\/\/news.save.ch\/wp-content\/uploads\/2016\/12\/Wie-gehen-Kleinunternehmen-mit-psychischen-Erkrankungen-um_safety-plus.jpeg","contentUrl":"https:\/\/news.save.ch\/wp-content\/uploads\/2016\/12\/Wie-gehen-Kleinunternehmen-mit-psychischen-Erkrankungen-um_safety-plus.jpeg","width":1000,"height":664,"caption":"Fehlt pl\u00f6tzlich die Motivation bei der Arbeit, kann dies auf ein psychisches Problem hinweisen."},{"@type":"BreadcrumbList","@id":"https:\/\/news.save.ch\/wie-gehen-kleinunternehmen-mit-psychischen-erkrankungen-um\/#breadcrumb","itemListElement":[{"@type":"ListItem","position":1,"name":"Home","item":"https:\/\/news.save.ch\/de\/"},{"@type":"ListItem","position":2,"name":"Wie gehen Kleinunternehmen mit psychischen Erkrankungen um?"}]},{"@type":"WebSite","@id":"https:\/\/news.save.ch\/de\/#website","url":"https:\/\/news.save.ch\/de\/","name":"Risparmiare","description":"Rivista svizzera specializzata in sicurezza","publisher":{"@id":"https:\/\/news.save.ch\/de\/#organization"},"potentialAction":[{"@type":"SearchAction","target":{"@type":"EntryPoint","urlTemplate":"https:\/\/news.save.ch\/de\/?s={search_term_string}"},"query-input":{"@type":"PropertyValueSpecification","valueRequired":true,"valueName":"search_term_string"}}],"inLanguage":"it-IT"},{"@type":"Organization","@id":"https:\/\/news.save.ch\/de\/#organization","name":"Forum sulla sicurezza","url":"https:\/\/news.save.ch\/de\/","logo":{"@type":"ImageObject","inLanguage":"it-IT","@id":"https:\/\/news.save.ch\/de\/#\/schema\/logo\/image\/","url":"https:\/\/news.save.ch\/wp-content\/uploads\/2022\/06\/Logo_SF_2012.png","contentUrl":"https:\/\/news.save.ch\/wp-content\/uploads\/2022\/06\/Logo_SF_2012.png","width":1100,"height":91,"caption":"Sicherheitsforum"},"image":{"@id":"https:\/\/news.save.ch\/de\/#\/schema\/logo\/image\/"}},{"@type":"Person","@id":"https:\/\/news.save.ch\/de\/#\/schema\/person\/d49e199490bad7c70d64b9ab51142f2b","name":"amministratore","image":{"@type":"ImageObject","inLanguage":"it-IT","@id":"https:\/\/secure.gravatar.com\/avatar\/ae2f4d718e6c49043e314ce431e7e645d646302a24a5ef5a8bc8e3f5a032e319?s=96&d=mm&r=g","url":"https:\/\/secure.gravatar.com\/avatar\/ae2f4d718e6c49043e314ce431e7e645d646302a24a5ef5a8bc8e3f5a032e319?s=96&d=mm&r=g","contentUrl":"https:\/\/secure.gravatar.com\/avatar\/ae2f4d718e6c49043e314ce431e7e645d646302a24a5ef5a8bc8e3f5a032e319?s=96&d=mm&r=g","caption":"admin"},"sameAs":["https:\/\/develop.organisator.galledia.ch"],"url":"https:\/\/news.save.ch\/it\/author\/admin\/"}]}},"_links":{"self":[{"href":"https:\/\/news.save.ch\/it\/wp-json\/wp\/v2\/posts\/16683","targetHints":{"allow":["GET"]}}],"collection":[{"href":"https:\/\/news.save.ch\/it\/wp-json\/wp\/v2\/posts"}],"about":[{"href":"https:\/\/news.save.ch\/it\/wp-json\/wp\/v2\/types\/post"}],"author":[{"embeddable":true,"href":"https:\/\/news.save.ch\/it\/wp-json\/wp\/v2\/users\/1"}],"replies":[{"embeddable":true,"href":"https:\/\/news.save.ch\/it\/wp-json\/wp\/v2\/comments?post=16683"}],"version-history":[{"count":1,"href":"https:\/\/news.save.ch\/it\/wp-json\/wp\/v2\/posts\/16683\/revisions"}],"predecessor-version":[{"id":19025,"href":"https:\/\/news.save.ch\/it\/wp-json\/wp\/v2\/posts\/16683\/revisions\/19025"}],"wp:featuredmedia":[{"embeddable":true,"href":"https:\/\/news.save.ch\/it\/wp-json\/wp\/v2\/media\/591"}],"wp:attachment":[{"href":"https:\/\/news.save.ch\/it\/wp-json\/wp\/v2\/media?parent=16683"}],"wp:term":[{"taxonomy":"category","embeddable":true,"href":"https:\/\/news.save.ch\/it\/wp-json\/wp\/v2\/categories?post=16683"},{"taxonomy":"post_tag","embeddable":true,"href":"https:\/\/news.save.ch\/it\/wp-json\/wp\/v2\/tags?post=16683"}],"curies":[{"name":"wp","href":"https:\/\/api.w.org\/{rel}","templated":true}]}}