{"id":16695,"date":"2015-11-05T14:37:37","date_gmt":"2015-11-05T13:37:37","guid":{"rendered":"http:\/\/dev.safety-plus.ch\/?p=680"},"modified":"2015-11-05T14:37:37","modified_gmt":"2015-11-05T13:37:37","slug":"arbeitszeiterfassung-bundesrat-regelt-ausnahmen","status":null,"type":"post","link":"https:\/\/news.save.ch\/it\/arbeitszeiterfassung-bundesrat-regelt-ausnahmen\/","title":{"rendered":"Registrazione delle ore di lavoro: il Consiglio federale regolamenta le eccezioni"},"content":{"rendered":"<figure id=\"attachment_681\" aria-describedby=\"caption-attachment-681\" style=\"width: 680px\" class=\"wp-caption alignnone\"><img loading=\"lazy\" decoding=\"async\" class=\"wp-image-681 size-medium\" src=\"http:\/\/develop.safety-plus.ch\/wp-content\/uploads\/2016\/12\/Arbeitszeiterfassung-Bundesrat-regelt-Ausnahmen_safety-plus.jpg\" alt=\"L&#039;orologio a tempo non corrisponde pi\u00f9 alla realt\u00e0 lavorativa di oggi.\" width=\"680\" height=\"510\" \/><figcaption id=\"caption-attachment-681\" class=\"wp-caption-text\">L'orologio a tempo non corrisponde pi\u00f9 alla realt\u00e0 lavorativa di oggi.<\/figcaption><\/figure>\n<p>Il 4 novembre 2015, il Consiglio federale ha adattato la registrazione degli orari di lavoro alla realt\u00e0 del mondo del lavoro odierno. Ha deciso di introdurre gli artt. 73a e 73b nell'Ordinanza 1 della Legge sul lavoro (ArGV 1). Queste nuove disposizioni consentono di concordare deroghe all'obbligo dettagliato di registrazione delle ore di lavoro a condizioni chiaramente definite. In questo modo si ripristina la certezza del diritto, si riduce l'onere amministrativo per le aziende e si rafforza l'applicazione della Legge sul lavoro nell'interesse dei datori di lavoro e dei lavoratori. La revisione entrer\u00e0 in vigore il 1\u00b0 gennaio 2016.<\/p>\n<p><strong>Considerare la flessibilit\u00e0<\/strong><br \/>\nIl mondo del lavoro \u00e8 cambiato radicalmente negli ultimi decenni. La maggior parte delle attivit\u00e0 professionali \u00e8 ora caratterizzata da flessibilit\u00e0 in termini di luogo e di orario. Questa evoluzione ha fatto s\u00ec che la Legge sul lavoro, che in genere prescrive la registrazione completa e dettagliata delle ore lavorate, non corrisponda pi\u00f9 al mondo del lavoro reale. La modifica dell'ordinanza adottata oggi pone rimedio a questa situazione. La revisione crea due nuove forme di registrazione dell'orario di lavoro che, per quanto possibile dal punto di vista legale, tengono conto della realt\u00e0 del mondo del lavoro odierno. In questo modo i lavoratori e i datori di lavoro ritroveranno la certezza del diritto, ridurranno l'onere amministrativo per le aziende e rafforzeranno l'applicazione della Legge sul lavoro.<\/p>\n<p><strong>Due eccezioni definite<\/strong><br \/>\nL'ordinanza prevede due opzioni, la prima delle quali richiede un contratto collettivo di lavoro (CCL), mentre la seconda non lo richiede. Secondo l'articolo 73a ArGV 1, in futuro sar\u00e0 possibile rinunciare completamente alla registrazione delle ore di lavoro sulla base di un contratto collettivo di lavoro e con il consenso scritto del dipendente. Questa disposizione si rivolge esclusivamente ai dipendenti con un reddito annuo lordo (compresi i bonus, ecc.) superiore a 120.000 franchi svizzeri che hanno un elevato grado di autonomia nell'organizzazione del proprio lavoro e degli orari di lavoro.<\/p>\n<p>L'articolo 73b ArGV 1 introduce la possibilit\u00e0 di semplificare notevolmente la registrazione dell'orario di lavoro per i dipendenti con notevole autonomia in termini di orario di lavoro. Ci\u00f2 significa che deve essere documentata solo la durata totale dell'orario di lavoro giornaliero. Solo in caso di lavoro domenicale e notturno devono essere registrati anche l'inizio e la fine dell'incarico di lavoro. La registrazione semplificata dell'orario di lavoro non richiede un CLA, ma solo un accordo collettivo tra il datore di lavoro e i rappresentanti - esterni o interni - dei lavoratori.<\/p>\n<p><strong>Sindacati scettici<\/strong><br \/>\nIl sindacato Unia si rammarica di questa decisione, ma accoglie con favore il fatto che le eccezioni siano legate a condizioni chiare. Unia ha istituito la linea telefonica diretta \"Servizio Orario di Lavoro\" per consigliare i dipendenti e i comitati del personale su questioni relative alla registrazione dell'orario di lavoro e per prevenire gli abusi. I dipendenti possono chiamare il numero 0848 240 240 o visitare il sito web service-arbeitszeit.ch per ottenere informazioni gratuite.<\/p>","protected":false},"excerpt":{"rendered":"<p>Der Bundesrat hat am 4. November 2015 die Arbeitszeiterfassung den Realit\u00e4ten der heutigen Arbeitswelt angepasst. Er beschloss die Einf\u00fchrung von Art. 73a und 73b in die Verordnung 1 zum Arbeitsgesetz (ArGV 1). Diese neuen Bestimmungen erm\u00f6glichen es, unter klar definierten Bedingungen Abweichungen von der detaillierten Arbeitszeiterfassungspflicht zu vereinbaren. Damit wird die Rechtssicherheit wieder hergestellt, die [&hellip;]<\/p>\n","protected":false},"author":1,"featured_media":16048,"comment_status":"open","ping_status":"open","sticky":false,"template":"","format":"standard","meta":{"_acf_changed":false,"pgc_sgb_lightbox_settings":"","footnotes":""},"categories":[1],"tags":[1678],"class_list":["post-16695","post","type-post","status-publish","format-standard","has-post-thumbnail","hentry","category-allgemein","tag-arbeitszeit"],"acf":[],"hkrextid":null,"publication":null,"issue":null,"workflow":null,"startPage":null,"spitzmarke":null,"_posts_by_tag_page_fields":{"widget_title":"","widget_tags":""},"_at_widget":"1","_yoast_wpseo_primary_category":"1","_yoast_wpseo_focuskw_text_input":"Arbeitszeiterfassung","_yoast_wpseo_opengraph-image":null,"_yoast_wpseo_opengraph-description":null,"_yoast_wpseo_opengraph-title":null,"enclosure":null,"_yoast_wpseo_twitter-title":null,"_yoast_wpseo_twitter-description":null,"_yoast_wpseo_twitter-image":null,"_wp_old_slug":null,"_yoast_wpseo_title":null,"_yoast_wpseo_canonical":null,"yoast_head":"<!-- This site is optimized with the Yoast SEO plugin v27.5 - https:\/\/yoast.com\/product\/yoast-seo-wordpress\/ -->\n<title>Arbeitszeiterfassung: Bundesrat regelt Ausnahmen - Save<\/title>\n<meta name=\"description\" content=\"Die Pflicht zur Arbeitszeiterfassung wird am 1. Januar 2016 gelockert - jedenfalls, wenn bestimmte Voraussetzungen erf\u00fcllt sind.\" \/>\n<meta name=\"robots\" content=\"index, follow, max-snippet:-1, max-image-preview:large, max-video-preview:-1\" \/>\n<link rel=\"canonical\" href=\"https:\/\/news.save.ch\/it\/arbeitszeiterfassung-bundesrat-regelt-ausnahmen\/\" \/>\n<meta property=\"og:locale\" content=\"it_IT\" \/>\n<meta property=\"og:type\" content=\"article\" \/>\n<meta property=\"og:title\" content=\"Arbeitszeiterfassung: Bundesrat regelt Ausnahmen - Save\" \/>\n<meta property=\"og:description\" content=\"Die Pflicht zur Arbeitszeiterfassung wird am 1. Januar 2016 gelockert - jedenfalls, wenn bestimmte Voraussetzungen erf\u00fcllt sind.\" \/>\n<meta property=\"og:url\" content=\"https:\/\/news.save.ch\/it\/arbeitszeiterfassung-bundesrat-regelt-ausnahmen\/\" \/>\n<meta property=\"og:site_name\" content=\"Save\" \/>\n<meta property=\"article:published_time\" content=\"2015-11-05T13:37:37+00:00\" \/>\n<meta property=\"og:image\" content=\"https:\/\/news.save.ch\/wp-content\/uploads\/2016\/12\/Arbeitszeiterfassung-Bundesrat-regelt-Ausnahmen_safety-plus.jpg\" \/>\n\t<meta property=\"og:image:width\" content=\"1024\" \/>\n\t<meta property=\"og:image:height\" content=\"768\" \/>\n\t<meta property=\"og:image:type\" content=\"image\/jpeg\" \/>\n<meta name=\"author\" content=\"admin\" \/>\n<meta name=\"twitter:card\" content=\"summary_large_image\" \/>\n<meta name=\"twitter:label1\" content=\"Scritto da\" \/>\n\t<meta name=\"twitter:data1\" content=\"admin\" \/>\n\t<meta name=\"twitter:label2\" content=\"Tempo di lettura stimato\" \/>\n\t<meta name=\"twitter:data2\" content=\"2 minuti\" \/>\n<script type=\"application\/ld+json\" class=\"yoast-schema-graph\">{\"@context\":\"https:\\\/\\\/schema.org\",\"@graph\":[{\"@type\":\"Article\",\"@id\":\"https:\\\/\\\/news.save.ch\\\/arbeitszeiterfassung-bundesrat-regelt-ausnahmen\\\/#article\",\"isPartOf\":{\"@id\":\"https:\\\/\\\/news.save.ch\\\/arbeitszeiterfassung-bundesrat-regelt-ausnahmen\\\/\"},\"author\":{\"name\":\"admin\",\"@id\":\"https:\\\/\\\/news.save.ch\\\/de\\\/#\\\/schema\\\/person\\\/d49e199490bad7c70d64b9ab51142f2b\"},\"headline\":\"Arbeitszeiterfassung: Bundesrat regelt Ausnahmen\",\"datePublished\":\"2015-11-05T13:37:37+00:00\",\"mainEntityOfPage\":{\"@id\":\"https:\\\/\\\/news.save.ch\\\/arbeitszeiterfassung-bundesrat-regelt-ausnahmen\\\/\"},\"wordCount\":422,\"commentCount\":0,\"publisher\":{\"@id\":\"https:\\\/\\\/news.save.ch\\\/de\\\/#organization\"},\"image\":{\"@id\":\"https:\\\/\\\/news.save.ch\\\/arbeitszeiterfassung-bundesrat-regelt-ausnahmen\\\/#primaryimage\"},\"thumbnailUrl\":\"https:\\\/\\\/news.save.ch\\\/wp-content\\\/uploads\\\/2016\\\/12\\\/Arbeitszeiterfassung-Bundesrat-regelt-Ausnahmen_safety-plus.jpg\",\"keywords\":[\"Arbeitszeit\"],\"articleSection\":[\"ALLGEMEIN\"],\"inLanguage\":\"it-IT\"},{\"@type\":\"WebPage\",\"@id\":\"https:\\\/\\\/news.save.ch\\\/arbeitszeiterfassung-bundesrat-regelt-ausnahmen\\\/\",\"url\":\"https:\\\/\\\/news.save.ch\\\/arbeitszeiterfassung-bundesrat-regelt-ausnahmen\\\/\",\"name\":\"Arbeitszeiterfassung: Bundesrat regelt Ausnahmen - Save\",\"isPartOf\":{\"@id\":\"https:\\\/\\\/news.save.ch\\\/de\\\/#website\"},\"primaryImageOfPage\":{\"@id\":\"https:\\\/\\\/news.save.ch\\\/arbeitszeiterfassung-bundesrat-regelt-ausnahmen\\\/#primaryimage\"},\"image\":{\"@id\":\"https:\\\/\\\/news.save.ch\\\/arbeitszeiterfassung-bundesrat-regelt-ausnahmen\\\/#primaryimage\"},\"thumbnailUrl\":\"https:\\\/\\\/news.save.ch\\\/wp-content\\\/uploads\\\/2016\\\/12\\\/Arbeitszeiterfassung-Bundesrat-regelt-Ausnahmen_safety-plus.jpg\",\"datePublished\":\"2015-11-05T13:37:37+00:00\",\"description\":\"Die Pflicht zur Arbeitszeiterfassung wird am 1. Januar 2016 gelockert - jedenfalls, wenn bestimmte Voraussetzungen erf\u00fcllt sind.\",\"breadcrumb\":{\"@id\":\"https:\\\/\\\/news.save.ch\\\/arbeitszeiterfassung-bundesrat-regelt-ausnahmen\\\/#breadcrumb\"},\"inLanguage\":\"it-IT\",\"potentialAction\":[{\"@type\":\"ReadAction\",\"target\":[\"https:\\\/\\\/news.save.ch\\\/arbeitszeiterfassung-bundesrat-regelt-ausnahmen\\\/\"]}]},{\"@type\":\"ImageObject\",\"inLanguage\":\"it-IT\",\"@id\":\"https:\\\/\\\/news.save.ch\\\/arbeitszeiterfassung-bundesrat-regelt-ausnahmen\\\/#primaryimage\",\"url\":\"https:\\\/\\\/news.save.ch\\\/wp-content\\\/uploads\\\/2016\\\/12\\\/Arbeitszeiterfassung-Bundesrat-regelt-Ausnahmen_safety-plus.jpg\",\"contentUrl\":\"https:\\\/\\\/news.save.ch\\\/wp-content\\\/uploads\\\/2016\\\/12\\\/Arbeitszeiterfassung-Bundesrat-regelt-Ausnahmen_safety-plus.jpg\",\"width\":1024,\"height\":768,\"caption\":\"Die Stempeluhr entspricht nicht mehr der heutigen Arbeitsrealit\u00e4t.\"},{\"@type\":\"BreadcrumbList\",\"@id\":\"https:\\\/\\\/news.save.ch\\\/arbeitszeiterfassung-bundesrat-regelt-ausnahmen\\\/#breadcrumb\",\"itemListElement\":[{\"@type\":\"ListItem\",\"position\":1,\"name\":\"Home\",\"item\":\"https:\\\/\\\/news.save.ch\\\/de\\\/\"},{\"@type\":\"ListItem\",\"position\":2,\"name\":\"Arbeitszeiterfassung: Bundesrat regelt Ausnahmen\"}]},{\"@type\":\"WebSite\",\"@id\":\"https:\\\/\\\/news.save.ch\\\/de\\\/#website\",\"url\":\"https:\\\/\\\/news.save.ch\\\/de\\\/\",\"name\":\"Save\",\"description\":\"Schweizer Fachzeitschrift f\u00fcr Sicherheit\",\"publisher\":{\"@id\":\"https:\\\/\\\/news.save.ch\\\/de\\\/#organization\"},\"potentialAction\":[{\"@type\":\"SearchAction\",\"target\":{\"@type\":\"EntryPoint\",\"urlTemplate\":\"https:\\\/\\\/news.save.ch\\\/de\\\/?s={search_term_string}\"},\"query-input\":{\"@type\":\"PropertyValueSpecification\",\"valueRequired\":true,\"valueName\":\"search_term_string\"}}],\"inLanguage\":\"it-IT\"},{\"@type\":\"Organization\",\"@id\":\"https:\\\/\\\/news.save.ch\\\/de\\\/#organization\",\"name\":\"Sicherheitsforum\",\"url\":\"https:\\\/\\\/news.save.ch\\\/de\\\/\",\"logo\":{\"@type\":\"ImageObject\",\"inLanguage\":\"it-IT\",\"@id\":\"https:\\\/\\\/news.save.ch\\\/de\\\/#\\\/schema\\\/logo\\\/image\\\/\",\"url\":\"https:\\\/\\\/news.save.ch\\\/wp-content\\\/uploads\\\/2022\\\/06\\\/Logo_SF_2012.png\",\"contentUrl\":\"https:\\\/\\\/news.save.ch\\\/wp-content\\\/uploads\\\/2022\\\/06\\\/Logo_SF_2012.png\",\"width\":1100,\"height\":91,\"caption\":\"Sicherheitsforum\"},\"image\":{\"@id\":\"https:\\\/\\\/news.save.ch\\\/de\\\/#\\\/schema\\\/logo\\\/image\\\/\"}},{\"@type\":\"Person\",\"@id\":\"https:\\\/\\\/news.save.ch\\\/de\\\/#\\\/schema\\\/person\\\/d49e199490bad7c70d64b9ab51142f2b\",\"name\":\"admin\",\"image\":{\"@type\":\"ImageObject\",\"inLanguage\":\"it-IT\",\"@id\":\"https:\\\/\\\/secure.gravatar.com\\\/avatar\\\/ae2f4d718e6c49043e314ce431e7e645d646302a24a5ef5a8bc8e3f5a032e319?s=96&d=mm&r=g\",\"url\":\"https:\\\/\\\/secure.gravatar.com\\\/avatar\\\/ae2f4d718e6c49043e314ce431e7e645d646302a24a5ef5a8bc8e3f5a032e319?s=96&d=mm&r=g\",\"contentUrl\":\"https:\\\/\\\/secure.gravatar.com\\\/avatar\\\/ae2f4d718e6c49043e314ce431e7e645d646302a24a5ef5a8bc8e3f5a032e319?s=96&d=mm&r=g\",\"caption\":\"admin\"},\"sameAs\":[\"https:\\\/\\\/develop.organisator.galledia.ch\"],\"url\":\"https:\\\/\\\/news.save.ch\\\/it\\\/author\\\/admin\\\/\"}]}<\/script>\n<!-- \/ Yoast SEO plugin. -->","yoast_head_json":{"title":"Registrazione dell'orario di lavoro: il Consiglio federale regolamenta le eccezioni - Save","description":"L'obbligo di registrare le ore di lavoro sar\u00e0 attenuato il 1\u00b0 gennaio 2016, almeno se vengono soddisfatte alcune condizioni.","robots":{"index":"index","follow":"follow","max-snippet":"max-snippet:-1","max-image-preview":"max-image-preview:large","max-video-preview":"max-video-preview:-1"},"canonical":"https:\/\/news.save.ch\/it\/arbeitszeiterfassung-bundesrat-regelt-ausnahmen\/","og_locale":"it_IT","og_type":"article","og_title":"Arbeitszeiterfassung: Bundesrat regelt Ausnahmen - Save","og_description":"Die Pflicht zur Arbeitszeiterfassung wird am 1. Januar 2016 gelockert - jedenfalls, wenn bestimmte Voraussetzungen erf\u00fcllt sind.","og_url":"https:\/\/news.save.ch\/it\/arbeitszeiterfassung-bundesrat-regelt-ausnahmen\/","og_site_name":"Save","article_published_time":"2015-11-05T13:37:37+00:00","og_image":[{"width":1024,"height":768,"url":"https:\/\/news.save.ch\/wp-content\/uploads\/2016\/12\/Arbeitszeiterfassung-Bundesrat-regelt-Ausnahmen_safety-plus.jpg","type":"image\/jpeg"}],"author":"admin","twitter_card":"summary_large_image","twitter_misc":{"Scritto da":"admin","Tempo di lettura stimato":"2 minuti"},"schema":{"@context":"https:\/\/schema.org","@graph":[{"@type":"Article","@id":"https:\/\/news.save.ch\/arbeitszeiterfassung-bundesrat-regelt-ausnahmen\/#article","isPartOf":{"@id":"https:\/\/news.save.ch\/arbeitszeiterfassung-bundesrat-regelt-ausnahmen\/"},"author":{"name":"admin","@id":"https:\/\/news.save.ch\/de\/#\/schema\/person\/d49e199490bad7c70d64b9ab51142f2b"},"headline":"Arbeitszeiterfassung: Bundesrat regelt Ausnahmen","datePublished":"2015-11-05T13:37:37+00:00","mainEntityOfPage":{"@id":"https:\/\/news.save.ch\/arbeitszeiterfassung-bundesrat-regelt-ausnahmen\/"},"wordCount":422,"commentCount":0,"publisher":{"@id":"https:\/\/news.save.ch\/de\/#organization"},"image":{"@id":"https:\/\/news.save.ch\/arbeitszeiterfassung-bundesrat-regelt-ausnahmen\/#primaryimage"},"thumbnailUrl":"https:\/\/news.save.ch\/wp-content\/uploads\/2016\/12\/Arbeitszeiterfassung-Bundesrat-regelt-Ausnahmen_safety-plus.jpg","keywords":["Arbeitszeit"],"articleSection":["ALLGEMEIN"],"inLanguage":"it-IT"},{"@type":"WebPage","@id":"https:\/\/news.save.ch\/arbeitszeiterfassung-bundesrat-regelt-ausnahmen\/","url":"https:\/\/news.save.ch\/arbeitszeiterfassung-bundesrat-regelt-ausnahmen\/","name":"Registrazione dell'orario di lavoro: il Consiglio federale regolamenta le eccezioni - Save","isPartOf":{"@id":"https:\/\/news.save.ch\/de\/#website"},"primaryImageOfPage":{"@id":"https:\/\/news.save.ch\/arbeitszeiterfassung-bundesrat-regelt-ausnahmen\/#primaryimage"},"image":{"@id":"https:\/\/news.save.ch\/arbeitszeiterfassung-bundesrat-regelt-ausnahmen\/#primaryimage"},"thumbnailUrl":"https:\/\/news.save.ch\/wp-content\/uploads\/2016\/12\/Arbeitszeiterfassung-Bundesrat-regelt-Ausnahmen_safety-plus.jpg","datePublished":"2015-11-05T13:37:37+00:00","description":"L'obbligo di registrare le ore di lavoro sar\u00e0 attenuato il 1\u00b0 gennaio 2016, almeno se vengono soddisfatte alcune condizioni.","breadcrumb":{"@id":"https:\/\/news.save.ch\/arbeitszeiterfassung-bundesrat-regelt-ausnahmen\/#breadcrumb"},"inLanguage":"it-IT","potentialAction":[{"@type":"ReadAction","target":["https:\/\/news.save.ch\/arbeitszeiterfassung-bundesrat-regelt-ausnahmen\/"]}]},{"@type":"ImageObject","inLanguage":"it-IT","@id":"https:\/\/news.save.ch\/arbeitszeiterfassung-bundesrat-regelt-ausnahmen\/#primaryimage","url":"https:\/\/news.save.ch\/wp-content\/uploads\/2016\/12\/Arbeitszeiterfassung-Bundesrat-regelt-Ausnahmen_safety-plus.jpg","contentUrl":"https:\/\/news.save.ch\/wp-content\/uploads\/2016\/12\/Arbeitszeiterfassung-Bundesrat-regelt-Ausnahmen_safety-plus.jpg","width":1024,"height":768,"caption":"Die Stempeluhr entspricht nicht mehr der heutigen Arbeitsrealit\u00e4t."},{"@type":"BreadcrumbList","@id":"https:\/\/news.save.ch\/arbeitszeiterfassung-bundesrat-regelt-ausnahmen\/#breadcrumb","itemListElement":[{"@type":"ListItem","position":1,"name":"Home","item":"https:\/\/news.save.ch\/de\/"},{"@type":"ListItem","position":2,"name":"Arbeitszeiterfassung: Bundesrat regelt Ausnahmen"}]},{"@type":"WebSite","@id":"https:\/\/news.save.ch\/de\/#website","url":"https:\/\/news.save.ch\/de\/","name":"Risparmiare","description":"Rivista svizzera specializzata in sicurezza","publisher":{"@id":"https:\/\/news.save.ch\/de\/#organization"},"potentialAction":[{"@type":"SearchAction","target":{"@type":"EntryPoint","urlTemplate":"https:\/\/news.save.ch\/de\/?s={search_term_string}"},"query-input":{"@type":"PropertyValueSpecification","valueRequired":true,"valueName":"search_term_string"}}],"inLanguage":"it-IT"},{"@type":"Organization","@id":"https:\/\/news.save.ch\/de\/#organization","name":"Forum sulla sicurezza","url":"https:\/\/news.save.ch\/de\/","logo":{"@type":"ImageObject","inLanguage":"it-IT","@id":"https:\/\/news.save.ch\/de\/#\/schema\/logo\/image\/","url":"https:\/\/news.save.ch\/wp-content\/uploads\/2022\/06\/Logo_SF_2012.png","contentUrl":"https:\/\/news.save.ch\/wp-content\/uploads\/2022\/06\/Logo_SF_2012.png","width":1100,"height":91,"caption":"Sicherheitsforum"},"image":{"@id":"https:\/\/news.save.ch\/de\/#\/schema\/logo\/image\/"}},{"@type":"Person","@id":"https:\/\/news.save.ch\/de\/#\/schema\/person\/d49e199490bad7c70d64b9ab51142f2b","name":"amministratore","image":{"@type":"ImageObject","inLanguage":"it-IT","@id":"https:\/\/secure.gravatar.com\/avatar\/ae2f4d718e6c49043e314ce431e7e645d646302a24a5ef5a8bc8e3f5a032e319?s=96&d=mm&r=g","url":"https:\/\/secure.gravatar.com\/avatar\/ae2f4d718e6c49043e314ce431e7e645d646302a24a5ef5a8bc8e3f5a032e319?s=96&d=mm&r=g","contentUrl":"https:\/\/secure.gravatar.com\/avatar\/ae2f4d718e6c49043e314ce431e7e645d646302a24a5ef5a8bc8e3f5a032e319?s=96&d=mm&r=g","caption":"admin"},"sameAs":["https:\/\/develop.organisator.galledia.ch"],"url":"https:\/\/news.save.ch\/it\/author\/admin\/"}]}},"_links":{"self":[{"href":"https:\/\/news.save.ch\/it\/wp-json\/wp\/v2\/posts\/16695","targetHints":{"allow":["GET"]}}],"collection":[{"href":"https:\/\/news.save.ch\/it\/wp-json\/wp\/v2\/posts"}],"about":[{"href":"https:\/\/news.save.ch\/it\/wp-json\/wp\/v2\/types\/post"}],"author":[{"embeddable":true,"href":"https:\/\/news.save.ch\/it\/wp-json\/wp\/v2\/users\/1"}],"replies":[{"embeddable":true,"href":"https:\/\/news.save.ch\/it\/wp-json\/wp\/v2\/comments?post=16695"}],"version-history":[{"count":0,"href":"https:\/\/news.save.ch\/it\/wp-json\/wp\/v2\/posts\/16695\/revisions"}],"wp:featuredmedia":[{"embeddable":true,"href":"https:\/\/news.save.ch\/it\/wp-json\/wp\/v2\/media\/16048"}],"wp:attachment":[{"href":"https:\/\/news.save.ch\/it\/wp-json\/wp\/v2\/media?parent=16695"}],"wp:term":[{"taxonomy":"category","embeddable":true,"href":"https:\/\/news.save.ch\/it\/wp-json\/wp\/v2\/categories?post=16695"},{"taxonomy":"post_tag","embeddable":true,"href":"https:\/\/news.save.ch\/it\/wp-json\/wp\/v2\/tags?post=16695"}],"curies":[{"name":"wp","href":"https:\/\/api.w.org\/{rel}","templated":true}]}}