{"id":16696,"date":"2015-11-06T14:40:11","date_gmt":"2015-11-06T13:40:11","guid":{"rendered":"http:\/\/dev.safety-plus.ch\/?p=683"},"modified":"2023-03-14T09:01:10","modified_gmt":"2023-03-14T08:01:10","slug":"ganzkoerper-airbag-schuetzt-vor-sturzverletzungen","status":null,"type":"post","link":"https:\/\/news.save.ch\/it\/ganzkoerper-airbag-schuetzt-vor-sturzverletzungen\/","title":{"rendered":"L'airbag per tutto il corpo protegge dalle cadute"},"content":{"rendered":"<figure id=\"attachment_684\" aria-describedby=\"caption-attachment-684\" style=\"width: 600px\" class=\"wp-caption alignnone\"><img loading=\"lazy\" decoding=\"async\" class=\"wp-image-684 size-full\" src=\"http:\/\/develop.safety-plus.ch\/wp-content\/uploads\/2016\/12\/Ganzkoerper-Airbag-schuetzt-vor-Sturzverletzungen_safety-plus.jpg\" alt=\"In caso di pericolo, gli airbag si gonfiano su tutto il corpo e proteggono chi li indossa da eventuali lesioni. (Foto: tuta protettiva ISP)\" width=\"600\" height=\"373\" \/><figcaption id=\"caption-attachment-684\" class=\"wp-caption-text\">In caso di pericolo, gli airbag si gonfiano su tutto il corpo e proteggono chi li indossa da eventuali lesioni. (Foto: tuta protettiva ISP)<\/figcaption><\/figure>\n<p>Le cadute sono uno degli incidenti pi\u00f9 comuni sul lavoro e nel tempo libero, con conseguenze fatali. Un cuscino morbido su cui atterrare eviterebbe le conseguenze peggiori, ma ricoprire i cantieri non pu\u00f2 essere la soluzione. Ma cosa succede se il lavoratore o il motociclista ha sempre con s\u00e9 il proprio cuscino d'emergenza?<\/p>\n<p>Questo \u00e8 esattamente ci\u00f2 che ha realizzato il traumatologo tedesco Wolfgang M\u00fcller-Adam con il suo abbigliamento protettivo ISP. Il principio si ispira al riccio, che si raggomitola in caso di pericolo: sensori intelligenti registrano la caduta e attivano in pochi millisecondi un gran numero di airbag su tutto il corpo, che lo avvolgono come uno scudo protettivo e lo fissano in una posizione di protezione a riccio.<\/p>\n<p>Secondo M\u00fcller-Adam, grazie al sistema il vettore dovrebbe essere in grado di resistere a un impatto con diversi ostacoli.<\/p>\n<p><a href=\"http:\/\/www.igel-systems-protect.de\/index.php\/de\/isp-die-erfindung\/sturzverletzungen-video\" target=\"_blank\" data-cke-saved-href=\"http:\/\/www.igel-systems-protect.de\/index.php\/de\/isp-die-erfindung\/sturzverletzungen-video\" rel=\"noopener\">Due video<\/a> mostrare come il sistema dovrebbe funzionare in pratica.<\/p>","protected":false},"excerpt":{"rendered":"<p>St\u00fcrze geh\u00f6ren zu den h\u00e4ufigsten Arbeits- und Freizeitunf\u00e4llen mit fatalen Folgen. Ein weiches Kissen zur Landung w\u00fcrde die schlimmsten Folgen verhindern &#8211; doch Baustellen damit zuzudecken, kann ja wohl keine L\u00f6sung sein. Doch was, wenn der Arbeiter oder Motorradfahrer sein Sturzkissen immer bei sich hat? Genau dies hat der Deutsche Unfallchirurg Wolfgang M\u00fcller-Adam mit seiner [&hellip;]<\/p>\n","protected":false},"author":1,"featured_media":16049,"comment_status":"open","ping_status":"open","sticky":false,"template":"","format":"standard","meta":{"_acf_changed":false,"pgc_sgb_lightbox_settings":"","footnotes":""},"categories":[1,3314],"tags":[172,2669],"class_list":["post-16696","post","type-post","status-publish","format-standard","has-post-thumbnail","hentry","category-allgemein","category-health-safety","tag-arbeitssicherheit","tag-persoenliche-schutzausruestung-psa"],"acf":[],"hkrextid":null,"publication":null,"issue":null,"workflow":null,"startPage":null,"spitzmarke":null,"_posts_by_tag_page_fields":{"widget_title":"","widget_tags":""},"_at_widget":"1","_yoast_wpseo_primary_category":"5","_yoast_wpseo_focuskw_text_input":"Ganzk\u00f6rper-Airbag","_yoast_wpseo_opengraph-image":null,"_yoast_wpseo_opengraph-description":null,"_yoast_wpseo_opengraph-title":null,"enclosure":null,"_yoast_wpseo_twitter-title":null,"_yoast_wpseo_twitter-description":null,"_yoast_wpseo_twitter-image":null,"_wp_old_slug":null,"_yoast_wpseo_title":null,"_yoast_wpseo_canonical":null,"yoast_head":"<!-- This site is optimized with the Yoast SEO plugin v27.5 - https:\/\/yoast.com\/product\/yoast-seo-wordpress\/ -->\n<title>Ganzk\u00f6rper-Airbag sch\u00fctzt vor Sturzverletzungen - Save<\/title>\n<meta name=\"description\" content=\"Ganzk\u00f6rper-Airbag: Ein Sturz von einem hohen Ger\u00fcst endet fast immer t\u00f6dlich. Schutzkleidung, die einen Igel imitiert, soll dies k\u00fcnftig \u00e4ndern.\" \/>\n<meta name=\"robots\" content=\"index, follow, max-snippet:-1, max-image-preview:large, max-video-preview:-1\" \/>\n<link rel=\"canonical\" href=\"https:\/\/news.save.ch\/it\/ganzkoerper-airbag-schuetzt-vor-sturzverletzungen\/\" \/>\n<meta property=\"og:locale\" content=\"it_IT\" \/>\n<meta property=\"og:type\" content=\"article\" \/>\n<meta property=\"og:title\" content=\"Ganzk\u00f6rper-Airbag sch\u00fctzt vor Sturzverletzungen - Save\" \/>\n<meta property=\"og:description\" content=\"Ganzk\u00f6rper-Airbag: Ein Sturz von einem hohen Ger\u00fcst endet fast immer t\u00f6dlich. Schutzkleidung, die einen Igel imitiert, soll dies k\u00fcnftig \u00e4ndern.\" \/>\n<meta property=\"og:url\" content=\"https:\/\/news.save.ch\/it\/ganzkoerper-airbag-schuetzt-vor-sturzverletzungen\/\" \/>\n<meta property=\"og:site_name\" content=\"Save\" \/>\n<meta property=\"article:published_time\" content=\"2015-11-06T13:40:11+00:00\" \/>\n<meta property=\"article:modified_time\" content=\"2023-03-14T08:01:10+00:00\" \/>\n<meta property=\"og:image\" content=\"https:\/\/news.save.ch\/wp-content\/uploads\/2016\/12\/Ganzkoerper-Airbag-schuetzt-vor-Sturzverletzungen_safety-plus.jpg\" \/>\n\t<meta property=\"og:image:width\" content=\"600\" \/>\n\t<meta property=\"og:image:height\" content=\"373\" \/>\n\t<meta property=\"og:image:type\" content=\"image\/jpeg\" \/>\n<meta name=\"author\" content=\"admin\" \/>\n<meta name=\"twitter:card\" content=\"summary_large_image\" \/>\n<meta name=\"twitter:label1\" content=\"Scritto da\" \/>\n\t<meta name=\"twitter:data1\" content=\"admin\" \/>\n\t<meta name=\"twitter:label2\" content=\"Tempo di lettura stimato\" \/>\n\t<meta name=\"twitter:data2\" content=\"1 minuto\" \/>\n<script type=\"application\/ld+json\" class=\"yoast-schema-graph\">{\"@context\":\"https:\\\/\\\/schema.org\",\"@graph\":[{\"@type\":\"Article\",\"@id\":\"https:\\\/\\\/news.save.ch\\\/ganzkoerper-airbag-schuetzt-vor-sturzverletzungen\\\/#article\",\"isPartOf\":{\"@id\":\"https:\\\/\\\/news.save.ch\\\/ganzkoerper-airbag-schuetzt-vor-sturzverletzungen\\\/\"},\"author\":{\"name\":\"admin\",\"@id\":\"https:\\\/\\\/news.save.ch\\\/de\\\/#\\\/schema\\\/person\\\/d49e199490bad7c70d64b9ab51142f2b\"},\"headline\":\"Ganzk\u00f6rper-Airbag sch\u00fctzt vor Sturzverletzungen\",\"datePublished\":\"2015-11-06T13:40:11+00:00\",\"dateModified\":\"2023-03-14T08:01:10+00:00\",\"mainEntityOfPage\":{\"@id\":\"https:\\\/\\\/news.save.ch\\\/ganzkoerper-airbag-schuetzt-vor-sturzverletzungen\\\/\"},\"wordCount\":174,\"commentCount\":0,\"publisher\":{\"@id\":\"https:\\\/\\\/news.save.ch\\\/de\\\/#organization\"},\"image\":{\"@id\":\"https:\\\/\\\/news.save.ch\\\/ganzkoerper-airbag-schuetzt-vor-sturzverletzungen\\\/#primaryimage\"},\"thumbnailUrl\":\"https:\\\/\\\/news.save.ch\\\/wp-content\\\/uploads\\\/2016\\\/12\\\/Ganzkoerper-Airbag-schuetzt-vor-Sturzverletzungen_safety-plus.jpg\",\"keywords\":[\"Arbeitssicherheit\",\"Pers\u00f6nliche Schutzausr\u00fcstung (PSA)\"],\"articleSection\":[\"ALLGEMEIN\",\"HEALTH &amp; SAFETY\"],\"inLanguage\":\"it-IT\"},{\"@type\":\"WebPage\",\"@id\":\"https:\\\/\\\/news.save.ch\\\/ganzkoerper-airbag-schuetzt-vor-sturzverletzungen\\\/\",\"url\":\"https:\\\/\\\/news.save.ch\\\/ganzkoerper-airbag-schuetzt-vor-sturzverletzungen\\\/\",\"name\":\"Ganzk\u00f6rper-Airbag sch\u00fctzt vor Sturzverletzungen - Save\",\"isPartOf\":{\"@id\":\"https:\\\/\\\/news.save.ch\\\/de\\\/#website\"},\"primaryImageOfPage\":{\"@id\":\"https:\\\/\\\/news.save.ch\\\/ganzkoerper-airbag-schuetzt-vor-sturzverletzungen\\\/#primaryimage\"},\"image\":{\"@id\":\"https:\\\/\\\/news.save.ch\\\/ganzkoerper-airbag-schuetzt-vor-sturzverletzungen\\\/#primaryimage\"},\"thumbnailUrl\":\"https:\\\/\\\/news.save.ch\\\/wp-content\\\/uploads\\\/2016\\\/12\\\/Ganzkoerper-Airbag-schuetzt-vor-Sturzverletzungen_safety-plus.jpg\",\"datePublished\":\"2015-11-06T13:40:11+00:00\",\"dateModified\":\"2023-03-14T08:01:10+00:00\",\"description\":\"Ganzk\u00f6rper-Airbag: Ein Sturz von einem hohen Ger\u00fcst endet fast immer t\u00f6dlich. Schutzkleidung, die einen Igel imitiert, soll dies k\u00fcnftig \u00e4ndern.\",\"breadcrumb\":{\"@id\":\"https:\\\/\\\/news.save.ch\\\/ganzkoerper-airbag-schuetzt-vor-sturzverletzungen\\\/#breadcrumb\"},\"inLanguage\":\"it-IT\",\"potentialAction\":[{\"@type\":\"ReadAction\",\"target\":[\"https:\\\/\\\/news.save.ch\\\/ganzkoerper-airbag-schuetzt-vor-sturzverletzungen\\\/\"]}]},{\"@type\":\"ImageObject\",\"inLanguage\":\"it-IT\",\"@id\":\"https:\\\/\\\/news.save.ch\\\/ganzkoerper-airbag-schuetzt-vor-sturzverletzungen\\\/#primaryimage\",\"url\":\"https:\\\/\\\/news.save.ch\\\/wp-content\\\/uploads\\\/2016\\\/12\\\/Ganzkoerper-Airbag-schuetzt-vor-Sturzverletzungen_safety-plus.jpg\",\"contentUrl\":\"https:\\\/\\\/news.save.ch\\\/wp-content\\\/uploads\\\/2016\\\/12\\\/Ganzkoerper-Airbag-schuetzt-vor-Sturzverletzungen_safety-plus.jpg\",\"width\":600,\"height\":373,\"caption\":\"Bei Gefahr blasen sich die Airbags am ganzen K\u00f6rper auf und sch\u00fctzen den Tr\u00e4ger vor Verletzungen. (Foto: ISP Schutzanzug)\"},{\"@type\":\"BreadcrumbList\",\"@id\":\"https:\\\/\\\/news.save.ch\\\/ganzkoerper-airbag-schuetzt-vor-sturzverletzungen\\\/#breadcrumb\",\"itemListElement\":[{\"@type\":\"ListItem\",\"position\":1,\"name\":\"Home\",\"item\":\"https:\\\/\\\/news.save.ch\\\/de\\\/\"},{\"@type\":\"ListItem\",\"position\":2,\"name\":\"Ganzk\u00f6rper-Airbag sch\u00fctzt vor Sturzverletzungen\"}]},{\"@type\":\"WebSite\",\"@id\":\"https:\\\/\\\/news.save.ch\\\/de\\\/#website\",\"url\":\"https:\\\/\\\/news.save.ch\\\/de\\\/\",\"name\":\"Save\",\"description\":\"Schweizer Fachzeitschrift f\u00fcr Sicherheit\",\"publisher\":{\"@id\":\"https:\\\/\\\/news.save.ch\\\/de\\\/#organization\"},\"potentialAction\":[{\"@type\":\"SearchAction\",\"target\":{\"@type\":\"EntryPoint\",\"urlTemplate\":\"https:\\\/\\\/news.save.ch\\\/de\\\/?s={search_term_string}\"},\"query-input\":{\"@type\":\"PropertyValueSpecification\",\"valueRequired\":true,\"valueName\":\"search_term_string\"}}],\"inLanguage\":\"it-IT\"},{\"@type\":\"Organization\",\"@id\":\"https:\\\/\\\/news.save.ch\\\/de\\\/#organization\",\"name\":\"Sicherheitsforum\",\"url\":\"https:\\\/\\\/news.save.ch\\\/de\\\/\",\"logo\":{\"@type\":\"ImageObject\",\"inLanguage\":\"it-IT\",\"@id\":\"https:\\\/\\\/news.save.ch\\\/de\\\/#\\\/schema\\\/logo\\\/image\\\/\",\"url\":\"https:\\\/\\\/news.save.ch\\\/wp-content\\\/uploads\\\/2022\\\/06\\\/Logo_SF_2012.png\",\"contentUrl\":\"https:\\\/\\\/news.save.ch\\\/wp-content\\\/uploads\\\/2022\\\/06\\\/Logo_SF_2012.png\",\"width\":1100,\"height\":91,\"caption\":\"Sicherheitsforum\"},\"image\":{\"@id\":\"https:\\\/\\\/news.save.ch\\\/de\\\/#\\\/schema\\\/logo\\\/image\\\/\"}},{\"@type\":\"Person\",\"@id\":\"https:\\\/\\\/news.save.ch\\\/de\\\/#\\\/schema\\\/person\\\/d49e199490bad7c70d64b9ab51142f2b\",\"name\":\"admin\",\"image\":{\"@type\":\"ImageObject\",\"inLanguage\":\"it-IT\",\"@id\":\"https:\\\/\\\/secure.gravatar.com\\\/avatar\\\/ae2f4d718e6c49043e314ce431e7e645d646302a24a5ef5a8bc8e3f5a032e319?s=96&d=mm&r=g\",\"url\":\"https:\\\/\\\/secure.gravatar.com\\\/avatar\\\/ae2f4d718e6c49043e314ce431e7e645d646302a24a5ef5a8bc8e3f5a032e319?s=96&d=mm&r=g\",\"contentUrl\":\"https:\\\/\\\/secure.gravatar.com\\\/avatar\\\/ae2f4d718e6c49043e314ce431e7e645d646302a24a5ef5a8bc8e3f5a032e319?s=96&d=mm&r=g\",\"caption\":\"admin\"},\"sameAs\":[\"https:\\\/\\\/develop.organisator.galledia.ch\"],\"url\":\"https:\\\/\\\/news.save.ch\\\/it\\\/author\\\/admin\\\/\"}]}<\/script>\n<!-- \/ Yoast SEO plugin. -->","yoast_head_json":{"title":"L'airbag per tutto il corpo protegge dalle cadute - Salva","description":"Airbag per tutto il corpo: una caduta da un'impalcatura alta \u00e8 quasi sempre fatale. L'abbigliamento protettivo che imita un riccio dovrebbe cambiare questa situazione in futuro.","robots":{"index":"index","follow":"follow","max-snippet":"max-snippet:-1","max-image-preview":"max-image-preview:large","max-video-preview":"max-video-preview:-1"},"canonical":"https:\/\/news.save.ch\/it\/ganzkoerper-airbag-schuetzt-vor-sturzverletzungen\/","og_locale":"it_IT","og_type":"article","og_title":"Ganzk\u00f6rper-Airbag sch\u00fctzt vor Sturzverletzungen - Save","og_description":"Ganzk\u00f6rper-Airbag: Ein Sturz von einem hohen Ger\u00fcst endet fast immer t\u00f6dlich. Schutzkleidung, die einen Igel imitiert, soll dies k\u00fcnftig \u00e4ndern.","og_url":"https:\/\/news.save.ch\/it\/ganzkoerper-airbag-schuetzt-vor-sturzverletzungen\/","og_site_name":"Save","article_published_time":"2015-11-06T13:40:11+00:00","article_modified_time":"2023-03-14T08:01:10+00:00","og_image":[{"width":600,"height":373,"url":"https:\/\/news.save.ch\/wp-content\/uploads\/2016\/12\/Ganzkoerper-Airbag-schuetzt-vor-Sturzverletzungen_safety-plus.jpg","type":"image\/jpeg"}],"author":"admin","twitter_card":"summary_large_image","twitter_misc":{"Scritto da":"admin","Tempo di lettura stimato":"1 minuto"},"schema":{"@context":"https:\/\/schema.org","@graph":[{"@type":"Article","@id":"https:\/\/news.save.ch\/ganzkoerper-airbag-schuetzt-vor-sturzverletzungen\/#article","isPartOf":{"@id":"https:\/\/news.save.ch\/ganzkoerper-airbag-schuetzt-vor-sturzverletzungen\/"},"author":{"name":"admin","@id":"https:\/\/news.save.ch\/de\/#\/schema\/person\/d49e199490bad7c70d64b9ab51142f2b"},"headline":"Ganzk\u00f6rper-Airbag sch\u00fctzt vor Sturzverletzungen","datePublished":"2015-11-06T13:40:11+00:00","dateModified":"2023-03-14T08:01:10+00:00","mainEntityOfPage":{"@id":"https:\/\/news.save.ch\/ganzkoerper-airbag-schuetzt-vor-sturzverletzungen\/"},"wordCount":174,"commentCount":0,"publisher":{"@id":"https:\/\/news.save.ch\/de\/#organization"},"image":{"@id":"https:\/\/news.save.ch\/ganzkoerper-airbag-schuetzt-vor-sturzverletzungen\/#primaryimage"},"thumbnailUrl":"https:\/\/news.save.ch\/wp-content\/uploads\/2016\/12\/Ganzkoerper-Airbag-schuetzt-vor-Sturzverletzungen_safety-plus.jpg","keywords":["Arbeitssicherheit","Pers\u00f6nliche Schutzausr\u00fcstung (PSA)"],"articleSection":["ALLGEMEIN","HEALTH &amp; SAFETY"],"inLanguage":"it-IT"},{"@type":"WebPage","@id":"https:\/\/news.save.ch\/ganzkoerper-airbag-schuetzt-vor-sturzverletzungen\/","url":"https:\/\/news.save.ch\/ganzkoerper-airbag-schuetzt-vor-sturzverletzungen\/","name":"L'airbag per tutto il corpo protegge dalle cadute - Salva","isPartOf":{"@id":"https:\/\/news.save.ch\/de\/#website"},"primaryImageOfPage":{"@id":"https:\/\/news.save.ch\/ganzkoerper-airbag-schuetzt-vor-sturzverletzungen\/#primaryimage"},"image":{"@id":"https:\/\/news.save.ch\/ganzkoerper-airbag-schuetzt-vor-sturzverletzungen\/#primaryimage"},"thumbnailUrl":"https:\/\/news.save.ch\/wp-content\/uploads\/2016\/12\/Ganzkoerper-Airbag-schuetzt-vor-Sturzverletzungen_safety-plus.jpg","datePublished":"2015-11-06T13:40:11+00:00","dateModified":"2023-03-14T08:01:10+00:00","description":"Airbag per tutto il corpo: una caduta da un'impalcatura alta \u00e8 quasi sempre fatale. L'abbigliamento protettivo che imita un riccio dovrebbe cambiare questa situazione in futuro.","breadcrumb":{"@id":"https:\/\/news.save.ch\/ganzkoerper-airbag-schuetzt-vor-sturzverletzungen\/#breadcrumb"},"inLanguage":"it-IT","potentialAction":[{"@type":"ReadAction","target":["https:\/\/news.save.ch\/ganzkoerper-airbag-schuetzt-vor-sturzverletzungen\/"]}]},{"@type":"ImageObject","inLanguage":"it-IT","@id":"https:\/\/news.save.ch\/ganzkoerper-airbag-schuetzt-vor-sturzverletzungen\/#primaryimage","url":"https:\/\/news.save.ch\/wp-content\/uploads\/2016\/12\/Ganzkoerper-Airbag-schuetzt-vor-Sturzverletzungen_safety-plus.jpg","contentUrl":"https:\/\/news.save.ch\/wp-content\/uploads\/2016\/12\/Ganzkoerper-Airbag-schuetzt-vor-Sturzverletzungen_safety-plus.jpg","width":600,"height":373,"caption":"Bei Gefahr blasen sich die Airbags am ganzen K\u00f6rper auf und sch\u00fctzen den Tr\u00e4ger vor Verletzungen. (Foto: ISP Schutzanzug)"},{"@type":"BreadcrumbList","@id":"https:\/\/news.save.ch\/ganzkoerper-airbag-schuetzt-vor-sturzverletzungen\/#breadcrumb","itemListElement":[{"@type":"ListItem","position":1,"name":"Home","item":"https:\/\/news.save.ch\/de\/"},{"@type":"ListItem","position":2,"name":"Ganzk\u00f6rper-Airbag sch\u00fctzt vor Sturzverletzungen"}]},{"@type":"WebSite","@id":"https:\/\/news.save.ch\/de\/#website","url":"https:\/\/news.save.ch\/de\/","name":"Risparmiare","description":"Rivista svizzera specializzata in sicurezza","publisher":{"@id":"https:\/\/news.save.ch\/de\/#organization"},"potentialAction":[{"@type":"SearchAction","target":{"@type":"EntryPoint","urlTemplate":"https:\/\/news.save.ch\/de\/?s={search_term_string}"},"query-input":{"@type":"PropertyValueSpecification","valueRequired":true,"valueName":"search_term_string"}}],"inLanguage":"it-IT"},{"@type":"Organization","@id":"https:\/\/news.save.ch\/de\/#organization","name":"Forum sulla sicurezza","url":"https:\/\/news.save.ch\/de\/","logo":{"@type":"ImageObject","inLanguage":"it-IT","@id":"https:\/\/news.save.ch\/de\/#\/schema\/logo\/image\/","url":"https:\/\/news.save.ch\/wp-content\/uploads\/2022\/06\/Logo_SF_2012.png","contentUrl":"https:\/\/news.save.ch\/wp-content\/uploads\/2022\/06\/Logo_SF_2012.png","width":1100,"height":91,"caption":"Sicherheitsforum"},"image":{"@id":"https:\/\/news.save.ch\/de\/#\/schema\/logo\/image\/"}},{"@type":"Person","@id":"https:\/\/news.save.ch\/de\/#\/schema\/person\/d49e199490bad7c70d64b9ab51142f2b","name":"amministratore","image":{"@type":"ImageObject","inLanguage":"it-IT","@id":"https:\/\/secure.gravatar.com\/avatar\/ae2f4d718e6c49043e314ce431e7e645d646302a24a5ef5a8bc8e3f5a032e319?s=96&d=mm&r=g","url":"https:\/\/secure.gravatar.com\/avatar\/ae2f4d718e6c49043e314ce431e7e645d646302a24a5ef5a8bc8e3f5a032e319?s=96&d=mm&r=g","contentUrl":"https:\/\/secure.gravatar.com\/avatar\/ae2f4d718e6c49043e314ce431e7e645d646302a24a5ef5a8bc8e3f5a032e319?s=96&d=mm&r=g","caption":"admin"},"sameAs":["https:\/\/develop.organisator.galledia.ch"],"url":"https:\/\/news.save.ch\/it\/author\/admin\/"}]}},"_links":{"self":[{"href":"https:\/\/news.save.ch\/it\/wp-json\/wp\/v2\/posts\/16696","targetHints":{"allow":["GET"]}}],"collection":[{"href":"https:\/\/news.save.ch\/it\/wp-json\/wp\/v2\/posts"}],"about":[{"href":"https:\/\/news.save.ch\/it\/wp-json\/wp\/v2\/types\/post"}],"author":[{"embeddable":true,"href":"https:\/\/news.save.ch\/it\/wp-json\/wp\/v2\/users\/1"}],"replies":[{"embeddable":true,"href":"https:\/\/news.save.ch\/it\/wp-json\/wp\/v2\/comments?post=16696"}],"version-history":[{"count":1,"href":"https:\/\/news.save.ch\/it\/wp-json\/wp\/v2\/posts\/16696\/revisions"}],"predecessor-version":[{"id":18383,"href":"https:\/\/news.save.ch\/it\/wp-json\/wp\/v2\/posts\/16696\/revisions\/18383"}],"wp:featuredmedia":[{"embeddable":true,"href":"https:\/\/news.save.ch\/it\/wp-json\/wp\/v2\/media\/16049"}],"wp:attachment":[{"href":"https:\/\/news.save.ch\/it\/wp-json\/wp\/v2\/media?parent=16696"}],"wp:term":[{"taxonomy":"category","embeddable":true,"href":"https:\/\/news.save.ch\/it\/wp-json\/wp\/v2\/categories?post=16696"},{"taxonomy":"post_tag","embeddable":true,"href":"https:\/\/news.save.ch\/it\/wp-json\/wp\/v2\/tags?post=16696"}],"curies":[{"name":"wp","href":"https:\/\/api.w.org\/{rel}","templated":true}]}}