{"id":16697,"date":"2015-10-20T09:52:25","date_gmt":"2015-10-20T07:52:25","guid":{"rendered":"http:\/\/dev.safety-plus.ch\/?p=1212"},"modified":"2023-03-14T09:03:05","modified_gmt":"2023-03-14T08:03:05","slug":"die-drei-pfeiler-ganzheitlicher-betrieblicher-gesundheitsfoerderung","status":null,"type":"post","link":"https:\/\/news.save.ch\/it\/die-drei-pfeiler-ganzheitlicher-betrieblicher-gesundheitsfoerderung\/","title":{"rendered":"I tre pilastri della promozione olistica della salute sul posto di lavoro"},"content":{"rendered":"<figure id=\"attachment_1326\" aria-describedby=\"caption-attachment-1326\" style=\"width: 680px\" class=\"wp-caption alignnone\"><a href=\"http:\/\/develop.safety-plus.ch\/wp-content\/uploads\/2015\/10\/Die-drei-Pfeiler-ganzheitlicher-betrieblicher-Gesundheitsfoerderung-sf-sicherheitsforum.jpg\"><img loading=\"lazy\" decoding=\"async\" class=\"wp-image-1326 size-medium\" src=\"http:\/\/develop.safety-plus.ch\/wp-content\/uploads\/2015\/10\/Die-drei-Pfeiler-ganzheitlicher-betrieblicher-Gesundheitsfoerderung-sf-sicherheitsforum.jpg\" width=\"680\" height=\"481\" \/><\/a><figcaption id=\"caption-attachment-1326\" class=\"wp-caption-text\">I tre pilastri della promozione olistica della salute sul posto di lavoro<\/figcaption><\/figure>\n<p><strong>Cosa fare?<\/strong><\/p>\n<p>Il rapido ritmo del cambiamento e le trasformazioni associate richiedono modelli olistici di promozione della salute. Si tratta di modelli che tengono conto di tutti i livelli della personalit\u00e0. Questo include le aree visibili e invisibili, cio\u00e8 i livelli materiali e spirituali.<\/p>\n<p>Non si tratta di un'iniziativa simbolica. Si tratta piuttosto di implementare concetti tangibili e sostenibili nel campo della promozione della salute sul posto di lavoro. Per lo sviluppo di tali concetti, i giovani dovrebbero essere consultati con le loro idee. Essi portano una \"ventata di aria fresca\" e mostrano nuove soluzioni per il futuro. Hanno una visione aperta e lungimirante. Occorre prestare attenzione a questo aspetto. Si dovrebbero esaminare i modelli aziendali innovativi, come il pioniere Google. In questo modo, le misure di queste aziende possono essere adattate alle circostanze della propria organizzazione. L'attenzione \u00e8 rivolta alle idee e ai nuovi approcci.<\/p>\n<p><strong>Cosa comprende la promozione olistica della salute sul luogo di lavoro?<\/strong><\/p>\n<p>La promozione olistica della salute sul luogo di lavoro si basa su tre pilastri:<\/p>\n<ol>\n<li><strong>Salute:<\/strong> Si tratta di seminari, coaching e misure all'interno dell'azienda che promuovono la salute delle persone.<\/li>\n<li><strong>Uomo:<\/strong> Questo pilastro comprende seminari, coaching e misure interne all'azienda che rafforzano le persone come individui.<\/li>\n<li><strong>Ambiente:<\/strong> Le misure interne all'azienda sono utilizzate per ottimizzare il clima interno e creare spazi che aumentino la produttivit\u00e0, la creativit\u00e0 e la gioia di vivere delle persone. L'ambiente comprende l'azienda come edificio e l'intera organizzazione aziendale. \u00c8 l'ambiente in cui le persone si trovano durante il loro lavoro. \u00c8 in quest'area che inizia lo sviluppo aziendale, oltre alle misure di armonizzazione degli spazi e di promozione del clima interno.<\/li>\n<\/ol>\n<blockquote>\n<p>Acqua Grander: acqua \"vitalizzata\" a cui vengono attribuite propriet\u00e0 speciali come l'effetto disintossicante e la riduzione della tensione superficiale. Tuttavia, queste propriet\u00e0 non sono ancora state provate scientificamente in modo definitivo. L'effetto dell'acqua Grander \u00e8 quindi controverso. (Nota dell'editore)<\/p>\n<\/blockquote>\n<p><strong>Primo pilastro: Salute<\/strong><\/p>\n<p>Offerte come la mela per la pausa o un buon sistema idrico con acqua di sorgente di qualit\u00e0 (per esempio\u00a0<a href=\"http:\/\/www.grander.com\/\" target=\"_blank\" data-cke-saved-href=\"http:\/\/www.grander.com\/\" rel=\"noopener\">Acqua pi\u00f9 grande<\/a>) non sono sufficienti. Dovrebbero essere estesi per includere, ad esempio, i seguenti seminari:<\/p>\n<ul>\n<li>Prevenzione del burnout<\/li>\n<li>Alimentazione<\/li>\n<li>Coaching per i dipendenti che soffrono di burnout<\/li>\n<li>Coaching per i dipendenti che soffrono di depressione<\/li>\n<\/ul>\n<p>L'azienda sta creando un pool di coaching con allenatori esterni. I dipendenti possono scegliere il coach che preferiscono. I profili dei coach sono disponibili su Intranet o in bacheca. Ogni dipendente dovrebbe avere diritto ad almeno due ore di coaching all'anno, i cui costi sono coperti dall'azienda. Se il dipendente desidera avere ulteriori appuntamenti con il coach, questo verr\u00e0 chiarito con il responsabile delle risorse umane.<\/p>\n<blockquote>\n<p>La kinesiologia (in greco \"kinesis\" = movimento) \u00e8 una forma alternativa di diagnosi e terapia. La sua modalit\u00e0 d'azione non \u00e8 scientificamente provata. (Nota dell'editore)<\/p>\n<\/blockquote>\n<p>Quando si scelgono le offerte appropriate, si dovrebbero selezionare servizi che rafforzino le persone nella loro salute. I nuovi modelli di malattia si basano principalmente su una mancanza di orientamento. Le persone devono imparare di nuovo a riconoscere la propria interiorit\u00e0, in modo da sapere cosa \u00e8 bene per loro e come possono rafforzarsi. Per questo motivo, sono particolarmente importanti le misure alternative di promozione della salute, come ad esempio:<\/p>\n<ul>\n<li>Coaching sanitario<\/li>\n<li><a href=\"https:\/\/de.wikipedia.org\/wiki\/Angewandte_Kinesiologie\" target=\"_blank\" data-cke-saved-href=\"https:\/\/de.wikipedia.org\/wiki\/Angewandte_Kinesiologie\" rel=\"noopener\">Kinesiologia<\/a><\/li>\n<li>Massaggi<\/li>\n<li><a href=\"https:\/\/de.wikipedia.org\/wiki\/Akupunktur\" target=\"_blank\" data-cke-saved-href=\"https:\/\/de.wikipedia.org\/wiki\/Akupunktur\" rel=\"noopener\">Agopuntura<\/a><\/li>\n<li>Medicina cinese<\/li>\n<\/ul>\n<p><strong>Secondo pilastro: L'uomo<\/strong><\/p>\n<p>Dovrebbero essere offerti regolarmente seminari interni ed esterni di impulso e diurni sui seguenti argomenti:<\/p>\n<ul>\n<li>Equilibrio tra lavoro e vita privata<\/li>\n<li>Gestione dello stress<\/li>\n<li>Gestione del tempo<\/li>\n<li>Autogestione<\/li>\n<li>Formazione alla leadership<\/li>\n<li>Corsi di coaching per manager<\/li>\n<\/ul>\n<p>Le aziende collaborano con professionisti esterni secondo le necessit\u00e0. I dipendenti devono avere la possibilit\u00e0 di frequentare i corsi di formazione esterni che li interessano. Naturalmente, ci\u00f2 avviene in consultazione con il responsabile delle risorse umane.<\/p>\n<blockquote>\n<p>Il Feng Shui \u00e8 una teoria cinese dell'armonia basata sulla filosofia dello Yin e dello Yang, che coinvolge allo stesso modo le persone e l'ambiente nella progettazione degli ambienti. L'obiettivo \u00e8 quello di evitare le energie \"bloccate\" negli edifici o nelle stanze attraverso misure di progettazione.<\/p>\n<\/blockquote>\n<p><strong>Terzo pilastro: Ambiente<\/strong><\/p>\n<p>A cosa serve promuovere la salute sul posto di lavoro e spendere soldi per il coaching se poi i dipendenti devono stare in un ambiente di lavoro grigio? Oltre alle misure che riguardano il dipendente e la sua salute, occorre quindi prendere precauzioni per rendere sana l'azienda:<\/p>\n<ul>\n<li>Ottimizzazione del clima interno<\/li>\n<li>Ottimizzazione dell'atmosfera della stanza<\/li>\n<\/ul>\n<p>Un buon clima interno d\u00e0 alle persone forza e ispirazione.<\/p>\n<p>I luoghi in cui le persone si stancano e si demotivano richiedono un intervento energico. <a href=\"https:\/\/de.wikipedia.org\/wiki\/Feng_Shui\" target=\"_blank\" data-cke-saved-href=\"https:\/\/de.wikipedia.org\/wiki\/Feng_Shui\" rel=\"noopener\">Feng Shui<\/a>. \u00c8 uno strumento ottimale per creare, a partire dall'infrastruttura esistente, spazi in grado di motivare e ispirare i dipendenti al lavoro. Il Feng Shui trasmette un clima piacevole negli ambienti. Per l'attuazione delle misure si ricorre a specialisti esterni specializzati in Feng-Shui energetico.<\/p>\n<p>Senza dimenticare i nuovi modelli di lavoro, come il part-time, i posti di lavoro al volo e l'home office. Le giovani aziende stanno dando il buon esempio.<\/p>\n<p>Se le aziende si avvalgono di un consulente, questi deve essere innovativo, olistico e non convenzionale e deve osare dare uno sguardo alle aree invisibili dell'azienda. In questo modo c'\u00e8 la possibilit\u00e0 che le misure non si concentrino solo sulla punta dell'iceberg, ma risolvano i blocchi essenziali che ostacolano l'azienda.<\/p>\n<p>BERNARDI\u00a0<a href=\"http:\/\/www.bernardi.li\/\" target=\"_blank\" rel=\"noopener\">http:\/\/www.bernardi.li\/<\/a><\/p>","protected":false},"excerpt":{"rendered":"<p>Was ist zu tun? Der rasante Wandel und die damit zusammenh\u00e4ngenden Ver\u00e4nderungen fordern ganzheitliche Modelle f\u00fcr Gesundheitsf\u00f6rderung. Das sind Modelle, die alle Ebenen der Pers\u00f6nlichkeit beachten. Diese umfasst die sichtbaren wie auch unsichtbaren Bereiche, das\u00a0heisst\u00a0materielle wie geistige Ebenen. Dabei geht es nicht um Alibi\u00fcbungen. Es gilt vielmehr greifbare, nachhaltige Konzepte im Bereich der betrieblichen Gesundheitsf\u00f6rderung [&hellip;]<\/p>\n","protected":false},"author":10,"featured_media":16159,"comment_status":"open","ping_status":"open","sticky":false,"template":"","format":"standard","meta":{"_acf_changed":false,"pgc_sgb_lightbox_settings":"","footnotes":""},"categories":[3314],"tags":[1775],"class_list":["post-16697","post","type-post","status-publish","format-standard","has-post-thumbnail","hentry","category-health-safety","tag-betriebliches-gesundheitsmanagement"],"acf":[],"hkrextid":null,"publication":null,"issue":null,"workflow":null,"startPage":null,"spitzmarke":null,"_posts_by_tag_page_fields":{"widget_title":"","widget_tags":""},"_at_widget":"1","_yoast_wpseo_primary_category":"4","_yoast_wpseo_focuskw_text_input":"Die drei Pfeiler ganzheitlicher betrieblicher Gesundheitsf\u00f6rderung","_yoast_wpseo_opengraph-image":"http:\/\/dev.safety-plus.ch\/wp-content\/uploads\/2015\/10\/Die-drei-Pfeiler-ganzheitlicher-betrieblicher-Gesundheitsf\u00f6rderung-sf-sicherheitsforum.jpg","_yoast_wpseo_opengraph-description":"Aufgrund vieler Ver\u00e4nderungen in unserer Welt brechen soziale Strukturen wie zum Beispiel unsere Familien auseinander. Folge: Die Mitarbeitenden tragen ihre Unsicherheit mit ins Unternehmen und sollen trotz ihrer Orientierungslosigkeit produktiv sein. Schauen die Vorgesetzten \u00fcber den Tellerrand, erkennen sie, dass ihr Team nur rund 60 Prozent Leistung erbringt.","_yoast_wpseo_opengraph-title":"Die drei Pfeiler ganzheitlicher betrieblicher Gesundheitsf\u00f6rderung","enclosure":null,"_yoast_wpseo_twitter-title":"Die drei Pfeiler ganzheitlicher betrieblicher Gesundheitsf\u00f6rderung","_yoast_wpseo_twitter-description":"Aufgrund vieler Ver\u00e4nderungen in unserer Welt brechen soziale Strukturen wie zum Beispiel unsere Familien auseinander. Folge: Die Mitarbeitenden tragen ihre Unsicherheit mit ins Unternehmen und sollen trotz ihrer Orientierungslosigkeit produktiv sein. Schauen die Vorgesetzten \u00fcber den Tellerrand, erkennen sie, dass ihr Team nur rund 60 Prozent Leistung erbringt.","_yoast_wpseo_twitter-image":"http:\/\/dev.safety-plus.ch\/wp-content\/uploads\/2015\/10\/Die-drei-Pfeiler-ganzheitlicher-betrieblicher-Gesundheitsf\u00f6rderung-sf-sicherheitsforum.jpg","_wp_old_slug":null,"_yoast_wpseo_title":null,"_yoast_wpseo_canonical":null,"yoast_head":"<!-- This site is optimized with the Yoast SEO plugin v27.4 - https:\/\/yoast.com\/product\/yoast-seo-wordpress\/ -->\n<title>Die drei Pfeiler ganzheitlicher betrieblicher Gesundheitsf\u00f6rderung - Save<\/title>\n<meta name=\"description\" content=\"Aufgrund vieler Ver\u00e4nderungen in unserer Welt brechen soziale Strukturen wie zum Beispiel unsere Familien auseinander. Folge: Die Mitarbeitenden tragen ihre Unsicherheit mit ins Unternehmen und sollen trotz ihrer Orientierungslosigkeit produktiv sein. Schauen die Vorgesetzten \u00fcber den Tellerrand, erkennen sie, dass ihr Team nur rund 60 Prozent Leistung erbringt.\" \/>\n<meta name=\"robots\" content=\"index, follow, max-snippet:-1, max-image-preview:large, max-video-preview:-1\" \/>\n<link rel=\"canonical\" href=\"https:\/\/news.save.ch\/it\/die-drei-pfeiler-ganzheitlicher-betrieblicher-gesundheitsfoerderung\/\" \/>\n<meta property=\"og:locale\" content=\"it_IT\" \/>\n<meta property=\"og:type\" content=\"article\" \/>\n<meta property=\"og:title\" content=\"Die drei Pfeiler ganzheitlicher betrieblicher Gesundheitsf\u00f6rderung\" \/>\n<meta property=\"og:description\" content=\"Aufgrund vieler Ver\u00e4nderungen in unserer Welt brechen soziale Strukturen wie zum Beispiel unsere Familien auseinander. Folge: Die Mitarbeitenden tragen ihre Unsicherheit mit ins Unternehmen und sollen trotz ihrer Orientierungslosigkeit produktiv sein. Schauen die Vorgesetzten \u00fcber den Tellerrand, erkennen sie, dass ihr Team nur rund 60 Prozent Leistung erbringt.\" \/>\n<meta property=\"og:url\" content=\"https:\/\/news.save.ch\/it\/die-drei-pfeiler-ganzheitlicher-betrieblicher-gesundheitsfoerderung\/\" \/>\n<meta property=\"og:site_name\" content=\"Save\" \/>\n<meta property=\"article:published_time\" content=\"2015-10-20T07:52:25+00:00\" \/>\n<meta property=\"article:modified_time\" content=\"2023-03-14T08:03:05+00:00\" \/>\n<meta property=\"og:image\" content=\"http:\/\/dev.safety-plus.ch\/wp-content\/uploads\/2015\/10\/Die-drei-Pfeiler-ganzheitlicher-betrieblicher-Gesundheitsf\u00f6rderung-sf-sicherheitsforum.jpg\" \/>\n<meta name=\"author\" content=\"galledia\" \/>\n<meta name=\"twitter:card\" content=\"summary_large_image\" \/>\n<meta name=\"twitter:title\" content=\"Die drei Pfeiler ganzheitlicher betrieblicher Gesundheitsf\u00f6rderung\" \/>\n<meta name=\"twitter:description\" content=\"Aufgrund vieler Ver\u00e4nderungen in unserer Welt brechen soziale Strukturen wie zum Beispiel unsere Familien auseinander. Folge: Die Mitarbeitenden tragen ihre Unsicherheit mit ins Unternehmen und sollen trotz ihrer Orientierungslosigkeit produktiv sein. Schauen die Vorgesetzten \u00fcber den Tellerrand, erkennen sie, dass ihr Team nur rund 60 Prozent Leistung erbringt.\" \/>\n<meta name=\"twitter:image\" content=\"http:\/\/dev.safety-plus.ch\/wp-content\/uploads\/2015\/10\/Die-drei-Pfeiler-ganzheitlicher-betrieblicher-Gesundheitsf\u00f6rderung-sf-sicherheitsforum.jpg\" \/>\n<meta name=\"twitter:label1\" content=\"Scritto da\" \/>\n\t<meta name=\"twitter:data1\" content=\"galledia\" \/>\n\t<meta name=\"twitter:label2\" content=\"Tempo di lettura stimato\" \/>\n\t<meta name=\"twitter:data2\" content=\"4 minuti\" \/>\n<script type=\"application\/ld+json\" class=\"yoast-schema-graph\">{\"@context\":\"https:\\\/\\\/schema.org\",\"@graph\":[{\"@type\":\"Article\",\"@id\":\"https:\\\/\\\/news.save.ch\\\/die-drei-pfeiler-ganzheitlicher-betrieblicher-gesundheitsfoerderung\\\/#article\",\"isPartOf\":{\"@id\":\"https:\\\/\\\/news.save.ch\\\/die-drei-pfeiler-ganzheitlicher-betrieblicher-gesundheitsfoerderung\\\/\"},\"author\":{\"name\":\"galledia\",\"@id\":\"https:\\\/\\\/news.save.ch\\\/de\\\/#\\\/schema\\\/person\\\/af1b2481d0ee02dd880e616f4534d788\"},\"headline\":\"Die drei Pfeiler ganzheitlicher betrieblicher Gesundheitsf\u00f6rderung\",\"datePublished\":\"2015-10-20T07:52:25+00:00\",\"dateModified\":\"2023-03-14T08:03:05+00:00\",\"mainEntityOfPage\":{\"@id\":\"https:\\\/\\\/news.save.ch\\\/die-drei-pfeiler-ganzheitlicher-betrieblicher-gesundheitsfoerderung\\\/\"},\"wordCount\":826,\"commentCount\":0,\"publisher\":{\"@id\":\"https:\\\/\\\/news.save.ch\\\/de\\\/#organization\"},\"image\":{\"@id\":\"https:\\\/\\\/news.save.ch\\\/die-drei-pfeiler-ganzheitlicher-betrieblicher-gesundheitsfoerderung\\\/#primaryimage\"},\"thumbnailUrl\":\"https:\\\/\\\/news.save.ch\\\/wp-content\\\/uploads\\\/2015\\\/10\\\/Die-drei-Pfeiler-ganzheitlicher-betrieblicher-Gesundheitsfoerderung-sf-sicherheitsforum-scaled-1.jpg\",\"keywords\":[\"Betriebliches Gesundheitsmanagement\"],\"articleSection\":[\"HEALTH &amp; SAFETY\"],\"inLanguage\":\"it-IT\"},{\"@type\":\"WebPage\",\"@id\":\"https:\\\/\\\/news.save.ch\\\/die-drei-pfeiler-ganzheitlicher-betrieblicher-gesundheitsfoerderung\\\/\",\"url\":\"https:\\\/\\\/news.save.ch\\\/die-drei-pfeiler-ganzheitlicher-betrieblicher-gesundheitsfoerderung\\\/\",\"name\":\"Die drei Pfeiler ganzheitlicher betrieblicher Gesundheitsf\u00f6rderung - Save\",\"isPartOf\":{\"@id\":\"https:\\\/\\\/news.save.ch\\\/de\\\/#website\"},\"primaryImageOfPage\":{\"@id\":\"https:\\\/\\\/news.save.ch\\\/die-drei-pfeiler-ganzheitlicher-betrieblicher-gesundheitsfoerderung\\\/#primaryimage\"},\"image\":{\"@id\":\"https:\\\/\\\/news.save.ch\\\/die-drei-pfeiler-ganzheitlicher-betrieblicher-gesundheitsfoerderung\\\/#primaryimage\"},\"thumbnailUrl\":\"https:\\\/\\\/news.save.ch\\\/wp-content\\\/uploads\\\/2015\\\/10\\\/Die-drei-Pfeiler-ganzheitlicher-betrieblicher-Gesundheitsfoerderung-sf-sicherheitsforum-scaled-1.jpg\",\"datePublished\":\"2015-10-20T07:52:25+00:00\",\"dateModified\":\"2023-03-14T08:03:05+00:00\",\"description\":\"Aufgrund vieler Ver\u00e4nderungen in unserer Welt brechen soziale Strukturen wie zum Beispiel unsere Familien auseinander. Folge: Die Mitarbeitenden tragen ihre Unsicherheit mit ins Unternehmen und sollen trotz ihrer Orientierungslosigkeit produktiv sein. Schauen die Vorgesetzten \u00fcber den Tellerrand, erkennen sie, dass ihr Team nur rund 60 Prozent Leistung erbringt.\",\"breadcrumb\":{\"@id\":\"https:\\\/\\\/news.save.ch\\\/die-drei-pfeiler-ganzheitlicher-betrieblicher-gesundheitsfoerderung\\\/#breadcrumb\"},\"inLanguage\":\"it-IT\",\"potentialAction\":[{\"@type\":\"ReadAction\",\"target\":[\"https:\\\/\\\/news.save.ch\\\/die-drei-pfeiler-ganzheitlicher-betrieblicher-gesundheitsfoerderung\\\/\"]}]},{\"@type\":\"ImageObject\",\"inLanguage\":\"it-IT\",\"@id\":\"https:\\\/\\\/news.save.ch\\\/die-drei-pfeiler-ganzheitlicher-betrieblicher-gesundheitsfoerderung\\\/#primaryimage\",\"url\":\"https:\\\/\\\/news.save.ch\\\/wp-content\\\/uploads\\\/2015\\\/10\\\/Die-drei-Pfeiler-ganzheitlicher-betrieblicher-Gesundheitsfoerderung-sf-sicherheitsforum-scaled-1.jpg\",\"contentUrl\":\"https:\\\/\\\/news.save.ch\\\/wp-content\\\/uploads\\\/2015\\\/10\\\/Die-drei-Pfeiler-ganzheitlicher-betrieblicher-Gesundheitsfoerderung-sf-sicherheitsforum-scaled-1.jpg\",\"width\":1200,\"height\":848,\"caption\":\"Die drei Pfeiler ganzheitlicher betrieblicher Gesundheitsf\u00f6rderung-sf-sicherheitsforum\"},{\"@type\":\"BreadcrumbList\",\"@id\":\"https:\\\/\\\/news.save.ch\\\/die-drei-pfeiler-ganzheitlicher-betrieblicher-gesundheitsfoerderung\\\/#breadcrumb\",\"itemListElement\":[{\"@type\":\"ListItem\",\"position\":1,\"name\":\"Home\",\"item\":\"https:\\\/\\\/news.save.ch\\\/de\\\/\"},{\"@type\":\"ListItem\",\"position\":2,\"name\":\"Die drei Pfeiler ganzheitlicher betrieblicher Gesundheitsf\u00f6rderung\"}]},{\"@type\":\"WebSite\",\"@id\":\"https:\\\/\\\/news.save.ch\\\/de\\\/#website\",\"url\":\"https:\\\/\\\/news.save.ch\\\/de\\\/\",\"name\":\"Save\",\"description\":\"Schweizer Fachzeitschrift f\u00fcr Sicherheit\",\"publisher\":{\"@id\":\"https:\\\/\\\/news.save.ch\\\/de\\\/#organization\"},\"potentialAction\":[{\"@type\":\"SearchAction\",\"target\":{\"@type\":\"EntryPoint\",\"urlTemplate\":\"https:\\\/\\\/news.save.ch\\\/de\\\/?s={search_term_string}\"},\"query-input\":{\"@type\":\"PropertyValueSpecification\",\"valueRequired\":true,\"valueName\":\"search_term_string\"}}],\"inLanguage\":\"it-IT\"},{\"@type\":\"Organization\",\"@id\":\"https:\\\/\\\/news.save.ch\\\/de\\\/#organization\",\"name\":\"Sicherheitsforum\",\"url\":\"https:\\\/\\\/news.save.ch\\\/de\\\/\",\"logo\":{\"@type\":\"ImageObject\",\"inLanguage\":\"it-IT\",\"@id\":\"https:\\\/\\\/news.save.ch\\\/de\\\/#\\\/schema\\\/logo\\\/image\\\/\",\"url\":\"https:\\\/\\\/news.save.ch\\\/wp-content\\\/uploads\\\/2022\\\/06\\\/Logo_SF_2012.png\",\"contentUrl\":\"https:\\\/\\\/news.save.ch\\\/wp-content\\\/uploads\\\/2022\\\/06\\\/Logo_SF_2012.png\",\"width\":1100,\"height\":91,\"caption\":\"Sicherheitsforum\"},\"image\":{\"@id\":\"https:\\\/\\\/news.save.ch\\\/de\\\/#\\\/schema\\\/logo\\\/image\\\/\"}},{\"@type\":\"Person\",\"@id\":\"https:\\\/\\\/news.save.ch\\\/de\\\/#\\\/schema\\\/person\\\/af1b2481d0ee02dd880e616f4534d788\",\"name\":\"galledia\",\"image\":{\"@type\":\"ImageObject\",\"inLanguage\":\"it-IT\",\"@id\":\"https:\\\/\\\/secure.gravatar.com\\\/avatar\\\/9baa80b63641d54c66fff920086eecab2c9e64c67a448c886b8c6c946e57f4c4?s=96&d=mm&r=g\",\"url\":\"https:\\\/\\\/secure.gravatar.com\\\/avatar\\\/9baa80b63641d54c66fff920086eecab2c9e64c67a448c886b8c6c946e57f4c4?s=96&d=mm&r=g\",\"contentUrl\":\"https:\\\/\\\/secure.gravatar.com\\\/avatar\\\/9baa80b63641d54c66fff920086eecab2c9e64c67a448c886b8c6c946e57f4c4?s=96&d=mm&r=g\",\"caption\":\"galledia\"},\"url\":\"https:\\\/\\\/news.save.ch\\\/it\\\/author\\\/galledia\\\/\"}]}<\/script>\n<!-- \/ Yoast SEO plugin. -->","yoast_head_json":{"title":"I tre pilastri della promozione olistica della salute sul luogo di lavoro - Save","description":"A causa dei numerosi cambiamenti nel nostro mondo, le strutture sociali come le famiglie si stanno disgregando. La conseguenza \u00e8 che i dipendenti portano la loro insicurezza in azienda e si aspettano di essere produttivi nonostante la loro mancanza di orientamento. Se i supervisori guardano oltre la punta del loro naso, si rendono conto che il loro team ha un rendimento di circa il 60%.","robots":{"index":"index","follow":"follow","max-snippet":"max-snippet:-1","max-image-preview":"max-image-preview:large","max-video-preview":"max-video-preview:-1"},"canonical":"https:\/\/news.save.ch\/it\/die-drei-pfeiler-ganzheitlicher-betrieblicher-gesundheitsfoerderung\/","og_locale":"it_IT","og_type":"article","og_title":"Die drei Pfeiler ganzheitlicher betrieblicher Gesundheitsf\u00f6rderung","og_description":"Aufgrund vieler Ver\u00e4nderungen in unserer Welt brechen soziale Strukturen wie zum Beispiel unsere Familien auseinander. Folge: Die Mitarbeitenden tragen ihre Unsicherheit mit ins Unternehmen und sollen trotz ihrer Orientierungslosigkeit produktiv sein. Schauen die Vorgesetzten \u00fcber den Tellerrand, erkennen sie, dass ihr Team nur rund 60 Prozent Leistung erbringt.","og_url":"https:\/\/news.save.ch\/it\/die-drei-pfeiler-ganzheitlicher-betrieblicher-gesundheitsfoerderung\/","og_site_name":"Save","article_published_time":"2015-10-20T07:52:25+00:00","article_modified_time":"2023-03-14T08:03:05+00:00","og_image":[{"url":"http:\/\/dev.safety-plus.ch\/wp-content\/uploads\/2015\/10\/Die-drei-Pfeiler-ganzheitlicher-betrieblicher-Gesundheitsf\u00f6rderung-sf-sicherheitsforum.jpg","type":"","width":"","height":""}],"author":"galledia","twitter_card":"summary_large_image","twitter_title":"Die drei Pfeiler ganzheitlicher betrieblicher Gesundheitsf\u00f6rderung","twitter_description":"Aufgrund vieler Ver\u00e4nderungen in unserer Welt brechen soziale Strukturen wie zum Beispiel unsere Familien auseinander. Folge: Die Mitarbeitenden tragen ihre Unsicherheit mit ins Unternehmen und sollen trotz ihrer Orientierungslosigkeit produktiv sein. Schauen die Vorgesetzten \u00fcber den Tellerrand, erkennen sie, dass ihr Team nur rund 60 Prozent Leistung erbringt.","twitter_image":"http:\/\/dev.safety-plus.ch\/wp-content\/uploads\/2015\/10\/Die-drei-Pfeiler-ganzheitlicher-betrieblicher-Gesundheitsf\u00f6rderung-sf-sicherheitsforum.jpg","twitter_misc":{"Scritto da":"galledia","Tempo di lettura stimato":"4 minuti"},"schema":{"@context":"https:\/\/schema.org","@graph":[{"@type":"Article","@id":"https:\/\/news.save.ch\/die-drei-pfeiler-ganzheitlicher-betrieblicher-gesundheitsfoerderung\/#article","isPartOf":{"@id":"https:\/\/news.save.ch\/die-drei-pfeiler-ganzheitlicher-betrieblicher-gesundheitsfoerderung\/"},"author":{"name":"galledia","@id":"https:\/\/news.save.ch\/de\/#\/schema\/person\/af1b2481d0ee02dd880e616f4534d788"},"headline":"Die drei Pfeiler ganzheitlicher betrieblicher Gesundheitsf\u00f6rderung","datePublished":"2015-10-20T07:52:25+00:00","dateModified":"2023-03-14T08:03:05+00:00","mainEntityOfPage":{"@id":"https:\/\/news.save.ch\/die-drei-pfeiler-ganzheitlicher-betrieblicher-gesundheitsfoerderung\/"},"wordCount":826,"commentCount":0,"publisher":{"@id":"https:\/\/news.save.ch\/de\/#organization"},"image":{"@id":"https:\/\/news.save.ch\/die-drei-pfeiler-ganzheitlicher-betrieblicher-gesundheitsfoerderung\/#primaryimage"},"thumbnailUrl":"https:\/\/news.save.ch\/wp-content\/uploads\/2015\/10\/Die-drei-Pfeiler-ganzheitlicher-betrieblicher-Gesundheitsfoerderung-sf-sicherheitsforum-scaled-1.jpg","keywords":["Betriebliches Gesundheitsmanagement"],"articleSection":["HEALTH &amp; SAFETY"],"inLanguage":"it-IT"},{"@type":"WebPage","@id":"https:\/\/news.save.ch\/die-drei-pfeiler-ganzheitlicher-betrieblicher-gesundheitsfoerderung\/","url":"https:\/\/news.save.ch\/die-drei-pfeiler-ganzheitlicher-betrieblicher-gesundheitsfoerderung\/","name":"I tre pilastri della promozione olistica della salute sul luogo di lavoro - Save","isPartOf":{"@id":"https:\/\/news.save.ch\/de\/#website"},"primaryImageOfPage":{"@id":"https:\/\/news.save.ch\/die-drei-pfeiler-ganzheitlicher-betrieblicher-gesundheitsfoerderung\/#primaryimage"},"image":{"@id":"https:\/\/news.save.ch\/die-drei-pfeiler-ganzheitlicher-betrieblicher-gesundheitsfoerderung\/#primaryimage"},"thumbnailUrl":"https:\/\/news.save.ch\/wp-content\/uploads\/2015\/10\/Die-drei-Pfeiler-ganzheitlicher-betrieblicher-Gesundheitsfoerderung-sf-sicherheitsforum-scaled-1.jpg","datePublished":"2015-10-20T07:52:25+00:00","dateModified":"2023-03-14T08:03:05+00:00","description":"A causa dei numerosi cambiamenti nel nostro mondo, le strutture sociali come le famiglie si stanno disgregando. La conseguenza \u00e8 che i dipendenti portano la loro insicurezza in azienda e si aspettano di essere produttivi nonostante la loro mancanza di orientamento. Se i supervisori guardano oltre la punta del loro naso, si rendono conto che il loro team ha un rendimento di circa il 60%.","breadcrumb":{"@id":"https:\/\/news.save.ch\/die-drei-pfeiler-ganzheitlicher-betrieblicher-gesundheitsfoerderung\/#breadcrumb"},"inLanguage":"it-IT","potentialAction":[{"@type":"ReadAction","target":["https:\/\/news.save.ch\/die-drei-pfeiler-ganzheitlicher-betrieblicher-gesundheitsfoerderung\/"]}]},{"@type":"ImageObject","inLanguage":"it-IT","@id":"https:\/\/news.save.ch\/die-drei-pfeiler-ganzheitlicher-betrieblicher-gesundheitsfoerderung\/#primaryimage","url":"https:\/\/news.save.ch\/wp-content\/uploads\/2015\/10\/Die-drei-Pfeiler-ganzheitlicher-betrieblicher-Gesundheitsfoerderung-sf-sicherheitsforum-scaled-1.jpg","contentUrl":"https:\/\/news.save.ch\/wp-content\/uploads\/2015\/10\/Die-drei-Pfeiler-ganzheitlicher-betrieblicher-Gesundheitsfoerderung-sf-sicherheitsforum-scaled-1.jpg","width":1200,"height":848,"caption":"Die drei Pfeiler ganzheitlicher betrieblicher Gesundheitsf\u00f6rderung-sf-sicherheitsforum"},{"@type":"BreadcrumbList","@id":"https:\/\/news.save.ch\/die-drei-pfeiler-ganzheitlicher-betrieblicher-gesundheitsfoerderung\/#breadcrumb","itemListElement":[{"@type":"ListItem","position":1,"name":"Home","item":"https:\/\/news.save.ch\/de\/"},{"@type":"ListItem","position":2,"name":"Die drei Pfeiler ganzheitlicher betrieblicher Gesundheitsf\u00f6rderung"}]},{"@type":"WebSite","@id":"https:\/\/news.save.ch\/de\/#website","url":"https:\/\/news.save.ch\/de\/","name":"Risparmiare","description":"Rivista svizzera specializzata in sicurezza","publisher":{"@id":"https:\/\/news.save.ch\/de\/#organization"},"potentialAction":[{"@type":"SearchAction","target":{"@type":"EntryPoint","urlTemplate":"https:\/\/news.save.ch\/de\/?s={search_term_string}"},"query-input":{"@type":"PropertyValueSpecification","valueRequired":true,"valueName":"search_term_string"}}],"inLanguage":"it-IT"},{"@type":"Organization","@id":"https:\/\/news.save.ch\/de\/#organization","name":"Forum sulla sicurezza","url":"https:\/\/news.save.ch\/de\/","logo":{"@type":"ImageObject","inLanguage":"it-IT","@id":"https:\/\/news.save.ch\/de\/#\/schema\/logo\/image\/","url":"https:\/\/news.save.ch\/wp-content\/uploads\/2022\/06\/Logo_SF_2012.png","contentUrl":"https:\/\/news.save.ch\/wp-content\/uploads\/2022\/06\/Logo_SF_2012.png","width":1100,"height":91,"caption":"Sicherheitsforum"},"image":{"@id":"https:\/\/news.save.ch\/de\/#\/schema\/logo\/image\/"}},{"@type":"Person","@id":"https:\/\/news.save.ch\/de\/#\/schema\/person\/af1b2481d0ee02dd880e616f4534d788","name":"galledia","image":{"@type":"ImageObject","inLanguage":"it-IT","@id":"https:\/\/secure.gravatar.com\/avatar\/9baa80b63641d54c66fff920086eecab2c9e64c67a448c886b8c6c946e57f4c4?s=96&d=mm&r=g","url":"https:\/\/secure.gravatar.com\/avatar\/9baa80b63641d54c66fff920086eecab2c9e64c67a448c886b8c6c946e57f4c4?s=96&d=mm&r=g","contentUrl":"https:\/\/secure.gravatar.com\/avatar\/9baa80b63641d54c66fff920086eecab2c9e64c67a448c886b8c6c946e57f4c4?s=96&d=mm&r=g","caption":"galledia"},"url":"https:\/\/news.save.ch\/it\/author\/galledia\/"}]}},"_links":{"self":[{"href":"https:\/\/news.save.ch\/it\/wp-json\/wp\/v2\/posts\/16697","targetHints":{"allow":["GET"]}}],"collection":[{"href":"https:\/\/news.save.ch\/it\/wp-json\/wp\/v2\/posts"}],"about":[{"href":"https:\/\/news.save.ch\/it\/wp-json\/wp\/v2\/types\/post"}],"author":[{"embeddable":true,"href":"https:\/\/news.save.ch\/it\/wp-json\/wp\/v2\/users\/10"}],"replies":[{"embeddable":true,"href":"https:\/\/news.save.ch\/it\/wp-json\/wp\/v2\/comments?post=16697"}],"version-history":[{"count":1,"href":"https:\/\/news.save.ch\/it\/wp-json\/wp\/v2\/posts\/16697\/revisions"}],"predecessor-version":[{"id":18846,"href":"https:\/\/news.save.ch\/it\/wp-json\/wp\/v2\/posts\/16697\/revisions\/18846"}],"wp:featuredmedia":[{"embeddable":true,"href":"https:\/\/news.save.ch\/it\/wp-json\/wp\/v2\/media\/16159"}],"wp:attachment":[{"href":"https:\/\/news.save.ch\/it\/wp-json\/wp\/v2\/media?parent=16697"}],"wp:term":[{"taxonomy":"category","embeddable":true,"href":"https:\/\/news.save.ch\/it\/wp-json\/wp\/v2\/categories?post=16697"},{"taxonomy":"post_tag","embeddable":true,"href":"https:\/\/news.save.ch\/it\/wp-json\/wp\/v2\/tags?post=16697"}],"curies":[{"name":"wp","href":"https:\/\/api.w.org\/{rel}","templated":true}]}}