{"id":16702,"date":"2016-02-02T15:21:04","date_gmt":"2016-02-02T14:21:04","guid":{"rendered":"http:\/\/dev.safety-plus.ch\/?p=703"},"modified":"2023-03-14T09:03:03","modified_gmt":"2023-03-14T08:03:03","slug":"weltkrebstag-arbeiten-mit-krebserkrankung","status":null,"type":"post","link":"https:\/\/news.save.ch\/it\/weltkrebstag-arbeiten-mit-krebserkrankung\/","title":{"rendered":"Giornata mondiale del cancro: lavorare con il cancro"},"content":{"rendered":"<p><img loading=\"lazy\" decoding=\"async\" src=\"http:\/\/develop.safety-plus.ch\/wp-content\/uploads\/2016\/12\/Weltkrebstag-Arbeiten-mit-Krebserkrankung_safety-plus.jpg\" alt=\"Per consentire il ritorno al lavoro pu\u00f2 essere necessario apportare modifiche al posto di lavoro.\" width=\"680\" height=\"553\" \/><\/p>\n<p>Il 4 febbraio si celebra la Giornata mondiale contro il cancro.<\/p>\n<p>Il <a href=\"http:\/\/www.krebsliga.ch\/de\/\" target=\"_blank\" data-cke-saved-href=\"http:\/\/www.krebsliga.ch\/de\/\" rel=\"noopener\">Lega svizzera contro il cancro<\/a>\u00a0si concentra, tra l'altro, sul tema dei \"pazienti oncologici sul posto di lavoro\".<\/p>\n<p>Poich\u00e9 ogni malattia oncologica progredisce in modo diverso e ogni persona colpita ha esigenze individuali, non esiste una ricetta universale per la ripresa dell'attivit\u00e0 professionale. Gli esperti della Lega contro il cancro aiutano nella consulenza, nella riabilitazione e nel ritorno al lavoro.<\/p>\n<p>\"Attualmente in Svizzera ci sono pi\u00f9 di 64.000 persone di et\u00e0 compresa tra i 20 e i 69 anni che convivono con il cancro\", afferma Anna Zahno, responsabile del settore \"Persone colpite dal cancro al lavoro\" presso la Lega svizzera contro il cancro. \"Molti di loro continuano a lavorare dopo o addirittura durante il trattamento, il che pu\u00f2 avere un'influenza positiva e duratura sul processo di guarigione. Tuttavia, ci\u00f2 richiede spesso adattamenti del posto di lavoro, che devono essere negoziati con il datore di lavoro\".<\/p>\n<p>La Lega contro il cancro pu\u00f2 fare da mediatore tra il dipendente e il datore di lavoro e fornire supporto durante il reinserimento nella vita lavorativa quotidiana.<\/p>","protected":false},"excerpt":{"rendered":"<p>Am 4. Februar findet der Weltkrebstag statt. Die Krebsliga Schweiz\u00a0r\u00fcckt zu diesem Anlass unter anderem das Thema &#8222;Krebsbetroffene am Arbeitsplatz&#8220; ins Zentrum. Da jede Krebserkrankung anders verl\u00e4uft und jede betroffene Person individuelle Bed\u00fcrfnisse mit sich bringt, gibt es auch bei der Wiederaufnahme der beruflichen T\u00e4tigkeit kein allgemeing\u00fcltiges Rezept. Die Experten der Krebsliga helfen mit Beratung, [&hellip;]<\/p>\n","protected":false},"author":1,"featured_media":16054,"comment_status":"open","ping_status":"open","sticky":false,"template":"","format":"standard","meta":{"_acf_changed":false,"pgc_sgb_lightbox_settings":"","footnotes":""},"categories":[3314],"tags":[149],"class_list":["post-16702","post","type-post","status-publish","format-standard","has-post-thumbnail","hentry","category-health-safety","tag-gesundheitsschutz"],"acf":[],"hkrextid":null,"publication":null,"issue":null,"workflow":null,"startPage":null,"spitzmarke":null,"_posts_by_tag_page_fields":{"widget_title":"","widget_tags":""},"_at_widget":"1","_yoast_wpseo_primary_category":"4","_yoast_wpseo_focuskw_text_input":"Weltkrebstag","_yoast_wpseo_opengraph-image":null,"_yoast_wpseo_opengraph-description":null,"_yoast_wpseo_opengraph-title":null,"enclosure":null,"_yoast_wpseo_twitter-title":null,"_yoast_wpseo_twitter-description":null,"_yoast_wpseo_twitter-image":null,"_wp_old_slug":null,"_yoast_wpseo_title":null,"_yoast_wpseo_canonical":null,"yoast_head":"<!-- This site is optimized with the Yoast SEO plugin v27.5 - https:\/\/yoast.com\/product\/yoast-seo-wordpress\/ -->\n<title>Weltkrebstag: Arbeiten mit Krebserkrankung - Save<\/title>\n<meta name=\"description\" content=\"Weltkrebstag: Nach der Diagnose Krebs kann es den Heilungsprozess positiv beeinflussen, wenn der oder die Betroffene weiterarbeitet.\" \/>\n<meta name=\"robots\" content=\"index, follow, max-snippet:-1, max-image-preview:large, max-video-preview:-1\" \/>\n<link rel=\"canonical\" href=\"https:\/\/news.save.ch\/it\/weltkrebstag-arbeiten-mit-krebserkrankung\/\" \/>\n<meta property=\"og:locale\" content=\"it_IT\" \/>\n<meta property=\"og:type\" content=\"article\" \/>\n<meta property=\"og:title\" content=\"Weltkrebstag: Arbeiten mit Krebserkrankung - Save\" \/>\n<meta property=\"og:description\" content=\"Weltkrebstag: Nach der Diagnose Krebs kann es den Heilungsprozess positiv beeinflussen, wenn der oder die Betroffene weiterarbeitet.\" \/>\n<meta property=\"og:url\" content=\"https:\/\/news.save.ch\/it\/weltkrebstag-arbeiten-mit-krebserkrankung\/\" \/>\n<meta property=\"og:site_name\" content=\"Save\" \/>\n<meta property=\"article:published_time\" content=\"2016-02-02T14:21:04+00:00\" \/>\n<meta property=\"article:modified_time\" content=\"2023-03-14T08:03:03+00:00\" \/>\n<meta property=\"og:image\" content=\"https:\/\/news.save.ch\/wp-content\/uploads\/2016\/12\/Weltkrebstag-Arbeiten-mit-Krebserkrankung_safety-plus-scaled-1.jpg\" \/>\n\t<meta property=\"og:image:width\" content=\"1200\" \/>\n\t<meta property=\"og:image:height\" content=\"975\" \/>\n\t<meta property=\"og:image:type\" content=\"image\/jpeg\" \/>\n<meta name=\"author\" content=\"admin\" \/>\n<meta name=\"twitter:card\" content=\"summary_large_image\" \/>\n<meta name=\"twitter:label1\" content=\"Scritto da\" \/>\n\t<meta name=\"twitter:data1\" content=\"admin\" \/>\n\t<meta name=\"twitter:label2\" content=\"Tempo di lettura stimato\" \/>\n\t<meta name=\"twitter:data2\" content=\"1 minuto\" \/>\n<script type=\"application\/ld+json\" class=\"yoast-schema-graph\">{\"@context\":\"https:\\\/\\\/schema.org\",\"@graph\":[{\"@type\":\"Article\",\"@id\":\"https:\\\/\\\/news.save.ch\\\/weltkrebstag-arbeiten-mit-krebserkrankung\\\/#article\",\"isPartOf\":{\"@id\":\"https:\\\/\\\/news.save.ch\\\/weltkrebstag-arbeiten-mit-krebserkrankung\\\/\"},\"author\":{\"name\":\"admin\",\"@id\":\"https:\\\/\\\/news.save.ch\\\/de\\\/#\\\/schema\\\/person\\\/d49e199490bad7c70d64b9ab51142f2b\"},\"headline\":\"Weltkrebstag: Arbeiten mit Krebserkrankung\",\"datePublished\":\"2016-02-02T14:21:04+00:00\",\"dateModified\":\"2023-03-14T08:03:03+00:00\",\"mainEntityOfPage\":{\"@id\":\"https:\\\/\\\/news.save.ch\\\/weltkrebstag-arbeiten-mit-krebserkrankung\\\/\"},\"wordCount\":162,\"commentCount\":0,\"publisher\":{\"@id\":\"https:\\\/\\\/news.save.ch\\\/de\\\/#organization\"},\"image\":{\"@id\":\"https:\\\/\\\/news.save.ch\\\/weltkrebstag-arbeiten-mit-krebserkrankung\\\/#primaryimage\"},\"thumbnailUrl\":\"https:\\\/\\\/news.save.ch\\\/wp-content\\\/uploads\\\/2016\\\/12\\\/Weltkrebstag-Arbeiten-mit-Krebserkrankung_safety-plus-scaled-1.jpg\",\"keywords\":[\"Gesundheitsschutz\"],\"articleSection\":[\"HEALTH &amp; SAFETY\"],\"inLanguage\":\"it-IT\"},{\"@type\":\"WebPage\",\"@id\":\"https:\\\/\\\/news.save.ch\\\/weltkrebstag-arbeiten-mit-krebserkrankung\\\/\",\"url\":\"https:\\\/\\\/news.save.ch\\\/weltkrebstag-arbeiten-mit-krebserkrankung\\\/\",\"name\":\"Weltkrebstag: Arbeiten mit Krebserkrankung - Save\",\"isPartOf\":{\"@id\":\"https:\\\/\\\/news.save.ch\\\/de\\\/#website\"},\"primaryImageOfPage\":{\"@id\":\"https:\\\/\\\/news.save.ch\\\/weltkrebstag-arbeiten-mit-krebserkrankung\\\/#primaryimage\"},\"image\":{\"@id\":\"https:\\\/\\\/news.save.ch\\\/weltkrebstag-arbeiten-mit-krebserkrankung\\\/#primaryimage\"},\"thumbnailUrl\":\"https:\\\/\\\/news.save.ch\\\/wp-content\\\/uploads\\\/2016\\\/12\\\/Weltkrebstag-Arbeiten-mit-Krebserkrankung_safety-plus-scaled-1.jpg\",\"datePublished\":\"2016-02-02T14:21:04+00:00\",\"dateModified\":\"2023-03-14T08:03:03+00:00\",\"description\":\"Weltkrebstag: Nach der Diagnose Krebs kann es den Heilungsprozess positiv beeinflussen, wenn der oder die Betroffene weiterarbeitet.\",\"breadcrumb\":{\"@id\":\"https:\\\/\\\/news.save.ch\\\/weltkrebstag-arbeiten-mit-krebserkrankung\\\/#breadcrumb\"},\"inLanguage\":\"it-IT\",\"potentialAction\":[{\"@type\":\"ReadAction\",\"target\":[\"https:\\\/\\\/news.save.ch\\\/weltkrebstag-arbeiten-mit-krebserkrankung\\\/\"]}]},{\"@type\":\"ImageObject\",\"inLanguage\":\"it-IT\",\"@id\":\"https:\\\/\\\/news.save.ch\\\/weltkrebstag-arbeiten-mit-krebserkrankung\\\/#primaryimage\",\"url\":\"https:\\\/\\\/news.save.ch\\\/wp-content\\\/uploads\\\/2016\\\/12\\\/Weltkrebstag-Arbeiten-mit-Krebserkrankung_safety-plus-scaled-1.jpg\",\"contentUrl\":\"https:\\\/\\\/news.save.ch\\\/wp-content\\\/uploads\\\/2016\\\/12\\\/Weltkrebstag-Arbeiten-mit-Krebserkrankung_safety-plus-scaled-1.jpg\",\"width\":1200,\"height\":975,\"caption\":\"Um den Wiedereinstieg in die Arbeit zu erm\u00f6glichen, k\u00f6nnen Anpassungen an den Arbeitsplatz n\u00f6tig sein.\"},{\"@type\":\"BreadcrumbList\",\"@id\":\"https:\\\/\\\/news.save.ch\\\/weltkrebstag-arbeiten-mit-krebserkrankung\\\/#breadcrumb\",\"itemListElement\":[{\"@type\":\"ListItem\",\"position\":1,\"name\":\"Home\",\"item\":\"https:\\\/\\\/news.save.ch\\\/de\\\/\"},{\"@type\":\"ListItem\",\"position\":2,\"name\":\"Weltkrebstag: Arbeiten mit Krebserkrankung\"}]},{\"@type\":\"WebSite\",\"@id\":\"https:\\\/\\\/news.save.ch\\\/de\\\/#website\",\"url\":\"https:\\\/\\\/news.save.ch\\\/de\\\/\",\"name\":\"Save\",\"description\":\"Schweizer Fachzeitschrift f\u00fcr Sicherheit\",\"publisher\":{\"@id\":\"https:\\\/\\\/news.save.ch\\\/de\\\/#organization\"},\"potentialAction\":[{\"@type\":\"SearchAction\",\"target\":{\"@type\":\"EntryPoint\",\"urlTemplate\":\"https:\\\/\\\/news.save.ch\\\/de\\\/?s={search_term_string}\"},\"query-input\":{\"@type\":\"PropertyValueSpecification\",\"valueRequired\":true,\"valueName\":\"search_term_string\"}}],\"inLanguage\":\"it-IT\"},{\"@type\":\"Organization\",\"@id\":\"https:\\\/\\\/news.save.ch\\\/de\\\/#organization\",\"name\":\"Sicherheitsforum\",\"url\":\"https:\\\/\\\/news.save.ch\\\/de\\\/\",\"logo\":{\"@type\":\"ImageObject\",\"inLanguage\":\"it-IT\",\"@id\":\"https:\\\/\\\/news.save.ch\\\/de\\\/#\\\/schema\\\/logo\\\/image\\\/\",\"url\":\"https:\\\/\\\/news.save.ch\\\/wp-content\\\/uploads\\\/2022\\\/06\\\/Logo_SF_2012.png\",\"contentUrl\":\"https:\\\/\\\/news.save.ch\\\/wp-content\\\/uploads\\\/2022\\\/06\\\/Logo_SF_2012.png\",\"width\":1100,\"height\":91,\"caption\":\"Sicherheitsforum\"},\"image\":{\"@id\":\"https:\\\/\\\/news.save.ch\\\/de\\\/#\\\/schema\\\/logo\\\/image\\\/\"}},{\"@type\":\"Person\",\"@id\":\"https:\\\/\\\/news.save.ch\\\/de\\\/#\\\/schema\\\/person\\\/d49e199490bad7c70d64b9ab51142f2b\",\"name\":\"admin\",\"image\":{\"@type\":\"ImageObject\",\"inLanguage\":\"it-IT\",\"@id\":\"https:\\\/\\\/secure.gravatar.com\\\/avatar\\\/ae2f4d718e6c49043e314ce431e7e645d646302a24a5ef5a8bc8e3f5a032e319?s=96&d=mm&r=g\",\"url\":\"https:\\\/\\\/secure.gravatar.com\\\/avatar\\\/ae2f4d718e6c49043e314ce431e7e645d646302a24a5ef5a8bc8e3f5a032e319?s=96&d=mm&r=g\",\"contentUrl\":\"https:\\\/\\\/secure.gravatar.com\\\/avatar\\\/ae2f4d718e6c49043e314ce431e7e645d646302a24a5ef5a8bc8e3f5a032e319?s=96&d=mm&r=g\",\"caption\":\"admin\"},\"sameAs\":[\"https:\\\/\\\/develop.organisator.galledia.ch\"],\"url\":\"https:\\\/\\\/news.save.ch\\\/it\\\/author\\\/admin\\\/\"}]}<\/script>\n<!-- \/ Yoast SEO plugin. -->","yoast_head_json":{"title":"Giornata mondiale contro il cancro: lavorare con il cancro - Save","description":"Giornata mondiale contro il cancro: dopo una diagnosi di cancro, pu\u00f2 avere un'influenza positiva sul processo di guarigione se la persona colpita continua a lavorare.","robots":{"index":"index","follow":"follow","max-snippet":"max-snippet:-1","max-image-preview":"max-image-preview:large","max-video-preview":"max-video-preview:-1"},"canonical":"https:\/\/news.save.ch\/it\/weltkrebstag-arbeiten-mit-krebserkrankung\/","og_locale":"it_IT","og_type":"article","og_title":"Weltkrebstag: Arbeiten mit Krebserkrankung - Save","og_description":"Weltkrebstag: Nach der Diagnose Krebs kann es den Heilungsprozess positiv beeinflussen, wenn der oder die Betroffene weiterarbeitet.","og_url":"https:\/\/news.save.ch\/it\/weltkrebstag-arbeiten-mit-krebserkrankung\/","og_site_name":"Save","article_published_time":"2016-02-02T14:21:04+00:00","article_modified_time":"2023-03-14T08:03:03+00:00","og_image":[{"width":1200,"height":975,"url":"https:\/\/news.save.ch\/wp-content\/uploads\/2016\/12\/Weltkrebstag-Arbeiten-mit-Krebserkrankung_safety-plus-scaled-1.jpg","type":"image\/jpeg"}],"author":"admin","twitter_card":"summary_large_image","twitter_misc":{"Scritto da":"admin","Tempo di lettura stimato":"1 minuto"},"schema":{"@context":"https:\/\/schema.org","@graph":[{"@type":"Article","@id":"https:\/\/news.save.ch\/weltkrebstag-arbeiten-mit-krebserkrankung\/#article","isPartOf":{"@id":"https:\/\/news.save.ch\/weltkrebstag-arbeiten-mit-krebserkrankung\/"},"author":{"name":"admin","@id":"https:\/\/news.save.ch\/de\/#\/schema\/person\/d49e199490bad7c70d64b9ab51142f2b"},"headline":"Weltkrebstag: Arbeiten mit Krebserkrankung","datePublished":"2016-02-02T14:21:04+00:00","dateModified":"2023-03-14T08:03:03+00:00","mainEntityOfPage":{"@id":"https:\/\/news.save.ch\/weltkrebstag-arbeiten-mit-krebserkrankung\/"},"wordCount":162,"commentCount":0,"publisher":{"@id":"https:\/\/news.save.ch\/de\/#organization"},"image":{"@id":"https:\/\/news.save.ch\/weltkrebstag-arbeiten-mit-krebserkrankung\/#primaryimage"},"thumbnailUrl":"https:\/\/news.save.ch\/wp-content\/uploads\/2016\/12\/Weltkrebstag-Arbeiten-mit-Krebserkrankung_safety-plus-scaled-1.jpg","keywords":["Gesundheitsschutz"],"articleSection":["HEALTH &amp; SAFETY"],"inLanguage":"it-IT"},{"@type":"WebPage","@id":"https:\/\/news.save.ch\/weltkrebstag-arbeiten-mit-krebserkrankung\/","url":"https:\/\/news.save.ch\/weltkrebstag-arbeiten-mit-krebserkrankung\/","name":"Giornata mondiale contro il cancro: lavorare con il cancro - Save","isPartOf":{"@id":"https:\/\/news.save.ch\/de\/#website"},"primaryImageOfPage":{"@id":"https:\/\/news.save.ch\/weltkrebstag-arbeiten-mit-krebserkrankung\/#primaryimage"},"image":{"@id":"https:\/\/news.save.ch\/weltkrebstag-arbeiten-mit-krebserkrankung\/#primaryimage"},"thumbnailUrl":"https:\/\/news.save.ch\/wp-content\/uploads\/2016\/12\/Weltkrebstag-Arbeiten-mit-Krebserkrankung_safety-plus-scaled-1.jpg","datePublished":"2016-02-02T14:21:04+00:00","dateModified":"2023-03-14T08:03:03+00:00","description":"Giornata mondiale contro il cancro: dopo una diagnosi di cancro, pu\u00f2 avere un'influenza positiva sul processo di guarigione se la persona colpita continua a lavorare.","breadcrumb":{"@id":"https:\/\/news.save.ch\/weltkrebstag-arbeiten-mit-krebserkrankung\/#breadcrumb"},"inLanguage":"it-IT","potentialAction":[{"@type":"ReadAction","target":["https:\/\/news.save.ch\/weltkrebstag-arbeiten-mit-krebserkrankung\/"]}]},{"@type":"ImageObject","inLanguage":"it-IT","@id":"https:\/\/news.save.ch\/weltkrebstag-arbeiten-mit-krebserkrankung\/#primaryimage","url":"https:\/\/news.save.ch\/wp-content\/uploads\/2016\/12\/Weltkrebstag-Arbeiten-mit-Krebserkrankung_safety-plus-scaled-1.jpg","contentUrl":"https:\/\/news.save.ch\/wp-content\/uploads\/2016\/12\/Weltkrebstag-Arbeiten-mit-Krebserkrankung_safety-plus-scaled-1.jpg","width":1200,"height":975,"caption":"Um den Wiedereinstieg in die Arbeit zu erm\u00f6glichen, k\u00f6nnen Anpassungen an den Arbeitsplatz n\u00f6tig sein."},{"@type":"BreadcrumbList","@id":"https:\/\/news.save.ch\/weltkrebstag-arbeiten-mit-krebserkrankung\/#breadcrumb","itemListElement":[{"@type":"ListItem","position":1,"name":"Home","item":"https:\/\/news.save.ch\/de\/"},{"@type":"ListItem","position":2,"name":"Weltkrebstag: Arbeiten mit Krebserkrankung"}]},{"@type":"WebSite","@id":"https:\/\/news.save.ch\/de\/#website","url":"https:\/\/news.save.ch\/de\/","name":"Risparmiare","description":"Rivista svizzera specializzata in sicurezza","publisher":{"@id":"https:\/\/news.save.ch\/de\/#organization"},"potentialAction":[{"@type":"SearchAction","target":{"@type":"EntryPoint","urlTemplate":"https:\/\/news.save.ch\/de\/?s={search_term_string}"},"query-input":{"@type":"PropertyValueSpecification","valueRequired":true,"valueName":"search_term_string"}}],"inLanguage":"it-IT"},{"@type":"Organization","@id":"https:\/\/news.save.ch\/de\/#organization","name":"Forum sulla sicurezza","url":"https:\/\/news.save.ch\/de\/","logo":{"@type":"ImageObject","inLanguage":"it-IT","@id":"https:\/\/news.save.ch\/de\/#\/schema\/logo\/image\/","url":"https:\/\/news.save.ch\/wp-content\/uploads\/2022\/06\/Logo_SF_2012.png","contentUrl":"https:\/\/news.save.ch\/wp-content\/uploads\/2022\/06\/Logo_SF_2012.png","width":1100,"height":91,"caption":"Sicherheitsforum"},"image":{"@id":"https:\/\/news.save.ch\/de\/#\/schema\/logo\/image\/"}},{"@type":"Person","@id":"https:\/\/news.save.ch\/de\/#\/schema\/person\/d49e199490bad7c70d64b9ab51142f2b","name":"amministratore","image":{"@type":"ImageObject","inLanguage":"it-IT","@id":"https:\/\/secure.gravatar.com\/avatar\/ae2f4d718e6c49043e314ce431e7e645d646302a24a5ef5a8bc8e3f5a032e319?s=96&d=mm&r=g","url":"https:\/\/secure.gravatar.com\/avatar\/ae2f4d718e6c49043e314ce431e7e645d646302a24a5ef5a8bc8e3f5a032e319?s=96&d=mm&r=g","contentUrl":"https:\/\/secure.gravatar.com\/avatar\/ae2f4d718e6c49043e314ce431e7e645d646302a24a5ef5a8bc8e3f5a032e319?s=96&d=mm&r=g","caption":"admin"},"sameAs":["https:\/\/develop.organisator.galledia.ch"],"url":"https:\/\/news.save.ch\/it\/author\/admin\/"}]}},"_links":{"self":[{"href":"https:\/\/news.save.ch\/it\/wp-json\/wp\/v2\/posts\/16702","targetHints":{"allow":["GET"]}}],"collection":[{"href":"https:\/\/news.save.ch\/it\/wp-json\/wp\/v2\/posts"}],"about":[{"href":"https:\/\/news.save.ch\/it\/wp-json\/wp\/v2\/types\/post"}],"author":[{"embeddable":true,"href":"https:\/\/news.save.ch\/it\/wp-json\/wp\/v2\/users\/1"}],"replies":[{"embeddable":true,"href":"https:\/\/news.save.ch\/it\/wp-json\/wp\/v2\/comments?post=16702"}],"version-history":[{"count":1,"href":"https:\/\/news.save.ch\/it\/wp-json\/wp\/v2\/posts\/16702\/revisions"}],"predecessor-version":[{"id":18836,"href":"https:\/\/news.save.ch\/it\/wp-json\/wp\/v2\/posts\/16702\/revisions\/18836"}],"wp:featuredmedia":[{"embeddable":true,"href":"https:\/\/news.save.ch\/it\/wp-json\/wp\/v2\/media\/16054"}],"wp:attachment":[{"href":"https:\/\/news.save.ch\/it\/wp-json\/wp\/v2\/media?parent=16702"}],"wp:term":[{"taxonomy":"category","embeddable":true,"href":"https:\/\/news.save.ch\/it\/wp-json\/wp\/v2\/categories?post=16702"},{"taxonomy":"post_tag","embeddable":true,"href":"https:\/\/news.save.ch\/it\/wp-json\/wp\/v2\/tags?post=16702"}],"curies":[{"name":"wp","href":"https:\/\/api.w.org\/{rel}","templated":true}]}}