{"id":16703,"date":"2016-02-05T15:23:53","date_gmt":"2016-02-05T14:23:53","guid":{"rendered":"http:\/\/dev.safety-plus.ch\/?p=707"},"modified":"2023-03-14T09:01:10","modified_gmt":"2023-03-14T08:01:10","slug":"gemeinsam-fuer-eine-rasche-wiedereingliederung","status":null,"type":"post","link":"https:\/\/news.save.ch\/it\/gemeinsam-fuer-eine-rasche-wiedereingliederung\/","title":{"rendered":"Lavorare insieme per una rapida reintegrazione"},"content":{"rendered":"<figure id=\"attachment_712\" aria-describedby=\"caption-attachment-712\" style=\"width: 2048px\" class=\"wp-caption alignnone\"><a href=\"http:\/\/develop.safety-plus.ch\/wp-content\/uploads\/2016\/12\/Gemeinsam-fu\u0308r-eine-rasche-Wiedereingliederung_safety-plus.jpg\"><img loading=\"lazy\" decoding=\"async\" class=\"size-full wp-image-712\" src=\"http:\/\/develop.safety-plus.ch\/wp-content\/uploads\/2016\/12\/Gemeinsam-fu\u0308r-eine-rasche-Wiedereingliederung_safety-plus.jpg\" alt=\"\" width=\"2048\" height=\"1365\" \/><\/a><figcaption id=\"caption-attachment-712\" class=\"wp-caption-text\">Sforzo congiunto: medici, associazioni imprenditoriali e campagna Suva per un rapido reinserimento.<\/figcaption><\/figure>\n<p>Gli studi dimostrano che le possibilit\u00e0 di reinserimento diminuiscono di circa il 50% dopo sei mesi di inabilit\u00e0 al lavoro. \u00c8 quindi fondamentale che l'ambiente sociale e professionale delle persone colpite si attivi il prima possibile per garantire che le persone inabili al lavoro possano tornare a lavorare il pi\u00f9 rapidamente possibile. La cooperazione coordinata tra l'Associazione cantonale dei commercianti di Soletta, la Camera di commercio di Soletta, i medici di base di Soletta (HASO) e la Societ\u00e0 dei medici del Cantone di Soletta (GAeSO), nonch\u00e9 le assicurazioni sociali IV-Stelle Soletta e Suva Soletta, mira a ridurre l'assenteismo dal lavoro e i costi sanitari. I partecipanti al progetto firmano un accordo di cooperazione vincolante, unico nel suo genere in Svizzera, che rende il Cantone di Soletta un pioniere.<\/p>\n<p><strong>La comunicazione reciproca \u00e8 fondamentale<\/strong><\/p>\n<p>L'inabilit\u00e0 al lavoro pone delle sfide ai datori di lavoro, ai medici curanti e all'assicurazione sociale competente. Mentre il datore di lavoro si aspetta informazioni il pi\u00f9 possibile trasparenti sul rientro dell'infortunato, i medici curanti spesso non hanno le conoscenze necessarie sul luogo di lavoro del paziente per determinare l'incapacit\u00e0 lavorativa. \"Siamo convinti che un dialogo mirato tra i datori di lavoro e i medici curanti possa abbreviare l'assenza di un dipendente\", afferma la dott.ssa Gabriela Kissling, co-presidente di Haus\u00e4rzte Solothurn. Questo perch\u00e9 la valutazione della capacit\u00e0 lavorativa di un dipendente presuppone che il medico conosca la situazione specifica del paziente sul posto di lavoro, sia informato sulle offerte di reinserimento del datore di lavoro e su quali posti di lavoro protetti offre l'azienda. \"I datori di lavoro, i medici e gli assicuratori sociali devono rivolgersi gli uni agli altri in caso di ambiguit\u00e0 o di questioni complesse. \u00c8 l'unico modo per promuovere il reinserimento\", afferma Martin Gabl, responsabile dell'Ufficio IV di Soletta. Dopo tutto, l'ambiente sociale e professionale ha un'influenza decisiva sul percorso di reinserimento.<\/p>\n<p><strong>I principi costituiscono il quadro di riferimento per la cooperazione<\/strong><\/p>\n<p>\"Per colmare le lacune informative e garantire la comunicazione tra medici, datori di lavoro e assicurazioni sociali, abbiamo lavorato in collaborazione per sviluppare principi e un opuscolo\", spiega Kilian B\u00e4rtschi, responsabile dell'agenzia Suva Solothurn. I documenti affrontano i punti focali della cooperazione. Tra le altre cose, definiscono in dettaglio quali informazioni devono essere presenti su un certificato di inabilit\u00e0 al lavoro, come viene determinata in pratica l'inabilit\u00e0 al lavoro o quali informazioni aggiuntive sul certificato di inabilit\u00e0 al lavoro il datore di lavoro ha diritto di ottenere. \"Con la nostra firma, ci impegniamo tutti a rispettare i principi sviluppati nel nostro lavoro quotidiano. Ci auguriamo che in questo modo si evitino innanzitutto possibili malintesi e che si riesca a ridurre le giornate di lavoro perse in uno spirito di collaborazione\", afferma Daniel Probst, direttore della Camera di Commercio di Soletta.<\/p>\n<p>Vai a <a href=\"http:\/\/www.suva.ch\/merkblatt_fuer_die_aerzte_und_arbeitgeber.pdf\" target=\"_blank\" data-cke-saved-href=\"http:\/\/www.suva.ch\/merkblatt_fuer_die_aerzte_und_arbeitgeber.pdf\" rel=\"noopener\">Opuscolo per medici e datori di lavoro<\/a><\/p>","protected":false},"excerpt":{"rendered":"<p>Studien belegen, dass die Eingliederungschancen nach sechsmonatiger Arbeitsunf\u00e4higkeit um rund 50 Prozent abnehmen. Deshalb ist es entscheidend, dass sich das soziale und das berufliche Umfeld der Betroffenen so fr\u00fch wie m\u00f6glich daf\u00fcr einsetzen, dass arbeitsunf\u00e4hige Personen so rasch wie m\u00f6glich wieder an den Arbeitsplatz zur\u00fcckkehren k\u00f6nnen. Durch eine koordinierte Zusammenarbeit zwischen dem Kantonal-Solothurnischen Gewerbeverband, der [&hellip;]<\/p>\n","protected":false},"author":1,"featured_media":16056,"comment_status":"open","ping_status":"open","sticky":false,"template":"","format":"standard","meta":{"_acf_changed":false,"pgc_sgb_lightbox_settings":"","footnotes":""},"categories":[1,3314],"tags":[172,167],"class_list":["post-16703","post","type-post","status-publish","format-standard","has-post-thumbnail","hentry","category-allgemein","category-health-safety","tag-arbeitssicherheit","tag-suva"],"acf":[],"hkrextid":null,"publication":null,"issue":null,"workflow":null,"startPage":null,"spitzmarke":null,"_posts_by_tag_page_fields":{"widget_title":"","widget_tags":""},"_at_widget":"1","_yoast_wpseo_primary_category":"5","_yoast_wpseo_focuskw_text_input":"Wiedereingliederung","_yoast_wpseo_opengraph-image":null,"_yoast_wpseo_opengraph-description":null,"_yoast_wpseo_opengraph-title":null,"enclosure":null,"_yoast_wpseo_twitter-title":null,"_yoast_wpseo_twitter-description":null,"_yoast_wpseo_twitter-image":null,"_wp_old_slug":null,"_yoast_wpseo_title":null,"_yoast_wpseo_canonical":null,"yoast_head":"<!-- This site is optimized with the Yoast SEO plugin v27.5 - https:\/\/yoast.com\/product\/yoast-seo-wordpress\/ -->\n<title>Gemeinsam f\u00fcr eine rasche Wiedereingliederung - Save<\/title>\n<meta name=\"description\" content=\"Wiedereingliederung: Je l\u00e4nger jemand krankheitshalber der Arbeit fernbleibt, desto kleiner die Eingliederungschancen.\" \/>\n<meta name=\"robots\" content=\"index, follow, max-snippet:-1, max-image-preview:large, max-video-preview:-1\" \/>\n<link rel=\"canonical\" href=\"https:\/\/news.save.ch\/it\/gemeinsam-fuer-eine-rasche-wiedereingliederung\/\" \/>\n<meta property=\"og:locale\" content=\"it_IT\" \/>\n<meta property=\"og:type\" content=\"article\" \/>\n<meta property=\"og:title\" content=\"Gemeinsam f\u00fcr eine rasche Wiedereingliederung - Save\" \/>\n<meta property=\"og:description\" content=\"Wiedereingliederung: Je l\u00e4nger jemand krankheitshalber der Arbeit fernbleibt, desto kleiner die Eingliederungschancen.\" \/>\n<meta property=\"og:url\" content=\"https:\/\/news.save.ch\/it\/gemeinsam-fuer-eine-rasche-wiedereingliederung\/\" \/>\n<meta property=\"og:site_name\" content=\"Save\" \/>\n<meta property=\"article:published_time\" content=\"2016-02-05T14:23:53+00:00\" \/>\n<meta property=\"article:modified_time\" content=\"2023-03-14T08:01:10+00:00\" \/>\n<meta property=\"og:image\" content=\"https:\/\/news.save.ch\/wp-content\/uploads\/2016\/12\/Gemeinsam-fuer-eine-rasche-Wiedereingliederung_safety-plus-scaled-1.jpg\" \/>\n\t<meta property=\"og:image:width\" content=\"1200\" \/>\n\t<meta property=\"og:image:height\" content=\"800\" \/>\n\t<meta property=\"og:image:type\" content=\"image\/jpeg\" \/>\n<meta name=\"author\" content=\"admin\" \/>\n<meta name=\"twitter:card\" content=\"summary_large_image\" \/>\n<meta name=\"twitter:label1\" content=\"Scritto da\" \/>\n\t<meta name=\"twitter:data1\" content=\"admin\" \/>\n\t<meta name=\"twitter:label2\" content=\"Tempo di lettura stimato\" \/>\n\t<meta name=\"twitter:data2\" content=\"2 minuti\" \/>\n<script type=\"application\/ld+json\" class=\"yoast-schema-graph\">{\"@context\":\"https:\\\/\\\/schema.org\",\"@graph\":[{\"@type\":\"Article\",\"@id\":\"https:\\\/\\\/news.save.ch\\\/gemeinsam-fuer-eine-rasche-wiedereingliederung\\\/#article\",\"isPartOf\":{\"@id\":\"https:\\\/\\\/news.save.ch\\\/gemeinsam-fuer-eine-rasche-wiedereingliederung\\\/\"},\"author\":{\"name\":\"admin\",\"@id\":\"https:\\\/\\\/news.save.ch\\\/de\\\/#\\\/schema\\\/person\\\/d49e199490bad7c70d64b9ab51142f2b\"},\"headline\":\"Gemeinsam f\u00fcr eine rasche Wiedereingliederung\",\"datePublished\":\"2016-02-05T14:23:53+00:00\",\"dateModified\":\"2023-03-14T08:01:10+00:00\",\"mainEntityOfPage\":{\"@id\":\"https:\\\/\\\/news.save.ch\\\/gemeinsam-fuer-eine-rasche-wiedereingliederung\\\/\"},\"wordCount\":446,\"commentCount\":0,\"publisher\":{\"@id\":\"https:\\\/\\\/news.save.ch\\\/de\\\/#organization\"},\"image\":{\"@id\":\"https:\\\/\\\/news.save.ch\\\/gemeinsam-fuer-eine-rasche-wiedereingliederung\\\/#primaryimage\"},\"thumbnailUrl\":\"https:\\\/\\\/news.save.ch\\\/wp-content\\\/uploads\\\/2016\\\/12\\\/Gemeinsam-fuer-eine-rasche-Wiedereingliederung_safety-plus-scaled-1.jpg\",\"keywords\":[\"Arbeitssicherheit\",\"SUVA\"],\"articleSection\":[\"ALLGEMEIN\",\"HEALTH &amp; SAFETY\"],\"inLanguage\":\"it-IT\"},{\"@type\":\"WebPage\",\"@id\":\"https:\\\/\\\/news.save.ch\\\/gemeinsam-fuer-eine-rasche-wiedereingliederung\\\/\",\"url\":\"https:\\\/\\\/news.save.ch\\\/gemeinsam-fuer-eine-rasche-wiedereingliederung\\\/\",\"name\":\"Gemeinsam f\u00fcr eine rasche Wiedereingliederung - Save\",\"isPartOf\":{\"@id\":\"https:\\\/\\\/news.save.ch\\\/de\\\/#website\"},\"primaryImageOfPage\":{\"@id\":\"https:\\\/\\\/news.save.ch\\\/gemeinsam-fuer-eine-rasche-wiedereingliederung\\\/#primaryimage\"},\"image\":{\"@id\":\"https:\\\/\\\/news.save.ch\\\/gemeinsam-fuer-eine-rasche-wiedereingliederung\\\/#primaryimage\"},\"thumbnailUrl\":\"https:\\\/\\\/news.save.ch\\\/wp-content\\\/uploads\\\/2016\\\/12\\\/Gemeinsam-fuer-eine-rasche-Wiedereingliederung_safety-plus-scaled-1.jpg\",\"datePublished\":\"2016-02-05T14:23:53+00:00\",\"dateModified\":\"2023-03-14T08:01:10+00:00\",\"description\":\"Wiedereingliederung: Je l\u00e4nger jemand krankheitshalber der Arbeit fernbleibt, desto kleiner die Eingliederungschancen.\",\"breadcrumb\":{\"@id\":\"https:\\\/\\\/news.save.ch\\\/gemeinsam-fuer-eine-rasche-wiedereingliederung\\\/#breadcrumb\"},\"inLanguage\":\"it-IT\",\"potentialAction\":[{\"@type\":\"ReadAction\",\"target\":[\"https:\\\/\\\/news.save.ch\\\/gemeinsam-fuer-eine-rasche-wiedereingliederung\\\/\"]}]},{\"@type\":\"ImageObject\",\"inLanguage\":\"it-IT\",\"@id\":\"https:\\\/\\\/news.save.ch\\\/gemeinsam-fuer-eine-rasche-wiedereingliederung\\\/#primaryimage\",\"url\":\"https:\\\/\\\/news.save.ch\\\/wp-content\\\/uploads\\\/2016\\\/12\\\/Gemeinsam-fuer-eine-rasche-Wiedereingliederung_safety-plus-scaled-1.jpg\",\"contentUrl\":\"https:\\\/\\\/news.save.ch\\\/wp-content\\\/uploads\\\/2016\\\/12\\\/Gemeinsam-fuer-eine-rasche-Wiedereingliederung_safety-plus-scaled-1.jpg\",\"width\":1200,\"height\":800,\"caption\":\"Gemeinsamer Einsatz: \u00c4rzte, Wirtschaftsverb\u00e4nde und Suva setzen sich f\u00fcr eine schnelle Wiedereingliederung ein.\"},{\"@type\":\"BreadcrumbList\",\"@id\":\"https:\\\/\\\/news.save.ch\\\/gemeinsam-fuer-eine-rasche-wiedereingliederung\\\/#breadcrumb\",\"itemListElement\":[{\"@type\":\"ListItem\",\"position\":1,\"name\":\"Home\",\"item\":\"https:\\\/\\\/news.save.ch\\\/de\\\/\"},{\"@type\":\"ListItem\",\"position\":2,\"name\":\"Gemeinsam f\u00fcr eine rasche Wiedereingliederung\"}]},{\"@type\":\"WebSite\",\"@id\":\"https:\\\/\\\/news.save.ch\\\/de\\\/#website\",\"url\":\"https:\\\/\\\/news.save.ch\\\/de\\\/\",\"name\":\"Save\",\"description\":\"Schweizer Fachzeitschrift f\u00fcr Sicherheit\",\"publisher\":{\"@id\":\"https:\\\/\\\/news.save.ch\\\/de\\\/#organization\"},\"potentialAction\":[{\"@type\":\"SearchAction\",\"target\":{\"@type\":\"EntryPoint\",\"urlTemplate\":\"https:\\\/\\\/news.save.ch\\\/de\\\/?s={search_term_string}\"},\"query-input\":{\"@type\":\"PropertyValueSpecification\",\"valueRequired\":true,\"valueName\":\"search_term_string\"}}],\"inLanguage\":\"it-IT\"},{\"@type\":\"Organization\",\"@id\":\"https:\\\/\\\/news.save.ch\\\/de\\\/#organization\",\"name\":\"Sicherheitsforum\",\"url\":\"https:\\\/\\\/news.save.ch\\\/de\\\/\",\"logo\":{\"@type\":\"ImageObject\",\"inLanguage\":\"it-IT\",\"@id\":\"https:\\\/\\\/news.save.ch\\\/de\\\/#\\\/schema\\\/logo\\\/image\\\/\",\"url\":\"https:\\\/\\\/news.save.ch\\\/wp-content\\\/uploads\\\/2022\\\/06\\\/Logo_SF_2012.png\",\"contentUrl\":\"https:\\\/\\\/news.save.ch\\\/wp-content\\\/uploads\\\/2022\\\/06\\\/Logo_SF_2012.png\",\"width\":1100,\"height\":91,\"caption\":\"Sicherheitsforum\"},\"image\":{\"@id\":\"https:\\\/\\\/news.save.ch\\\/de\\\/#\\\/schema\\\/logo\\\/image\\\/\"}},{\"@type\":\"Person\",\"@id\":\"https:\\\/\\\/news.save.ch\\\/de\\\/#\\\/schema\\\/person\\\/d49e199490bad7c70d64b9ab51142f2b\",\"name\":\"admin\",\"image\":{\"@type\":\"ImageObject\",\"inLanguage\":\"it-IT\",\"@id\":\"https:\\\/\\\/secure.gravatar.com\\\/avatar\\\/ae2f4d718e6c49043e314ce431e7e645d646302a24a5ef5a8bc8e3f5a032e319?s=96&d=mm&r=g\",\"url\":\"https:\\\/\\\/secure.gravatar.com\\\/avatar\\\/ae2f4d718e6c49043e314ce431e7e645d646302a24a5ef5a8bc8e3f5a032e319?s=96&d=mm&r=g\",\"contentUrl\":\"https:\\\/\\\/secure.gravatar.com\\\/avatar\\\/ae2f4d718e6c49043e314ce431e7e645d646302a24a5ef5a8bc8e3f5a032e319?s=96&d=mm&r=g\",\"caption\":\"admin\"},\"sameAs\":[\"https:\\\/\\\/develop.organisator.galledia.ch\"],\"url\":\"https:\\\/\\\/news.save.ch\\\/it\\\/author\\\/admin\\\/\"}]}<\/script>\n<!-- \/ Yoast SEO plugin. -->","yoast_head_json":{"title":"Lavorare insieme per un rapido reinserimento - Save","description":"Reintegrazione: pi\u00f9 a lungo una persona \u00e8 assente dal lavoro a causa della malattia, minori sono le possibilit\u00e0 di reintegro.","robots":{"index":"index","follow":"follow","max-snippet":"max-snippet:-1","max-image-preview":"max-image-preview:large","max-video-preview":"max-video-preview:-1"},"canonical":"https:\/\/news.save.ch\/it\/gemeinsam-fuer-eine-rasche-wiedereingliederung\/","og_locale":"it_IT","og_type":"article","og_title":"Gemeinsam f\u00fcr eine rasche Wiedereingliederung - Save","og_description":"Wiedereingliederung: Je l\u00e4nger jemand krankheitshalber der Arbeit fernbleibt, desto kleiner die Eingliederungschancen.","og_url":"https:\/\/news.save.ch\/it\/gemeinsam-fuer-eine-rasche-wiedereingliederung\/","og_site_name":"Save","article_published_time":"2016-02-05T14:23:53+00:00","article_modified_time":"2023-03-14T08:01:10+00:00","og_image":[{"width":1200,"height":800,"url":"https:\/\/news.save.ch\/wp-content\/uploads\/2016\/12\/Gemeinsam-fuer-eine-rasche-Wiedereingliederung_safety-plus-scaled-1.jpg","type":"image\/jpeg"}],"author":"admin","twitter_card":"summary_large_image","twitter_misc":{"Scritto da":"admin","Tempo di lettura stimato":"2 minuti"},"schema":{"@context":"https:\/\/schema.org","@graph":[{"@type":"Article","@id":"https:\/\/news.save.ch\/gemeinsam-fuer-eine-rasche-wiedereingliederung\/#article","isPartOf":{"@id":"https:\/\/news.save.ch\/gemeinsam-fuer-eine-rasche-wiedereingliederung\/"},"author":{"name":"admin","@id":"https:\/\/news.save.ch\/de\/#\/schema\/person\/d49e199490bad7c70d64b9ab51142f2b"},"headline":"Gemeinsam f\u00fcr eine rasche Wiedereingliederung","datePublished":"2016-02-05T14:23:53+00:00","dateModified":"2023-03-14T08:01:10+00:00","mainEntityOfPage":{"@id":"https:\/\/news.save.ch\/gemeinsam-fuer-eine-rasche-wiedereingliederung\/"},"wordCount":446,"commentCount":0,"publisher":{"@id":"https:\/\/news.save.ch\/de\/#organization"},"image":{"@id":"https:\/\/news.save.ch\/gemeinsam-fuer-eine-rasche-wiedereingliederung\/#primaryimage"},"thumbnailUrl":"https:\/\/news.save.ch\/wp-content\/uploads\/2016\/12\/Gemeinsam-fuer-eine-rasche-Wiedereingliederung_safety-plus-scaled-1.jpg","keywords":["Arbeitssicherheit","SUVA"],"articleSection":["ALLGEMEIN","HEALTH &amp; SAFETY"],"inLanguage":"it-IT"},{"@type":"WebPage","@id":"https:\/\/news.save.ch\/gemeinsam-fuer-eine-rasche-wiedereingliederung\/","url":"https:\/\/news.save.ch\/gemeinsam-fuer-eine-rasche-wiedereingliederung\/","name":"Lavorare insieme per un rapido reinserimento - Save","isPartOf":{"@id":"https:\/\/news.save.ch\/de\/#website"},"primaryImageOfPage":{"@id":"https:\/\/news.save.ch\/gemeinsam-fuer-eine-rasche-wiedereingliederung\/#primaryimage"},"image":{"@id":"https:\/\/news.save.ch\/gemeinsam-fuer-eine-rasche-wiedereingliederung\/#primaryimage"},"thumbnailUrl":"https:\/\/news.save.ch\/wp-content\/uploads\/2016\/12\/Gemeinsam-fuer-eine-rasche-Wiedereingliederung_safety-plus-scaled-1.jpg","datePublished":"2016-02-05T14:23:53+00:00","dateModified":"2023-03-14T08:01:10+00:00","description":"Reintegrazione: pi\u00f9 a lungo una persona \u00e8 assente dal lavoro a causa della malattia, minori sono le possibilit\u00e0 di reintegro.","breadcrumb":{"@id":"https:\/\/news.save.ch\/gemeinsam-fuer-eine-rasche-wiedereingliederung\/#breadcrumb"},"inLanguage":"it-IT","potentialAction":[{"@type":"ReadAction","target":["https:\/\/news.save.ch\/gemeinsam-fuer-eine-rasche-wiedereingliederung\/"]}]},{"@type":"ImageObject","inLanguage":"it-IT","@id":"https:\/\/news.save.ch\/gemeinsam-fuer-eine-rasche-wiedereingliederung\/#primaryimage","url":"https:\/\/news.save.ch\/wp-content\/uploads\/2016\/12\/Gemeinsam-fuer-eine-rasche-Wiedereingliederung_safety-plus-scaled-1.jpg","contentUrl":"https:\/\/news.save.ch\/wp-content\/uploads\/2016\/12\/Gemeinsam-fuer-eine-rasche-Wiedereingliederung_safety-plus-scaled-1.jpg","width":1200,"height":800,"caption":"Gemeinsamer Einsatz: \u00c4rzte, Wirtschaftsverb\u00e4nde und Suva setzen sich f\u00fcr eine schnelle Wiedereingliederung ein."},{"@type":"BreadcrumbList","@id":"https:\/\/news.save.ch\/gemeinsam-fuer-eine-rasche-wiedereingliederung\/#breadcrumb","itemListElement":[{"@type":"ListItem","position":1,"name":"Home","item":"https:\/\/news.save.ch\/de\/"},{"@type":"ListItem","position":2,"name":"Gemeinsam f\u00fcr eine rasche Wiedereingliederung"}]},{"@type":"WebSite","@id":"https:\/\/news.save.ch\/de\/#website","url":"https:\/\/news.save.ch\/de\/","name":"Risparmiare","description":"Rivista svizzera specializzata in sicurezza","publisher":{"@id":"https:\/\/news.save.ch\/de\/#organization"},"potentialAction":[{"@type":"SearchAction","target":{"@type":"EntryPoint","urlTemplate":"https:\/\/news.save.ch\/de\/?s={search_term_string}"},"query-input":{"@type":"PropertyValueSpecification","valueRequired":true,"valueName":"search_term_string"}}],"inLanguage":"it-IT"},{"@type":"Organization","@id":"https:\/\/news.save.ch\/de\/#organization","name":"Forum sulla sicurezza","url":"https:\/\/news.save.ch\/de\/","logo":{"@type":"ImageObject","inLanguage":"it-IT","@id":"https:\/\/news.save.ch\/de\/#\/schema\/logo\/image\/","url":"https:\/\/news.save.ch\/wp-content\/uploads\/2022\/06\/Logo_SF_2012.png","contentUrl":"https:\/\/news.save.ch\/wp-content\/uploads\/2022\/06\/Logo_SF_2012.png","width":1100,"height":91,"caption":"Sicherheitsforum"},"image":{"@id":"https:\/\/news.save.ch\/de\/#\/schema\/logo\/image\/"}},{"@type":"Person","@id":"https:\/\/news.save.ch\/de\/#\/schema\/person\/d49e199490bad7c70d64b9ab51142f2b","name":"amministratore","image":{"@type":"ImageObject","inLanguage":"it-IT","@id":"https:\/\/secure.gravatar.com\/avatar\/ae2f4d718e6c49043e314ce431e7e645d646302a24a5ef5a8bc8e3f5a032e319?s=96&d=mm&r=g","url":"https:\/\/secure.gravatar.com\/avatar\/ae2f4d718e6c49043e314ce431e7e645d646302a24a5ef5a8bc8e3f5a032e319?s=96&d=mm&r=g","contentUrl":"https:\/\/secure.gravatar.com\/avatar\/ae2f4d718e6c49043e314ce431e7e645d646302a24a5ef5a8bc8e3f5a032e319?s=96&d=mm&r=g","caption":"admin"},"sameAs":["https:\/\/develop.organisator.galledia.ch"],"url":"https:\/\/news.save.ch\/it\/author\/admin\/"}]}},"_links":{"self":[{"href":"https:\/\/news.save.ch\/it\/wp-json\/wp\/v2\/posts\/16703","targetHints":{"allow":["GET"]}}],"collection":[{"href":"https:\/\/news.save.ch\/it\/wp-json\/wp\/v2\/posts"}],"about":[{"href":"https:\/\/news.save.ch\/it\/wp-json\/wp\/v2\/types\/post"}],"author":[{"embeddable":true,"href":"https:\/\/news.save.ch\/it\/wp-json\/wp\/v2\/users\/1"}],"replies":[{"embeddable":true,"href":"https:\/\/news.save.ch\/it\/wp-json\/wp\/v2\/comments?post=16703"}],"version-history":[{"count":1,"href":"https:\/\/news.save.ch\/it\/wp-json\/wp\/v2\/posts\/16703\/revisions"}],"predecessor-version":[{"id":18377,"href":"https:\/\/news.save.ch\/it\/wp-json\/wp\/v2\/posts\/16703\/revisions\/18377"}],"wp:featuredmedia":[{"embeddable":true,"href":"https:\/\/news.save.ch\/it\/wp-json\/wp\/v2\/media\/16056"}],"wp:attachment":[{"href":"https:\/\/news.save.ch\/it\/wp-json\/wp\/v2\/media?parent=16703"}],"wp:term":[{"taxonomy":"category","embeddable":true,"href":"https:\/\/news.save.ch\/it\/wp-json\/wp\/v2\/categories?post=16703"},{"taxonomy":"post_tag","embeddable":true,"href":"https:\/\/news.save.ch\/it\/wp-json\/wp\/v2\/tags?post=16703"}],"curies":[{"name":"wp","href":"https:\/\/api.w.org\/{rel}","templated":true}]}}