{"id":16714,"date":"2016-01-12T15:56:47","date_gmt":"2016-01-12T14:56:47","guid":{"rendered":"http:\/\/dev.safety-plus.ch\/?p=773"},"modified":"2023-03-14T09:03:04","modified_gmt":"2023-03-14T08:03:04","slug":"jeder-fuenfte-pensionaer-leidet-unter-hoerproblemen","status":null,"type":"post","link":"https:\/\/news.save.ch\/it\/jeder-fuenfte-pensionaer-leidet-unter-hoerproblemen\/","title":{"rendered":"Un pensionato su cinque soffre di problemi di udito"},"content":{"rendered":"<figure id=\"attachment_775\" aria-describedby=\"caption-attachment-775\" style=\"width: 680px\" class=\"wp-caption alignnone\"><img loading=\"lazy\" decoding=\"async\" class=\"wp-image-775 size-medium\" src=\"http:\/\/develop.safety-plus.ch\/wp-content\/uploads\/2016\/12\/Jeder-fuenfte-Pensionaer-leidet-unter-Hoerproblemen_safety-plus.jpeg\" alt=\"La perdita dell&#039;udito aumenta con l&#039;et\u00e0.\" width=\"680\" height=\"454\" \/><figcaption id=\"caption-attachment-775\" class=\"wp-caption-text\">La perdita dell'udito aumenta con l'et\u00e0.<\/figcaption><\/figure>\n<p>Con l'aumento dell'aspettativa di vita, anche la struttura demografica della Svizzera sta cambiando. Se oggi circa 18% della popolazione ha almeno 65 anni, secondo l'Ufficio federale di statistica (UST) nel 2030 saranno circa 23% e nel 2045 addirittura 26%. Il cambiamento demografico porta con s\u00e9 molte sfide, perch\u00e9 le persone vogliono rimanere indipendenti e in salute il pi\u00f9 a lungo possibile durante la vecchiaia; un buon udito contribuisce molto a questo obiettivo.<\/p>\n<p>Come per la vista, la perdita dell'udito si verifica a qualsiasi et\u00e0. Secondo lo studio EuroTrak 2015, un adulto svizzero su dieci riferisce di avere problemi di udito. I giovani sono meno colpiti, ma il numero di persone con problemi di udito aumenta con l'et\u00e0. Mentre 20% degli svizzeri tra i 65 e i 74 anni soffrono di perdita dell'udito, a partire dai 75 anni la cifra \u00e8 gi\u00e0 di 36%. Poich\u00e9 le ragioni di questa situazione sono da ricercare principalmente nel naturale processo di invecchiamento, \u00e8 ancora pi\u00f9 importante che la generazione che invecchia abbia l'opportunit\u00e0 di prendersi cura della perdita dell'udito in una fase precoce. Dopo tutto, l'udito \u00e8 la base per la comunicazione con gli altri e, soprattutto per gli anziani, una chiave importante per la vita sociale.<\/p>\n<p><strong>Le conseguenze sono sottovalutate<\/strong><br \/>\nLa perdita dell'udito viene spesso sottovalutata perch\u00e9 ci si dice che non \u00e8 cos\u00ec grave. Ma non bisogna aspettare a farsi curare, perch\u00e9 anche con una lieve perdita uditiva il cervello perde la capacit\u00e0 di distinguere i suoni rilevanti da quelli irrilevanti. Inoltre, le aree cerebrali responsabili dell'elaborazione assumono altri compiti per un periodo di tempo pi\u00f9 lungo e non trattato. Nel peggiore dei casi, questo fenomeno \u00e8 irreversibile, tanto che anche un apparecchio acustico non pu\u00f2 pi\u00f9 essere d'aiuto.<\/p>\n<p>Chi sente meno ha difficolt\u00e0 a seguire le conversazioni e la comunicazione diventa di conseguenza pi\u00f9 difficile. Per chi soffre di ipoacusia non trattata, questo si ripercuote sul benessere personale e forse sulla salute, per cui tende a ritirarsi. Soprattutto con l'avanzare dell'et\u00e0, \u00e8 importante non chiudersi in se stessi. Secondo lo studio EuroTrak 2015, l'ipoacusia non curata pu\u00f2 aumentare la propensione alla depressione e rendere le persone pi\u00f9 suscettibili ai sintomi della demenza. Inoltre, la perdita dell'udito accelera il declino delle capacit\u00e0 cognitive nelle persone anziane, ma l'uso di un apparecchio acustico contrasta questo fenomeno.<\/p>\n<p>Tuttavia, 44% in Svizzera dichiarano di non essersi mai sottoposti a un esame dell'udito. E anche se una perdita uditiva viene riconosciuta, non tutte possono essere trattate. \"Pi\u00f9 della met\u00e0 degli svizzeri aspetta in media 2 anni prima di acquistare un apparecchio acustico. Un terzo addirittura rimanda la decisione per 3-6 anni\", spiega Luca Mastroberardino, amministratore delegato di Phonak Svizzera. Questo ha un impatto negativo sulla salute e sulla qualit\u00e0 della vita delle persone interessate.<\/p>\n<p><strong>Effetti positivi nella 95% degli utilizzatori di apparecchi acustici<\/strong><br \/>\nTuttavia, il timore frequente che le persone con apparecchi acustici si sentano escluse non pu\u00f2 essere confermato per la Svizzera. Solo 15% degli utenti di apparecchi acustici affermano di essere presi in giro di tanto in tanto, rispetto a 55% con perdita uditiva non trattata. Inoltre, pi\u00f9 di 95% hanno dichiarato nello studio che indossare un apparecchio acustico ha un effetto sensibilmente positivo. Lo nota anche l'audioprotesista Monica De Carli di Zugo: \"Nella maggior parte dei casi, soprattutto gli anziani sono sorpresi e molto soddisfatti dell'effetto del loro apparecchio acustico, che restituisce loro una maggiore qualit\u00e0 di vita nella quotidianit\u00e0\".<\/p>\n<p><strong>Le assicurazioni sociali pagano con<\/strong><br \/>\nCi\u00f2 che molti non sanno \u00e8 che le assicurazioni sociali forniscono un sostegno finanziario alle persone affette da ipoacusia. Fino all'et\u00e0 di 65 anni, l'AI versa una somma forfettaria di 1.650 franchi ogni sei anni per due apparecchi acustici, oltre a un contributo annuale per le batterie e le riparazioni. Questi contributi continuano a essere versati dall'AI anche dopo i 65 anni. Tuttavia, se l'apparecchio acustico viene trattato per la prima volta dopo i 65 anni, l'AVS versa solo 630 franchi per un apparecchio acustico.<\/p>","protected":false},"excerpt":{"rendered":"<p>Mit der steigenden Lebenserwartung der Menschen ver\u00e4ndert sich auch die demografische Struktur der Schweiz. W\u00e4hrend heute etwa 18% der Bev\u00f6lkerung mindestens 65 Jahre alt ist, werden es gem\u00e4ss Bundesamt f\u00fcr Statistik (BfS) im Jahr 2030 rund 23% und 2045 sogar mehr als 26% sein. Der demografische Wandel bringt viele Herausforderungen mit sich, denn die Menschen [&hellip;]<\/p>\n","protected":false},"author":1,"featured_media":16074,"comment_status":"open","ping_status":"open","sticky":false,"template":"","format":"standard","meta":{"_acf_changed":false,"pgc_sgb_lightbox_settings":"","footnotes":""},"categories":[3314],"tags":[149],"class_list":["post-16714","post","type-post","status-publish","format-standard","has-post-thumbnail","hentry","category-health-safety","tag-gesundheitsschutz"],"acf":[],"hkrextid":null,"publication":null,"issue":null,"workflow":null,"startPage":null,"spitzmarke":null,"_posts_by_tag_page_fields":{"widget_title":"","widget_tags":""},"_at_widget":"1","_yoast_wpseo_primary_category":"4","_yoast_wpseo_focuskw_text_input":"H\u00f6rprobleme","_yoast_wpseo_opengraph-image":null,"_yoast_wpseo_opengraph-description":null,"_yoast_wpseo_opengraph-title":null,"enclosure":null,"_yoast_wpseo_twitter-title":null,"_yoast_wpseo_twitter-description":null,"_yoast_wpseo_twitter-image":null,"_wp_old_slug":null,"_yoast_wpseo_title":null,"_yoast_wpseo_canonical":null,"yoast_head":"<!-- This site is optimized with the Yoast SEO plugin v27.5 - https:\/\/yoast.com\/product\/yoast-seo-wordpress\/ -->\n<title>Jeder f\u00fcnfte Pension\u00e4r leidet unter H\u00f6rproblemen - Save<\/title>\n<meta name=\"description\" content=\"H\u00f6rprobleme im Alter - dies hat Auswirkungen auf das Sozialleben und die Lebensqualit\u00e4t. Doch nur wenige lassen ihre H\u00f6rminderung behandeln.\" \/>\n<meta name=\"robots\" content=\"index, follow, max-snippet:-1, max-image-preview:large, max-video-preview:-1\" \/>\n<link rel=\"canonical\" href=\"https:\/\/news.save.ch\/it\/jeder-fuenfte-pensionaer-leidet-unter-hoerproblemen\/\" \/>\n<meta property=\"og:locale\" content=\"it_IT\" \/>\n<meta property=\"og:type\" content=\"article\" \/>\n<meta property=\"og:title\" content=\"Jeder f\u00fcnfte Pension\u00e4r leidet unter H\u00f6rproblemen - Save\" \/>\n<meta property=\"og:description\" content=\"H\u00f6rprobleme im Alter - dies hat Auswirkungen auf das Sozialleben und die Lebensqualit\u00e4t. Doch nur wenige lassen ihre H\u00f6rminderung behandeln.\" \/>\n<meta property=\"og:url\" content=\"https:\/\/news.save.ch\/it\/jeder-fuenfte-pensionaer-leidet-unter-hoerproblemen\/\" \/>\n<meta property=\"og:site_name\" content=\"Save\" \/>\n<meta property=\"article:published_time\" content=\"2016-01-12T14:56:47+00:00\" \/>\n<meta property=\"article:modified_time\" content=\"2023-03-14T08:03:04+00:00\" \/>\n<meta property=\"og:image\" content=\"https:\/\/news.save.ch\/wp-content\/uploads\/2016\/12\/Jeder-fuenfte-Pensionaer-leidet-unter-Hoerproblemen_safety-plus.jpeg\" \/>\n\t<meta property=\"og:image:width\" content=\"1000\" \/>\n\t<meta property=\"og:image:height\" content=\"667\" \/>\n\t<meta property=\"og:image:type\" content=\"image\/jpeg\" \/>\n<meta name=\"author\" content=\"admin\" \/>\n<meta name=\"twitter:card\" content=\"summary_large_image\" \/>\n<meta name=\"twitter:label1\" content=\"Scritto da\" \/>\n\t<meta name=\"twitter:data1\" content=\"admin\" \/>\n\t<meta name=\"twitter:label2\" content=\"Tempo di lettura stimato\" \/>\n\t<meta name=\"twitter:data2\" content=\"3 minuti\" \/>\n<script type=\"application\/ld+json\" class=\"yoast-schema-graph\">{\"@context\":\"https:\\\/\\\/schema.org\",\"@graph\":[{\"@type\":\"Article\",\"@id\":\"https:\\\/\\\/news.save.ch\\\/jeder-fuenfte-pensionaer-leidet-unter-hoerproblemen\\\/#article\",\"isPartOf\":{\"@id\":\"https:\\\/\\\/news.save.ch\\\/jeder-fuenfte-pensionaer-leidet-unter-hoerproblemen\\\/\"},\"author\":{\"name\":\"admin\",\"@id\":\"https:\\\/\\\/news.save.ch\\\/de\\\/#\\\/schema\\\/person\\\/d49e199490bad7c70d64b9ab51142f2b\"},\"headline\":\"Jeder f\u00fcnfte Pension\u00e4r leidet unter H\u00f6rproblemen\",\"datePublished\":\"2016-01-12T14:56:47+00:00\",\"dateModified\":\"2023-03-14T08:03:04+00:00\",\"mainEntityOfPage\":{\"@id\":\"https:\\\/\\\/news.save.ch\\\/jeder-fuenfte-pensionaer-leidet-unter-hoerproblemen\\\/\"},\"wordCount\":690,\"commentCount\":0,\"publisher\":{\"@id\":\"https:\\\/\\\/news.save.ch\\\/de\\\/#organization\"},\"image\":{\"@id\":\"https:\\\/\\\/news.save.ch\\\/jeder-fuenfte-pensionaer-leidet-unter-hoerproblemen\\\/#primaryimage\"},\"thumbnailUrl\":\"https:\\\/\\\/news.save.ch\\\/wp-content\\\/uploads\\\/2016\\\/12\\\/Jeder-fuenfte-Pensionaer-leidet-unter-Hoerproblemen_safety-plus.jpeg\",\"keywords\":[\"Gesundheitsschutz\"],\"articleSection\":[\"HEALTH &amp; SAFETY\"],\"inLanguage\":\"it-IT\"},{\"@type\":\"WebPage\",\"@id\":\"https:\\\/\\\/news.save.ch\\\/jeder-fuenfte-pensionaer-leidet-unter-hoerproblemen\\\/\",\"url\":\"https:\\\/\\\/news.save.ch\\\/jeder-fuenfte-pensionaer-leidet-unter-hoerproblemen\\\/\",\"name\":\"Jeder f\u00fcnfte Pension\u00e4r leidet unter H\u00f6rproblemen - Save\",\"isPartOf\":{\"@id\":\"https:\\\/\\\/news.save.ch\\\/de\\\/#website\"},\"primaryImageOfPage\":{\"@id\":\"https:\\\/\\\/news.save.ch\\\/jeder-fuenfte-pensionaer-leidet-unter-hoerproblemen\\\/#primaryimage\"},\"image\":{\"@id\":\"https:\\\/\\\/news.save.ch\\\/jeder-fuenfte-pensionaer-leidet-unter-hoerproblemen\\\/#primaryimage\"},\"thumbnailUrl\":\"https:\\\/\\\/news.save.ch\\\/wp-content\\\/uploads\\\/2016\\\/12\\\/Jeder-fuenfte-Pensionaer-leidet-unter-Hoerproblemen_safety-plus.jpeg\",\"datePublished\":\"2016-01-12T14:56:47+00:00\",\"dateModified\":\"2023-03-14T08:03:04+00:00\",\"description\":\"H\u00f6rprobleme im Alter - dies hat Auswirkungen auf das Sozialleben und die Lebensqualit\u00e4t. Doch nur wenige lassen ihre H\u00f6rminderung behandeln.\",\"breadcrumb\":{\"@id\":\"https:\\\/\\\/news.save.ch\\\/jeder-fuenfte-pensionaer-leidet-unter-hoerproblemen\\\/#breadcrumb\"},\"inLanguage\":\"it-IT\",\"potentialAction\":[{\"@type\":\"ReadAction\",\"target\":[\"https:\\\/\\\/news.save.ch\\\/jeder-fuenfte-pensionaer-leidet-unter-hoerproblemen\\\/\"]}]},{\"@type\":\"ImageObject\",\"inLanguage\":\"it-IT\",\"@id\":\"https:\\\/\\\/news.save.ch\\\/jeder-fuenfte-pensionaer-leidet-unter-hoerproblemen\\\/#primaryimage\",\"url\":\"https:\\\/\\\/news.save.ch\\\/wp-content\\\/uploads\\\/2016\\\/12\\\/Jeder-fuenfte-Pensionaer-leidet-unter-Hoerproblemen_safety-plus.jpeg\",\"contentUrl\":\"https:\\\/\\\/news.save.ch\\\/wp-content\\\/uploads\\\/2016\\\/12\\\/Jeder-fuenfte-Pensionaer-leidet-unter-Hoerproblemen_safety-plus.jpeg\",\"width\":1000,\"height\":667,\"caption\":\"Im Alter nehmen die H\u00f6rverluste zu.\"},{\"@type\":\"BreadcrumbList\",\"@id\":\"https:\\\/\\\/news.save.ch\\\/jeder-fuenfte-pensionaer-leidet-unter-hoerproblemen\\\/#breadcrumb\",\"itemListElement\":[{\"@type\":\"ListItem\",\"position\":1,\"name\":\"Home\",\"item\":\"https:\\\/\\\/news.save.ch\\\/de\\\/\"},{\"@type\":\"ListItem\",\"position\":2,\"name\":\"Jeder f\u00fcnfte Pension\u00e4r leidet unter H\u00f6rproblemen\"}]},{\"@type\":\"WebSite\",\"@id\":\"https:\\\/\\\/news.save.ch\\\/de\\\/#website\",\"url\":\"https:\\\/\\\/news.save.ch\\\/de\\\/\",\"name\":\"Save\",\"description\":\"Schweizer Fachzeitschrift f\u00fcr Sicherheit\",\"publisher\":{\"@id\":\"https:\\\/\\\/news.save.ch\\\/de\\\/#organization\"},\"potentialAction\":[{\"@type\":\"SearchAction\",\"target\":{\"@type\":\"EntryPoint\",\"urlTemplate\":\"https:\\\/\\\/news.save.ch\\\/de\\\/?s={search_term_string}\"},\"query-input\":{\"@type\":\"PropertyValueSpecification\",\"valueRequired\":true,\"valueName\":\"search_term_string\"}}],\"inLanguage\":\"it-IT\"},{\"@type\":\"Organization\",\"@id\":\"https:\\\/\\\/news.save.ch\\\/de\\\/#organization\",\"name\":\"Sicherheitsforum\",\"url\":\"https:\\\/\\\/news.save.ch\\\/de\\\/\",\"logo\":{\"@type\":\"ImageObject\",\"inLanguage\":\"it-IT\",\"@id\":\"https:\\\/\\\/news.save.ch\\\/de\\\/#\\\/schema\\\/logo\\\/image\\\/\",\"url\":\"https:\\\/\\\/news.save.ch\\\/wp-content\\\/uploads\\\/2022\\\/06\\\/Logo_SF_2012.png\",\"contentUrl\":\"https:\\\/\\\/news.save.ch\\\/wp-content\\\/uploads\\\/2022\\\/06\\\/Logo_SF_2012.png\",\"width\":1100,\"height\":91,\"caption\":\"Sicherheitsforum\"},\"image\":{\"@id\":\"https:\\\/\\\/news.save.ch\\\/de\\\/#\\\/schema\\\/logo\\\/image\\\/\"}},{\"@type\":\"Person\",\"@id\":\"https:\\\/\\\/news.save.ch\\\/de\\\/#\\\/schema\\\/person\\\/d49e199490bad7c70d64b9ab51142f2b\",\"name\":\"admin\",\"image\":{\"@type\":\"ImageObject\",\"inLanguage\":\"it-IT\",\"@id\":\"https:\\\/\\\/secure.gravatar.com\\\/avatar\\\/ae2f4d718e6c49043e314ce431e7e645d646302a24a5ef5a8bc8e3f5a032e319?s=96&d=mm&r=g\",\"url\":\"https:\\\/\\\/secure.gravatar.com\\\/avatar\\\/ae2f4d718e6c49043e314ce431e7e645d646302a24a5ef5a8bc8e3f5a032e319?s=96&d=mm&r=g\",\"contentUrl\":\"https:\\\/\\\/secure.gravatar.com\\\/avatar\\\/ae2f4d718e6c49043e314ce431e7e645d646302a24a5ef5a8bc8e3f5a032e319?s=96&d=mm&r=g\",\"caption\":\"admin\"},\"sameAs\":[\"https:\\\/\\\/develop.organisator.galledia.ch\"],\"url\":\"https:\\\/\\\/news.save.ch\\\/it\\\/author\\\/admin\\\/\"}]}<\/script>\n<!-- \/ Yoast SEO plugin. -->","yoast_head_json":{"title":"Un pensionato su cinque soffre di problemi di udito - Save","description":"I problemi di udito in et\u00e0 avanzata hanno un impatto sulla vita sociale e sulla qualit\u00e0 della vita. Ma solo pochi si sottopongono al trattamento dell'ipoacusia.","robots":{"index":"index","follow":"follow","max-snippet":"max-snippet:-1","max-image-preview":"max-image-preview:large","max-video-preview":"max-video-preview:-1"},"canonical":"https:\/\/news.save.ch\/it\/jeder-fuenfte-pensionaer-leidet-unter-hoerproblemen\/","og_locale":"it_IT","og_type":"article","og_title":"Jeder f\u00fcnfte Pension\u00e4r leidet unter H\u00f6rproblemen - Save","og_description":"H\u00f6rprobleme im Alter - dies hat Auswirkungen auf das Sozialleben und die Lebensqualit\u00e4t. Doch nur wenige lassen ihre H\u00f6rminderung behandeln.","og_url":"https:\/\/news.save.ch\/it\/jeder-fuenfte-pensionaer-leidet-unter-hoerproblemen\/","og_site_name":"Save","article_published_time":"2016-01-12T14:56:47+00:00","article_modified_time":"2023-03-14T08:03:04+00:00","og_image":[{"width":1000,"height":667,"url":"https:\/\/news.save.ch\/wp-content\/uploads\/2016\/12\/Jeder-fuenfte-Pensionaer-leidet-unter-Hoerproblemen_safety-plus.jpeg","type":"image\/jpeg"}],"author":"admin","twitter_card":"summary_large_image","twitter_misc":{"Scritto da":"admin","Tempo di lettura stimato":"3 minuti"},"schema":{"@context":"https:\/\/schema.org","@graph":[{"@type":"Article","@id":"https:\/\/news.save.ch\/jeder-fuenfte-pensionaer-leidet-unter-hoerproblemen\/#article","isPartOf":{"@id":"https:\/\/news.save.ch\/jeder-fuenfte-pensionaer-leidet-unter-hoerproblemen\/"},"author":{"name":"admin","@id":"https:\/\/news.save.ch\/de\/#\/schema\/person\/d49e199490bad7c70d64b9ab51142f2b"},"headline":"Jeder f\u00fcnfte Pension\u00e4r leidet unter H\u00f6rproblemen","datePublished":"2016-01-12T14:56:47+00:00","dateModified":"2023-03-14T08:03:04+00:00","mainEntityOfPage":{"@id":"https:\/\/news.save.ch\/jeder-fuenfte-pensionaer-leidet-unter-hoerproblemen\/"},"wordCount":690,"commentCount":0,"publisher":{"@id":"https:\/\/news.save.ch\/de\/#organization"},"image":{"@id":"https:\/\/news.save.ch\/jeder-fuenfte-pensionaer-leidet-unter-hoerproblemen\/#primaryimage"},"thumbnailUrl":"https:\/\/news.save.ch\/wp-content\/uploads\/2016\/12\/Jeder-fuenfte-Pensionaer-leidet-unter-Hoerproblemen_safety-plus.jpeg","keywords":["Gesundheitsschutz"],"articleSection":["HEALTH &amp; SAFETY"],"inLanguage":"it-IT"},{"@type":"WebPage","@id":"https:\/\/news.save.ch\/jeder-fuenfte-pensionaer-leidet-unter-hoerproblemen\/","url":"https:\/\/news.save.ch\/jeder-fuenfte-pensionaer-leidet-unter-hoerproblemen\/","name":"Un pensionato su cinque soffre di problemi di udito - Save","isPartOf":{"@id":"https:\/\/news.save.ch\/de\/#website"},"primaryImageOfPage":{"@id":"https:\/\/news.save.ch\/jeder-fuenfte-pensionaer-leidet-unter-hoerproblemen\/#primaryimage"},"image":{"@id":"https:\/\/news.save.ch\/jeder-fuenfte-pensionaer-leidet-unter-hoerproblemen\/#primaryimage"},"thumbnailUrl":"https:\/\/news.save.ch\/wp-content\/uploads\/2016\/12\/Jeder-fuenfte-Pensionaer-leidet-unter-Hoerproblemen_safety-plus.jpeg","datePublished":"2016-01-12T14:56:47+00:00","dateModified":"2023-03-14T08:03:04+00:00","description":"I problemi di udito in et\u00e0 avanzata hanno un impatto sulla vita sociale e sulla qualit\u00e0 della vita. Ma solo pochi si sottopongono al trattamento dell'ipoacusia.","breadcrumb":{"@id":"https:\/\/news.save.ch\/jeder-fuenfte-pensionaer-leidet-unter-hoerproblemen\/#breadcrumb"},"inLanguage":"it-IT","potentialAction":[{"@type":"ReadAction","target":["https:\/\/news.save.ch\/jeder-fuenfte-pensionaer-leidet-unter-hoerproblemen\/"]}]},{"@type":"ImageObject","inLanguage":"it-IT","@id":"https:\/\/news.save.ch\/jeder-fuenfte-pensionaer-leidet-unter-hoerproblemen\/#primaryimage","url":"https:\/\/news.save.ch\/wp-content\/uploads\/2016\/12\/Jeder-fuenfte-Pensionaer-leidet-unter-Hoerproblemen_safety-plus.jpeg","contentUrl":"https:\/\/news.save.ch\/wp-content\/uploads\/2016\/12\/Jeder-fuenfte-Pensionaer-leidet-unter-Hoerproblemen_safety-plus.jpeg","width":1000,"height":667,"caption":"Im Alter nehmen die H\u00f6rverluste zu."},{"@type":"BreadcrumbList","@id":"https:\/\/news.save.ch\/jeder-fuenfte-pensionaer-leidet-unter-hoerproblemen\/#breadcrumb","itemListElement":[{"@type":"ListItem","position":1,"name":"Home","item":"https:\/\/news.save.ch\/de\/"},{"@type":"ListItem","position":2,"name":"Jeder f\u00fcnfte Pension\u00e4r leidet unter H\u00f6rproblemen"}]},{"@type":"WebSite","@id":"https:\/\/news.save.ch\/de\/#website","url":"https:\/\/news.save.ch\/de\/","name":"Risparmiare","description":"Rivista svizzera specializzata in sicurezza","publisher":{"@id":"https:\/\/news.save.ch\/de\/#organization"},"potentialAction":[{"@type":"SearchAction","target":{"@type":"EntryPoint","urlTemplate":"https:\/\/news.save.ch\/de\/?s={search_term_string}"},"query-input":{"@type":"PropertyValueSpecification","valueRequired":true,"valueName":"search_term_string"}}],"inLanguage":"it-IT"},{"@type":"Organization","@id":"https:\/\/news.save.ch\/de\/#organization","name":"Forum sulla sicurezza","url":"https:\/\/news.save.ch\/de\/","logo":{"@type":"ImageObject","inLanguage":"it-IT","@id":"https:\/\/news.save.ch\/de\/#\/schema\/logo\/image\/","url":"https:\/\/news.save.ch\/wp-content\/uploads\/2022\/06\/Logo_SF_2012.png","contentUrl":"https:\/\/news.save.ch\/wp-content\/uploads\/2022\/06\/Logo_SF_2012.png","width":1100,"height":91,"caption":"Sicherheitsforum"},"image":{"@id":"https:\/\/news.save.ch\/de\/#\/schema\/logo\/image\/"}},{"@type":"Person","@id":"https:\/\/news.save.ch\/de\/#\/schema\/person\/d49e199490bad7c70d64b9ab51142f2b","name":"amministratore","image":{"@type":"ImageObject","inLanguage":"it-IT","@id":"https:\/\/secure.gravatar.com\/avatar\/ae2f4d718e6c49043e314ce431e7e645d646302a24a5ef5a8bc8e3f5a032e319?s=96&d=mm&r=g","url":"https:\/\/secure.gravatar.com\/avatar\/ae2f4d718e6c49043e314ce431e7e645d646302a24a5ef5a8bc8e3f5a032e319?s=96&d=mm&r=g","contentUrl":"https:\/\/secure.gravatar.com\/avatar\/ae2f4d718e6c49043e314ce431e7e645d646302a24a5ef5a8bc8e3f5a032e319?s=96&d=mm&r=g","caption":"admin"},"sameAs":["https:\/\/develop.organisator.galledia.ch"],"url":"https:\/\/news.save.ch\/it\/author\/admin\/"}]}},"_links":{"self":[{"href":"https:\/\/news.save.ch\/it\/wp-json\/wp\/v2\/posts\/16714","targetHints":{"allow":["GET"]}}],"collection":[{"href":"https:\/\/news.save.ch\/it\/wp-json\/wp\/v2\/posts"}],"about":[{"href":"https:\/\/news.save.ch\/it\/wp-json\/wp\/v2\/types\/post"}],"author":[{"embeddable":true,"href":"https:\/\/news.save.ch\/it\/wp-json\/wp\/v2\/users\/1"}],"replies":[{"embeddable":true,"href":"https:\/\/news.save.ch\/it\/wp-json\/wp\/v2\/comments?post=16714"}],"version-history":[{"count":1,"href":"https:\/\/news.save.ch\/it\/wp-json\/wp\/v2\/posts\/16714\/revisions"}],"predecessor-version":[{"id":18840,"href":"https:\/\/news.save.ch\/it\/wp-json\/wp\/v2\/posts\/16714\/revisions\/18840"}],"wp:featuredmedia":[{"embeddable":true,"href":"https:\/\/news.save.ch\/it\/wp-json\/wp\/v2\/media\/16074"}],"wp:attachment":[{"href":"https:\/\/news.save.ch\/it\/wp-json\/wp\/v2\/media?parent=16714"}],"wp:term":[{"taxonomy":"category","embeddable":true,"href":"https:\/\/news.save.ch\/it\/wp-json\/wp\/v2\/categories?post=16714"},{"taxonomy":"post_tag","embeddable":true,"href":"https:\/\/news.save.ch\/it\/wp-json\/wp\/v2\/tags?post=16714"}],"curies":[{"name":"wp","href":"https:\/\/api.w.org\/{rel}","templated":true}]}}