{"id":16728,"date":"2016-03-16T16:12:11","date_gmt":"2016-03-16T15:12:11","guid":{"rendered":"http:\/\/dev.safety-plus.ch\/?p=803"},"modified":"2023-03-14T09:04:28","modified_gmt":"2023-03-14T08:04:28","slug":"sicherheit-fuer-die-juengsten","status":null,"type":"post","link":"https:\/\/news.save.ch\/it\/sicherheit-fuer-die-juengsten\/","title":{"rendered":"Sicurezza per i pi\u00f9 piccoli"},"content":{"rendered":"<figure id=\"attachment_804\" aria-describedby=\"caption-attachment-804\" style=\"width: 651px\" class=\"wp-caption alignnone\"><a href=\"http:\/\/develop.safety-plus.ch\/wp-content\/uploads\/2016\/12\/Sicherheit-fu\u0308r-die-Juengsten_safety-plus.jpg\"><img loading=\"lazy\" decoding=\"async\" class=\"size-full wp-image-804\" src=\"http:\/\/develop.safety-plus.ch\/wp-content\/uploads\/2016\/12\/Sicherheit-fu\u0308r-die-Juengsten_safety-plus.jpg\" alt=\"\" width=\"651\" height=\"1000\" \/><\/a><figcaption id=\"caption-attachment-804\" class=\"wp-caption-text\">A scuola \u00e8 necessario imparare a lavorare in sicurezza.<\/figcaption><\/figure>\n<p>L'Ufficio svizzero per la prevenzione degli infortuni (BFU) vuole portare il tema della sicurezza nelle scuole. Con il programma \"Scuole sicure\", in futuro la prevenzione degli incidenti sar\u00e0 sistematicamente integrata nella vita scolastica quotidiana.<\/p>\n<p>Scuole, insegnanti e servizi per l'edilizia possono utilizzare la nuova piattaforma internet <a href=\"http:\/\/sichere-schule.bfu.ch\" target=\"_blank\" data-cke-saved-href=\"http:\/\/sichere-schule.bfu.ch\" rel=\"noopener\">safe-school.bfu.ch<\/a>\u00a0che \u00e8 gi\u00e0 disponibile in una versione di base e che verr\u00e0 ampliata costantemente. Gli alunni possono utilizzare giochi online per imparare, ad esempio, come comportarsi quando vanno a scuola.<\/p>\n<p>La piattaforma offre anche diverse informazioni su temi quali la sicurezza durante le attivit\u00e0 come le lezioni di nuoto o le escursioni in bicicletta, le infrastrutture sicure e la sicurezza a scuola - ad esempio, cosa bisogna considerare nelle lezioni di chimica o quali sono i pericoli nelle lezioni di artigianato. Le schede delle lezioni sono pensate per aiutare gli insegnanti a rafforzare la consapevolezza della sicurezza dei propri alunni.<\/p>","protected":false},"excerpt":{"rendered":"<p>Die Beratungsstelle f\u00fcr Unfallverh\u00fctung BFU will das Thema Sicherheit in die Schulen bringen. Mit dem Programm &#8222;Sichere Schulen&#8220;\u00a0soll k\u00fcnftig die Unfallverh\u00fctung systematisch in den Schulalltag integriert werden. Dabei k\u00f6nnen Schulen, Lehrpersonen und Hausdienste die neue Internetplattform sichere-schule.bfu.ch\u00a0nutzen, die bereits in einer Basisversion vorliegt und laufend erweitert werden soll. Mit Online-Spielen lernen Sch\u00fclerinnen und Sch\u00fcler etwa, [&hellip;]<\/p>\n","protected":false},"author":1,"featured_media":16081,"comment_status":"open","ping_status":"open","sticky":false,"template":"","format":"standard","meta":{"_acf_changed":false,"pgc_sgb_lightbox_settings":"","footnotes":""},"categories":[3314],"tags":[172,141],"class_list":["post-16728","post","type-post","status-publish","format-standard","has-post-thumbnail","hentry","category-health-safety","tag-arbeitssicherheit","tag-praevention"],"acf":[],"hkrextid":null,"publication":null,"issue":null,"workflow":null,"startPage":null,"spitzmarke":null,"_posts_by_tag_page_fields":{"widget_title":"","widget_tags":""},"_at_widget":"1","_yoast_wpseo_primary_category":"5","_yoast_wpseo_focuskw_text_input":"Sicherheit","_yoast_wpseo_opengraph-image":null,"_yoast_wpseo_opengraph-description":null,"_yoast_wpseo_opengraph-title":null,"enclosure":null,"_yoast_wpseo_twitter-title":null,"_yoast_wpseo_twitter-description":null,"_yoast_wpseo_twitter-image":null,"_wp_old_slug":null,"_yoast_wpseo_title":null,"_yoast_wpseo_canonical":null,"yoast_head":"<!-- This site is optimized with the Yoast SEO plugin v27.5 - https:\/\/yoast.com\/product\/yoast-seo-wordpress\/ -->\n<title>Sicherheit f\u00fcr die J\u00fcngsten - Save<\/title>\n<meta name=\"description\" content=\"Sicherheit: Sicheres Verhalten f\u00e4ngt im Kindesalter an. Deshalb richtet sich das neue Pr\u00e4ventionsprogramm der BFU an Schulen.\" \/>\n<meta name=\"robots\" content=\"index, follow, max-snippet:-1, max-image-preview:large, max-video-preview:-1\" \/>\n<link rel=\"canonical\" href=\"https:\/\/news.save.ch\/it\/sicherheit-fuer-die-juengsten\/\" \/>\n<meta property=\"og:locale\" content=\"it_IT\" \/>\n<meta property=\"og:type\" content=\"article\" \/>\n<meta property=\"og:title\" content=\"Sicherheit f\u00fcr die J\u00fcngsten - Save\" \/>\n<meta property=\"og:description\" content=\"Sicherheit: Sicheres Verhalten f\u00e4ngt im Kindesalter an. Deshalb richtet sich das neue Pr\u00e4ventionsprogramm der BFU an Schulen.\" \/>\n<meta property=\"og:url\" content=\"https:\/\/news.save.ch\/it\/sicherheit-fuer-die-juengsten\/\" \/>\n<meta property=\"og:site_name\" content=\"Save\" \/>\n<meta property=\"article:published_time\" content=\"2016-03-16T15:12:11+00:00\" \/>\n<meta property=\"article:modified_time\" content=\"2023-03-14T08:04:28+00:00\" \/>\n<meta property=\"og:image\" content=\"https:\/\/news.save.ch\/wp-content\/uploads\/2016\/12\/Sicherheit-fuer-die-Juengsten_safety-plus.jpg\" \/>\n\t<meta property=\"og:image:width\" content=\"651\" \/>\n\t<meta property=\"og:image:height\" content=\"1000\" \/>\n\t<meta property=\"og:image:type\" content=\"image\/jpeg\" \/>\n<meta name=\"author\" content=\"admin\" \/>\n<meta name=\"twitter:card\" content=\"summary_large_image\" \/>\n<meta name=\"twitter:label1\" content=\"Scritto da\" \/>\n\t<meta name=\"twitter:data1\" content=\"admin\" \/>\n\t<meta name=\"twitter:label2\" content=\"Tempo di lettura stimato\" \/>\n\t<meta name=\"twitter:data2\" content=\"1 minuto\" \/>\n<script type=\"application\/ld+json\" class=\"yoast-schema-graph\">{\"@context\":\"https:\\\/\\\/schema.org\",\"@graph\":[{\"@type\":\"Article\",\"@id\":\"https:\\\/\\\/news.save.ch\\\/sicherheit-fuer-die-juengsten\\\/#article\",\"isPartOf\":{\"@id\":\"https:\\\/\\\/news.save.ch\\\/sicherheit-fuer-die-juengsten\\\/\"},\"author\":{\"name\":\"admin\",\"@id\":\"https:\\\/\\\/news.save.ch\\\/de\\\/#\\\/schema\\\/person\\\/d49e199490bad7c70d64b9ab51142f2b\"},\"headline\":\"Sicherheit f\u00fcr die J\u00fcngsten\",\"datePublished\":\"2016-03-16T15:12:11+00:00\",\"dateModified\":\"2023-03-14T08:04:28+00:00\",\"mainEntityOfPage\":{\"@id\":\"https:\\\/\\\/news.save.ch\\\/sicherheit-fuer-die-juengsten\\\/\"},\"wordCount\":149,\"commentCount\":0,\"publisher\":{\"@id\":\"https:\\\/\\\/news.save.ch\\\/de\\\/#organization\"},\"image\":{\"@id\":\"https:\\\/\\\/news.save.ch\\\/sicherheit-fuer-die-juengsten\\\/#primaryimage\"},\"thumbnailUrl\":\"https:\\\/\\\/news.save.ch\\\/wp-content\\\/uploads\\\/2016\\\/12\\\/Sicherheit-fuer-die-Juengsten_safety-plus.jpg\",\"keywords\":[\"Arbeitssicherheit\",\"Pr\u00e4vention\"],\"articleSection\":[\"HEALTH &amp; SAFETY\"],\"inLanguage\":\"it-IT\"},{\"@type\":\"WebPage\",\"@id\":\"https:\\\/\\\/news.save.ch\\\/sicherheit-fuer-die-juengsten\\\/\",\"url\":\"https:\\\/\\\/news.save.ch\\\/sicherheit-fuer-die-juengsten\\\/\",\"name\":\"Sicherheit f\u00fcr die J\u00fcngsten - Save\",\"isPartOf\":{\"@id\":\"https:\\\/\\\/news.save.ch\\\/de\\\/#website\"},\"primaryImageOfPage\":{\"@id\":\"https:\\\/\\\/news.save.ch\\\/sicherheit-fuer-die-juengsten\\\/#primaryimage\"},\"image\":{\"@id\":\"https:\\\/\\\/news.save.ch\\\/sicherheit-fuer-die-juengsten\\\/#primaryimage\"},\"thumbnailUrl\":\"https:\\\/\\\/news.save.ch\\\/wp-content\\\/uploads\\\/2016\\\/12\\\/Sicherheit-fuer-die-Juengsten_safety-plus.jpg\",\"datePublished\":\"2016-03-16T15:12:11+00:00\",\"dateModified\":\"2023-03-14T08:04:28+00:00\",\"description\":\"Sicherheit: Sicheres Verhalten f\u00e4ngt im Kindesalter an. Deshalb richtet sich das neue Pr\u00e4ventionsprogramm der BFU an Schulen.\",\"breadcrumb\":{\"@id\":\"https:\\\/\\\/news.save.ch\\\/sicherheit-fuer-die-juengsten\\\/#breadcrumb\"},\"inLanguage\":\"it-IT\",\"potentialAction\":[{\"@type\":\"ReadAction\",\"target\":[\"https:\\\/\\\/news.save.ch\\\/sicherheit-fuer-die-juengsten\\\/\"]}]},{\"@type\":\"ImageObject\",\"inLanguage\":\"it-IT\",\"@id\":\"https:\\\/\\\/news.save.ch\\\/sicherheit-fuer-die-juengsten\\\/#primaryimage\",\"url\":\"https:\\\/\\\/news.save.ch\\\/wp-content\\\/uploads\\\/2016\\\/12\\\/Sicherheit-fuer-die-Juengsten_safety-plus.jpg\",\"contentUrl\":\"https:\\\/\\\/news.save.ch\\\/wp-content\\\/uploads\\\/2016\\\/12\\\/Sicherheit-fuer-die-Juengsten_safety-plus.jpg\",\"width\":651,\"height\":1000,\"caption\":\"Sicheres Handwerken in der Schule will gelernt sein.\"},{\"@type\":\"BreadcrumbList\",\"@id\":\"https:\\\/\\\/news.save.ch\\\/sicherheit-fuer-die-juengsten\\\/#breadcrumb\",\"itemListElement\":[{\"@type\":\"ListItem\",\"position\":1,\"name\":\"Home\",\"item\":\"https:\\\/\\\/news.save.ch\\\/de\\\/\"},{\"@type\":\"ListItem\",\"position\":2,\"name\":\"Sicherheit f\u00fcr die J\u00fcngsten\"}]},{\"@type\":\"WebSite\",\"@id\":\"https:\\\/\\\/news.save.ch\\\/de\\\/#website\",\"url\":\"https:\\\/\\\/news.save.ch\\\/de\\\/\",\"name\":\"Save\",\"description\":\"Schweizer Fachzeitschrift f\u00fcr Sicherheit\",\"publisher\":{\"@id\":\"https:\\\/\\\/news.save.ch\\\/de\\\/#organization\"},\"potentialAction\":[{\"@type\":\"SearchAction\",\"target\":{\"@type\":\"EntryPoint\",\"urlTemplate\":\"https:\\\/\\\/news.save.ch\\\/de\\\/?s={search_term_string}\"},\"query-input\":{\"@type\":\"PropertyValueSpecification\",\"valueRequired\":true,\"valueName\":\"search_term_string\"}}],\"inLanguage\":\"it-IT\"},{\"@type\":\"Organization\",\"@id\":\"https:\\\/\\\/news.save.ch\\\/de\\\/#organization\",\"name\":\"Sicherheitsforum\",\"url\":\"https:\\\/\\\/news.save.ch\\\/de\\\/\",\"logo\":{\"@type\":\"ImageObject\",\"inLanguage\":\"it-IT\",\"@id\":\"https:\\\/\\\/news.save.ch\\\/de\\\/#\\\/schema\\\/logo\\\/image\\\/\",\"url\":\"https:\\\/\\\/news.save.ch\\\/wp-content\\\/uploads\\\/2022\\\/06\\\/Logo_SF_2012.png\",\"contentUrl\":\"https:\\\/\\\/news.save.ch\\\/wp-content\\\/uploads\\\/2022\\\/06\\\/Logo_SF_2012.png\",\"width\":1100,\"height\":91,\"caption\":\"Sicherheitsforum\"},\"image\":{\"@id\":\"https:\\\/\\\/news.save.ch\\\/de\\\/#\\\/schema\\\/logo\\\/image\\\/\"}},{\"@type\":\"Person\",\"@id\":\"https:\\\/\\\/news.save.ch\\\/de\\\/#\\\/schema\\\/person\\\/d49e199490bad7c70d64b9ab51142f2b\",\"name\":\"admin\",\"image\":{\"@type\":\"ImageObject\",\"inLanguage\":\"it-IT\",\"@id\":\"https:\\\/\\\/secure.gravatar.com\\\/avatar\\\/ae2f4d718e6c49043e314ce431e7e645d646302a24a5ef5a8bc8e3f5a032e319?s=96&d=mm&r=g\",\"url\":\"https:\\\/\\\/secure.gravatar.com\\\/avatar\\\/ae2f4d718e6c49043e314ce431e7e645d646302a24a5ef5a8bc8e3f5a032e319?s=96&d=mm&r=g\",\"contentUrl\":\"https:\\\/\\\/secure.gravatar.com\\\/avatar\\\/ae2f4d718e6c49043e314ce431e7e645d646302a24a5ef5a8bc8e3f5a032e319?s=96&d=mm&r=g\",\"caption\":\"admin\"},\"sameAs\":[\"https:\\\/\\\/develop.organisator.galledia.ch\"],\"url\":\"https:\\\/\\\/news.save.ch\\\/it\\\/author\\\/admin\\\/\"}]}<\/script>\n<!-- \/ Yoast SEO plugin. -->","yoast_head_json":{"title":"Sicurezza per i pi\u00f9 piccoli - Salva","description":"Sicurezza: un comportamento sicuro inizia nell'infanzia. Ecco perch\u00e9 il nuovo programma di prevenzione del BFU \u00e8 rivolto alle scuole.","robots":{"index":"index","follow":"follow","max-snippet":"max-snippet:-1","max-image-preview":"max-image-preview:large","max-video-preview":"max-video-preview:-1"},"canonical":"https:\/\/news.save.ch\/it\/sicherheit-fuer-die-juengsten\/","og_locale":"it_IT","og_type":"article","og_title":"Sicherheit f\u00fcr die J\u00fcngsten - Save","og_description":"Sicherheit: Sicheres Verhalten f\u00e4ngt im Kindesalter an. Deshalb richtet sich das neue Pr\u00e4ventionsprogramm der BFU an Schulen.","og_url":"https:\/\/news.save.ch\/it\/sicherheit-fuer-die-juengsten\/","og_site_name":"Save","article_published_time":"2016-03-16T15:12:11+00:00","article_modified_time":"2023-03-14T08:04:28+00:00","og_image":[{"width":651,"height":1000,"url":"https:\/\/news.save.ch\/wp-content\/uploads\/2016\/12\/Sicherheit-fuer-die-Juengsten_safety-plus.jpg","type":"image\/jpeg"}],"author":"admin","twitter_card":"summary_large_image","twitter_misc":{"Scritto da":"admin","Tempo di lettura stimato":"1 minuto"},"schema":{"@context":"https:\/\/schema.org","@graph":[{"@type":"Article","@id":"https:\/\/news.save.ch\/sicherheit-fuer-die-juengsten\/#article","isPartOf":{"@id":"https:\/\/news.save.ch\/sicherheit-fuer-die-juengsten\/"},"author":{"name":"admin","@id":"https:\/\/news.save.ch\/de\/#\/schema\/person\/d49e199490bad7c70d64b9ab51142f2b"},"headline":"Sicherheit f\u00fcr die J\u00fcngsten","datePublished":"2016-03-16T15:12:11+00:00","dateModified":"2023-03-14T08:04:28+00:00","mainEntityOfPage":{"@id":"https:\/\/news.save.ch\/sicherheit-fuer-die-juengsten\/"},"wordCount":149,"commentCount":0,"publisher":{"@id":"https:\/\/news.save.ch\/de\/#organization"},"image":{"@id":"https:\/\/news.save.ch\/sicherheit-fuer-die-juengsten\/#primaryimage"},"thumbnailUrl":"https:\/\/news.save.ch\/wp-content\/uploads\/2016\/12\/Sicherheit-fuer-die-Juengsten_safety-plus.jpg","keywords":["Arbeitssicherheit","Pr\u00e4vention"],"articleSection":["HEALTH &amp; SAFETY"],"inLanguage":"it-IT"},{"@type":"WebPage","@id":"https:\/\/news.save.ch\/sicherheit-fuer-die-juengsten\/","url":"https:\/\/news.save.ch\/sicherheit-fuer-die-juengsten\/","name":"Sicurezza per i pi\u00f9 piccoli - Salva","isPartOf":{"@id":"https:\/\/news.save.ch\/de\/#website"},"primaryImageOfPage":{"@id":"https:\/\/news.save.ch\/sicherheit-fuer-die-juengsten\/#primaryimage"},"image":{"@id":"https:\/\/news.save.ch\/sicherheit-fuer-die-juengsten\/#primaryimage"},"thumbnailUrl":"https:\/\/news.save.ch\/wp-content\/uploads\/2016\/12\/Sicherheit-fuer-die-Juengsten_safety-plus.jpg","datePublished":"2016-03-16T15:12:11+00:00","dateModified":"2023-03-14T08:04:28+00:00","description":"Sicurezza: un comportamento sicuro inizia nell'infanzia. Ecco perch\u00e9 il nuovo programma di prevenzione del BFU \u00e8 rivolto alle scuole.","breadcrumb":{"@id":"https:\/\/news.save.ch\/sicherheit-fuer-die-juengsten\/#breadcrumb"},"inLanguage":"it-IT","potentialAction":[{"@type":"ReadAction","target":["https:\/\/news.save.ch\/sicherheit-fuer-die-juengsten\/"]}]},{"@type":"ImageObject","inLanguage":"it-IT","@id":"https:\/\/news.save.ch\/sicherheit-fuer-die-juengsten\/#primaryimage","url":"https:\/\/news.save.ch\/wp-content\/uploads\/2016\/12\/Sicherheit-fuer-die-Juengsten_safety-plus.jpg","contentUrl":"https:\/\/news.save.ch\/wp-content\/uploads\/2016\/12\/Sicherheit-fuer-die-Juengsten_safety-plus.jpg","width":651,"height":1000,"caption":"Sicheres Handwerken in der Schule will gelernt sein."},{"@type":"BreadcrumbList","@id":"https:\/\/news.save.ch\/sicherheit-fuer-die-juengsten\/#breadcrumb","itemListElement":[{"@type":"ListItem","position":1,"name":"Home","item":"https:\/\/news.save.ch\/de\/"},{"@type":"ListItem","position":2,"name":"Sicherheit f\u00fcr die J\u00fcngsten"}]},{"@type":"WebSite","@id":"https:\/\/news.save.ch\/de\/#website","url":"https:\/\/news.save.ch\/de\/","name":"Risparmiare","description":"Rivista svizzera specializzata in sicurezza","publisher":{"@id":"https:\/\/news.save.ch\/de\/#organization"},"potentialAction":[{"@type":"SearchAction","target":{"@type":"EntryPoint","urlTemplate":"https:\/\/news.save.ch\/de\/?s={search_term_string}"},"query-input":{"@type":"PropertyValueSpecification","valueRequired":true,"valueName":"search_term_string"}}],"inLanguage":"it-IT"},{"@type":"Organization","@id":"https:\/\/news.save.ch\/de\/#organization","name":"Forum sulla sicurezza","url":"https:\/\/news.save.ch\/de\/","logo":{"@type":"ImageObject","inLanguage":"it-IT","@id":"https:\/\/news.save.ch\/de\/#\/schema\/logo\/image\/","url":"https:\/\/news.save.ch\/wp-content\/uploads\/2022\/06\/Logo_SF_2012.png","contentUrl":"https:\/\/news.save.ch\/wp-content\/uploads\/2022\/06\/Logo_SF_2012.png","width":1100,"height":91,"caption":"Sicherheitsforum"},"image":{"@id":"https:\/\/news.save.ch\/de\/#\/schema\/logo\/image\/"}},{"@type":"Person","@id":"https:\/\/news.save.ch\/de\/#\/schema\/person\/d49e199490bad7c70d64b9ab51142f2b","name":"amministratore","image":{"@type":"ImageObject","inLanguage":"it-IT","@id":"https:\/\/secure.gravatar.com\/avatar\/ae2f4d718e6c49043e314ce431e7e645d646302a24a5ef5a8bc8e3f5a032e319?s=96&d=mm&r=g","url":"https:\/\/secure.gravatar.com\/avatar\/ae2f4d718e6c49043e314ce431e7e645d646302a24a5ef5a8bc8e3f5a032e319?s=96&d=mm&r=g","contentUrl":"https:\/\/secure.gravatar.com\/avatar\/ae2f4d718e6c49043e314ce431e7e645d646302a24a5ef5a8bc8e3f5a032e319?s=96&d=mm&r=g","caption":"admin"},"sameAs":["https:\/\/develop.organisator.galledia.ch"],"url":"https:\/\/news.save.ch\/it\/author\/admin\/"}]}},"_links":{"self":[{"href":"https:\/\/news.save.ch\/it\/wp-json\/wp\/v2\/posts\/16728","targetHints":{"allow":["GET"]}}],"collection":[{"href":"https:\/\/news.save.ch\/it\/wp-json\/wp\/v2\/posts"}],"about":[{"href":"https:\/\/news.save.ch\/it\/wp-json\/wp\/v2\/types\/post"}],"author":[{"embeddable":true,"href":"https:\/\/news.save.ch\/it\/wp-json\/wp\/v2\/users\/1"}],"replies":[{"embeddable":true,"href":"https:\/\/news.save.ch\/it\/wp-json\/wp\/v2\/comments?post=16728"}],"version-history":[{"count":1,"href":"https:\/\/news.save.ch\/it\/wp-json\/wp\/v2\/posts\/16728\/revisions"}],"predecessor-version":[{"id":18374,"href":"https:\/\/news.save.ch\/it\/wp-json\/wp\/v2\/posts\/16728\/revisions\/18374"}],"wp:featuredmedia":[{"embeddable":true,"href":"https:\/\/news.save.ch\/it\/wp-json\/wp\/v2\/media\/16081"}],"wp:attachment":[{"href":"https:\/\/news.save.ch\/it\/wp-json\/wp\/v2\/media?parent=16728"}],"wp:term":[{"taxonomy":"category","embeddable":true,"href":"https:\/\/news.save.ch\/it\/wp-json\/wp\/v2\/categories?post=16728"},{"taxonomy":"post_tag","embeddable":true,"href":"https:\/\/news.save.ch\/it\/wp-json\/wp\/v2\/tags?post=16728"}],"curies":[{"name":"wp","href":"https:\/\/api.w.org\/{rel}","templated":true}]}}