{"id":16736,"date":"2016-03-31T16:41:18","date_gmt":"2016-03-31T14:41:18","guid":{"rendered":"http:\/\/dev.safety-plus.ch\/?p=830"},"modified":"2016-03-31T16:41:18","modified_gmt":"2016-03-31T14:41:18","slug":"zahl-der-strassenverkehrsopfer-steigt-leicht-an","status":null,"type":"post","link":"https:\/\/news.save.ch\/it\/zahl-der-strassenverkehrsopfer-steigt-leicht-an\/","title":{"rendered":"Il numero di vittime della strada aumenta leggermente"},"content":{"rendered":"<figure id=\"attachment_831\" aria-describedby=\"caption-attachment-831\" style=\"width: 680px\" class=\"wp-caption alignnone\"><img loading=\"lazy\" decoding=\"async\" class=\"wp-image-831 size-medium\" src=\"http:\/\/develop.safety-plus.ch\/wp-content\/uploads\/2016\/12\/Zahl-der-Strassenverkehrsopfer-steigt-leicht-an_safety-plus.jpg\" alt=\"La mappa mostra dove le persone hanno avuto incidenti mortali lo scorso anno.\" width=\"680\" height=\"509\" \/><figcaption id=\"caption-attachment-831\" class=\"wp-caption-text\">La mappa mostra dove le persone hanno avuto incidenti mortali lo scorso anno.<\/figcaption><\/figure>\n<p>253 persone sono morte sulle strade svizzere lo scorso anno. Ci\u00f2 significa che il numero di incidenti mortali \u00e8 aumentato di 4% o di 10 persone rispetto al 2014. Tuttavia, l'Ufficio federale delle strade USTRA non vuole parlare di un'inversione di tendenza: Il numero di vittime del traffico \u00e8 ancora 16% al di sotto della media degli ultimi quattro anni. Nel 2012, ad esempio, i morti per incidenti stradali erano ancora 339.<\/p>\n<p>D'altra parte, il numero di feriti gravi \u00e8 diminuito da 4043 a 3830. Si tratta di una diminuzione di 5%.<\/p>\n<p><strong>Particolarmente colpiti sono i veicoli a due ruote<\/strong><br \/>\nIl numero di ciclisti coinvolti in incidenti mortali \u00e8 diminuito di 14 % rispetto al 2014. Al contrario, il numero di utenti di biciclette elettriche uccisi \u00e8 aumentato. Qui sono state uccise 14 persone (rispetto alle 5 dell'anno precedente). Pi\u00f9 di due terzi delle vittime avevano 65 anni o pi\u00f9.<\/p>\n<p>L'anno scorso, 66 motociclisti sono morti in incidenti, con un aumento di 25% rispetto al 2014. Il clima eccezionalmente mite dell'estate 2015 ha probabilmente contribuito a questo aumento. Di conseguenza, quasi due terzi degli incidenti mortali in moto si sono verificati tra giugno e settembre, rispetto a meno della met\u00e0 del 2014.<\/p>\n<p><strong>Misure per i veicoli a due ruote<\/strong><br \/>\nL'USTRA ha sottolineato che l'aumento della sicurezza dei veicoli a due ruote \u00e8 una preoccupazione permanente: ad esempio, \u00e8 stato sviluppato un aiuto all'applicazione per rimediare alle carenze infrastrutturali del traffico di motocicli. Inoltre, nel 2015 \u00e8 stato pubblicato un opuscolo che analizza gli incidenti che coinvolgono i ciclisti. A ci\u00f2 si aggiungono le campagne di sicurezza stradale e i corsi di formazione per gli operatori della prevenzione (ad esempio, il Fondo per la sicurezza stradale).<\/p>\n<p><strong>Pi\u00f9 vittime tra i pedoni<\/strong><br \/>\nAnche i pedoni sono pi\u00f9 colpiti rispetto all'anno scorso: 58 pedoni sono stati uccisi in incidenti stradali nel 2015, 35 % in pi\u00f9 rispetto al 204. Quasi due terzi delle vittime avevano 65 anni o pi\u00f9 e circa un terzo \u00e8 morto sulle strisce pedonali. Tuttavia, da diversi anni il numero \u00e8 in diminuzione.<\/p>\n<p><strong>Gli incidenti gravi colpiscono le statistiche<\/strong><br \/>\nLo scorso anno \u00e8 stato registrato un leggero aumento (+4 persone) del numero di incidenti mortali su autostrade e superstrade rispetto al 2014. La ragione di questo aumento \u00e8 da ricercare in tre incidenti particolarmente gravi, ciascuno dei quali ha provocato diverse vittime. Con l'eccezione del 2012 (incidente stradale a Sierre), il numero di vittime su autostrade e superstrade rimane a un livello basso con una tendenza generale alla diminuzione.<\/p>\n<p>Al <a href=\"http:\/\/www.news.admin.ch\/NSBSubscriber\/message\/attachments\/43502.pdf\" target=\"_blank\" data-cke-saved-href=\"http:\/\/www.news.admin.ch\/NSBSubscriber\/message\/attachments\/43502.pdf\" rel=\"noopener\">Dati dettagliati <\/a>(PDF)<\/p>","protected":false},"excerpt":{"rendered":"<p>Auf den Schweizer Strassen starben im vergangenen Jahr 253 Menschen. Damit stieg\u00a0die Anzahl t\u00f6dlich Verunfallten gegen\u00fcber 2014 um 4% oder 10 Personen. Das Bundesamt f\u00fcr Strassen ASTRA will allerdings nicht von einer Trendumkehr sprechen: Die Zahl der Verkehrstoten liegt immer noch 16% unter dem Durchschnitt der vergangenen vier Jahre. 2012 waren es zum Beispiel noch [&hellip;]<\/p>\n","protected":false},"author":1,"featured_media":16089,"comment_status":"open","ping_status":"open","sticky":false,"template":"","format":"standard","meta":{"_acf_changed":false,"pgc_sgb_lightbox_settings":"","footnotes":""},"categories":[1],"tags":[175],"class_list":["post-16736","post","type-post","status-publish","format-standard","has-post-thumbnail","hentry","category-allgemein","tag-nichtberufsunfaelle"],"acf":[],"hkrextid":null,"publication":null,"issue":null,"workflow":null,"startPage":null,"spitzmarke":null,"_posts_by_tag_page_fields":{"widget_title":"","widget_tags":""},"_at_widget":"1","_yoast_wpseo_primary_category":"1","_yoast_wpseo_focuskw_text_input":"Strassenverkehrsopfer","_yoast_wpseo_opengraph-image":null,"_yoast_wpseo_opengraph-description":null,"_yoast_wpseo_opengraph-title":null,"enclosure":null,"_yoast_wpseo_twitter-title":null,"_yoast_wpseo_twitter-description":null,"_yoast_wpseo_twitter-image":null,"_wp_old_slug":null,"_yoast_wpseo_title":null,"_yoast_wpseo_canonical":null,"yoast_head":"<!-- This site is optimized with the Yoast SEO plugin v27.5 - https:\/\/yoast.com\/product\/yoast-seo-wordpress\/ -->\n<title>Zahl der Strassenverkehrsopfer steigt leicht an - Save<\/title>\n<meta name=\"description\" content=\"Strassenverkehrsopfer: W\u00e4hrend Personenwagen immer sicherer werden, nehmen die Opfer bei Fussg\u00e4ngern und Zweiradfahrern \u00fcberproportional zu.\" \/>\n<meta name=\"robots\" content=\"index, follow, max-snippet:-1, max-image-preview:large, max-video-preview:-1\" \/>\n<link rel=\"canonical\" href=\"https:\/\/news.save.ch\/it\/zahl-der-strassenverkehrsopfer-steigt-leicht-an\/\" \/>\n<meta property=\"og:locale\" content=\"it_IT\" \/>\n<meta property=\"og:type\" content=\"article\" \/>\n<meta property=\"og:title\" content=\"Zahl der Strassenverkehrsopfer steigt leicht an - Save\" \/>\n<meta property=\"og:description\" content=\"Strassenverkehrsopfer: W\u00e4hrend Personenwagen immer sicherer werden, nehmen die Opfer bei Fussg\u00e4ngern und Zweiradfahrern \u00fcberproportional zu.\" \/>\n<meta property=\"og:url\" content=\"https:\/\/news.save.ch\/it\/zahl-der-strassenverkehrsopfer-steigt-leicht-an\/\" \/>\n<meta property=\"og:site_name\" content=\"Save\" \/>\n<meta property=\"article:published_time\" content=\"2016-03-31T14:41:18+00:00\" \/>\n<meta property=\"og:image\" content=\"https:\/\/news.save.ch\/wp-content\/uploads\/2016\/12\/Zahl-der-Strassenverkehrsopfer-steigt-leicht-an_safety-plus.jpg\" \/>\n\t<meta property=\"og:image:width\" content=\"1025\" \/>\n\t<meta property=\"og:image:height\" content=\"767\" \/>\n\t<meta property=\"og:image:type\" content=\"image\/jpeg\" \/>\n<meta name=\"author\" content=\"admin\" \/>\n<meta name=\"twitter:card\" content=\"summary_large_image\" \/>\n<meta name=\"twitter:label1\" content=\"Scritto da\" \/>\n\t<meta name=\"twitter:data1\" content=\"admin\" \/>\n\t<meta name=\"twitter:label2\" content=\"Tempo di lettura stimato\" \/>\n\t<meta name=\"twitter:data2\" content=\"2 minuti\" \/>\n<script type=\"application\/ld+json\" class=\"yoast-schema-graph\">{\"@context\":\"https:\\\/\\\/schema.org\",\"@graph\":[{\"@type\":\"Article\",\"@id\":\"https:\\\/\\\/news.save.ch\\\/zahl-der-strassenverkehrsopfer-steigt-leicht-an\\\/#article\",\"isPartOf\":{\"@id\":\"https:\\\/\\\/news.save.ch\\\/zahl-der-strassenverkehrsopfer-steigt-leicht-an\\\/\"},\"author\":{\"name\":\"admin\",\"@id\":\"https:\\\/\\\/news.save.ch\\\/de\\\/#\\\/schema\\\/person\\\/d49e199490bad7c70d64b9ab51142f2b\"},\"headline\":\"Zahl der Strassenverkehrsopfer steigt leicht an\",\"datePublished\":\"2016-03-31T14:41:18+00:00\",\"mainEntityOfPage\":{\"@id\":\"https:\\\/\\\/news.save.ch\\\/zahl-der-strassenverkehrsopfer-steigt-leicht-an\\\/\"},\"wordCount\":393,\"commentCount\":1,\"publisher\":{\"@id\":\"https:\\\/\\\/news.save.ch\\\/de\\\/#organization\"},\"image\":{\"@id\":\"https:\\\/\\\/news.save.ch\\\/zahl-der-strassenverkehrsopfer-steigt-leicht-an\\\/#primaryimage\"},\"thumbnailUrl\":\"https:\\\/\\\/news.save.ch\\\/wp-content\\\/uploads\\\/2016\\\/12\\\/Zahl-der-Strassenverkehrsopfer-steigt-leicht-an_safety-plus.jpg\",\"keywords\":[\"Nichtberufsunf\u00e4lle\"],\"articleSection\":[\"ALLGEMEIN\"],\"inLanguage\":\"it-IT\"},{\"@type\":\"WebPage\",\"@id\":\"https:\\\/\\\/news.save.ch\\\/zahl-der-strassenverkehrsopfer-steigt-leicht-an\\\/\",\"url\":\"https:\\\/\\\/news.save.ch\\\/zahl-der-strassenverkehrsopfer-steigt-leicht-an\\\/\",\"name\":\"Zahl der Strassenverkehrsopfer steigt leicht an - Save\",\"isPartOf\":{\"@id\":\"https:\\\/\\\/news.save.ch\\\/de\\\/#website\"},\"primaryImageOfPage\":{\"@id\":\"https:\\\/\\\/news.save.ch\\\/zahl-der-strassenverkehrsopfer-steigt-leicht-an\\\/#primaryimage\"},\"image\":{\"@id\":\"https:\\\/\\\/news.save.ch\\\/zahl-der-strassenverkehrsopfer-steigt-leicht-an\\\/#primaryimage\"},\"thumbnailUrl\":\"https:\\\/\\\/news.save.ch\\\/wp-content\\\/uploads\\\/2016\\\/12\\\/Zahl-der-Strassenverkehrsopfer-steigt-leicht-an_safety-plus.jpg\",\"datePublished\":\"2016-03-31T14:41:18+00:00\",\"description\":\"Strassenverkehrsopfer: W\u00e4hrend Personenwagen immer sicherer werden, nehmen die Opfer bei Fussg\u00e4ngern und Zweiradfahrern \u00fcberproportional zu.\",\"breadcrumb\":{\"@id\":\"https:\\\/\\\/news.save.ch\\\/zahl-der-strassenverkehrsopfer-steigt-leicht-an\\\/#breadcrumb\"},\"inLanguage\":\"it-IT\",\"potentialAction\":[{\"@type\":\"ReadAction\",\"target\":[\"https:\\\/\\\/news.save.ch\\\/zahl-der-strassenverkehrsopfer-steigt-leicht-an\\\/\"]}]},{\"@type\":\"ImageObject\",\"inLanguage\":\"it-IT\",\"@id\":\"https:\\\/\\\/news.save.ch\\\/zahl-der-strassenverkehrsopfer-steigt-leicht-an\\\/#primaryimage\",\"url\":\"https:\\\/\\\/news.save.ch\\\/wp-content\\\/uploads\\\/2016\\\/12\\\/Zahl-der-Strassenverkehrsopfer-steigt-leicht-an_safety-plus.jpg\",\"contentUrl\":\"https:\\\/\\\/news.save.ch\\\/wp-content\\\/uploads\\\/2016\\\/12\\\/Zahl-der-Strassenverkehrsopfer-steigt-leicht-an_safety-plus.jpg\",\"width\":1025,\"height\":767,\"caption\":\"Die Karte zeigt, wo im letzten Jahr Personen t\u00f6dlich verunfallt sind.\"},{\"@type\":\"BreadcrumbList\",\"@id\":\"https:\\\/\\\/news.save.ch\\\/zahl-der-strassenverkehrsopfer-steigt-leicht-an\\\/#breadcrumb\",\"itemListElement\":[{\"@type\":\"ListItem\",\"position\":1,\"name\":\"Home\",\"item\":\"https:\\\/\\\/news.save.ch\\\/de\\\/\"},{\"@type\":\"ListItem\",\"position\":2,\"name\":\"Zahl der Strassenverkehrsopfer steigt leicht an\"}]},{\"@type\":\"WebSite\",\"@id\":\"https:\\\/\\\/news.save.ch\\\/de\\\/#website\",\"url\":\"https:\\\/\\\/news.save.ch\\\/de\\\/\",\"name\":\"Save\",\"description\":\"Schweizer Fachzeitschrift f\u00fcr Sicherheit\",\"publisher\":{\"@id\":\"https:\\\/\\\/news.save.ch\\\/de\\\/#organization\"},\"potentialAction\":[{\"@type\":\"SearchAction\",\"target\":{\"@type\":\"EntryPoint\",\"urlTemplate\":\"https:\\\/\\\/news.save.ch\\\/de\\\/?s={search_term_string}\"},\"query-input\":{\"@type\":\"PropertyValueSpecification\",\"valueRequired\":true,\"valueName\":\"search_term_string\"}}],\"inLanguage\":\"it-IT\"},{\"@type\":\"Organization\",\"@id\":\"https:\\\/\\\/news.save.ch\\\/de\\\/#organization\",\"name\":\"Sicherheitsforum\",\"url\":\"https:\\\/\\\/news.save.ch\\\/de\\\/\",\"logo\":{\"@type\":\"ImageObject\",\"inLanguage\":\"it-IT\",\"@id\":\"https:\\\/\\\/news.save.ch\\\/de\\\/#\\\/schema\\\/logo\\\/image\\\/\",\"url\":\"https:\\\/\\\/news.save.ch\\\/wp-content\\\/uploads\\\/2022\\\/06\\\/Logo_SF_2012.png\",\"contentUrl\":\"https:\\\/\\\/news.save.ch\\\/wp-content\\\/uploads\\\/2022\\\/06\\\/Logo_SF_2012.png\",\"width\":1100,\"height\":91,\"caption\":\"Sicherheitsforum\"},\"image\":{\"@id\":\"https:\\\/\\\/news.save.ch\\\/de\\\/#\\\/schema\\\/logo\\\/image\\\/\"}},{\"@type\":\"Person\",\"@id\":\"https:\\\/\\\/news.save.ch\\\/de\\\/#\\\/schema\\\/person\\\/d49e199490bad7c70d64b9ab51142f2b\",\"name\":\"admin\",\"image\":{\"@type\":\"ImageObject\",\"inLanguage\":\"it-IT\",\"@id\":\"https:\\\/\\\/secure.gravatar.com\\\/avatar\\\/ae2f4d718e6c49043e314ce431e7e645d646302a24a5ef5a8bc8e3f5a032e319?s=96&d=mm&r=g\",\"url\":\"https:\\\/\\\/secure.gravatar.com\\\/avatar\\\/ae2f4d718e6c49043e314ce431e7e645d646302a24a5ef5a8bc8e3f5a032e319?s=96&d=mm&r=g\",\"contentUrl\":\"https:\\\/\\\/secure.gravatar.com\\\/avatar\\\/ae2f4d718e6c49043e314ce431e7e645d646302a24a5ef5a8bc8e3f5a032e319?s=96&d=mm&r=g\",\"caption\":\"admin\"},\"sameAs\":[\"https:\\\/\\\/develop.organisator.galledia.ch\"],\"url\":\"https:\\\/\\\/news.save.ch\\\/it\\\/author\\\/admin\\\/\"}]}<\/script>\n<!-- \/ Yoast SEO plugin. -->","yoast_head_json":{"title":"Il numero di vittime della strada aumenta leggermente - Save","description":"Vittime del traffico stradale: mentre le autovetture diventano sempre pi\u00f9 sicure, il numero di vittime tra i pedoni e i ciclisti aumenta in modo sproporzionato.","robots":{"index":"index","follow":"follow","max-snippet":"max-snippet:-1","max-image-preview":"max-image-preview:large","max-video-preview":"max-video-preview:-1"},"canonical":"https:\/\/news.save.ch\/it\/zahl-der-strassenverkehrsopfer-steigt-leicht-an\/","og_locale":"it_IT","og_type":"article","og_title":"Zahl der Strassenverkehrsopfer steigt leicht an - Save","og_description":"Strassenverkehrsopfer: W\u00e4hrend Personenwagen immer sicherer werden, nehmen die Opfer bei Fussg\u00e4ngern und Zweiradfahrern \u00fcberproportional zu.","og_url":"https:\/\/news.save.ch\/it\/zahl-der-strassenverkehrsopfer-steigt-leicht-an\/","og_site_name":"Save","article_published_time":"2016-03-31T14:41:18+00:00","og_image":[{"width":1025,"height":767,"url":"https:\/\/news.save.ch\/wp-content\/uploads\/2016\/12\/Zahl-der-Strassenverkehrsopfer-steigt-leicht-an_safety-plus.jpg","type":"image\/jpeg"}],"author":"admin","twitter_card":"summary_large_image","twitter_misc":{"Scritto da":"admin","Tempo di lettura stimato":"2 minuti"},"schema":{"@context":"https:\/\/schema.org","@graph":[{"@type":"Article","@id":"https:\/\/news.save.ch\/zahl-der-strassenverkehrsopfer-steigt-leicht-an\/#article","isPartOf":{"@id":"https:\/\/news.save.ch\/zahl-der-strassenverkehrsopfer-steigt-leicht-an\/"},"author":{"name":"admin","@id":"https:\/\/news.save.ch\/de\/#\/schema\/person\/d49e199490bad7c70d64b9ab51142f2b"},"headline":"Zahl der Strassenverkehrsopfer steigt leicht an","datePublished":"2016-03-31T14:41:18+00:00","mainEntityOfPage":{"@id":"https:\/\/news.save.ch\/zahl-der-strassenverkehrsopfer-steigt-leicht-an\/"},"wordCount":393,"commentCount":1,"publisher":{"@id":"https:\/\/news.save.ch\/de\/#organization"},"image":{"@id":"https:\/\/news.save.ch\/zahl-der-strassenverkehrsopfer-steigt-leicht-an\/#primaryimage"},"thumbnailUrl":"https:\/\/news.save.ch\/wp-content\/uploads\/2016\/12\/Zahl-der-Strassenverkehrsopfer-steigt-leicht-an_safety-plus.jpg","keywords":["Nichtberufsunf\u00e4lle"],"articleSection":["ALLGEMEIN"],"inLanguage":"it-IT"},{"@type":"WebPage","@id":"https:\/\/news.save.ch\/zahl-der-strassenverkehrsopfer-steigt-leicht-an\/","url":"https:\/\/news.save.ch\/zahl-der-strassenverkehrsopfer-steigt-leicht-an\/","name":"Il numero di vittime della strada aumenta leggermente - Save","isPartOf":{"@id":"https:\/\/news.save.ch\/de\/#website"},"primaryImageOfPage":{"@id":"https:\/\/news.save.ch\/zahl-der-strassenverkehrsopfer-steigt-leicht-an\/#primaryimage"},"image":{"@id":"https:\/\/news.save.ch\/zahl-der-strassenverkehrsopfer-steigt-leicht-an\/#primaryimage"},"thumbnailUrl":"https:\/\/news.save.ch\/wp-content\/uploads\/2016\/12\/Zahl-der-Strassenverkehrsopfer-steigt-leicht-an_safety-plus.jpg","datePublished":"2016-03-31T14:41:18+00:00","description":"Vittime del traffico stradale: mentre le autovetture diventano sempre pi\u00f9 sicure, il numero di vittime tra i pedoni e i ciclisti aumenta in modo sproporzionato.","breadcrumb":{"@id":"https:\/\/news.save.ch\/zahl-der-strassenverkehrsopfer-steigt-leicht-an\/#breadcrumb"},"inLanguage":"it-IT","potentialAction":[{"@type":"ReadAction","target":["https:\/\/news.save.ch\/zahl-der-strassenverkehrsopfer-steigt-leicht-an\/"]}]},{"@type":"ImageObject","inLanguage":"it-IT","@id":"https:\/\/news.save.ch\/zahl-der-strassenverkehrsopfer-steigt-leicht-an\/#primaryimage","url":"https:\/\/news.save.ch\/wp-content\/uploads\/2016\/12\/Zahl-der-Strassenverkehrsopfer-steigt-leicht-an_safety-plus.jpg","contentUrl":"https:\/\/news.save.ch\/wp-content\/uploads\/2016\/12\/Zahl-der-Strassenverkehrsopfer-steigt-leicht-an_safety-plus.jpg","width":1025,"height":767,"caption":"Die Karte zeigt, wo im letzten Jahr Personen t\u00f6dlich verunfallt sind."},{"@type":"BreadcrumbList","@id":"https:\/\/news.save.ch\/zahl-der-strassenverkehrsopfer-steigt-leicht-an\/#breadcrumb","itemListElement":[{"@type":"ListItem","position":1,"name":"Home","item":"https:\/\/news.save.ch\/de\/"},{"@type":"ListItem","position":2,"name":"Zahl der Strassenverkehrsopfer steigt leicht an"}]},{"@type":"WebSite","@id":"https:\/\/news.save.ch\/de\/#website","url":"https:\/\/news.save.ch\/de\/","name":"Risparmiare","description":"Rivista svizzera specializzata in sicurezza","publisher":{"@id":"https:\/\/news.save.ch\/de\/#organization"},"potentialAction":[{"@type":"SearchAction","target":{"@type":"EntryPoint","urlTemplate":"https:\/\/news.save.ch\/de\/?s={search_term_string}"},"query-input":{"@type":"PropertyValueSpecification","valueRequired":true,"valueName":"search_term_string"}}],"inLanguage":"it-IT"},{"@type":"Organization","@id":"https:\/\/news.save.ch\/de\/#organization","name":"Forum sulla sicurezza","url":"https:\/\/news.save.ch\/de\/","logo":{"@type":"ImageObject","inLanguage":"it-IT","@id":"https:\/\/news.save.ch\/de\/#\/schema\/logo\/image\/","url":"https:\/\/news.save.ch\/wp-content\/uploads\/2022\/06\/Logo_SF_2012.png","contentUrl":"https:\/\/news.save.ch\/wp-content\/uploads\/2022\/06\/Logo_SF_2012.png","width":1100,"height":91,"caption":"Sicherheitsforum"},"image":{"@id":"https:\/\/news.save.ch\/de\/#\/schema\/logo\/image\/"}},{"@type":"Person","@id":"https:\/\/news.save.ch\/de\/#\/schema\/person\/d49e199490bad7c70d64b9ab51142f2b","name":"amministratore","image":{"@type":"ImageObject","inLanguage":"it-IT","@id":"https:\/\/secure.gravatar.com\/avatar\/ae2f4d718e6c49043e314ce431e7e645d646302a24a5ef5a8bc8e3f5a032e319?s=96&d=mm&r=g","url":"https:\/\/secure.gravatar.com\/avatar\/ae2f4d718e6c49043e314ce431e7e645d646302a24a5ef5a8bc8e3f5a032e319?s=96&d=mm&r=g","contentUrl":"https:\/\/secure.gravatar.com\/avatar\/ae2f4d718e6c49043e314ce431e7e645d646302a24a5ef5a8bc8e3f5a032e319?s=96&d=mm&r=g","caption":"admin"},"sameAs":["https:\/\/develop.organisator.galledia.ch"],"url":"https:\/\/news.save.ch\/it\/author\/admin\/"}]}},"_links":{"self":[{"href":"https:\/\/news.save.ch\/it\/wp-json\/wp\/v2\/posts\/16736","targetHints":{"allow":["GET"]}}],"collection":[{"href":"https:\/\/news.save.ch\/it\/wp-json\/wp\/v2\/posts"}],"about":[{"href":"https:\/\/news.save.ch\/it\/wp-json\/wp\/v2\/types\/post"}],"author":[{"embeddable":true,"href":"https:\/\/news.save.ch\/it\/wp-json\/wp\/v2\/users\/1"}],"replies":[{"embeddable":true,"href":"https:\/\/news.save.ch\/it\/wp-json\/wp\/v2\/comments?post=16736"}],"version-history":[{"count":0,"href":"https:\/\/news.save.ch\/it\/wp-json\/wp\/v2\/posts\/16736\/revisions"}],"wp:featuredmedia":[{"embeddable":true,"href":"https:\/\/news.save.ch\/it\/wp-json\/wp\/v2\/media\/16089"}],"wp:attachment":[{"href":"https:\/\/news.save.ch\/it\/wp-json\/wp\/v2\/media?parent=16736"}],"wp:term":[{"taxonomy":"category","embeddable":true,"href":"https:\/\/news.save.ch\/it\/wp-json\/wp\/v2\/categories?post=16736"},{"taxonomy":"post_tag","embeddable":true,"href":"https:\/\/news.save.ch\/it\/wp-json\/wp\/v2\/tags?post=16736"}],"curies":[{"name":"wp","href":"https:\/\/api.w.org\/{rel}","templated":true}]}}