{"id":16739,"date":"2016-04-13T08:24:13","date_gmt":"2016-04-13T06:24:13","guid":{"rendered":"http:\/\/dev.safety-plus.ch\/?p=853"},"modified":"2023-03-14T09:01:09","modified_gmt":"2023-03-14T08:01:09","slug":"arbeiten-im-ueberdruck-ausnahmen-fuer-polizei-und-rettungstaucher","status":null,"type":"post","link":"https:\/\/news.save.ch\/it\/arbeiten-im-ueberdruck-ausnahmen-fuer-polizei-und-rettungstaucher\/","title":{"rendered":"Lavorare in pressione positiva: eccezioni per i sommozzatori di polizia e di soccorso"},"content":{"rendered":"<figure id=\"attachment_854\" aria-describedby=\"caption-attachment-854\" style=\"width: 1000px\" class=\"wp-caption alignnone\"><a href=\"http:\/\/develop.safety-plus.ch\/wp-content\/uploads\/2016\/12\/Arbeiten-im-Ueberdruck-Ausnahmen-fu\u0308r-Polizei-und-Rettungstaucher_safety-plus.jpg\"><img loading=\"lazy\" decoding=\"async\" class=\"size-full wp-image-854\" src=\"http:\/\/develop.safety-plus.ch\/wp-content\/uploads\/2016\/12\/Arbeiten-im-Ueberdruck-Ausnahmen-fu\u0308r-Polizei-und-Rettungstaucher_safety-plus.jpg\" alt=\"\" width=\"1000\" height=\"667\" \/><\/a><figcaption id=\"caption-attachment-854\" class=\"wp-caption-text\">I regolamenti sono meno rigidi per i sommozzatori di polizia e di soccorso e per gli istruttori subacquei.<\/figcaption><\/figure>\n<p>Il 1\u00b0 gennaio 2016, il <a href=\"https:\/\/www.admin.ch\/opc\/de\/official-compilation\/2016\/index_39.html\" target=\"_blank\" data-cke-saved-href=\"https:\/\/www.admin.ch\/opc\/de\/official-compilation\/2016\/index_39.html\" rel=\"noopener\">nuovo regolamento<\/a> sulla sicurezza dei lavoratori in ambiente pressurizzato \u00e8 entrato in vigore. Tra le altre cose, regolamenta la sicurezza sul lavoro durante le attivit\u00e0 subacquee svolte da sommozzatori che indossano un'attrezzatura subacquea.<\/p>\n<p>Nel corso dell'audizione, la commissione di esperti dei sommozzatori di polizia della Conferenza dei direttori cantonali di giustizia e polizia (KKJPD) ha sollevato una serie di preoccupazioni. Queste sono state incluse nella bozza di ordinanza, a patto che non mettessero in discussione la sicurezza sul lavoro. Il testo riveduto dell'ordinanza \u00e8 stato discusso anche con gli specialisti dei sommozzatori di polizia e della SUVA ed \u00e8 stato nuovamente adattato prima di essere adottato dal Consiglio federale.<\/p>\n<p><strong>Regolamenti troppo rigidi<\/strong><br \/>\nDopo l'entrata in vigore dell'ordinanza, tuttavia, \u00e8 emerso che le nuove norme tengono troppo poco conto delle peculiarit\u00e0 delle operazioni di emergenza e soccorso della polizia e delle attivit\u00e0 di formazione degli istruttori subacquei. In particolare, i sommozzatori della polizia e del soccorso non si sono sentiti in grado di rispettare queste norme e hanno interrotto per lunghi periodi le loro operazioni di immersione per evitare di doversi comportare in modo illegale.<\/p>\n<p><strong>Nuovo regolamento a partire dall'estate<\/strong><br \/>\nL'Ufficio federale, in stretta collaborazione con gli specialisti di immersioni della Conferenza dei comandanti delle polizie cantonali della Svizzera (KKPKS), ha elaborato una serie di norme di esenzione per i sommozzatori di polizia e di soccorso e per gli istruttori subacquei, che entreranno in vigore alla fine dell'estate di quest'anno. Ad esempio, i sommozzatori di polizia e di soccorso saranno esentati dall'indossare una maschera integrale se le immersioni vengono effettuate in coppia.<\/p>\n<p>Inoltre, non \u00e8 necessario predisporre camere di trattamento per le immersioni lunghe sul posto, se esiste un sistema di salvataggio e i subacquei possono essere trasportati rapidamente in un ospedale specializzato dopo un incidente. Infine, i sommozzatori su chiamata possono svolgere le loro missioni in coppia senza la presenza di un ulteriore specialista.<\/p>\n<p><strong>Le eccezioni si applicano con effetto immediato<\/strong><br \/>\nPoich\u00e9 la relativa modifica dell'ordinanza richieder\u00e0 diversi mesi, il Consiglio federale ha approvato una soluzione provvisoria come misura immediata e l'ha messa in vigore con effetto immediato. La soluzione \u00e8 stata elaborata in collaborazione con la CCJPD e la CCPKS e stabilisce che i sommozzatori di polizia e di salvataggio sono esenti da singole disposizioni dell'ordinanza nell'ambito delle loro attivit\u00e0 sovrane, cos\u00ec come gli istruttori subacquei nell'ambito delle loro attivit\u00e0 di formazione professionale.<\/p>\n<p>Questo regolamento si applica fino all'entrata in vigore dell'ordinanza rivista e consente ai sommozzatori della polizia e del soccorso di svolgere le loro missioni senza agire illegalmente. A tal fine, devono rispettare le norme generali sulla prevenzione degli infortuni e gli standard internazionali delle organizzazioni riconosciute per la formazione dei sommozzatori. La sicurezza sul lavoro \u00e8 quindi garantita anche durante il periodo di validit\u00e0 del regolamento transitorio.<\/p>\n<p>(BORSA)<\/p>","protected":false},"excerpt":{"rendered":"<p>Am 1. Januar 2016 ist die neue Verordnung \u00fcber die Sicherheit der Arbeitnehmerinnen und Arbeitnehmer bei Arbeiten im \u00dcberdruck in Kraft getreten. Sie regelt unter anderem die Arbeitssicherheit bei Taucherarbeiten, wenn diese von Taucherinnen und Tauchern mit einer Tauchausr\u00fcstung ausgef\u00fchrt werden. Im Rahmen der Anh\u00f6rung hatte die Fachkommission der Polizei-Einsatztaucher der Konferenz der Kantonalen Justiz- [&hellip;]<\/p>\n","protected":false},"author":1,"featured_media":16095,"comment_status":"open","ping_status":"open","sticky":false,"template":"","format":"standard","meta":{"_acf_changed":false,"pgc_sgb_lightbox_settings":"","footnotes":""},"categories":[1,3314],"tags":[172,168,69],"class_list":["post-16739","post","type-post","status-publish","format-standard","has-post-thumbnail","hentry","category-allgemein","category-health-safety","tag-arbeitssicherheit","tag-bundesrat","tag-justiz-polizei"],"acf":[],"hkrextid":null,"publication":null,"issue":null,"workflow":null,"startPage":null,"spitzmarke":null,"_posts_by_tag_page_fields":{"widget_title":"","widget_tags":""},"_at_widget":"1","_yoast_wpseo_primary_category":"5","_yoast_wpseo_focuskw_text_input":"Arbeiten im \u00dcberdruck","_yoast_wpseo_opengraph-image":null,"_yoast_wpseo_opengraph-description":null,"_yoast_wpseo_opengraph-title":null,"enclosure":null,"_yoast_wpseo_twitter-title":null,"_yoast_wpseo_twitter-description":null,"_yoast_wpseo_twitter-image":null,"_wp_old_slug":null,"_yoast_wpseo_title":null,"_yoast_wpseo_canonical":null,"yoast_head":"<!-- This site is optimized with the Yoast SEO plugin v27.5 - https:\/\/yoast.com\/product\/yoast-seo-wordpress\/ -->\n<title>Arbeiten im \u00dcberdruck: Ausnahmen f\u00fcr Polizei- und Rettungstaucher - Save<\/title>\n<meta name=\"description\" content=\"Der Bundesrat bewilligt per sofort Ausnahmen zu der seit 1. Januar g\u00fcltigen Verordnung zu Arbeiten im \u00dcberdruck.\" \/>\n<meta name=\"robots\" content=\"index, follow, max-snippet:-1, max-image-preview:large, max-video-preview:-1\" \/>\n<link rel=\"canonical\" href=\"https:\/\/news.save.ch\/it\/arbeiten-im-ueberdruck-ausnahmen-fuer-polizei-und-rettungstaucher\/\" \/>\n<meta property=\"og:locale\" content=\"it_IT\" \/>\n<meta property=\"og:type\" content=\"article\" \/>\n<meta property=\"og:title\" content=\"Arbeiten im \u00dcberdruck: Ausnahmen f\u00fcr Polizei- und Rettungstaucher - Save\" \/>\n<meta property=\"og:description\" content=\"Der Bundesrat bewilligt per sofort Ausnahmen zu der seit 1. Januar g\u00fcltigen Verordnung zu Arbeiten im \u00dcberdruck.\" \/>\n<meta property=\"og:url\" content=\"https:\/\/news.save.ch\/it\/arbeiten-im-ueberdruck-ausnahmen-fuer-polizei-und-rettungstaucher\/\" \/>\n<meta property=\"og:site_name\" content=\"Save\" \/>\n<meta property=\"article:published_time\" content=\"2016-04-13T06:24:13+00:00\" \/>\n<meta property=\"article:modified_time\" content=\"2023-03-14T08:01:09+00:00\" \/>\n<meta property=\"og:image\" content=\"https:\/\/news.save.ch\/wp-content\/uploads\/2016\/12\/Arbeiten-im-Ueberdruck-Ausnahmen-fuer-Polizei-und-Rettungstaucher_safety-plus.jpg\" \/>\n\t<meta property=\"og:image:width\" content=\"1000\" \/>\n\t<meta property=\"og:image:height\" content=\"667\" \/>\n\t<meta property=\"og:image:type\" content=\"image\/jpeg\" \/>\n<meta name=\"author\" content=\"admin\" \/>\n<meta name=\"twitter:card\" content=\"summary_large_image\" \/>\n<meta name=\"twitter:label1\" content=\"Scritto da\" \/>\n\t<meta name=\"twitter:data1\" content=\"admin\" \/>\n\t<meta name=\"twitter:label2\" content=\"Tempo di lettura stimato\" \/>\n\t<meta name=\"twitter:data2\" content=\"2 minuti\" \/>\n<script type=\"application\/ld+json\" class=\"yoast-schema-graph\">{\"@context\":\"https:\\\/\\\/schema.org\",\"@graph\":[{\"@type\":\"Article\",\"@id\":\"https:\\\/\\\/news.save.ch\\\/arbeiten-im-ueberdruck-ausnahmen-fuer-polizei-und-rettungstaucher\\\/#article\",\"isPartOf\":{\"@id\":\"https:\\\/\\\/news.save.ch\\\/arbeiten-im-ueberdruck-ausnahmen-fuer-polizei-und-rettungstaucher\\\/\"},\"author\":{\"name\":\"admin\",\"@id\":\"https:\\\/\\\/news.save.ch\\\/de\\\/#\\\/schema\\\/person\\\/d49e199490bad7c70d64b9ab51142f2b\"},\"headline\":\"Arbeiten im \u00dcberdruck: Ausnahmen f\u00fcr Polizei- und Rettungstaucher\",\"datePublished\":\"2016-04-13T06:24:13+00:00\",\"dateModified\":\"2023-03-14T08:01:09+00:00\",\"mainEntityOfPage\":{\"@id\":\"https:\\\/\\\/news.save.ch\\\/arbeiten-im-ueberdruck-ausnahmen-fuer-polizei-und-rettungstaucher\\\/\"},\"wordCount\":459,\"commentCount\":0,\"publisher\":{\"@id\":\"https:\\\/\\\/news.save.ch\\\/de\\\/#organization\"},\"image\":{\"@id\":\"https:\\\/\\\/news.save.ch\\\/arbeiten-im-ueberdruck-ausnahmen-fuer-polizei-und-rettungstaucher\\\/#primaryimage\"},\"thumbnailUrl\":\"https:\\\/\\\/news.save.ch\\\/wp-content\\\/uploads\\\/2016\\\/12\\\/Arbeiten-im-Ueberdruck-Ausnahmen-fuer-Polizei-und-Rettungstaucher_safety-plus.jpg\",\"keywords\":[\"Arbeitssicherheit\",\"Bundesrat\",\"Justiz &amp; Polizei\"],\"articleSection\":[\"ALLGEMEIN\",\"HEALTH &amp; SAFETY\"],\"inLanguage\":\"it-IT\"},{\"@type\":\"WebPage\",\"@id\":\"https:\\\/\\\/news.save.ch\\\/arbeiten-im-ueberdruck-ausnahmen-fuer-polizei-und-rettungstaucher\\\/\",\"url\":\"https:\\\/\\\/news.save.ch\\\/arbeiten-im-ueberdruck-ausnahmen-fuer-polizei-und-rettungstaucher\\\/\",\"name\":\"Arbeiten im \u00dcberdruck: Ausnahmen f\u00fcr Polizei- und Rettungstaucher - Save\",\"isPartOf\":{\"@id\":\"https:\\\/\\\/news.save.ch\\\/de\\\/#website\"},\"primaryImageOfPage\":{\"@id\":\"https:\\\/\\\/news.save.ch\\\/arbeiten-im-ueberdruck-ausnahmen-fuer-polizei-und-rettungstaucher\\\/#primaryimage\"},\"image\":{\"@id\":\"https:\\\/\\\/news.save.ch\\\/arbeiten-im-ueberdruck-ausnahmen-fuer-polizei-und-rettungstaucher\\\/#primaryimage\"},\"thumbnailUrl\":\"https:\\\/\\\/news.save.ch\\\/wp-content\\\/uploads\\\/2016\\\/12\\\/Arbeiten-im-Ueberdruck-Ausnahmen-fuer-Polizei-und-Rettungstaucher_safety-plus.jpg\",\"datePublished\":\"2016-04-13T06:24:13+00:00\",\"dateModified\":\"2023-03-14T08:01:09+00:00\",\"description\":\"Der Bundesrat bewilligt per sofort Ausnahmen zu der seit 1. Januar g\u00fcltigen Verordnung zu Arbeiten im \u00dcberdruck.\",\"breadcrumb\":{\"@id\":\"https:\\\/\\\/news.save.ch\\\/arbeiten-im-ueberdruck-ausnahmen-fuer-polizei-und-rettungstaucher\\\/#breadcrumb\"},\"inLanguage\":\"it-IT\",\"potentialAction\":[{\"@type\":\"ReadAction\",\"target\":[\"https:\\\/\\\/news.save.ch\\\/arbeiten-im-ueberdruck-ausnahmen-fuer-polizei-und-rettungstaucher\\\/\"]}]},{\"@type\":\"ImageObject\",\"inLanguage\":\"it-IT\",\"@id\":\"https:\\\/\\\/news.save.ch\\\/arbeiten-im-ueberdruck-ausnahmen-fuer-polizei-und-rettungstaucher\\\/#primaryimage\",\"url\":\"https:\\\/\\\/news.save.ch\\\/wp-content\\\/uploads\\\/2016\\\/12\\\/Arbeiten-im-Ueberdruck-Ausnahmen-fuer-Polizei-und-Rettungstaucher_safety-plus.jpg\",\"contentUrl\":\"https:\\\/\\\/news.save.ch\\\/wp-content\\\/uploads\\\/2016\\\/12\\\/Arbeiten-im-Ueberdruck-Ausnahmen-fuer-Polizei-und-Rettungstaucher_safety-plus.jpg\",\"width\":1000,\"height\":667,\"caption\":\"F\u00fcr Polizei- und Rettungstaucher sowie Tauchinstruktoren werden die Regelungen gelockert.\"},{\"@type\":\"BreadcrumbList\",\"@id\":\"https:\\\/\\\/news.save.ch\\\/arbeiten-im-ueberdruck-ausnahmen-fuer-polizei-und-rettungstaucher\\\/#breadcrumb\",\"itemListElement\":[{\"@type\":\"ListItem\",\"position\":1,\"name\":\"Home\",\"item\":\"https:\\\/\\\/news.save.ch\\\/de\\\/\"},{\"@type\":\"ListItem\",\"position\":2,\"name\":\"Arbeiten im \u00dcberdruck: Ausnahmen f\u00fcr Polizei- und Rettungstaucher\"}]},{\"@type\":\"WebSite\",\"@id\":\"https:\\\/\\\/news.save.ch\\\/de\\\/#website\",\"url\":\"https:\\\/\\\/news.save.ch\\\/de\\\/\",\"name\":\"Save\",\"description\":\"Schweizer Fachzeitschrift f\u00fcr Sicherheit\",\"publisher\":{\"@id\":\"https:\\\/\\\/news.save.ch\\\/de\\\/#organization\"},\"potentialAction\":[{\"@type\":\"SearchAction\",\"target\":{\"@type\":\"EntryPoint\",\"urlTemplate\":\"https:\\\/\\\/news.save.ch\\\/de\\\/?s={search_term_string}\"},\"query-input\":{\"@type\":\"PropertyValueSpecification\",\"valueRequired\":true,\"valueName\":\"search_term_string\"}}],\"inLanguage\":\"it-IT\"},{\"@type\":\"Organization\",\"@id\":\"https:\\\/\\\/news.save.ch\\\/de\\\/#organization\",\"name\":\"Sicherheitsforum\",\"url\":\"https:\\\/\\\/news.save.ch\\\/de\\\/\",\"logo\":{\"@type\":\"ImageObject\",\"inLanguage\":\"it-IT\",\"@id\":\"https:\\\/\\\/news.save.ch\\\/de\\\/#\\\/schema\\\/logo\\\/image\\\/\",\"url\":\"https:\\\/\\\/news.save.ch\\\/wp-content\\\/uploads\\\/2022\\\/06\\\/Logo_SF_2012.png\",\"contentUrl\":\"https:\\\/\\\/news.save.ch\\\/wp-content\\\/uploads\\\/2022\\\/06\\\/Logo_SF_2012.png\",\"width\":1100,\"height\":91,\"caption\":\"Sicherheitsforum\"},\"image\":{\"@id\":\"https:\\\/\\\/news.save.ch\\\/de\\\/#\\\/schema\\\/logo\\\/image\\\/\"}},{\"@type\":\"Person\",\"@id\":\"https:\\\/\\\/news.save.ch\\\/de\\\/#\\\/schema\\\/person\\\/d49e199490bad7c70d64b9ab51142f2b\",\"name\":\"admin\",\"image\":{\"@type\":\"ImageObject\",\"inLanguage\":\"it-IT\",\"@id\":\"https:\\\/\\\/secure.gravatar.com\\\/avatar\\\/ae2f4d718e6c49043e314ce431e7e645d646302a24a5ef5a8bc8e3f5a032e319?s=96&d=mm&r=g\",\"url\":\"https:\\\/\\\/secure.gravatar.com\\\/avatar\\\/ae2f4d718e6c49043e314ce431e7e645d646302a24a5ef5a8bc8e3f5a032e319?s=96&d=mm&r=g\",\"contentUrl\":\"https:\\\/\\\/secure.gravatar.com\\\/avatar\\\/ae2f4d718e6c49043e314ce431e7e645d646302a24a5ef5a8bc8e3f5a032e319?s=96&d=mm&r=g\",\"caption\":\"admin\"},\"sameAs\":[\"https:\\\/\\\/develop.organisator.galledia.ch\"],\"url\":\"https:\\\/\\\/news.save.ch\\\/it\\\/author\\\/admin\\\/\"}]}<\/script>\n<!-- \/ Yoast SEO plugin. -->","yoast_head_json":{"title":"Lavorare in pressione positiva: eccezioni per i sommozzatori di polizia e di soccorso - Save","description":"Con effetto immediato, il Consiglio federale approva le eccezioni all'ordinanza sul lavoro in eccesso di pressione in vigore dal 1\u00b0 gennaio.","robots":{"index":"index","follow":"follow","max-snippet":"max-snippet:-1","max-image-preview":"max-image-preview:large","max-video-preview":"max-video-preview:-1"},"canonical":"https:\/\/news.save.ch\/it\/arbeiten-im-ueberdruck-ausnahmen-fuer-polizei-und-rettungstaucher\/","og_locale":"it_IT","og_type":"article","og_title":"Arbeiten im \u00dcberdruck: Ausnahmen f\u00fcr Polizei- und Rettungstaucher - Save","og_description":"Der Bundesrat bewilligt per sofort Ausnahmen zu der seit 1. Januar g\u00fcltigen Verordnung zu Arbeiten im \u00dcberdruck.","og_url":"https:\/\/news.save.ch\/it\/arbeiten-im-ueberdruck-ausnahmen-fuer-polizei-und-rettungstaucher\/","og_site_name":"Save","article_published_time":"2016-04-13T06:24:13+00:00","article_modified_time":"2023-03-14T08:01:09+00:00","og_image":[{"width":1000,"height":667,"url":"https:\/\/news.save.ch\/wp-content\/uploads\/2016\/12\/Arbeiten-im-Ueberdruck-Ausnahmen-fuer-Polizei-und-Rettungstaucher_safety-plus.jpg","type":"image\/jpeg"}],"author":"admin","twitter_card":"summary_large_image","twitter_misc":{"Scritto da":"admin","Tempo di lettura stimato":"2 minuti"},"schema":{"@context":"https:\/\/schema.org","@graph":[{"@type":"Article","@id":"https:\/\/news.save.ch\/arbeiten-im-ueberdruck-ausnahmen-fuer-polizei-und-rettungstaucher\/#article","isPartOf":{"@id":"https:\/\/news.save.ch\/arbeiten-im-ueberdruck-ausnahmen-fuer-polizei-und-rettungstaucher\/"},"author":{"name":"admin","@id":"https:\/\/news.save.ch\/de\/#\/schema\/person\/d49e199490bad7c70d64b9ab51142f2b"},"headline":"Arbeiten im \u00dcberdruck: Ausnahmen f\u00fcr Polizei- und Rettungstaucher","datePublished":"2016-04-13T06:24:13+00:00","dateModified":"2023-03-14T08:01:09+00:00","mainEntityOfPage":{"@id":"https:\/\/news.save.ch\/arbeiten-im-ueberdruck-ausnahmen-fuer-polizei-und-rettungstaucher\/"},"wordCount":459,"commentCount":0,"publisher":{"@id":"https:\/\/news.save.ch\/de\/#organization"},"image":{"@id":"https:\/\/news.save.ch\/arbeiten-im-ueberdruck-ausnahmen-fuer-polizei-und-rettungstaucher\/#primaryimage"},"thumbnailUrl":"https:\/\/news.save.ch\/wp-content\/uploads\/2016\/12\/Arbeiten-im-Ueberdruck-Ausnahmen-fuer-Polizei-und-Rettungstaucher_safety-plus.jpg","keywords":["Arbeitssicherheit","Bundesrat","Justiz &amp; Polizei"],"articleSection":["ALLGEMEIN","HEALTH &amp; SAFETY"],"inLanguage":"it-IT"},{"@type":"WebPage","@id":"https:\/\/news.save.ch\/arbeiten-im-ueberdruck-ausnahmen-fuer-polizei-und-rettungstaucher\/","url":"https:\/\/news.save.ch\/arbeiten-im-ueberdruck-ausnahmen-fuer-polizei-und-rettungstaucher\/","name":"Lavorare in pressione positiva: eccezioni per i sommozzatori di polizia e di soccorso - Save","isPartOf":{"@id":"https:\/\/news.save.ch\/de\/#website"},"primaryImageOfPage":{"@id":"https:\/\/news.save.ch\/arbeiten-im-ueberdruck-ausnahmen-fuer-polizei-und-rettungstaucher\/#primaryimage"},"image":{"@id":"https:\/\/news.save.ch\/arbeiten-im-ueberdruck-ausnahmen-fuer-polizei-und-rettungstaucher\/#primaryimage"},"thumbnailUrl":"https:\/\/news.save.ch\/wp-content\/uploads\/2016\/12\/Arbeiten-im-Ueberdruck-Ausnahmen-fuer-Polizei-und-Rettungstaucher_safety-plus.jpg","datePublished":"2016-04-13T06:24:13+00:00","dateModified":"2023-03-14T08:01:09+00:00","description":"Con effetto immediato, il Consiglio federale approva le eccezioni all'ordinanza sul lavoro in eccesso di pressione in vigore dal 1\u00b0 gennaio.","breadcrumb":{"@id":"https:\/\/news.save.ch\/arbeiten-im-ueberdruck-ausnahmen-fuer-polizei-und-rettungstaucher\/#breadcrumb"},"inLanguage":"it-IT","potentialAction":[{"@type":"ReadAction","target":["https:\/\/news.save.ch\/arbeiten-im-ueberdruck-ausnahmen-fuer-polizei-und-rettungstaucher\/"]}]},{"@type":"ImageObject","inLanguage":"it-IT","@id":"https:\/\/news.save.ch\/arbeiten-im-ueberdruck-ausnahmen-fuer-polizei-und-rettungstaucher\/#primaryimage","url":"https:\/\/news.save.ch\/wp-content\/uploads\/2016\/12\/Arbeiten-im-Ueberdruck-Ausnahmen-fuer-Polizei-und-Rettungstaucher_safety-plus.jpg","contentUrl":"https:\/\/news.save.ch\/wp-content\/uploads\/2016\/12\/Arbeiten-im-Ueberdruck-Ausnahmen-fuer-Polizei-und-Rettungstaucher_safety-plus.jpg","width":1000,"height":667,"caption":"F\u00fcr Polizei- und Rettungstaucher sowie Tauchinstruktoren werden die Regelungen gelockert."},{"@type":"BreadcrumbList","@id":"https:\/\/news.save.ch\/arbeiten-im-ueberdruck-ausnahmen-fuer-polizei-und-rettungstaucher\/#breadcrumb","itemListElement":[{"@type":"ListItem","position":1,"name":"Home","item":"https:\/\/news.save.ch\/de\/"},{"@type":"ListItem","position":2,"name":"Arbeiten im \u00dcberdruck: Ausnahmen f\u00fcr Polizei- und Rettungstaucher"}]},{"@type":"WebSite","@id":"https:\/\/news.save.ch\/de\/#website","url":"https:\/\/news.save.ch\/de\/","name":"Risparmiare","description":"Rivista svizzera specializzata in sicurezza","publisher":{"@id":"https:\/\/news.save.ch\/de\/#organization"},"potentialAction":[{"@type":"SearchAction","target":{"@type":"EntryPoint","urlTemplate":"https:\/\/news.save.ch\/de\/?s={search_term_string}"},"query-input":{"@type":"PropertyValueSpecification","valueRequired":true,"valueName":"search_term_string"}}],"inLanguage":"it-IT"},{"@type":"Organization","@id":"https:\/\/news.save.ch\/de\/#organization","name":"Forum sulla sicurezza","url":"https:\/\/news.save.ch\/de\/","logo":{"@type":"ImageObject","inLanguage":"it-IT","@id":"https:\/\/news.save.ch\/de\/#\/schema\/logo\/image\/","url":"https:\/\/news.save.ch\/wp-content\/uploads\/2022\/06\/Logo_SF_2012.png","contentUrl":"https:\/\/news.save.ch\/wp-content\/uploads\/2022\/06\/Logo_SF_2012.png","width":1100,"height":91,"caption":"Sicherheitsforum"},"image":{"@id":"https:\/\/news.save.ch\/de\/#\/schema\/logo\/image\/"}},{"@type":"Person","@id":"https:\/\/news.save.ch\/de\/#\/schema\/person\/d49e199490bad7c70d64b9ab51142f2b","name":"amministratore","image":{"@type":"ImageObject","inLanguage":"it-IT","@id":"https:\/\/secure.gravatar.com\/avatar\/ae2f4d718e6c49043e314ce431e7e645d646302a24a5ef5a8bc8e3f5a032e319?s=96&d=mm&r=g","url":"https:\/\/secure.gravatar.com\/avatar\/ae2f4d718e6c49043e314ce431e7e645d646302a24a5ef5a8bc8e3f5a032e319?s=96&d=mm&r=g","contentUrl":"https:\/\/secure.gravatar.com\/avatar\/ae2f4d718e6c49043e314ce431e7e645d646302a24a5ef5a8bc8e3f5a032e319?s=96&d=mm&r=g","caption":"admin"},"sameAs":["https:\/\/develop.organisator.galledia.ch"],"url":"https:\/\/news.save.ch\/it\/author\/admin\/"}]}},"_links":{"self":[{"href":"https:\/\/news.save.ch\/it\/wp-json\/wp\/v2\/posts\/16739","targetHints":{"allow":["GET"]}}],"collection":[{"href":"https:\/\/news.save.ch\/it\/wp-json\/wp\/v2\/posts"}],"about":[{"href":"https:\/\/news.save.ch\/it\/wp-json\/wp\/v2\/types\/post"}],"author":[{"embeddable":true,"href":"https:\/\/news.save.ch\/it\/wp-json\/wp\/v2\/users\/1"}],"replies":[{"embeddable":true,"href":"https:\/\/news.save.ch\/it\/wp-json\/wp\/v2\/comments?post=16739"}],"version-history":[{"count":1,"href":"https:\/\/news.save.ch\/it\/wp-json\/wp\/v2\/posts\/16739\/revisions"}],"predecessor-version":[{"id":18370,"href":"https:\/\/news.save.ch\/it\/wp-json\/wp\/v2\/posts\/16739\/revisions\/18370"}],"wp:featuredmedia":[{"embeddable":true,"href":"https:\/\/news.save.ch\/it\/wp-json\/wp\/v2\/media\/16095"}],"wp:attachment":[{"href":"https:\/\/news.save.ch\/it\/wp-json\/wp\/v2\/media?parent=16739"}],"wp:term":[{"taxonomy":"category","embeddable":true,"href":"https:\/\/news.save.ch\/it\/wp-json\/wp\/v2\/categories?post=16739"},{"taxonomy":"post_tag","embeddable":true,"href":"https:\/\/news.save.ch\/it\/wp-json\/wp\/v2\/tags?post=16739"}],"curies":[{"name":"wp","href":"https:\/\/api.w.org\/{rel}","templated":true}]}}