{"id":16775,"date":"2016-09-29T10:13:15","date_gmt":"2016-09-29T08:13:15","guid":{"rendered":"http:\/\/dev.safety-plus.ch\/?p=1225"},"modified":"2016-09-29T10:13:15","modified_gmt":"2016-09-29T08:13:15","slug":"pendeln-beeintraechtigt-produktivitaet","status":null,"type":"post","link":"https:\/\/news.save.ch\/it\/pendeln-beeintraechtigt-produktivitaet\/","title":{"rendered":"Il pendolarismo influisce sulla produttivit\u00e0"},"content":{"rendered":"<figure id=\"attachment_1226\" aria-describedby=\"caption-attachment-1226\" style=\"width: 680px\" class=\"wp-caption alignnone\"><img loading=\"lazy\" decoding=\"async\" class=\"wp-image-1226 size-medium\" src=\"http:\/\/develop.safety-plus.ch\/wp-content\/uploads\/2016\/12\/Pendeln-beeintraechtigt-Produktivitaet_safety-plus.jpg\" width=\"680\" height=\"454\" \/><figcaption id=\"caption-attachment-1226\" class=\"wp-caption-text\">E ogni giorno saluta l'ingorgo: il pendolarismo \u00e8 tempo perso per la maggior parte delle persone.<\/figcaption><\/figure>\n<p>Secondo un nuovo studio di Regus, fornitore di soluzioni di spazio di lavoro flessibile, i dipendenti di tutto il mondo considerano il tragitto quotidiano da e verso l'ufficio un freno alla loro produttivit\u00e0. Per un gran numero di intervistati, il tragitto non \u00e8 n\u00e9 un lavoro efficace n\u00e9 un piacevole momento di svago, ma piuttosto un ostacolo a fare cose pi\u00f9 utili o divertenti.<\/p>\n<p>Dei circa 40.000 partecipanti al sondaggio, il 37% dichiara di considerare il pendolarismo inutile e superfluo. Il 27% nutre addirittura una profonda avversione e descrive il pendolarismo come una pura perdita di tempo prezioso. Ci\u00f2 significa che per oltre la met\u00e0 degli intervistati in tutto il mondo, un tragitto pi\u00f9 lungo potrebbe essere sostituito da un tempo di lavoro pi\u00f9 produttivo o da un po' di sonno in pi\u00f9 al mattino.<\/p>\n<p><strong>Risultati centrali dello studio<\/strong><\/p>\n<ul>\n<li>Solo una minoranza (17%) degli intervistati globali considera il pendolarismo un tempo di lavoro utile, mentre la maggioranza lo vede come un peso sul lavoro o sul tempo libero.<\/li>\n<li>Pertanto, le aziende dovrebbero scoraggiare il pendolarismo non necessario e aiutare i propri dipendenti a impiegare il tempo risparmiato in qualcosa di pi\u00f9 produttivo o rilassante.<\/li>\n<li>Una piccola minoranza (19 percento) considera il tragitto verso il lavoro come un momento personale per leggere o aggiornarsi sulle ultime notizie sullo smartphone.<\/li>\n<\/ul>\n<p>Garry G\u00fcrtler, Country Manager per la Svizzera di Regus: \"Il pendolarismo al lavoro occupa sempre pi\u00f9 tempo. \u00c8 ancora pi\u00f9 penoso che per la stragrande maggioranza di loro il tragitto quotidiano verso l'ufficio e il ritorno a casa sia un enorme ostacolo alla produttivit\u00e0 e che non possano utilizzare il tempo necessario per questioni personali o per le attivit\u00e0 del tempo libero.\"<\/p>\n<p>\"Oggi ci si aspetta che i lavoratori di tutto il mondo siano sempre disponibili e connessi. Ma in realt\u00e0 c'\u00e8 qualcosa che influisce pesantemente e sottilmente sulla loro produttivit\u00e0: il tragitto quotidiano. Le aziende di successo che vogliono aumentare la produttivit\u00e0 dei propri dipendenti e concedere loro pi\u00f9 tempo libero o un po' pi\u00f9 di sonno farebbero bene a farli lavorare pi\u00f9 vicino a casa, almeno occasionalmente\".<\/p>\n<p><em>Fonte: Regus<\/em><\/p>","protected":false},"excerpt":{"rendered":"<p>Laut einer neuen Studie von Regus, Anbieter von flexiblen Arbeitsrauml\u00f6sungen, betrachten Besch\u00e4ftigte \u00fcberall auf der Welt ihre t\u00e4gliche Fahrt ins B\u00fcro und wieder nach Hause als Beeintr\u00e4chtigung ihrer Produktivit\u00e4t. F\u00fcr eine Vielzahl der Befragten ist der Arbeitsweg weder effektive Arbeits- noch angenehme Freizeit, sondern vielmehr ein Hindernis, um sich n\u00fctzlicheren oder unterhaltsameren Dingen zu widmen. [&hellip;]<\/p>\n","protected":false},"author":1,"featured_media":16144,"comment_status":"open","ping_status":"open","sticky":false,"template":"","format":"standard","meta":{"_acf_changed":false,"pgc_sgb_lightbox_settings":"","footnotes":""},"categories":[1],"tags":[1678,2553,64],"class_list":["post-16775","post","type-post","status-publish","format-standard","has-post-thumbnail","hentry","category-allgemein","tag-arbeitszeit","tag-mobilitaetsmanagement","tag-studie"],"acf":[],"hkrextid":null,"publication":null,"issue":null,"workflow":null,"startPage":null,"spitzmarke":null,"_posts_by_tag_page_fields":{"widget_title":"","widget_tags":""},"_at_widget":"1","_yoast_wpseo_primary_category":"1","_yoast_wpseo_focuskw_text_input":"Pendeln","_yoast_wpseo_opengraph-image":null,"_yoast_wpseo_opengraph-description":null,"_yoast_wpseo_opengraph-title":null,"enclosure":null,"_yoast_wpseo_twitter-title":null,"_yoast_wpseo_twitter-description":null,"_yoast_wpseo_twitter-image":null,"_wp_old_slug":null,"_yoast_wpseo_title":null,"_yoast_wpseo_canonical":null,"yoast_head":"<!-- This site is optimized with the Yoast SEO plugin v27.5 - https:\/\/yoast.com\/product\/yoast-seo-wordpress\/ -->\n<title>Pendeln beeintr\u00e4chtigt Produktivit\u00e4t - Save<\/title>\n<meta name=\"description\" content=\"Pendeln belastet: Laut einer neuen Studie sch\u00e4tzen 37% der Arbeitnehmer, dass die t\u00e4gliche Fahrt zum Arbeitsplatz und zur\u00fcck auf ihre Produktivit\u00e4t schl\u00e4gt.\" \/>\n<meta name=\"robots\" content=\"index, follow, max-snippet:-1, max-image-preview:large, max-video-preview:-1\" \/>\n<link rel=\"canonical\" href=\"https:\/\/news.save.ch\/it\/pendeln-beeintraechtigt-produktivitaet\/\" \/>\n<meta property=\"og:locale\" content=\"it_IT\" \/>\n<meta property=\"og:type\" content=\"article\" \/>\n<meta property=\"og:title\" content=\"Pendeln beeintr\u00e4chtigt Produktivit\u00e4t - Save\" \/>\n<meta property=\"og:description\" content=\"Pendeln belastet: Laut einer neuen Studie sch\u00e4tzen 37% der Arbeitnehmer, dass die t\u00e4gliche Fahrt zum Arbeitsplatz und zur\u00fcck auf ihre Produktivit\u00e4t schl\u00e4gt.\" \/>\n<meta property=\"og:url\" content=\"https:\/\/news.save.ch\/it\/pendeln-beeintraechtigt-produktivitaet\/\" \/>\n<meta property=\"og:site_name\" content=\"Save\" \/>\n<meta property=\"article:published_time\" content=\"2016-09-29T08:13:15+00:00\" \/>\n<meta property=\"og:image\" content=\"https:\/\/news.save.ch\/wp-content\/uploads\/2016\/12\/Pendeln-beeintraechtigt-Produktivitaet_safety-plus.jpg\" \/>\n\t<meta property=\"og:image:width\" content=\"1000\" \/>\n\t<meta property=\"og:image:height\" content=\"667\" \/>\n\t<meta property=\"og:image:type\" content=\"image\/jpeg\" \/>\n<meta name=\"author\" content=\"admin\" \/>\n<meta name=\"twitter:card\" content=\"summary_large_image\" \/>\n<meta name=\"twitter:label1\" content=\"Scritto da\" \/>\n\t<meta name=\"twitter:data1\" content=\"admin\" \/>\n\t<meta name=\"twitter:label2\" content=\"Tempo di lettura stimato\" \/>\n\t<meta name=\"twitter:data2\" content=\"2 minuti\" \/>\n<script type=\"application\/ld+json\" class=\"yoast-schema-graph\">{\"@context\":\"https:\\\/\\\/schema.org\",\"@graph\":[{\"@type\":\"Article\",\"@id\":\"https:\\\/\\\/news.save.ch\\\/pendeln-beeintraechtigt-produktivitaet\\\/#article\",\"isPartOf\":{\"@id\":\"https:\\\/\\\/news.save.ch\\\/pendeln-beeintraechtigt-produktivitaet\\\/\"},\"author\":{\"name\":\"admin\",\"@id\":\"https:\\\/\\\/news.save.ch\\\/de\\\/#\\\/schema\\\/person\\\/d49e199490bad7c70d64b9ab51142f2b\"},\"headline\":\"Pendeln beeintr\u00e4chtigt Produktivit\u00e4t\",\"datePublished\":\"2016-09-29T08:13:15+00:00\",\"mainEntityOfPage\":{\"@id\":\"https:\\\/\\\/news.save.ch\\\/pendeln-beeintraechtigt-produktivitaet\\\/\"},\"wordCount\":388,\"commentCount\":0,\"publisher\":{\"@id\":\"https:\\\/\\\/news.save.ch\\\/de\\\/#organization\"},\"image\":{\"@id\":\"https:\\\/\\\/news.save.ch\\\/pendeln-beeintraechtigt-produktivitaet\\\/#primaryimage\"},\"thumbnailUrl\":\"https:\\\/\\\/news.save.ch\\\/wp-content\\\/uploads\\\/2016\\\/12\\\/Pendeln-beeintraechtigt-Produktivitaet_safety-plus.jpg\",\"keywords\":[\"Arbeitszeit\",\"Mobilit\u00e4tsmanagement\",\"Studie\"],\"articleSection\":[\"ALLGEMEIN\"],\"inLanguage\":\"it-IT\"},{\"@type\":\"WebPage\",\"@id\":\"https:\\\/\\\/news.save.ch\\\/pendeln-beeintraechtigt-produktivitaet\\\/\",\"url\":\"https:\\\/\\\/news.save.ch\\\/pendeln-beeintraechtigt-produktivitaet\\\/\",\"name\":\"Pendeln beeintr\u00e4chtigt Produktivit\u00e4t - Save\",\"isPartOf\":{\"@id\":\"https:\\\/\\\/news.save.ch\\\/de\\\/#website\"},\"primaryImageOfPage\":{\"@id\":\"https:\\\/\\\/news.save.ch\\\/pendeln-beeintraechtigt-produktivitaet\\\/#primaryimage\"},\"image\":{\"@id\":\"https:\\\/\\\/news.save.ch\\\/pendeln-beeintraechtigt-produktivitaet\\\/#primaryimage\"},\"thumbnailUrl\":\"https:\\\/\\\/news.save.ch\\\/wp-content\\\/uploads\\\/2016\\\/12\\\/Pendeln-beeintraechtigt-Produktivitaet_safety-plus.jpg\",\"datePublished\":\"2016-09-29T08:13:15+00:00\",\"description\":\"Pendeln belastet: Laut einer neuen Studie sch\u00e4tzen 37% der Arbeitnehmer, dass die t\u00e4gliche Fahrt zum Arbeitsplatz und zur\u00fcck auf ihre Produktivit\u00e4t schl\u00e4gt.\",\"breadcrumb\":{\"@id\":\"https:\\\/\\\/news.save.ch\\\/pendeln-beeintraechtigt-produktivitaet\\\/#breadcrumb\"},\"inLanguage\":\"it-IT\",\"potentialAction\":[{\"@type\":\"ReadAction\",\"target\":[\"https:\\\/\\\/news.save.ch\\\/pendeln-beeintraechtigt-produktivitaet\\\/\"]}]},{\"@type\":\"ImageObject\",\"inLanguage\":\"it-IT\",\"@id\":\"https:\\\/\\\/news.save.ch\\\/pendeln-beeintraechtigt-produktivitaet\\\/#primaryimage\",\"url\":\"https:\\\/\\\/news.save.ch\\\/wp-content\\\/uploads\\\/2016\\\/12\\\/Pendeln-beeintraechtigt-Produktivitaet_safety-plus.jpg\",\"contentUrl\":\"https:\\\/\\\/news.save.ch\\\/wp-content\\\/uploads\\\/2016\\\/12\\\/Pendeln-beeintraechtigt-Produktivitaet_safety-plus.jpg\",\"width\":1000,\"height\":667,\"caption\":\"Und t\u00e4glich gr\u00fcsst der Stau: Pendeln ist f\u00fcr die meisten Menschen verlorene Zeit.\"},{\"@type\":\"BreadcrumbList\",\"@id\":\"https:\\\/\\\/news.save.ch\\\/pendeln-beeintraechtigt-produktivitaet\\\/#breadcrumb\",\"itemListElement\":[{\"@type\":\"ListItem\",\"position\":1,\"name\":\"Home\",\"item\":\"https:\\\/\\\/news.save.ch\\\/de\\\/\"},{\"@type\":\"ListItem\",\"position\":2,\"name\":\"Pendeln beeintr\u00e4chtigt Produktivit\u00e4t\"}]},{\"@type\":\"WebSite\",\"@id\":\"https:\\\/\\\/news.save.ch\\\/de\\\/#website\",\"url\":\"https:\\\/\\\/news.save.ch\\\/de\\\/\",\"name\":\"Save\",\"description\":\"Schweizer Fachzeitschrift f\u00fcr Sicherheit\",\"publisher\":{\"@id\":\"https:\\\/\\\/news.save.ch\\\/de\\\/#organization\"},\"potentialAction\":[{\"@type\":\"SearchAction\",\"target\":{\"@type\":\"EntryPoint\",\"urlTemplate\":\"https:\\\/\\\/news.save.ch\\\/de\\\/?s={search_term_string}\"},\"query-input\":{\"@type\":\"PropertyValueSpecification\",\"valueRequired\":true,\"valueName\":\"search_term_string\"}}],\"inLanguage\":\"it-IT\"},{\"@type\":\"Organization\",\"@id\":\"https:\\\/\\\/news.save.ch\\\/de\\\/#organization\",\"name\":\"Sicherheitsforum\",\"url\":\"https:\\\/\\\/news.save.ch\\\/de\\\/\",\"logo\":{\"@type\":\"ImageObject\",\"inLanguage\":\"it-IT\",\"@id\":\"https:\\\/\\\/news.save.ch\\\/de\\\/#\\\/schema\\\/logo\\\/image\\\/\",\"url\":\"https:\\\/\\\/news.save.ch\\\/wp-content\\\/uploads\\\/2022\\\/06\\\/Logo_SF_2012.png\",\"contentUrl\":\"https:\\\/\\\/news.save.ch\\\/wp-content\\\/uploads\\\/2022\\\/06\\\/Logo_SF_2012.png\",\"width\":1100,\"height\":91,\"caption\":\"Sicherheitsforum\"},\"image\":{\"@id\":\"https:\\\/\\\/news.save.ch\\\/de\\\/#\\\/schema\\\/logo\\\/image\\\/\"}},{\"@type\":\"Person\",\"@id\":\"https:\\\/\\\/news.save.ch\\\/de\\\/#\\\/schema\\\/person\\\/d49e199490bad7c70d64b9ab51142f2b\",\"name\":\"admin\",\"image\":{\"@type\":\"ImageObject\",\"inLanguage\":\"it-IT\",\"@id\":\"https:\\\/\\\/secure.gravatar.com\\\/avatar\\\/ae2f4d718e6c49043e314ce431e7e645d646302a24a5ef5a8bc8e3f5a032e319?s=96&d=mm&r=g\",\"url\":\"https:\\\/\\\/secure.gravatar.com\\\/avatar\\\/ae2f4d718e6c49043e314ce431e7e645d646302a24a5ef5a8bc8e3f5a032e319?s=96&d=mm&r=g\",\"contentUrl\":\"https:\\\/\\\/secure.gravatar.com\\\/avatar\\\/ae2f4d718e6c49043e314ce431e7e645d646302a24a5ef5a8bc8e3f5a032e319?s=96&d=mm&r=g\",\"caption\":\"admin\"},\"sameAs\":[\"https:\\\/\\\/develop.organisator.galledia.ch\"],\"url\":\"https:\\\/\\\/news.save.ch\\\/it\\\/author\\\/admin\\\/\"}]}<\/script>\n<!-- \/ Yoast SEO plugin. -->","yoast_head_json":{"title":"Il pendolarismo influisce sulla produttivit\u00e0 - Save","description":"Il pendolarismo \u00e8 un pedaggio: Secondo un nuovo studio, 37% dei lavoratori ritengono che il tragitto quotidiano per andare e tornare dal lavoro incida sulla loro produttivit\u00e0.","robots":{"index":"index","follow":"follow","max-snippet":"max-snippet:-1","max-image-preview":"max-image-preview:large","max-video-preview":"max-video-preview:-1"},"canonical":"https:\/\/news.save.ch\/it\/pendeln-beeintraechtigt-produktivitaet\/","og_locale":"it_IT","og_type":"article","og_title":"Pendeln beeintr\u00e4chtigt Produktivit\u00e4t - Save","og_description":"Pendeln belastet: Laut einer neuen Studie sch\u00e4tzen 37% der Arbeitnehmer, dass die t\u00e4gliche Fahrt zum Arbeitsplatz und zur\u00fcck auf ihre Produktivit\u00e4t schl\u00e4gt.","og_url":"https:\/\/news.save.ch\/it\/pendeln-beeintraechtigt-produktivitaet\/","og_site_name":"Save","article_published_time":"2016-09-29T08:13:15+00:00","og_image":[{"width":1000,"height":667,"url":"https:\/\/news.save.ch\/wp-content\/uploads\/2016\/12\/Pendeln-beeintraechtigt-Produktivitaet_safety-plus.jpg","type":"image\/jpeg"}],"author":"admin","twitter_card":"summary_large_image","twitter_misc":{"Scritto da":"admin","Tempo di lettura stimato":"2 minuti"},"schema":{"@context":"https:\/\/schema.org","@graph":[{"@type":"Article","@id":"https:\/\/news.save.ch\/pendeln-beeintraechtigt-produktivitaet\/#article","isPartOf":{"@id":"https:\/\/news.save.ch\/pendeln-beeintraechtigt-produktivitaet\/"},"author":{"name":"admin","@id":"https:\/\/news.save.ch\/de\/#\/schema\/person\/d49e199490bad7c70d64b9ab51142f2b"},"headline":"Pendeln beeintr\u00e4chtigt Produktivit\u00e4t","datePublished":"2016-09-29T08:13:15+00:00","mainEntityOfPage":{"@id":"https:\/\/news.save.ch\/pendeln-beeintraechtigt-produktivitaet\/"},"wordCount":388,"commentCount":0,"publisher":{"@id":"https:\/\/news.save.ch\/de\/#organization"},"image":{"@id":"https:\/\/news.save.ch\/pendeln-beeintraechtigt-produktivitaet\/#primaryimage"},"thumbnailUrl":"https:\/\/news.save.ch\/wp-content\/uploads\/2016\/12\/Pendeln-beeintraechtigt-Produktivitaet_safety-plus.jpg","keywords":["Arbeitszeit","Mobilit\u00e4tsmanagement","Studie"],"articleSection":["ALLGEMEIN"],"inLanguage":"it-IT"},{"@type":"WebPage","@id":"https:\/\/news.save.ch\/pendeln-beeintraechtigt-produktivitaet\/","url":"https:\/\/news.save.ch\/pendeln-beeintraechtigt-produktivitaet\/","name":"Il pendolarismo influisce sulla produttivit\u00e0 - Save","isPartOf":{"@id":"https:\/\/news.save.ch\/de\/#website"},"primaryImageOfPage":{"@id":"https:\/\/news.save.ch\/pendeln-beeintraechtigt-produktivitaet\/#primaryimage"},"image":{"@id":"https:\/\/news.save.ch\/pendeln-beeintraechtigt-produktivitaet\/#primaryimage"},"thumbnailUrl":"https:\/\/news.save.ch\/wp-content\/uploads\/2016\/12\/Pendeln-beeintraechtigt-Produktivitaet_safety-plus.jpg","datePublished":"2016-09-29T08:13:15+00:00","description":"Il pendolarismo \u00e8 un pedaggio: Secondo un nuovo studio, 37% dei lavoratori ritengono che il tragitto quotidiano per andare e tornare dal lavoro incida sulla loro produttivit\u00e0.","breadcrumb":{"@id":"https:\/\/news.save.ch\/pendeln-beeintraechtigt-produktivitaet\/#breadcrumb"},"inLanguage":"it-IT","potentialAction":[{"@type":"ReadAction","target":["https:\/\/news.save.ch\/pendeln-beeintraechtigt-produktivitaet\/"]}]},{"@type":"ImageObject","inLanguage":"it-IT","@id":"https:\/\/news.save.ch\/pendeln-beeintraechtigt-produktivitaet\/#primaryimage","url":"https:\/\/news.save.ch\/wp-content\/uploads\/2016\/12\/Pendeln-beeintraechtigt-Produktivitaet_safety-plus.jpg","contentUrl":"https:\/\/news.save.ch\/wp-content\/uploads\/2016\/12\/Pendeln-beeintraechtigt-Produktivitaet_safety-plus.jpg","width":1000,"height":667,"caption":"Und t\u00e4glich gr\u00fcsst der Stau: Pendeln ist f\u00fcr die meisten Menschen verlorene Zeit."},{"@type":"BreadcrumbList","@id":"https:\/\/news.save.ch\/pendeln-beeintraechtigt-produktivitaet\/#breadcrumb","itemListElement":[{"@type":"ListItem","position":1,"name":"Home","item":"https:\/\/news.save.ch\/de\/"},{"@type":"ListItem","position":2,"name":"Pendeln beeintr\u00e4chtigt Produktivit\u00e4t"}]},{"@type":"WebSite","@id":"https:\/\/news.save.ch\/de\/#website","url":"https:\/\/news.save.ch\/de\/","name":"Risparmiare","description":"Rivista svizzera specializzata in sicurezza","publisher":{"@id":"https:\/\/news.save.ch\/de\/#organization"},"potentialAction":[{"@type":"SearchAction","target":{"@type":"EntryPoint","urlTemplate":"https:\/\/news.save.ch\/de\/?s={search_term_string}"},"query-input":{"@type":"PropertyValueSpecification","valueRequired":true,"valueName":"search_term_string"}}],"inLanguage":"it-IT"},{"@type":"Organization","@id":"https:\/\/news.save.ch\/de\/#organization","name":"Forum sulla sicurezza","url":"https:\/\/news.save.ch\/de\/","logo":{"@type":"ImageObject","inLanguage":"it-IT","@id":"https:\/\/news.save.ch\/de\/#\/schema\/logo\/image\/","url":"https:\/\/news.save.ch\/wp-content\/uploads\/2022\/06\/Logo_SF_2012.png","contentUrl":"https:\/\/news.save.ch\/wp-content\/uploads\/2022\/06\/Logo_SF_2012.png","width":1100,"height":91,"caption":"Sicherheitsforum"},"image":{"@id":"https:\/\/news.save.ch\/de\/#\/schema\/logo\/image\/"}},{"@type":"Person","@id":"https:\/\/news.save.ch\/de\/#\/schema\/person\/d49e199490bad7c70d64b9ab51142f2b","name":"amministratore","image":{"@type":"ImageObject","inLanguage":"it-IT","@id":"https:\/\/secure.gravatar.com\/avatar\/ae2f4d718e6c49043e314ce431e7e645d646302a24a5ef5a8bc8e3f5a032e319?s=96&d=mm&r=g","url":"https:\/\/secure.gravatar.com\/avatar\/ae2f4d718e6c49043e314ce431e7e645d646302a24a5ef5a8bc8e3f5a032e319?s=96&d=mm&r=g","contentUrl":"https:\/\/secure.gravatar.com\/avatar\/ae2f4d718e6c49043e314ce431e7e645d646302a24a5ef5a8bc8e3f5a032e319?s=96&d=mm&r=g","caption":"admin"},"sameAs":["https:\/\/develop.organisator.galledia.ch"],"url":"https:\/\/news.save.ch\/it\/author\/admin\/"}]}},"_links":{"self":[{"href":"https:\/\/news.save.ch\/it\/wp-json\/wp\/v2\/posts\/16775","targetHints":{"allow":["GET"]}}],"collection":[{"href":"https:\/\/news.save.ch\/it\/wp-json\/wp\/v2\/posts"}],"about":[{"href":"https:\/\/news.save.ch\/it\/wp-json\/wp\/v2\/types\/post"}],"author":[{"embeddable":true,"href":"https:\/\/news.save.ch\/it\/wp-json\/wp\/v2\/users\/1"}],"replies":[{"embeddable":true,"href":"https:\/\/news.save.ch\/it\/wp-json\/wp\/v2\/comments?post=16775"}],"version-history":[{"count":0,"href":"https:\/\/news.save.ch\/it\/wp-json\/wp\/v2\/posts\/16775\/revisions"}],"wp:featuredmedia":[{"embeddable":true,"href":"https:\/\/news.save.ch\/it\/wp-json\/wp\/v2\/media\/16144"}],"wp:attachment":[{"href":"https:\/\/news.save.ch\/it\/wp-json\/wp\/v2\/media?parent=16775"}],"wp:term":[{"taxonomy":"category","embeddable":true,"href":"https:\/\/news.save.ch\/it\/wp-json\/wp\/v2\/categories?post=16775"},{"taxonomy":"post_tag","embeddable":true,"href":"https:\/\/news.save.ch\/it\/wp-json\/wp\/v2\/tags?post=16775"}],"curies":[{"name":"wp","href":"https:\/\/api.w.org\/{rel}","templated":true}]}}