{"id":16777,"date":"2016-10-03T10:21:55","date_gmt":"2016-10-03T08:21:55","guid":{"rendered":"http:\/\/dev.safety-plus.ch\/?p=1234"},"modified":"2023-03-14T09:03:01","modified_gmt":"2023-03-14T08:03:01","slug":"mehr-als-die-haelfte-der-raucher-will-aufhoeren","status":null,"type":"post","link":"https:\/\/news.save.ch\/it\/mehr-als-die-haelfte-der-raucher-will-aufhoeren\/","title":{"rendered":"Pi\u00f9 della met\u00e0 dei fumatori vuole smettere di fumare"},"content":{"rendered":"<figure id=\"attachment_1235\" aria-describedby=\"caption-attachment-1235\" style=\"width: 680px\" class=\"wp-caption alignnone\"><img loading=\"lazy\" decoding=\"async\" class=\"wp-image-1235 size-medium\" src=\"http:\/\/develop.safety-plus.ch\/wp-content\/uploads\/2016\/12\/Mehr-als-die-Haelfte-der-Raucher-will-aufhoeren_safety-plus.jpg\" width=\"680\" height=\"454\" \/><figcaption id=\"caption-attachment-1235\" class=\"wp-caption-text\">Pi\u00f9 della met\u00e0 dei fumatori vorrebbe abbandonare il vizio.<\/figcaption><\/figure>\n<p>La percentuale di persone che vogliono smettere di fumare \u00e8 in aumento: In un sondaggio condotto nell'ambito del Monitoraggio delle dipendenze in Svizzera 2015, una persona su due che fuma (52,8%) ha dichiarato di voler smettere di fumare. Rispetto al 2011, questo numero \u00e8 aumentato di 11,4 punti percentuali. Questa tendenza si osserva sia tra i fumatori quotidiani che tra quelli occasionali.<\/p>\n<p>Il 24% dei fumatori, il 22,3% dei fumatori quotidiani e il 27,7% dei fumatori occasionali hanno tentato senza successo di smettere di fumare negli ultimi dodici mesi. I dati relativi agli ex fumatori quotidiani mostrano che spesso \u00e8 necessario un secondo tentativo. Solo il 19,9% ha smesso al primo tentativo, il 35,0% al secondo. Di conseguenza, l'80% ha provato a smettere di fumare pi\u00f9 di una volta fino a quando non ci \u00e8 riuscito.<\/p>\n<p><strong>La Lega polmonare sostiene la cessazione del fumo<\/strong><br \/>\nLa Lega polmonare sostiene e consiglia le persone che vogliono smettere di fumare. Perch\u00e9 la cessazione del fumo ha pi\u00f9 spesso successo con una consulenza professionale per smettere di fumare. Se siete alla ricerca di un sostegno professionale, potete iscrivervi alla consulenza per smettere di fumare presso le Leghe polmonari cantonali. Altri servizi si sono dimostrati efficaci nell'aiutare le persone a smettere di fumare: Nel progetto \"J'arr\u00eate de fumer\", attualmente in corso in sei cantoni della Svizzera francese, tutti i partecipanti registrati smettono di fumare insieme lo stesso giorno. A partire da questa data, riceveranno ogni giorno un consiglio via Facebook e potranno usufruire di un'assistenza personale. Facebook offre anche l'opportunit\u00e0 di scambiare idee con altri partecipanti. Nell'ambito del progetto \"Aziende libere dal fumo\", la Lega polmonare sostiene le aziende che vogliono offrire ai propri dipendenti una formazione professionale e collaudata per smettere di fumare.<\/p>\n<p>Testo: Lega polmonare svizzera<\/p>","protected":false},"excerpt":{"rendered":"<p>Der Anteil der Personen, die mit dem Rauchen aufh\u00f6ren wollen, steigt: Bei einer Umfrage im Rahmen des Suchtmonitoring Schweiz 2015 gab jede zweite rauchende Person (52,8%) an, das Rauchen aufgeben zu wollen. Gegen\u00fcber 2011 ist diese Zahl um 11,4 Prozentpunkte gestiegen. Sowohl bei den t\u00e4glich Rauchenden als auch bei den Gelegenheitsrauchenden ist dieser Trend zu [&hellip;]<\/p>\n","protected":false},"author":1,"featured_media":16146,"comment_status":"open","ping_status":"open","sticky":false,"template":"","format":"standard","meta":{"_acf_changed":false,"pgc_sgb_lightbox_settings":"","footnotes":""},"categories":[1,3314],"tags":[149,3027],"class_list":["post-16777","post","type-post","status-publish","format-standard","has-post-thumbnail","hentry","category-allgemein","category-health-safety","tag-gesundheitsschutz","tag-sucht"],"acf":[],"hkrextid":null,"publication":null,"issue":null,"workflow":null,"startPage":null,"spitzmarke":null,"_posts_by_tag_page_fields":{"widget_title":"","widget_tags":""},"_at_widget":"1","_yoast_wpseo_primary_category":"4","_yoast_wpseo_focuskw_text_input":"Raucher","_yoast_wpseo_opengraph-image":null,"_yoast_wpseo_opengraph-description":null,"_yoast_wpseo_opengraph-title":null,"enclosure":null,"_yoast_wpseo_twitter-title":null,"_yoast_wpseo_twitter-description":null,"_yoast_wpseo_twitter-image":null,"_wp_old_slug":null,"_yoast_wpseo_title":null,"_yoast_wpseo_canonical":null,"yoast_head":"<!-- This site is optimized with the Yoast SEO plugin v27.5 - https:\/\/yoast.com\/product\/yoast-seo-wordpress\/ -->\n<title>Mehr als die H\u00e4lfte der Raucher will aufh\u00f6ren - Save<\/title>\n<meta name=\"description\" content=\"Gem\u00e4ss einer Umfrage im Rahmen des Suchtmonitoring Schweiz m\u00f6chten 52,8 Prozent der Raucherinnen und Raucher das Rauchen aufgeben.\" \/>\n<meta name=\"robots\" content=\"index, follow, max-snippet:-1, max-image-preview:large, max-video-preview:-1\" \/>\n<link rel=\"canonical\" href=\"https:\/\/news.save.ch\/it\/mehr-als-die-haelfte-der-raucher-will-aufhoeren\/\" \/>\n<meta property=\"og:locale\" content=\"it_IT\" \/>\n<meta property=\"og:type\" content=\"article\" \/>\n<meta property=\"og:title\" content=\"Mehr als die H\u00e4lfte der Raucher will aufh\u00f6ren - Save\" \/>\n<meta property=\"og:description\" content=\"Gem\u00e4ss einer Umfrage im Rahmen des Suchtmonitoring Schweiz m\u00f6chten 52,8 Prozent der Raucherinnen und Raucher das Rauchen aufgeben.\" \/>\n<meta property=\"og:url\" content=\"https:\/\/news.save.ch\/it\/mehr-als-die-haelfte-der-raucher-will-aufhoeren\/\" \/>\n<meta property=\"og:site_name\" content=\"Save\" \/>\n<meta property=\"article:published_time\" content=\"2016-10-03T08:21:55+00:00\" \/>\n<meta property=\"article:modified_time\" content=\"2023-03-14T08:03:01+00:00\" \/>\n<meta property=\"og:image\" content=\"https:\/\/news.save.ch\/wp-content\/uploads\/2016\/12\/Mehr-als-die-Haelfte-der-Raucher-will-aufhoeren_safety-plus.jpg\" \/>\n\t<meta property=\"og:image:width\" content=\"1000\" \/>\n\t<meta property=\"og:image:height\" content=\"667\" \/>\n\t<meta property=\"og:image:type\" content=\"image\/jpeg\" \/>\n<meta name=\"author\" content=\"admin\" \/>\n<meta name=\"twitter:card\" content=\"summary_large_image\" \/>\n<meta name=\"twitter:label1\" content=\"Scritto da\" \/>\n\t<meta name=\"twitter:data1\" content=\"admin\" \/>\n\t<meta name=\"twitter:label2\" content=\"Tempo di lettura stimato\" \/>\n\t<meta name=\"twitter:data2\" content=\"1 minuto\" \/>\n<script type=\"application\/ld+json\" class=\"yoast-schema-graph\">{\"@context\":\"https:\\\/\\\/schema.org\",\"@graph\":[{\"@type\":\"Article\",\"@id\":\"https:\\\/\\\/news.save.ch\\\/mehr-als-die-haelfte-der-raucher-will-aufhoeren\\\/#article\",\"isPartOf\":{\"@id\":\"https:\\\/\\\/news.save.ch\\\/mehr-als-die-haelfte-der-raucher-will-aufhoeren\\\/\"},\"author\":{\"name\":\"admin\",\"@id\":\"https:\\\/\\\/news.save.ch\\\/de\\\/#\\\/schema\\\/person\\\/d49e199490bad7c70d64b9ab51142f2b\"},\"headline\":\"Mehr als die H\u00e4lfte der Raucher will aufh\u00f6ren\",\"datePublished\":\"2016-10-03T08:21:55+00:00\",\"dateModified\":\"2023-03-14T08:03:01+00:00\",\"mainEntityOfPage\":{\"@id\":\"https:\\\/\\\/news.save.ch\\\/mehr-als-die-haelfte-der-raucher-will-aufhoeren\\\/\"},\"wordCount\":301,\"commentCount\":0,\"publisher\":{\"@id\":\"https:\\\/\\\/news.save.ch\\\/de\\\/#organization\"},\"image\":{\"@id\":\"https:\\\/\\\/news.save.ch\\\/mehr-als-die-haelfte-der-raucher-will-aufhoeren\\\/#primaryimage\"},\"thumbnailUrl\":\"https:\\\/\\\/news.save.ch\\\/wp-content\\\/uploads\\\/2016\\\/12\\\/Mehr-als-die-Haelfte-der-Raucher-will-aufhoeren_safety-plus.jpg\",\"keywords\":[\"Gesundheitsschutz\",\"Sucht\"],\"articleSection\":[\"ALLGEMEIN\",\"HEALTH &amp; SAFETY\"],\"inLanguage\":\"it-IT\"},{\"@type\":\"WebPage\",\"@id\":\"https:\\\/\\\/news.save.ch\\\/mehr-als-die-haelfte-der-raucher-will-aufhoeren\\\/\",\"url\":\"https:\\\/\\\/news.save.ch\\\/mehr-als-die-haelfte-der-raucher-will-aufhoeren\\\/\",\"name\":\"Mehr als die H\u00e4lfte der Raucher will aufh\u00f6ren - Save\",\"isPartOf\":{\"@id\":\"https:\\\/\\\/news.save.ch\\\/de\\\/#website\"},\"primaryImageOfPage\":{\"@id\":\"https:\\\/\\\/news.save.ch\\\/mehr-als-die-haelfte-der-raucher-will-aufhoeren\\\/#primaryimage\"},\"image\":{\"@id\":\"https:\\\/\\\/news.save.ch\\\/mehr-als-die-haelfte-der-raucher-will-aufhoeren\\\/#primaryimage\"},\"thumbnailUrl\":\"https:\\\/\\\/news.save.ch\\\/wp-content\\\/uploads\\\/2016\\\/12\\\/Mehr-als-die-Haelfte-der-Raucher-will-aufhoeren_safety-plus.jpg\",\"datePublished\":\"2016-10-03T08:21:55+00:00\",\"dateModified\":\"2023-03-14T08:03:01+00:00\",\"description\":\"Gem\u00e4ss einer Umfrage im Rahmen des Suchtmonitoring Schweiz m\u00f6chten 52,8 Prozent der Raucherinnen und Raucher das Rauchen aufgeben.\",\"breadcrumb\":{\"@id\":\"https:\\\/\\\/news.save.ch\\\/mehr-als-die-haelfte-der-raucher-will-aufhoeren\\\/#breadcrumb\"},\"inLanguage\":\"it-IT\",\"potentialAction\":[{\"@type\":\"ReadAction\",\"target\":[\"https:\\\/\\\/news.save.ch\\\/mehr-als-die-haelfte-der-raucher-will-aufhoeren\\\/\"]}]},{\"@type\":\"ImageObject\",\"inLanguage\":\"it-IT\",\"@id\":\"https:\\\/\\\/news.save.ch\\\/mehr-als-die-haelfte-der-raucher-will-aufhoeren\\\/#primaryimage\",\"url\":\"https:\\\/\\\/news.save.ch\\\/wp-content\\\/uploads\\\/2016\\\/12\\\/Mehr-als-die-Haelfte-der-Raucher-will-aufhoeren_safety-plus.jpg\",\"contentUrl\":\"https:\\\/\\\/news.save.ch\\\/wp-content\\\/uploads\\\/2016\\\/12\\\/Mehr-als-die-Haelfte-der-Raucher-will-aufhoeren_safety-plus.jpg\",\"width\":1000,\"height\":667,\"caption\":\"\u00dcber die H\u00e4lfte der Raucher w\u00fcrden ihr Laster gerne ablegen.\"},{\"@type\":\"BreadcrumbList\",\"@id\":\"https:\\\/\\\/news.save.ch\\\/mehr-als-die-haelfte-der-raucher-will-aufhoeren\\\/#breadcrumb\",\"itemListElement\":[{\"@type\":\"ListItem\",\"position\":1,\"name\":\"Home\",\"item\":\"https:\\\/\\\/news.save.ch\\\/de\\\/\"},{\"@type\":\"ListItem\",\"position\":2,\"name\":\"Mehr als die H\u00e4lfte der Raucher will aufh\u00f6ren\"}]},{\"@type\":\"WebSite\",\"@id\":\"https:\\\/\\\/news.save.ch\\\/de\\\/#website\",\"url\":\"https:\\\/\\\/news.save.ch\\\/de\\\/\",\"name\":\"Save\",\"description\":\"Schweizer Fachzeitschrift f\u00fcr Sicherheit\",\"publisher\":{\"@id\":\"https:\\\/\\\/news.save.ch\\\/de\\\/#organization\"},\"potentialAction\":[{\"@type\":\"SearchAction\",\"target\":{\"@type\":\"EntryPoint\",\"urlTemplate\":\"https:\\\/\\\/news.save.ch\\\/de\\\/?s={search_term_string}\"},\"query-input\":{\"@type\":\"PropertyValueSpecification\",\"valueRequired\":true,\"valueName\":\"search_term_string\"}}],\"inLanguage\":\"it-IT\"},{\"@type\":\"Organization\",\"@id\":\"https:\\\/\\\/news.save.ch\\\/de\\\/#organization\",\"name\":\"Sicherheitsforum\",\"url\":\"https:\\\/\\\/news.save.ch\\\/de\\\/\",\"logo\":{\"@type\":\"ImageObject\",\"inLanguage\":\"it-IT\",\"@id\":\"https:\\\/\\\/news.save.ch\\\/de\\\/#\\\/schema\\\/logo\\\/image\\\/\",\"url\":\"https:\\\/\\\/news.save.ch\\\/wp-content\\\/uploads\\\/2022\\\/06\\\/Logo_SF_2012.png\",\"contentUrl\":\"https:\\\/\\\/news.save.ch\\\/wp-content\\\/uploads\\\/2022\\\/06\\\/Logo_SF_2012.png\",\"width\":1100,\"height\":91,\"caption\":\"Sicherheitsforum\"},\"image\":{\"@id\":\"https:\\\/\\\/news.save.ch\\\/de\\\/#\\\/schema\\\/logo\\\/image\\\/\"}},{\"@type\":\"Person\",\"@id\":\"https:\\\/\\\/news.save.ch\\\/de\\\/#\\\/schema\\\/person\\\/d49e199490bad7c70d64b9ab51142f2b\",\"name\":\"admin\",\"image\":{\"@type\":\"ImageObject\",\"inLanguage\":\"it-IT\",\"@id\":\"https:\\\/\\\/secure.gravatar.com\\\/avatar\\\/ae2f4d718e6c49043e314ce431e7e645d646302a24a5ef5a8bc8e3f5a032e319?s=96&d=mm&r=g\",\"url\":\"https:\\\/\\\/secure.gravatar.com\\\/avatar\\\/ae2f4d718e6c49043e314ce431e7e645d646302a24a5ef5a8bc8e3f5a032e319?s=96&d=mm&r=g\",\"contentUrl\":\"https:\\\/\\\/secure.gravatar.com\\\/avatar\\\/ae2f4d718e6c49043e314ce431e7e645d646302a24a5ef5a8bc8e3f5a032e319?s=96&d=mm&r=g\",\"caption\":\"admin\"},\"sameAs\":[\"https:\\\/\\\/develop.organisator.galledia.ch\"],\"url\":\"https:\\\/\\\/news.save.ch\\\/it\\\/author\\\/admin\\\/\"}]}<\/script>\n<!-- \/ Yoast SEO plugin. -->","yoast_head_json":{"title":"Pi\u00f9 della met\u00e0 dei fumatori vuole smettere - Save","description":"Secondo un sondaggio condotto nell'ambito del Monitoraggio delle Dipendenze in Svizzera, il 52,8% dei fumatori vorrebbe smettere di fumare.","robots":{"index":"index","follow":"follow","max-snippet":"max-snippet:-1","max-image-preview":"max-image-preview:large","max-video-preview":"max-video-preview:-1"},"canonical":"https:\/\/news.save.ch\/it\/mehr-als-die-haelfte-der-raucher-will-aufhoeren\/","og_locale":"it_IT","og_type":"article","og_title":"Mehr als die H\u00e4lfte der Raucher will aufh\u00f6ren - Save","og_description":"Gem\u00e4ss einer Umfrage im Rahmen des Suchtmonitoring Schweiz m\u00f6chten 52,8 Prozent der Raucherinnen und Raucher das Rauchen aufgeben.","og_url":"https:\/\/news.save.ch\/it\/mehr-als-die-haelfte-der-raucher-will-aufhoeren\/","og_site_name":"Save","article_published_time":"2016-10-03T08:21:55+00:00","article_modified_time":"2023-03-14T08:03:01+00:00","og_image":[{"width":1000,"height":667,"url":"https:\/\/news.save.ch\/wp-content\/uploads\/2016\/12\/Mehr-als-die-Haelfte-der-Raucher-will-aufhoeren_safety-plus.jpg","type":"image\/jpeg"}],"author":"admin","twitter_card":"summary_large_image","twitter_misc":{"Scritto da":"admin","Tempo di lettura stimato":"1 minuto"},"schema":{"@context":"https:\/\/schema.org","@graph":[{"@type":"Article","@id":"https:\/\/news.save.ch\/mehr-als-die-haelfte-der-raucher-will-aufhoeren\/#article","isPartOf":{"@id":"https:\/\/news.save.ch\/mehr-als-die-haelfte-der-raucher-will-aufhoeren\/"},"author":{"name":"admin","@id":"https:\/\/news.save.ch\/de\/#\/schema\/person\/d49e199490bad7c70d64b9ab51142f2b"},"headline":"Mehr als die H\u00e4lfte der Raucher will aufh\u00f6ren","datePublished":"2016-10-03T08:21:55+00:00","dateModified":"2023-03-14T08:03:01+00:00","mainEntityOfPage":{"@id":"https:\/\/news.save.ch\/mehr-als-die-haelfte-der-raucher-will-aufhoeren\/"},"wordCount":301,"commentCount":0,"publisher":{"@id":"https:\/\/news.save.ch\/de\/#organization"},"image":{"@id":"https:\/\/news.save.ch\/mehr-als-die-haelfte-der-raucher-will-aufhoeren\/#primaryimage"},"thumbnailUrl":"https:\/\/news.save.ch\/wp-content\/uploads\/2016\/12\/Mehr-als-die-Haelfte-der-Raucher-will-aufhoeren_safety-plus.jpg","keywords":["Gesundheitsschutz","Sucht"],"articleSection":["ALLGEMEIN","HEALTH &amp; SAFETY"],"inLanguage":"it-IT"},{"@type":"WebPage","@id":"https:\/\/news.save.ch\/mehr-als-die-haelfte-der-raucher-will-aufhoeren\/","url":"https:\/\/news.save.ch\/mehr-als-die-haelfte-der-raucher-will-aufhoeren\/","name":"Pi\u00f9 della met\u00e0 dei fumatori vuole smettere - Save","isPartOf":{"@id":"https:\/\/news.save.ch\/de\/#website"},"primaryImageOfPage":{"@id":"https:\/\/news.save.ch\/mehr-als-die-haelfte-der-raucher-will-aufhoeren\/#primaryimage"},"image":{"@id":"https:\/\/news.save.ch\/mehr-als-die-haelfte-der-raucher-will-aufhoeren\/#primaryimage"},"thumbnailUrl":"https:\/\/news.save.ch\/wp-content\/uploads\/2016\/12\/Mehr-als-die-Haelfte-der-Raucher-will-aufhoeren_safety-plus.jpg","datePublished":"2016-10-03T08:21:55+00:00","dateModified":"2023-03-14T08:03:01+00:00","description":"Secondo un sondaggio condotto nell'ambito del Monitoraggio delle Dipendenze in Svizzera, il 52,8% dei fumatori vorrebbe smettere di fumare.","breadcrumb":{"@id":"https:\/\/news.save.ch\/mehr-als-die-haelfte-der-raucher-will-aufhoeren\/#breadcrumb"},"inLanguage":"it-IT","potentialAction":[{"@type":"ReadAction","target":["https:\/\/news.save.ch\/mehr-als-die-haelfte-der-raucher-will-aufhoeren\/"]}]},{"@type":"ImageObject","inLanguage":"it-IT","@id":"https:\/\/news.save.ch\/mehr-als-die-haelfte-der-raucher-will-aufhoeren\/#primaryimage","url":"https:\/\/news.save.ch\/wp-content\/uploads\/2016\/12\/Mehr-als-die-Haelfte-der-Raucher-will-aufhoeren_safety-plus.jpg","contentUrl":"https:\/\/news.save.ch\/wp-content\/uploads\/2016\/12\/Mehr-als-die-Haelfte-der-Raucher-will-aufhoeren_safety-plus.jpg","width":1000,"height":667,"caption":"\u00dcber die H\u00e4lfte der Raucher w\u00fcrden ihr Laster gerne ablegen."},{"@type":"BreadcrumbList","@id":"https:\/\/news.save.ch\/mehr-als-die-haelfte-der-raucher-will-aufhoeren\/#breadcrumb","itemListElement":[{"@type":"ListItem","position":1,"name":"Home","item":"https:\/\/news.save.ch\/de\/"},{"@type":"ListItem","position":2,"name":"Mehr als die H\u00e4lfte der Raucher will aufh\u00f6ren"}]},{"@type":"WebSite","@id":"https:\/\/news.save.ch\/de\/#website","url":"https:\/\/news.save.ch\/de\/","name":"Risparmiare","description":"Rivista svizzera specializzata in sicurezza","publisher":{"@id":"https:\/\/news.save.ch\/de\/#organization"},"potentialAction":[{"@type":"SearchAction","target":{"@type":"EntryPoint","urlTemplate":"https:\/\/news.save.ch\/de\/?s={search_term_string}"},"query-input":{"@type":"PropertyValueSpecification","valueRequired":true,"valueName":"search_term_string"}}],"inLanguage":"it-IT"},{"@type":"Organization","@id":"https:\/\/news.save.ch\/de\/#organization","name":"Forum sulla sicurezza","url":"https:\/\/news.save.ch\/de\/","logo":{"@type":"ImageObject","inLanguage":"it-IT","@id":"https:\/\/news.save.ch\/de\/#\/schema\/logo\/image\/","url":"https:\/\/news.save.ch\/wp-content\/uploads\/2022\/06\/Logo_SF_2012.png","contentUrl":"https:\/\/news.save.ch\/wp-content\/uploads\/2022\/06\/Logo_SF_2012.png","width":1100,"height":91,"caption":"Sicherheitsforum"},"image":{"@id":"https:\/\/news.save.ch\/de\/#\/schema\/logo\/image\/"}},{"@type":"Person","@id":"https:\/\/news.save.ch\/de\/#\/schema\/person\/d49e199490bad7c70d64b9ab51142f2b","name":"amministratore","image":{"@type":"ImageObject","inLanguage":"it-IT","@id":"https:\/\/secure.gravatar.com\/avatar\/ae2f4d718e6c49043e314ce431e7e645d646302a24a5ef5a8bc8e3f5a032e319?s=96&d=mm&r=g","url":"https:\/\/secure.gravatar.com\/avatar\/ae2f4d718e6c49043e314ce431e7e645d646302a24a5ef5a8bc8e3f5a032e319?s=96&d=mm&r=g","contentUrl":"https:\/\/secure.gravatar.com\/avatar\/ae2f4d718e6c49043e314ce431e7e645d646302a24a5ef5a8bc8e3f5a032e319?s=96&d=mm&r=g","caption":"admin"},"sameAs":["https:\/\/develop.organisator.galledia.ch"],"url":"https:\/\/news.save.ch\/it\/author\/admin\/"}]}},"_links":{"self":[{"href":"https:\/\/news.save.ch\/it\/wp-json\/wp\/v2\/posts\/16777","targetHints":{"allow":["GET"]}}],"collection":[{"href":"https:\/\/news.save.ch\/it\/wp-json\/wp\/v2\/posts"}],"about":[{"href":"https:\/\/news.save.ch\/it\/wp-json\/wp\/v2\/types\/post"}],"author":[{"embeddable":true,"href":"https:\/\/news.save.ch\/it\/wp-json\/wp\/v2\/users\/1"}],"replies":[{"embeddable":true,"href":"https:\/\/news.save.ch\/it\/wp-json\/wp\/v2\/comments?post=16777"}],"version-history":[{"count":1,"href":"https:\/\/news.save.ch\/it\/wp-json\/wp\/v2\/posts\/16777\/revisions"}],"predecessor-version":[{"id":18813,"href":"https:\/\/news.save.ch\/it\/wp-json\/wp\/v2\/posts\/16777\/revisions\/18813"}],"wp:featuredmedia":[{"embeddable":true,"href":"https:\/\/news.save.ch\/it\/wp-json\/wp\/v2\/media\/16146"}],"wp:attachment":[{"href":"https:\/\/news.save.ch\/it\/wp-json\/wp\/v2\/media?parent=16777"}],"wp:term":[{"taxonomy":"category","embeddable":true,"href":"https:\/\/news.save.ch\/it\/wp-json\/wp\/v2\/categories?post=16777"},{"taxonomy":"post_tag","embeddable":true,"href":"https:\/\/news.save.ch\/it\/wp-json\/wp\/v2\/tags?post=16777"}],"curies":[{"name":"wp","href":"https:\/\/api.w.org\/{rel}","templated":true}]}}