{"id":16779,"date":"2016-10-14T10:29:56","date_gmt":"2016-10-14T08:29:56","guid":{"rendered":"http:\/\/dev.safety-plus.ch\/?p=1244"},"modified":"2023-03-14T09:01:07","modified_gmt":"2023-03-14T08:01:07","slug":"mehr-anreize-fuer-reintegration","status":null,"type":"post","link":"https:\/\/news.save.ch\/it\/mehr-anreize-fuer-reintegration\/","title":{"rendered":"Pi\u00f9 incentivi per il reinserimento"},"content":{"rendered":"<figure id=\"attachment_1245\" aria-describedby=\"caption-attachment-1245\" style=\"width: 680px\" class=\"wp-caption alignnone\"><img loading=\"lazy\" decoding=\"async\" class=\"wp-image-1245 size-medium\" src=\"http:\/\/develop.safety-plus.ch\/wp-content\/uploads\/2016\/12\/Mehr-Anreize-fuer-Reintegration_safety-plus.jpg\" width=\"680\" height=\"453\" \/><figcaption id=\"caption-attachment-1245\" class=\"wp-caption-text\">Sostenere le aziende che offrono luoghi di lavoro adeguati per i dipendenti infortunati<\/figcaption><\/figure>\n<p>L'attuale situazione economica e l'avanzare della digitalizzazione rendono sempre pi\u00f9 difficile il reinserimento nel mercato del lavoro dei lavoratori infortunati, soprattutto se non formati o formati male. Per sostenere le aziende che offrono posti di lavoro adeguati a queste persone, la Suva ha lanciato il programma \"Incentivi per il reinserimento aziendale\".<\/p>\n<p>L'attenzione si concentra sulle persone che non sono pi\u00f9 in grado di svolgere la loro occupazione originaria dopo un infortunio o che possono tornare al lavoro solo con un grande impegno da parte del datore di lavoro. Un altro criterio \u00e8 che non si abbia diritto a una misura professionale da parte dell'assicurazione invalidit\u00e0 (AI) - o perch\u00e9 le persone colpite non hanno diritto a una riqualificazione senza formazione o perch\u00e9 l'AI non diventa attiva per un altro motivo. Tuttavia, il programma viene attuato in stretta collaborazione tra la Suva e l'AI.<\/p>\n<p><strong>20.000 franchi di tassa di successo<\/strong><\/p>\n<p>Un numero significativamente maggiore di assicurati e di aziende dovrebbe ora beneficiare del sistema di incentivi ottimizzato. A tal fine, la Suva sta ampliando le sue prestazioni. In futuro, l'offerta sar\u00e0 disponibile anche per le aziende che reintegrano i propri dipendenti che hanno subito un infortunio. Finora il sistema di incentivi si applicava alle aziende che avevano creato un posto di lavoro per un dipendente che aveva subito un infortunio. Perch\u00e9: \"Preferiamo dare ai nostri assicurati delle prospettive piuttosto che una pensione\", afferma Peter Diermann, responsabile delle prestazioni assicurative della Suva.<\/p>\n<p>Il nuovo sistema di incentivi consente alla Suva di coprire i costi di reinserimento fino a 20.000 franchi. \"Ci\u00f2 comprende, ad esempio, gli adeguamenti del posto di lavoro, i costi di familiarizzazione con un nuovo lavoro o i corsi di formazione in vista di un ricollocamento o di una nuova occupazione\", spiega Diermann. Inoltre, se la misura viene portata a termine con successo, pu\u00f2 essere pagata una tassa di successo di 20.000 franchi. Questi costi non comportano un onere di premio per l'azienda. L'obiettivo della Suva \u00e8 quello di ottenere risparmi finanziari attraverso queste misure.<\/p>\n<p>Il programma \"Incentivi per il reinserimento professionale\" sostituisce il progetto pilota \"Iniziativa per il reinserimento professionale\", con il quale la Suva ha reinserito 180 assicurati negli ultimi cinque anni e ha risparmiato 30 milioni di franchi svizzeri nel pagamento delle pensioni.<\/p>\n<p><em>Fonte: Suva<\/em><\/p>","protected":false},"excerpt":{"rendered":"<p>Die aktuelle Wirtschaftslage und die voranschreitende Digitalisierung machen es zunehmend schwierig, verunfallte Arbeitnehmerinnen und Arbeitnehmer in den Arbeitsmarkt zur\u00fcckzuf\u00fchren \u2013 vor allem, wenn diese gar nicht oder nur schlecht ausgebildet sind. Um Unternehmen zu unterst\u00fctzen, die f\u00fcr diese Menschen geeignete Arbeitspl\u00e4tze bereitstellen, lanciert die Suva jetzt das Programm \u00abAnreize f\u00fcr die betriebliche Wiedereingliederung\u00bb. Im Fokus [&hellip;]<\/p>\n","protected":false},"author":1,"featured_media":1245,"comment_status":"open","ping_status":"open","sticky":false,"template":"","format":"standard","meta":{"_acf_changed":false,"pgc_sgb_lightbox_settings":"","footnotes":""},"categories":[1,3314],"tags":[172,167],"class_list":["post-16779","post","type-post","status-publish","format-standard","has-post-thumbnail","hentry","category-allgemein","category-health-safety","tag-arbeitssicherheit","tag-suva"],"acf":[],"hkrextid":null,"publication":null,"issue":null,"workflow":null,"startPage":null,"spitzmarke":null,"_posts_by_tag_page_fields":{"widget_title":"","widget_tags":""},"_at_widget":"1","_yoast_wpseo_primary_category":"5","_yoast_wpseo_focuskw_text_input":"Reintegration","_yoast_wpseo_opengraph-image":null,"_yoast_wpseo_opengraph-description":null,"_yoast_wpseo_opengraph-title":null,"enclosure":null,"_yoast_wpseo_twitter-title":null,"_yoast_wpseo_twitter-description":null,"_yoast_wpseo_twitter-image":null,"_wp_old_slug":null,"_yoast_wpseo_title":null,"_yoast_wpseo_canonical":null,"yoast_head":"<!-- This site is optimized with the Yoast SEO plugin v27.5 - https:\/\/yoast.com\/product\/yoast-seo-wordpress\/ -->\n<title>Mehr Anreize f\u00fcr Reintegration - Save<\/title>\n<meta name=\"description\" content=\"Reintegration: Nach erfolgreichem Pilotversuch baut die Suva ihr Reintegrationsprogramm aus. Damit will sie Arbeitgebern mehr finanzielle Anreize bieten.\" \/>\n<meta name=\"robots\" content=\"index, follow, max-snippet:-1, max-image-preview:large, max-video-preview:-1\" \/>\n<link rel=\"canonical\" href=\"https:\/\/news.save.ch\/it\/mehr-anreize-fuer-reintegration\/\" \/>\n<meta property=\"og:locale\" content=\"it_IT\" \/>\n<meta property=\"og:type\" content=\"article\" \/>\n<meta property=\"og:title\" content=\"Mehr Anreize f\u00fcr Reintegration - Save\" \/>\n<meta property=\"og:description\" content=\"Reintegration: Nach erfolgreichem Pilotversuch baut die Suva ihr Reintegrationsprogramm aus. Damit will sie Arbeitgebern mehr finanzielle Anreize bieten.\" \/>\n<meta property=\"og:url\" content=\"https:\/\/news.save.ch\/it\/mehr-anreize-fuer-reintegration\/\" \/>\n<meta property=\"og:site_name\" content=\"Save\" \/>\n<meta property=\"article:published_time\" content=\"2016-10-14T08:29:56+00:00\" \/>\n<meta property=\"article:modified_time\" content=\"2023-03-14T08:01:07+00:00\" \/>\n<meta property=\"og:image\" content=\"https:\/\/news.save.ch\/wp-content\/uploads\/2016\/12\/Mehr-Anreize-fuer-Reintegration_safety-plus-scaled-1.jpg\" \/>\n\t<meta property=\"og:image:width\" content=\"1200\" \/>\n\t<meta property=\"og:image:height\" content=\"800\" \/>\n\t<meta property=\"og:image:type\" content=\"image\/jpeg\" \/>\n<meta name=\"author\" content=\"admin\" \/>\n<meta name=\"twitter:card\" content=\"summary_large_image\" \/>\n<meta name=\"twitter:label1\" content=\"Scritto da\" \/>\n\t<meta name=\"twitter:data1\" content=\"admin\" \/>\n\t<meta name=\"twitter:label2\" content=\"Tempo di lettura stimato\" \/>\n\t<meta name=\"twitter:data2\" content=\"2 minuti\" \/>\n<script type=\"application\/ld+json\" class=\"yoast-schema-graph\">{\"@context\":\"https:\\\/\\\/schema.org\",\"@graph\":[{\"@type\":\"Article\",\"@id\":\"https:\\\/\\\/news.save.ch\\\/mehr-anreize-fuer-reintegration\\\/#article\",\"isPartOf\":{\"@id\":\"https:\\\/\\\/news.save.ch\\\/mehr-anreize-fuer-reintegration\\\/\"},\"author\":{\"name\":\"admin\",\"@id\":\"https:\\\/\\\/news.save.ch\\\/de\\\/#\\\/schema\\\/person\\\/d49e199490bad7c70d64b9ab51142f2b\"},\"headline\":\"Mehr Anreize f\u00fcr Reintegration\",\"datePublished\":\"2016-10-14T08:29:56+00:00\",\"dateModified\":\"2023-03-14T08:01:07+00:00\",\"mainEntityOfPage\":{\"@id\":\"https:\\\/\\\/news.save.ch\\\/mehr-anreize-fuer-reintegration\\\/\"},\"wordCount\":355,\"commentCount\":0,\"publisher\":{\"@id\":\"https:\\\/\\\/news.save.ch\\\/de\\\/#organization\"},\"image\":{\"@id\":\"https:\\\/\\\/news.save.ch\\\/mehr-anreize-fuer-reintegration\\\/#primaryimage\"},\"thumbnailUrl\":\"https:\\\/\\\/news.save.ch\\\/wp-content\\\/uploads\\\/2016\\\/12\\\/Mehr-Anreize-fuer-Reintegration_safety-plus-scaled-1.jpg\",\"keywords\":[\"Arbeitssicherheit\",\"SUVA\"],\"articleSection\":[\"ALLGEMEIN\",\"HEALTH &amp; SAFETY\"],\"inLanguage\":\"it-IT\"},{\"@type\":\"WebPage\",\"@id\":\"https:\\\/\\\/news.save.ch\\\/mehr-anreize-fuer-reintegration\\\/\",\"url\":\"https:\\\/\\\/news.save.ch\\\/mehr-anreize-fuer-reintegration\\\/\",\"name\":\"Mehr Anreize f\u00fcr Reintegration - Save\",\"isPartOf\":{\"@id\":\"https:\\\/\\\/news.save.ch\\\/de\\\/#website\"},\"primaryImageOfPage\":{\"@id\":\"https:\\\/\\\/news.save.ch\\\/mehr-anreize-fuer-reintegration\\\/#primaryimage\"},\"image\":{\"@id\":\"https:\\\/\\\/news.save.ch\\\/mehr-anreize-fuer-reintegration\\\/#primaryimage\"},\"thumbnailUrl\":\"https:\\\/\\\/news.save.ch\\\/wp-content\\\/uploads\\\/2016\\\/12\\\/Mehr-Anreize-fuer-Reintegration_safety-plus-scaled-1.jpg\",\"datePublished\":\"2016-10-14T08:29:56+00:00\",\"dateModified\":\"2023-03-14T08:01:07+00:00\",\"description\":\"Reintegration: Nach erfolgreichem Pilotversuch baut die Suva ihr Reintegrationsprogramm aus. Damit will sie Arbeitgebern mehr finanzielle Anreize bieten.\",\"breadcrumb\":{\"@id\":\"https:\\\/\\\/news.save.ch\\\/mehr-anreize-fuer-reintegration\\\/#breadcrumb\"},\"inLanguage\":\"it-IT\",\"potentialAction\":[{\"@type\":\"ReadAction\",\"target\":[\"https:\\\/\\\/news.save.ch\\\/mehr-anreize-fuer-reintegration\\\/\"]}]},{\"@type\":\"ImageObject\",\"inLanguage\":\"it-IT\",\"@id\":\"https:\\\/\\\/news.save.ch\\\/mehr-anreize-fuer-reintegration\\\/#primaryimage\",\"url\":\"https:\\\/\\\/news.save.ch\\\/wp-content\\\/uploads\\\/2016\\\/12\\\/Mehr-Anreize-fuer-Reintegration_safety-plus-scaled-1.jpg\",\"contentUrl\":\"https:\\\/\\\/news.save.ch\\\/wp-content\\\/uploads\\\/2016\\\/12\\\/Mehr-Anreize-fuer-Reintegration_safety-plus-scaled-1.jpg\",\"width\":1200,\"height\":800,\"caption\":\"Um Unternehmen zu unterst\u00fctzen, die f\u00fcr verunfallte Mitarbeitende geeignete Arbeitspl\u00e4tze bereitstellen\"},{\"@type\":\"BreadcrumbList\",\"@id\":\"https:\\\/\\\/news.save.ch\\\/mehr-anreize-fuer-reintegration\\\/#breadcrumb\",\"itemListElement\":[{\"@type\":\"ListItem\",\"position\":1,\"name\":\"Home\",\"item\":\"https:\\\/\\\/news.save.ch\\\/de\\\/\"},{\"@type\":\"ListItem\",\"position\":2,\"name\":\"Mehr Anreize f\u00fcr Reintegration\"}]},{\"@type\":\"WebSite\",\"@id\":\"https:\\\/\\\/news.save.ch\\\/de\\\/#website\",\"url\":\"https:\\\/\\\/news.save.ch\\\/de\\\/\",\"name\":\"Save\",\"description\":\"Schweizer Fachzeitschrift f\u00fcr Sicherheit\",\"publisher\":{\"@id\":\"https:\\\/\\\/news.save.ch\\\/de\\\/#organization\"},\"potentialAction\":[{\"@type\":\"SearchAction\",\"target\":{\"@type\":\"EntryPoint\",\"urlTemplate\":\"https:\\\/\\\/news.save.ch\\\/de\\\/?s={search_term_string}\"},\"query-input\":{\"@type\":\"PropertyValueSpecification\",\"valueRequired\":true,\"valueName\":\"search_term_string\"}}],\"inLanguage\":\"it-IT\"},{\"@type\":\"Organization\",\"@id\":\"https:\\\/\\\/news.save.ch\\\/de\\\/#organization\",\"name\":\"Sicherheitsforum\",\"url\":\"https:\\\/\\\/news.save.ch\\\/de\\\/\",\"logo\":{\"@type\":\"ImageObject\",\"inLanguage\":\"it-IT\",\"@id\":\"https:\\\/\\\/news.save.ch\\\/de\\\/#\\\/schema\\\/logo\\\/image\\\/\",\"url\":\"https:\\\/\\\/news.save.ch\\\/wp-content\\\/uploads\\\/2022\\\/06\\\/Logo_SF_2012.png\",\"contentUrl\":\"https:\\\/\\\/news.save.ch\\\/wp-content\\\/uploads\\\/2022\\\/06\\\/Logo_SF_2012.png\",\"width\":1100,\"height\":91,\"caption\":\"Sicherheitsforum\"},\"image\":{\"@id\":\"https:\\\/\\\/news.save.ch\\\/de\\\/#\\\/schema\\\/logo\\\/image\\\/\"}},{\"@type\":\"Person\",\"@id\":\"https:\\\/\\\/news.save.ch\\\/de\\\/#\\\/schema\\\/person\\\/d49e199490bad7c70d64b9ab51142f2b\",\"name\":\"admin\",\"image\":{\"@type\":\"ImageObject\",\"inLanguage\":\"it-IT\",\"@id\":\"https:\\\/\\\/secure.gravatar.com\\\/avatar\\\/ae2f4d718e6c49043e314ce431e7e645d646302a24a5ef5a8bc8e3f5a032e319?s=96&d=mm&r=g\",\"url\":\"https:\\\/\\\/secure.gravatar.com\\\/avatar\\\/ae2f4d718e6c49043e314ce431e7e645d646302a24a5ef5a8bc8e3f5a032e319?s=96&d=mm&r=g\",\"contentUrl\":\"https:\\\/\\\/secure.gravatar.com\\\/avatar\\\/ae2f4d718e6c49043e314ce431e7e645d646302a24a5ef5a8bc8e3f5a032e319?s=96&d=mm&r=g\",\"caption\":\"admin\"},\"sameAs\":[\"https:\\\/\\\/develop.organisator.galledia.ch\"],\"url\":\"https:\\\/\\\/news.save.ch\\\/it\\\/author\\\/admin\\\/\"}]}<\/script>\n<!-- \/ Yoast SEO plugin. -->","yoast_head_json":{"title":"Pi\u00f9 incentivi per il reinserimento - Salva","description":"Reintegrazione: dopo un test pilota di successo, la Suva sta ampliando il suo programma di reintegrazione. L'obiettivo \u00e8 offrire ai datori di lavoro maggiori incentivi finanziari.","robots":{"index":"index","follow":"follow","max-snippet":"max-snippet:-1","max-image-preview":"max-image-preview:large","max-video-preview":"max-video-preview:-1"},"canonical":"https:\/\/news.save.ch\/it\/mehr-anreize-fuer-reintegration\/","og_locale":"it_IT","og_type":"article","og_title":"Mehr Anreize f\u00fcr Reintegration - Save","og_description":"Reintegration: Nach erfolgreichem Pilotversuch baut die Suva ihr Reintegrationsprogramm aus. Damit will sie Arbeitgebern mehr finanzielle Anreize bieten.","og_url":"https:\/\/news.save.ch\/it\/mehr-anreize-fuer-reintegration\/","og_site_name":"Save","article_published_time":"2016-10-14T08:29:56+00:00","article_modified_time":"2023-03-14T08:01:07+00:00","og_image":[{"width":1200,"height":800,"url":"https:\/\/news.save.ch\/wp-content\/uploads\/2016\/12\/Mehr-Anreize-fuer-Reintegration_safety-plus-scaled-1.jpg","type":"image\/jpeg"}],"author":"admin","twitter_card":"summary_large_image","twitter_misc":{"Scritto da":"admin","Tempo di lettura stimato":"2 minuti"},"schema":{"@context":"https:\/\/schema.org","@graph":[{"@type":"Article","@id":"https:\/\/news.save.ch\/mehr-anreize-fuer-reintegration\/#article","isPartOf":{"@id":"https:\/\/news.save.ch\/mehr-anreize-fuer-reintegration\/"},"author":{"name":"admin","@id":"https:\/\/news.save.ch\/de\/#\/schema\/person\/d49e199490bad7c70d64b9ab51142f2b"},"headline":"Mehr Anreize f\u00fcr Reintegration","datePublished":"2016-10-14T08:29:56+00:00","dateModified":"2023-03-14T08:01:07+00:00","mainEntityOfPage":{"@id":"https:\/\/news.save.ch\/mehr-anreize-fuer-reintegration\/"},"wordCount":355,"commentCount":0,"publisher":{"@id":"https:\/\/news.save.ch\/de\/#organization"},"image":{"@id":"https:\/\/news.save.ch\/mehr-anreize-fuer-reintegration\/#primaryimage"},"thumbnailUrl":"https:\/\/news.save.ch\/wp-content\/uploads\/2016\/12\/Mehr-Anreize-fuer-Reintegration_safety-plus-scaled-1.jpg","keywords":["Arbeitssicherheit","SUVA"],"articleSection":["ALLGEMEIN","HEALTH &amp; SAFETY"],"inLanguage":"it-IT"},{"@type":"WebPage","@id":"https:\/\/news.save.ch\/mehr-anreize-fuer-reintegration\/","url":"https:\/\/news.save.ch\/mehr-anreize-fuer-reintegration\/","name":"Pi\u00f9 incentivi per il reinserimento - Salva","isPartOf":{"@id":"https:\/\/news.save.ch\/de\/#website"},"primaryImageOfPage":{"@id":"https:\/\/news.save.ch\/mehr-anreize-fuer-reintegration\/#primaryimage"},"image":{"@id":"https:\/\/news.save.ch\/mehr-anreize-fuer-reintegration\/#primaryimage"},"thumbnailUrl":"https:\/\/news.save.ch\/wp-content\/uploads\/2016\/12\/Mehr-Anreize-fuer-Reintegration_safety-plus-scaled-1.jpg","datePublished":"2016-10-14T08:29:56+00:00","dateModified":"2023-03-14T08:01:07+00:00","description":"Reintegrazione: dopo un test pilota di successo, la Suva sta ampliando il suo programma di reintegrazione. L'obiettivo \u00e8 offrire ai datori di lavoro maggiori incentivi finanziari.","breadcrumb":{"@id":"https:\/\/news.save.ch\/mehr-anreize-fuer-reintegration\/#breadcrumb"},"inLanguage":"it-IT","potentialAction":[{"@type":"ReadAction","target":["https:\/\/news.save.ch\/mehr-anreize-fuer-reintegration\/"]}]},{"@type":"ImageObject","inLanguage":"it-IT","@id":"https:\/\/news.save.ch\/mehr-anreize-fuer-reintegration\/#primaryimage","url":"https:\/\/news.save.ch\/wp-content\/uploads\/2016\/12\/Mehr-Anreize-fuer-Reintegration_safety-plus-scaled-1.jpg","contentUrl":"https:\/\/news.save.ch\/wp-content\/uploads\/2016\/12\/Mehr-Anreize-fuer-Reintegration_safety-plus-scaled-1.jpg","width":1200,"height":800,"caption":"Um Unternehmen zu unterst\u00fctzen, die f\u00fcr verunfallte Mitarbeitende geeignete Arbeitspl\u00e4tze bereitstellen"},{"@type":"BreadcrumbList","@id":"https:\/\/news.save.ch\/mehr-anreize-fuer-reintegration\/#breadcrumb","itemListElement":[{"@type":"ListItem","position":1,"name":"Home","item":"https:\/\/news.save.ch\/de\/"},{"@type":"ListItem","position":2,"name":"Mehr Anreize f\u00fcr Reintegration"}]},{"@type":"WebSite","@id":"https:\/\/news.save.ch\/de\/#website","url":"https:\/\/news.save.ch\/de\/","name":"Risparmiare","description":"Rivista svizzera specializzata in sicurezza","publisher":{"@id":"https:\/\/news.save.ch\/de\/#organization"},"potentialAction":[{"@type":"SearchAction","target":{"@type":"EntryPoint","urlTemplate":"https:\/\/news.save.ch\/de\/?s={search_term_string}"},"query-input":{"@type":"PropertyValueSpecification","valueRequired":true,"valueName":"search_term_string"}}],"inLanguage":"it-IT"},{"@type":"Organization","@id":"https:\/\/news.save.ch\/de\/#organization","name":"Forum sulla sicurezza","url":"https:\/\/news.save.ch\/de\/","logo":{"@type":"ImageObject","inLanguage":"it-IT","@id":"https:\/\/news.save.ch\/de\/#\/schema\/logo\/image\/","url":"https:\/\/news.save.ch\/wp-content\/uploads\/2022\/06\/Logo_SF_2012.png","contentUrl":"https:\/\/news.save.ch\/wp-content\/uploads\/2022\/06\/Logo_SF_2012.png","width":1100,"height":91,"caption":"Sicherheitsforum"},"image":{"@id":"https:\/\/news.save.ch\/de\/#\/schema\/logo\/image\/"}},{"@type":"Person","@id":"https:\/\/news.save.ch\/de\/#\/schema\/person\/d49e199490bad7c70d64b9ab51142f2b","name":"amministratore","image":{"@type":"ImageObject","inLanguage":"it-IT","@id":"https:\/\/secure.gravatar.com\/avatar\/ae2f4d718e6c49043e314ce431e7e645d646302a24a5ef5a8bc8e3f5a032e319?s=96&d=mm&r=g","url":"https:\/\/secure.gravatar.com\/avatar\/ae2f4d718e6c49043e314ce431e7e645d646302a24a5ef5a8bc8e3f5a032e319?s=96&d=mm&r=g","contentUrl":"https:\/\/secure.gravatar.com\/avatar\/ae2f4d718e6c49043e314ce431e7e645d646302a24a5ef5a8bc8e3f5a032e319?s=96&d=mm&r=g","caption":"admin"},"sameAs":["https:\/\/develop.organisator.galledia.ch"],"url":"https:\/\/news.save.ch\/it\/author\/admin\/"}]}},"_links":{"self":[{"href":"https:\/\/news.save.ch\/it\/wp-json\/wp\/v2\/posts\/16779","targetHints":{"allow":["GET"]}}],"collection":[{"href":"https:\/\/news.save.ch\/it\/wp-json\/wp\/v2\/posts"}],"about":[{"href":"https:\/\/news.save.ch\/it\/wp-json\/wp\/v2\/types\/post"}],"author":[{"embeddable":true,"href":"https:\/\/news.save.ch\/it\/wp-json\/wp\/v2\/users\/1"}],"replies":[{"embeddable":true,"href":"https:\/\/news.save.ch\/it\/wp-json\/wp\/v2\/comments?post=16779"}],"version-history":[{"count":1,"href":"https:\/\/news.save.ch\/it\/wp-json\/wp\/v2\/posts\/16779\/revisions"}],"predecessor-version":[{"id":18352,"href":"https:\/\/news.save.ch\/it\/wp-json\/wp\/v2\/posts\/16779\/revisions\/18352"}],"wp:featuredmedia":[{"embeddable":true,"href":"https:\/\/news.save.ch\/it\/wp-json\/wp\/v2\/media\/1245"}],"wp:attachment":[{"href":"https:\/\/news.save.ch\/it\/wp-json\/wp\/v2\/media?parent=16779"}],"wp:term":[{"taxonomy":"category","embeddable":true,"href":"https:\/\/news.save.ch\/it\/wp-json\/wp\/v2\/categories?post=16779"},{"taxonomy":"post_tag","embeddable":true,"href":"https:\/\/news.save.ch\/it\/wp-json\/wp\/v2\/tags?post=16779"}],"curies":[{"name":"wp","href":"https:\/\/api.w.org\/{rel}","templated":true}]}}