{"id":16784,"date":"2016-11-08T10:59:49","date_gmt":"2016-11-08T09:59:49","guid":{"rendered":"http:\/\/dev.safety-plus.ch\/?p=1274"},"modified":"2023-03-14T09:05:36","modified_gmt":"2023-03-14T08:05:36","slug":"fach-und-fuehrungskraefte-sind-oft-ueberfordert","status":null,"type":"post","link":"https:\/\/news.save.ch\/it\/fach-und-fuehrungskraefte-sind-oft-ueberfordert\/","title":{"rendered":"Il personale professionale e manageriale \u00e8 spesso sovraccarico di lavoro."},"content":{"rendered":"<p><img loading=\"lazy\" decoding=\"async\" class=\"alignnone wp-image-1275 size-medium\" src=\"http:\/\/develop.safety-plus.ch\/wp-content\/uploads\/2016\/12\/Fach-und-Fuehrungskraefte-sind-oft-ueberfordert_safety-plus.jpg\" width=\"680\" height=\"454\" \/><\/p>\n<p>Molti professionisti e dirigenti sono oberati dalle loro responsabilit\u00e0 e dalla pressione lavorativa. Questo \u00e8 il risultato di un'indagine condotta dalla Deutsche\u00a0<a href=\"http:\/\/www.bwabonn.de\/\" target=\"_blank\" rel=\"noreferrer noopener\" data-cke-saved-href=\"http:\/\/www.bwabonn.de\/\">Accademia BWA<\/a>\u00a0tra 100 aziende prevalentemente di medie dimensioni. Pi\u00f9 di due terzi (68%) delle aziende intervistate ritengono che gran parte della loro forza lavoro sia sovraccarica. Un quarto ammette addirittura un \"forte sovraccarico\". Solo l'11% delle aziende non \u00e8 d'accordo con \"non \u00e8 vero\". In quasi tre quarti delle aziende (74%) mancano misure motivazionali per il personale professionale e manageriale.<\/p>\n<p>L'indagine BWA ha identificato i seguenti motivi principali di insoddisfazione tra i dipendenti (sono state richieste risposte multiple): nessun supporto per la formazione e lo sviluppo (79%), orari di lavoro poco flessibili (78%), retribuzione insufficiente (67%) e continue ristrutturazioni aziendali (64%).<\/p>\n<p><strong>Le richieste eccessive aggravano la carenza di lavoratori e manager qualificati.<\/strong><\/p>\n<p>\"Tutti questi fattori aggravano la carenza di lavoratori e manager qualificati, di cui soffre gi\u00e0 oltre il 90% delle aziende\", sottolinea il direttore generale di BWA Harald M\u00fcller. E spiega: \"Alle aziende si consiglia urgentemente di professionalizzare il perfezionamento della propria forza lavoro, di integrare meglio i dipendenti pi\u00f9 anziani, di prestare maggiore attenzione all'avanzamento delle donne in azienda, di attribuire maggiore importanza all'equilibrio tra lavoro e vita privata e di porre maggiore enfasi sulla motivazione dei dipendenti e sul riconoscimento professionale\".<\/p>\n<p><strong>Il clima sul posto di lavoro gioca un ruolo fondamentale<\/strong><\/p>\n<p>L'indagine ha rilevato che il modo in cui i manager trattano il personale gioca un ruolo fondamentale. Il 98% delle aziende si aspetta che i dirigenti esprimano un chiaro apprezzamento per i propri dipendenti. L'87% attribuisce importanza alla collaborazione responsabile, che per l'84% dovrebbe incoraggiare l'indipendenza. I rapporti collaborativi (75%), disponibili (73%), esigenti (71%) e amichevoli (67%) continuano a essere richiesti. Il 64% e il 51% degli intervistati ritengono che il giusto stato d'animo sia sempre \"rilassato\" e \"rilassante\".<\/p>\n<p>Tuttavia, \"essere semplicemente gentili\" non \u00e8 sufficiente per l'atmosfera lavorativa delle aziende. Il 57% delle aziende intervistate si aspetta anche che i manager siano severi e il 41% che siano autorevoli quando comunicano con i dipendenti.<\/p>\n<p><strong>I leader sono trascurati<\/strong><\/p>\n<p>Nell'ambito del sondaggio, la BWA Academy ha voluto scoprire in che misura i manager sono supportati nei loro compiti di leadership. Troppo poco, ammette il 78% delle aziende contattate. Solo il 18% delle aziende fornisce ai propri manager un supporto sufficiente.<\/p>\n<p>\"Le aziende che trascurano i propri livelli manageriali non devono sorprendersi se questa negligenza si diffonde in tutta l'azienda. Coloro che non si sentono promossi in prima persona di solito mostrano poca disponibilit\u00e0 a promuovere gli altri\", chiarisce il responsabile del BWA Harald M\u00fcller. Spiega: \"Sebbene l'89% delle aziende abbia sposato la causa del coaching dei propri manager, nemmeno la met\u00e0 delle aziende investe abbastanza nel coaching. Il 91% delle aziende \u00e8 consapevole dell'importanza dell'equilibrio tra lavoro e vita privata nella forza lavoro. Ma in pochissime aziende questa consapevolezza si traduce in misure concrete per migliorare la situazione. Riconoscere i problemi \u00e8 un passo importante. Ma \u00e8 altrettanto importante affrontare e risolvere questi problemi\".<\/p>\n<p><em>Fonte: Accademia BWA<\/em><\/p>","protected":false},"excerpt":{"rendered":"<p>Viele Fach- und F\u00fchrungskr\u00e4fte sind mit ihrem Aufgabenbereich und dem herrschenden Arbeitsdruck \u00fcberfordert. Dieses Ergebnis hat eine Umfrage der Deutschen\u00a0BWA Akademie\u00a0unter 100 vorwiegend mittelst\u00e4ndischen Unternehmen an den Tag gebracht. So gehen \u00fcber zwei Drittel (68 Prozent) der befragten Firmen von einer \u00dcberlastung weiter Teile ihrer Belegschaft aus. Ein Viertel bekennt sich sogar zu einer \u201estarken [&hellip;]<\/p>\n","protected":false},"author":1,"featured_media":16151,"comment_status":"open","ping_status":"open","sticky":false,"template":"","format":"standard","meta":{"_acf_changed":false,"pgc_sgb_lightbox_settings":"","footnotes":""},"categories":[1,3314],"tags":[2729,64],"class_list":["post-16784","post","type-post","status-publish","format-standard","has-post-thumbnail","hentry","category-allgemein","category-health-safety","tag-psychische-gesundheit","tag-studie"],"acf":[],"hkrextid":null,"publication":null,"issue":null,"workflow":null,"startPage":null,"spitzmarke":null,"_posts_by_tag_page_fields":{"widget_title":"","widget_tags":""},"_at_widget":"1","_yoast_wpseo_primary_category":"3303","_yoast_wpseo_focuskw_text_input":"F\u00fchrungskr\u00e4fte","_yoast_wpseo_opengraph-image":null,"_yoast_wpseo_opengraph-description":null,"_yoast_wpseo_opengraph-title":null,"enclosure":null,"_yoast_wpseo_twitter-title":null,"_yoast_wpseo_twitter-description":null,"_yoast_wpseo_twitter-image":null,"_wp_old_slug":null,"_yoast_wpseo_title":null,"_yoast_wpseo_canonical":null,"yoast_head":"<!-- This site is optimized with the Yoast SEO plugin v27.5 - https:\/\/yoast.com\/product\/yoast-seo-wordpress\/ -->\n<title>Fach- und F\u00fchrungskr\u00e4fte sind oft \u00fcberfordert - Save<\/title>\n<meta name=\"description\" content=\"Laut einer Umfrage der BWA-Akademie sind viele Fach- und F\u00fchrungskr\u00e4fte mit ihrem Aufgabenbereich und dem herrschenden Arbeitsdruck \u00fcberfordert.\" \/>\n<meta name=\"robots\" content=\"index, follow, max-snippet:-1, max-image-preview:large, max-video-preview:-1\" \/>\n<link rel=\"canonical\" href=\"https:\/\/news.save.ch\/it\/fach-und-fuehrungskraefte-sind-oft-ueberfordert\/\" \/>\n<meta property=\"og:locale\" content=\"it_IT\" \/>\n<meta property=\"og:type\" content=\"article\" \/>\n<meta property=\"og:title\" content=\"Fach- und F\u00fchrungskr\u00e4fte sind oft \u00fcberfordert - Save\" \/>\n<meta property=\"og:description\" content=\"Laut einer Umfrage der BWA-Akademie sind viele Fach- und F\u00fchrungskr\u00e4fte mit ihrem Aufgabenbereich und dem herrschenden Arbeitsdruck \u00fcberfordert.\" \/>\n<meta property=\"og:url\" content=\"https:\/\/news.save.ch\/it\/fach-und-fuehrungskraefte-sind-oft-ueberfordert\/\" \/>\n<meta property=\"og:site_name\" content=\"Save\" \/>\n<meta property=\"article:published_time\" content=\"2016-11-08T09:59:49+00:00\" \/>\n<meta property=\"article:modified_time\" content=\"2023-03-14T08:05:36+00:00\" \/>\n<meta property=\"og:image\" content=\"https:\/\/news.save.ch\/wp-content\/uploads\/2016\/12\/Fach-und-Fuehrungskraefte-sind-oft-ueberfordert_safety-plus.jpg\" \/>\n\t<meta property=\"og:image:width\" content=\"1000\" \/>\n\t<meta property=\"og:image:height\" content=\"667\" \/>\n\t<meta property=\"og:image:type\" content=\"image\/jpeg\" \/>\n<meta name=\"author\" content=\"admin\" \/>\n<meta name=\"twitter:card\" content=\"summary_large_image\" \/>\n<meta name=\"twitter:label1\" content=\"Scritto da\" \/>\n\t<meta name=\"twitter:data1\" content=\"admin\" \/>\n\t<meta name=\"twitter:label2\" content=\"Tempo di lettura stimato\" \/>\n\t<meta name=\"twitter:data2\" content=\"3 minuti\" \/>\n<script type=\"application\/ld+json\" class=\"yoast-schema-graph\">{\"@context\":\"https:\\\/\\\/schema.org\",\"@graph\":[{\"@type\":\"Article\",\"@id\":\"https:\\\/\\\/news.save.ch\\\/fach-und-fuehrungskraefte-sind-oft-ueberfordert\\\/#article\",\"isPartOf\":{\"@id\":\"https:\\\/\\\/news.save.ch\\\/fach-und-fuehrungskraefte-sind-oft-ueberfordert\\\/\"},\"author\":{\"name\":\"admin\",\"@id\":\"https:\\\/\\\/news.save.ch\\\/de\\\/#\\\/schema\\\/person\\\/d49e199490bad7c70d64b9ab51142f2b\"},\"headline\":\"Fach- und F\u00fchrungskr\u00e4fte sind oft \u00fcberfordert\",\"datePublished\":\"2016-11-08T09:59:49+00:00\",\"dateModified\":\"2023-03-14T08:05:36+00:00\",\"mainEntityOfPage\":{\"@id\":\"https:\\\/\\\/news.save.ch\\\/fach-und-fuehrungskraefte-sind-oft-ueberfordert\\\/\"},\"wordCount\":522,\"commentCount\":1,\"publisher\":{\"@id\":\"https:\\\/\\\/news.save.ch\\\/de\\\/#organization\"},\"image\":{\"@id\":\"https:\\\/\\\/news.save.ch\\\/fach-und-fuehrungskraefte-sind-oft-ueberfordert\\\/#primaryimage\"},\"thumbnailUrl\":\"https:\\\/\\\/news.save.ch\\\/wp-content\\\/uploads\\\/2016\\\/12\\\/Fach-und-Fuehrungskraefte-sind-oft-ueberfordert_safety-plus.jpg\",\"keywords\":[\"Psychische Gesundheit\",\"Studie\"],\"articleSection\":[\"ALLGEMEIN\",\"HEALTH &amp; SAFETY\"],\"inLanguage\":\"it-IT\"},{\"@type\":\"WebPage\",\"@id\":\"https:\\\/\\\/news.save.ch\\\/fach-und-fuehrungskraefte-sind-oft-ueberfordert\\\/\",\"url\":\"https:\\\/\\\/news.save.ch\\\/fach-und-fuehrungskraefte-sind-oft-ueberfordert\\\/\",\"name\":\"Fach- und F\u00fchrungskr\u00e4fte sind oft \u00fcberfordert - Save\",\"isPartOf\":{\"@id\":\"https:\\\/\\\/news.save.ch\\\/de\\\/#website\"},\"primaryImageOfPage\":{\"@id\":\"https:\\\/\\\/news.save.ch\\\/fach-und-fuehrungskraefte-sind-oft-ueberfordert\\\/#primaryimage\"},\"image\":{\"@id\":\"https:\\\/\\\/news.save.ch\\\/fach-und-fuehrungskraefte-sind-oft-ueberfordert\\\/#primaryimage\"},\"thumbnailUrl\":\"https:\\\/\\\/news.save.ch\\\/wp-content\\\/uploads\\\/2016\\\/12\\\/Fach-und-Fuehrungskraefte-sind-oft-ueberfordert_safety-plus.jpg\",\"datePublished\":\"2016-11-08T09:59:49+00:00\",\"dateModified\":\"2023-03-14T08:05:36+00:00\",\"description\":\"Laut einer Umfrage der BWA-Akademie sind viele Fach- und F\u00fchrungskr\u00e4fte mit ihrem Aufgabenbereich und dem herrschenden Arbeitsdruck \u00fcberfordert.\",\"breadcrumb\":{\"@id\":\"https:\\\/\\\/news.save.ch\\\/fach-und-fuehrungskraefte-sind-oft-ueberfordert\\\/#breadcrumb\"},\"inLanguage\":\"it-IT\",\"potentialAction\":[{\"@type\":\"ReadAction\",\"target\":[\"https:\\\/\\\/news.save.ch\\\/fach-und-fuehrungskraefte-sind-oft-ueberfordert\\\/\"]}]},{\"@type\":\"ImageObject\",\"inLanguage\":\"it-IT\",\"@id\":\"https:\\\/\\\/news.save.ch\\\/fach-und-fuehrungskraefte-sind-oft-ueberfordert\\\/#primaryimage\",\"url\":\"https:\\\/\\\/news.save.ch\\\/wp-content\\\/uploads\\\/2016\\\/12\\\/Fach-und-Fuehrungskraefte-sind-oft-ueberfordert_safety-plus.jpg\",\"contentUrl\":\"https:\\\/\\\/news.save.ch\\\/wp-content\\\/uploads\\\/2016\\\/12\\\/Fach-und-Fuehrungskraefte-sind-oft-ueberfordert_safety-plus.jpg\",\"width\":1000,\"height\":667},{\"@type\":\"BreadcrumbList\",\"@id\":\"https:\\\/\\\/news.save.ch\\\/fach-und-fuehrungskraefte-sind-oft-ueberfordert\\\/#breadcrumb\",\"itemListElement\":[{\"@type\":\"ListItem\",\"position\":1,\"name\":\"Home\",\"item\":\"https:\\\/\\\/news.save.ch\\\/de\\\/\"},{\"@type\":\"ListItem\",\"position\":2,\"name\":\"Fach- und F\u00fchrungskr\u00e4fte sind oft \u00fcberfordert\"}]},{\"@type\":\"WebSite\",\"@id\":\"https:\\\/\\\/news.save.ch\\\/de\\\/#website\",\"url\":\"https:\\\/\\\/news.save.ch\\\/de\\\/\",\"name\":\"Save\",\"description\":\"Schweizer Fachzeitschrift f\u00fcr Sicherheit\",\"publisher\":{\"@id\":\"https:\\\/\\\/news.save.ch\\\/de\\\/#organization\"},\"potentialAction\":[{\"@type\":\"SearchAction\",\"target\":{\"@type\":\"EntryPoint\",\"urlTemplate\":\"https:\\\/\\\/news.save.ch\\\/de\\\/?s={search_term_string}\"},\"query-input\":{\"@type\":\"PropertyValueSpecification\",\"valueRequired\":true,\"valueName\":\"search_term_string\"}}],\"inLanguage\":\"it-IT\"},{\"@type\":\"Organization\",\"@id\":\"https:\\\/\\\/news.save.ch\\\/de\\\/#organization\",\"name\":\"Sicherheitsforum\",\"url\":\"https:\\\/\\\/news.save.ch\\\/de\\\/\",\"logo\":{\"@type\":\"ImageObject\",\"inLanguage\":\"it-IT\",\"@id\":\"https:\\\/\\\/news.save.ch\\\/de\\\/#\\\/schema\\\/logo\\\/image\\\/\",\"url\":\"https:\\\/\\\/news.save.ch\\\/wp-content\\\/uploads\\\/2022\\\/06\\\/Logo_SF_2012.png\",\"contentUrl\":\"https:\\\/\\\/news.save.ch\\\/wp-content\\\/uploads\\\/2022\\\/06\\\/Logo_SF_2012.png\",\"width\":1100,\"height\":91,\"caption\":\"Sicherheitsforum\"},\"image\":{\"@id\":\"https:\\\/\\\/news.save.ch\\\/de\\\/#\\\/schema\\\/logo\\\/image\\\/\"}},{\"@type\":\"Person\",\"@id\":\"https:\\\/\\\/news.save.ch\\\/de\\\/#\\\/schema\\\/person\\\/d49e199490bad7c70d64b9ab51142f2b\",\"name\":\"admin\",\"image\":{\"@type\":\"ImageObject\",\"inLanguage\":\"it-IT\",\"@id\":\"https:\\\/\\\/secure.gravatar.com\\\/avatar\\\/ae2f4d718e6c49043e314ce431e7e645d646302a24a5ef5a8bc8e3f5a032e319?s=96&d=mm&r=g\",\"url\":\"https:\\\/\\\/secure.gravatar.com\\\/avatar\\\/ae2f4d718e6c49043e314ce431e7e645d646302a24a5ef5a8bc8e3f5a032e319?s=96&d=mm&r=g\",\"contentUrl\":\"https:\\\/\\\/secure.gravatar.com\\\/avatar\\\/ae2f4d718e6c49043e314ce431e7e645d646302a24a5ef5a8bc8e3f5a032e319?s=96&d=mm&r=g\",\"caption\":\"admin\"},\"sameAs\":[\"https:\\\/\\\/develop.organisator.galledia.ch\"],\"url\":\"https:\\\/\\\/news.save.ch\\\/it\\\/author\\\/admin\\\/\"}]}<\/script>\n<!-- \/ Yoast SEO plugin. -->","yoast_head_json":{"title":"Professionisti e manager sono spesso sopraffatti - Save","description":"Secondo un'indagine della BWA Academy, molti specialisti e manager sono sopraffatti dalla loro area di responsabilit\u00e0 e dalla pressione lavorativa prevalente.","robots":{"index":"index","follow":"follow","max-snippet":"max-snippet:-1","max-image-preview":"max-image-preview:large","max-video-preview":"max-video-preview:-1"},"canonical":"https:\/\/news.save.ch\/it\/fach-und-fuehrungskraefte-sind-oft-ueberfordert\/","og_locale":"it_IT","og_type":"article","og_title":"Fach- und F\u00fchrungskr\u00e4fte sind oft \u00fcberfordert - Save","og_description":"Laut einer Umfrage der BWA-Akademie sind viele Fach- und F\u00fchrungskr\u00e4fte mit ihrem Aufgabenbereich und dem herrschenden Arbeitsdruck \u00fcberfordert.","og_url":"https:\/\/news.save.ch\/it\/fach-und-fuehrungskraefte-sind-oft-ueberfordert\/","og_site_name":"Save","article_published_time":"2016-11-08T09:59:49+00:00","article_modified_time":"2023-03-14T08:05:36+00:00","og_image":[{"width":1000,"height":667,"url":"https:\/\/news.save.ch\/wp-content\/uploads\/2016\/12\/Fach-und-Fuehrungskraefte-sind-oft-ueberfordert_safety-plus.jpg","type":"image\/jpeg"}],"author":"admin","twitter_card":"summary_large_image","twitter_misc":{"Scritto da":"admin","Tempo di lettura stimato":"3 minuti"},"schema":{"@context":"https:\/\/schema.org","@graph":[{"@type":"Article","@id":"https:\/\/news.save.ch\/fach-und-fuehrungskraefte-sind-oft-ueberfordert\/#article","isPartOf":{"@id":"https:\/\/news.save.ch\/fach-und-fuehrungskraefte-sind-oft-ueberfordert\/"},"author":{"name":"admin","@id":"https:\/\/news.save.ch\/de\/#\/schema\/person\/d49e199490bad7c70d64b9ab51142f2b"},"headline":"Fach- und F\u00fchrungskr\u00e4fte sind oft \u00fcberfordert","datePublished":"2016-11-08T09:59:49+00:00","dateModified":"2023-03-14T08:05:36+00:00","mainEntityOfPage":{"@id":"https:\/\/news.save.ch\/fach-und-fuehrungskraefte-sind-oft-ueberfordert\/"},"wordCount":522,"commentCount":1,"publisher":{"@id":"https:\/\/news.save.ch\/de\/#organization"},"image":{"@id":"https:\/\/news.save.ch\/fach-und-fuehrungskraefte-sind-oft-ueberfordert\/#primaryimage"},"thumbnailUrl":"https:\/\/news.save.ch\/wp-content\/uploads\/2016\/12\/Fach-und-Fuehrungskraefte-sind-oft-ueberfordert_safety-plus.jpg","keywords":["Psychische Gesundheit","Studie"],"articleSection":["ALLGEMEIN","HEALTH &amp; SAFETY"],"inLanguage":"it-IT"},{"@type":"WebPage","@id":"https:\/\/news.save.ch\/fach-und-fuehrungskraefte-sind-oft-ueberfordert\/","url":"https:\/\/news.save.ch\/fach-und-fuehrungskraefte-sind-oft-ueberfordert\/","name":"Professionisti e manager sono spesso sopraffatti - Save","isPartOf":{"@id":"https:\/\/news.save.ch\/de\/#website"},"primaryImageOfPage":{"@id":"https:\/\/news.save.ch\/fach-und-fuehrungskraefte-sind-oft-ueberfordert\/#primaryimage"},"image":{"@id":"https:\/\/news.save.ch\/fach-und-fuehrungskraefte-sind-oft-ueberfordert\/#primaryimage"},"thumbnailUrl":"https:\/\/news.save.ch\/wp-content\/uploads\/2016\/12\/Fach-und-Fuehrungskraefte-sind-oft-ueberfordert_safety-plus.jpg","datePublished":"2016-11-08T09:59:49+00:00","dateModified":"2023-03-14T08:05:36+00:00","description":"Secondo un'indagine della BWA Academy, molti specialisti e manager sono sopraffatti dalla loro area di responsabilit\u00e0 e dalla pressione lavorativa prevalente.","breadcrumb":{"@id":"https:\/\/news.save.ch\/fach-und-fuehrungskraefte-sind-oft-ueberfordert\/#breadcrumb"},"inLanguage":"it-IT","potentialAction":[{"@type":"ReadAction","target":["https:\/\/news.save.ch\/fach-und-fuehrungskraefte-sind-oft-ueberfordert\/"]}]},{"@type":"ImageObject","inLanguage":"it-IT","@id":"https:\/\/news.save.ch\/fach-und-fuehrungskraefte-sind-oft-ueberfordert\/#primaryimage","url":"https:\/\/news.save.ch\/wp-content\/uploads\/2016\/12\/Fach-und-Fuehrungskraefte-sind-oft-ueberfordert_safety-plus.jpg","contentUrl":"https:\/\/news.save.ch\/wp-content\/uploads\/2016\/12\/Fach-und-Fuehrungskraefte-sind-oft-ueberfordert_safety-plus.jpg","width":1000,"height":667},{"@type":"BreadcrumbList","@id":"https:\/\/news.save.ch\/fach-und-fuehrungskraefte-sind-oft-ueberfordert\/#breadcrumb","itemListElement":[{"@type":"ListItem","position":1,"name":"Home","item":"https:\/\/news.save.ch\/de\/"},{"@type":"ListItem","position":2,"name":"Fach- und F\u00fchrungskr\u00e4fte sind oft \u00fcberfordert"}]},{"@type":"WebSite","@id":"https:\/\/news.save.ch\/de\/#website","url":"https:\/\/news.save.ch\/de\/","name":"Risparmiare","description":"Rivista svizzera specializzata in sicurezza","publisher":{"@id":"https:\/\/news.save.ch\/de\/#organization"},"potentialAction":[{"@type":"SearchAction","target":{"@type":"EntryPoint","urlTemplate":"https:\/\/news.save.ch\/de\/?s={search_term_string}"},"query-input":{"@type":"PropertyValueSpecification","valueRequired":true,"valueName":"search_term_string"}}],"inLanguage":"it-IT"},{"@type":"Organization","@id":"https:\/\/news.save.ch\/de\/#organization","name":"Forum sulla sicurezza","url":"https:\/\/news.save.ch\/de\/","logo":{"@type":"ImageObject","inLanguage":"it-IT","@id":"https:\/\/news.save.ch\/de\/#\/schema\/logo\/image\/","url":"https:\/\/news.save.ch\/wp-content\/uploads\/2022\/06\/Logo_SF_2012.png","contentUrl":"https:\/\/news.save.ch\/wp-content\/uploads\/2022\/06\/Logo_SF_2012.png","width":1100,"height":91,"caption":"Sicherheitsforum"},"image":{"@id":"https:\/\/news.save.ch\/de\/#\/schema\/logo\/image\/"}},{"@type":"Person","@id":"https:\/\/news.save.ch\/de\/#\/schema\/person\/d49e199490bad7c70d64b9ab51142f2b","name":"amministratore","image":{"@type":"ImageObject","inLanguage":"it-IT","@id":"https:\/\/secure.gravatar.com\/avatar\/ae2f4d718e6c49043e314ce431e7e645d646302a24a5ef5a8bc8e3f5a032e319?s=96&d=mm&r=g","url":"https:\/\/secure.gravatar.com\/avatar\/ae2f4d718e6c49043e314ce431e7e645d646302a24a5ef5a8bc8e3f5a032e319?s=96&d=mm&r=g","contentUrl":"https:\/\/secure.gravatar.com\/avatar\/ae2f4d718e6c49043e314ce431e7e645d646302a24a5ef5a8bc8e3f5a032e319?s=96&d=mm&r=g","caption":"admin"},"sameAs":["https:\/\/develop.organisator.galledia.ch"],"url":"https:\/\/news.save.ch\/it\/author\/admin\/"}]}},"_links":{"self":[{"href":"https:\/\/news.save.ch\/it\/wp-json\/wp\/v2\/posts\/16784","targetHints":{"allow":["GET"]}}],"collection":[{"href":"https:\/\/news.save.ch\/it\/wp-json\/wp\/v2\/posts"}],"about":[{"href":"https:\/\/news.save.ch\/it\/wp-json\/wp\/v2\/types\/post"}],"author":[{"embeddable":true,"href":"https:\/\/news.save.ch\/it\/wp-json\/wp\/v2\/users\/1"}],"replies":[{"embeddable":true,"href":"https:\/\/news.save.ch\/it\/wp-json\/wp\/v2\/comments?post=16784"}],"version-history":[{"count":1,"href":"https:\/\/news.save.ch\/it\/wp-json\/wp\/v2\/posts\/16784\/revisions"}],"predecessor-version":[{"id":19019,"href":"https:\/\/news.save.ch\/it\/wp-json\/wp\/v2\/posts\/16784\/revisions\/19019"}],"wp:featuredmedia":[{"embeddable":true,"href":"https:\/\/news.save.ch\/it\/wp-json\/wp\/v2\/media\/16151"}],"wp:attachment":[{"href":"https:\/\/news.save.ch\/it\/wp-json\/wp\/v2\/media?parent=16784"}],"wp:term":[{"taxonomy":"category","embeddable":true,"href":"https:\/\/news.save.ch\/it\/wp-json\/wp\/v2\/categories?post=16784"},{"taxonomy":"post_tag","embeddable":true,"href":"https:\/\/news.save.ch\/it\/wp-json\/wp\/v2\/tags?post=16784"}],"curies":[{"name":"wp","href":"https:\/\/api.w.org\/{rel}","templated":true}]}}