{"id":16788,"date":"2016-11-20T11:19:50","date_gmt":"2016-11-20T10:19:50","guid":{"rendered":"http:\/\/dev.safety-plus.ch\/?p=1301"},"modified":"2016-11-20T11:19:50","modified_gmt":"2016-11-20T10:19:50","slug":"selbstfahrende-autos-sorgen-um-unfallrisiko","status":null,"type":"post","link":"https:\/\/news.save.ch\/it\/selbstfahrende-autos-sorgen-um-unfallrisiko\/","title":{"rendered":"Auto a guida autonoma: preoccupazioni per il rischio di incidenti"},"content":{"rendered":"<figure id=\"attachment_1302\" aria-describedby=\"caption-attachment-1302\" style=\"width: 680px\" class=\"wp-caption alignnone\"><img loading=\"lazy\" decoding=\"async\" class=\"wp-image-1302 size-medium\" src=\"http:\/\/develop.safety-plus.ch\/wp-content\/uploads\/2016\/12\/Selbstfahrende-Autos-Sorgen-um-Unfallrisiko_safety-plus.jpg\" width=\"680\" height=\"544\" srcset=\"https:\/\/news.save.ch\/wp-content\/uploads\/2016\/12\/Selbstfahrende-Autos-Sorgen-um-Unfallrisiko_safety-plus.jpg 1000w, https:\/\/news.save.ch\/wp-content\/uploads\/2016\/12\/Selbstfahrende-Autos-Sorgen-um-Unfallrisiko_safety-plus-680x544.jpg 680w, https:\/\/news.save.ch\/wp-content\/uploads\/2016\/12\/Selbstfahrende-Autos-Sorgen-um-Unfallrisiko_safety-plus-768x614.jpg 768w, https:\/\/news.save.ch\/wp-content\/uploads\/2016\/12\/Selbstfahrende-Autos-Sorgen-um-Unfallrisiko_safety-plus-15x12.jpg 15w, https:\/\/news.save.ch\/wp-content\/uploads\/2016\/12\/Selbstfahrende-Autos-Sorgen-um-Unfallrisiko_safety-plus-375x300.jpg 375w, https:\/\/news.save.ch\/wp-content\/uploads\/2016\/12\/Selbstfahrende-Autos-Sorgen-um-Unfallrisiko_safety-plus-438x350.jpg 438w\" sizes=\"auto, (max-width: 680px) 100vw, 680px\" \/><figcaption id=\"caption-attachment-1302\" class=\"wp-caption-text\">Il traffico del futuro: tra cinque anni i primi veicoli autonomi circoleranno gi\u00e0 sulle autostrade svizzere?<\/figcaption><\/figure>\n<p>L'automazione dei veicoli suscita grandi aspettative: Il traffico stradale dovrebbe diventare pi\u00f9 efficiente, pi\u00f9 economico, pi\u00f9 ecologico e, non da ultimo, pi\u00f9 sicuro. E in effetti: con i sistemi di assistenza alla guida attualmente disponibili, la met\u00e0 degli incidenti potrebbe essere evitata.<\/p>\n<p>\"Ma quando parliamo di auto a guida autonoma, la realt\u00e0 oggi \u00e8 diversa\", \u00e8 certo Stefan Siegrist, vicedirettore dell'Ufficio svizzero per la prevenzione degli infortuni (upi): \"Siamo all'inizio di una fase di transizione in cui dobbiamo distinguere tra tecnologie che promuovono la sicurezza, come la frenata automatica in situazioni di emergenza, e sistemi di comfort\".<\/p>\n<p>L'upi annovera tra questi ultimi la guida semi-autonoma. Poich\u00e9 l'auto non \u00e8 ancora in grado di fare tutto, il conducente deve essere in grado di prendere il controllo in qualsiasi momento e in pochi secondi, senza affidarsi ciecamente alla tecnologia. Per il momento, l'essere umano si trasforma da guidatore a supervisore dell'auto. Questo comporta anche dei pericoli, poich\u00e9 le possibilit\u00e0 tecniche vengono sviluppate senza prima accertarsi che l'uomo sia in grado di gestirle e che siano davvero sicure.<\/p>\n<p>Per una progettazione sicura della rivoluzione tecnica, Stefan Siegrist consiglia: \"Le autorit\u00e0 dovrebbero rifiutarsi di immatricolare i veicoli se ci sono problemi di sicurezza. Inoltre, i produttori devono fornire informazioni corrette sui limiti dei sistemi venduti. \u00c8 anche importante che gli automobilisti tengano gli occhi sulla strada e le mani sul volante durante il periodo di transizione\".<\/p>\n<p><strong>Il test con il TCS rivela ancora carenze nei sistemi di assistenza alla guida<\/strong><\/p>\n<p>Insieme al TCS <a href=\"https:\/\/safety-plus.hamster.ch\/elektronische-fahrhelfer-ueberzeugen-noch-nicht-ganz\" target=\"_blank\" rel=\"noreferrer noopener\" data-cke-saved-href=\"https:\/\/safety-plus.hamster.ch\/elektronische-fahrhelfer-ueberzeugen-noch-nicht-ganz\">L'upi ha testato i pi\u00f9 recenti sistemi di assistenza alla guida.<\/a> dei modelli Mercedes Classe E, Tesla Model S e Volvo S90. Risulta evidente che i sistemi testati non sono ancora completamente sviluppati. Da un lato, le innovazioni tecniche contribuiscono a migliorare il comfort di guida - ad esempio, il cruise control della distanza e il riconoscimento della segnaletica stradale sono risultati convincenti in tutti i veicoli, ma dall'altro lato, gli aiuti elettronici non hanno sempre funzionato in modo affidabile. Gli avvisi, talvolta poco percepibili, che dovrebbero richiamare l'attenzione del conducente su una situazione, hanno attirato un'attenzione negativa.<\/p>\n<p><strong>Le 5 tesi dell'upi sulle auto a guida autonoma<\/strong><\/p>\n<ul>\n<li>L'upi accoglie con favore gli sviluppi della tecnologia di sicurezza dei veicoli. Con i sistemi di assistenza alla guida attualmente disponibili, la met\u00e0 degli incidenti potrebbe essere evitata.<\/li>\n<li>Gli attuali sistemi di assistenza alla guida sono la pietra miliare delle auto a guida autonoma. I veicoli completamente automatizzati portano molti vantaggi, ad esempio meno morti e feriti, meno congestione e un migliore bilancio ecologico.<\/li>\n<li>Siamo ancora lontani dalla guida autonoma. Anche i veicoli pi\u00f9 moderni hanno dei limiti, l'essere umano rimane richiesto e dovrebbe essere in grado di riprendere il volante in tempi brevi, ma non pu\u00f2 farlo in tutti i casi.<\/li>\n<li>L'upi teme che gli incidenti possano aumentare durante la fase di transizione. La tecnologia non \u00e8 ancora all'altezza di situazioni complesse, la comunicazione con gli altri utenti della strada \u00e8 carente e le questioni legali devono essere chiarite.<\/li>\n<li>L'upi stima che le prime auto a guida autonoma circoleranno in sicurezza sulle autostrade tra cinque anni e in situazioni difficili tra circa dieci anni. Solo dopo la completa sostituzione del parco veicoli esistente i benefici per la sicurezza stradale saranno massimi.<\/li>\n<\/ul>\n<p><strong>Fonte: upi<\/strong><\/p>","protected":false},"excerpt":{"rendered":"<p>An die Automatisierung der Fahrzeuge werden hohe Erwartungen gekn\u00fcpft: Der Strassenverkehr soll leistungsf\u00e4higer, wirtschaftlicher, umweltvertr\u00e4glicher und nicht zuletzt sicherer werden. Und tats\u00e4chlich: Mit den aktuell verf\u00fcgbaren Fahrassistenzsystemen k\u00f6nnte die H\u00e4lfe aller Unf\u00e4lle verhindert werden. \u00abWenn wir aber von selbstfahrenden Automobilen sprechen, sieht die Realit\u00e4t heute anders aus\u00bb, ist sich Stefan Siegrist, stellvertretender Direktor der Beratungsstelle [&hellip;]<\/p>\n","protected":false},"author":1,"featured_media":1302,"comment_status":"open","ping_status":"open","sticky":false,"template":"","format":"standard","meta":{"_acf_changed":false,"pgc_sgb_lightbox_settings":"","footnotes":""},"categories":[1],"tags":[2553,352],"class_list":["post-16788","post","type-post","status-publish","format-standard","has-post-thumbnail","hentry","category-allgemein","tag-mobilitaetsmanagement","tag-verkehrssicherheit"],"acf":[],"hkrextid":null,"publication":null,"issue":null,"workflow":null,"startPage":null,"spitzmarke":null,"_posts_by_tag_page_fields":{"widget_title":"","widget_tags":""},"_at_widget":"1","_yoast_wpseo_primary_category":"1","_yoast_wpseo_focuskw_text_input":"Selbstfahrende Autos","_yoast_wpseo_opengraph-image":null,"_yoast_wpseo_opengraph-description":null,"_yoast_wpseo_opengraph-title":null,"enclosure":null,"_yoast_wpseo_twitter-title":null,"_yoast_wpseo_twitter-description":null,"_yoast_wpseo_twitter-image":null,"_wp_old_slug":null,"_yoast_wpseo_title":null,"_yoast_wpseo_canonical":null,"yoast_head":"<!-- This site is optimized with the Yoast SEO plugin v27.4 - https:\/\/yoast.com\/product\/yoast-seo-wordpress\/ -->\n<title>Selbstfahrende Autos: Sorgen um Unfallrisiko - Save<\/title>\n<meta name=\"description\" content=\"Selbstfahrende Autos sollen die Unfallursache Mensch eliminieren und so den Verkehr sicherer machen.\" \/>\n<meta name=\"robots\" content=\"index, follow, max-snippet:-1, max-image-preview:large, max-video-preview:-1\" \/>\n<link rel=\"canonical\" href=\"https:\/\/news.save.ch\/it\/selbstfahrende-autos-sorgen-um-unfallrisiko\/\" \/>\n<meta property=\"og:locale\" content=\"it_IT\" \/>\n<meta property=\"og:type\" content=\"article\" \/>\n<meta property=\"og:title\" content=\"Selbstfahrende Autos: Sorgen um Unfallrisiko - Save\" \/>\n<meta property=\"og:description\" content=\"Selbstfahrende Autos sollen die Unfallursache Mensch eliminieren und so den Verkehr sicherer machen.\" \/>\n<meta property=\"og:url\" content=\"https:\/\/news.save.ch\/it\/selbstfahrende-autos-sorgen-um-unfallrisiko\/\" \/>\n<meta property=\"og:site_name\" content=\"Save\" \/>\n<meta property=\"article:published_time\" content=\"2016-11-20T10:19:50+00:00\" \/>\n<meta property=\"og:image\" content=\"https:\/\/news.save.ch\/wp-content\/uploads\/2016\/12\/Selbstfahrende-Autos-Sorgen-um-Unfallrisiko_safety-plus.jpg\" \/>\n\t<meta property=\"og:image:width\" content=\"1000\" \/>\n\t<meta property=\"og:image:height\" content=\"800\" \/>\n\t<meta property=\"og:image:type\" content=\"image\/jpeg\" \/>\n<meta name=\"author\" content=\"admin\" \/>\n<meta name=\"twitter:card\" content=\"summary_large_image\" \/>\n<meta name=\"twitter:label1\" content=\"Scritto da\" \/>\n\t<meta name=\"twitter:data1\" content=\"admin\" \/>\n\t<meta name=\"twitter:label2\" content=\"Tempo di lettura stimato\" \/>\n\t<meta name=\"twitter:data2\" content=\"3 minuti\" \/>\n<script type=\"application\/ld+json\" class=\"yoast-schema-graph\">{\"@context\":\"https:\\\/\\\/schema.org\",\"@graph\":[{\"@type\":\"Article\",\"@id\":\"https:\\\/\\\/news.save.ch\\\/selbstfahrende-autos-sorgen-um-unfallrisiko\\\/#article\",\"isPartOf\":{\"@id\":\"https:\\\/\\\/news.save.ch\\\/selbstfahrende-autos-sorgen-um-unfallrisiko\\\/\"},\"author\":{\"name\":\"admin\",\"@id\":\"https:\\\/\\\/news.save.ch\\\/de\\\/#\\\/schema\\\/person\\\/d49e199490bad7c70d64b9ab51142f2b\"},\"headline\":\"Selbstfahrende Autos: Sorgen um Unfallrisiko\",\"datePublished\":\"2016-11-20T10:19:50+00:00\",\"mainEntityOfPage\":{\"@id\":\"https:\\\/\\\/news.save.ch\\\/selbstfahrende-autos-sorgen-um-unfallrisiko\\\/\"},\"wordCount\":522,\"commentCount\":0,\"publisher\":{\"@id\":\"https:\\\/\\\/news.save.ch\\\/de\\\/#organization\"},\"image\":{\"@id\":\"https:\\\/\\\/news.save.ch\\\/selbstfahrende-autos-sorgen-um-unfallrisiko\\\/#primaryimage\"},\"thumbnailUrl\":\"https:\\\/\\\/news.save.ch\\\/wp-content\\\/uploads\\\/2016\\\/12\\\/Selbstfahrende-Autos-Sorgen-um-Unfallrisiko_safety-plus.jpg\",\"keywords\":[\"Mobilit\u00e4tsmanagement\",\"Verkehrssicherheit\"],\"articleSection\":[\"ALLGEMEIN\"],\"inLanguage\":\"it-IT\"},{\"@type\":\"WebPage\",\"@id\":\"https:\\\/\\\/news.save.ch\\\/selbstfahrende-autos-sorgen-um-unfallrisiko\\\/\",\"url\":\"https:\\\/\\\/news.save.ch\\\/selbstfahrende-autos-sorgen-um-unfallrisiko\\\/\",\"name\":\"Selbstfahrende Autos: Sorgen um Unfallrisiko - Save\",\"isPartOf\":{\"@id\":\"https:\\\/\\\/news.save.ch\\\/de\\\/#website\"},\"primaryImageOfPage\":{\"@id\":\"https:\\\/\\\/news.save.ch\\\/selbstfahrende-autos-sorgen-um-unfallrisiko\\\/#primaryimage\"},\"image\":{\"@id\":\"https:\\\/\\\/news.save.ch\\\/selbstfahrende-autos-sorgen-um-unfallrisiko\\\/#primaryimage\"},\"thumbnailUrl\":\"https:\\\/\\\/news.save.ch\\\/wp-content\\\/uploads\\\/2016\\\/12\\\/Selbstfahrende-Autos-Sorgen-um-Unfallrisiko_safety-plus.jpg\",\"datePublished\":\"2016-11-20T10:19:50+00:00\",\"description\":\"Selbstfahrende Autos sollen die Unfallursache Mensch eliminieren und so den Verkehr sicherer machen.\",\"breadcrumb\":{\"@id\":\"https:\\\/\\\/news.save.ch\\\/selbstfahrende-autos-sorgen-um-unfallrisiko\\\/#breadcrumb\"},\"inLanguage\":\"it-IT\",\"potentialAction\":[{\"@type\":\"ReadAction\",\"target\":[\"https:\\\/\\\/news.save.ch\\\/selbstfahrende-autos-sorgen-um-unfallrisiko\\\/\"]}]},{\"@type\":\"ImageObject\",\"inLanguage\":\"it-IT\",\"@id\":\"https:\\\/\\\/news.save.ch\\\/selbstfahrende-autos-sorgen-um-unfallrisiko\\\/#primaryimage\",\"url\":\"https:\\\/\\\/news.save.ch\\\/wp-content\\\/uploads\\\/2016\\\/12\\\/Selbstfahrende-Autos-Sorgen-um-Unfallrisiko_safety-plus.jpg\",\"contentUrl\":\"https:\\\/\\\/news.save.ch\\\/wp-content\\\/uploads\\\/2016\\\/12\\\/Selbstfahrende-Autos-Sorgen-um-Unfallrisiko_safety-plus.jpg\",\"width\":1000,\"height\":800,\"caption\":\"Der Verkehr der Zukunft: Fahren in f\u00fcnf Jahren bereits die ersten autonomen Fahrzeuge auf den Schweizer Autobahnen?\"},{\"@type\":\"BreadcrumbList\",\"@id\":\"https:\\\/\\\/news.save.ch\\\/selbstfahrende-autos-sorgen-um-unfallrisiko\\\/#breadcrumb\",\"itemListElement\":[{\"@type\":\"ListItem\",\"position\":1,\"name\":\"Home\",\"item\":\"https:\\\/\\\/news.save.ch\\\/de\\\/\"},{\"@type\":\"ListItem\",\"position\":2,\"name\":\"Selbstfahrende Autos: Sorgen um Unfallrisiko\"}]},{\"@type\":\"WebSite\",\"@id\":\"https:\\\/\\\/news.save.ch\\\/de\\\/#website\",\"url\":\"https:\\\/\\\/news.save.ch\\\/de\\\/\",\"name\":\"Save\",\"description\":\"Schweizer Fachzeitschrift f\u00fcr Sicherheit\",\"publisher\":{\"@id\":\"https:\\\/\\\/news.save.ch\\\/de\\\/#organization\"},\"potentialAction\":[{\"@type\":\"SearchAction\",\"target\":{\"@type\":\"EntryPoint\",\"urlTemplate\":\"https:\\\/\\\/news.save.ch\\\/de\\\/?s={search_term_string}\"},\"query-input\":{\"@type\":\"PropertyValueSpecification\",\"valueRequired\":true,\"valueName\":\"search_term_string\"}}],\"inLanguage\":\"it-IT\"},{\"@type\":\"Organization\",\"@id\":\"https:\\\/\\\/news.save.ch\\\/de\\\/#organization\",\"name\":\"Sicherheitsforum\",\"url\":\"https:\\\/\\\/news.save.ch\\\/de\\\/\",\"logo\":{\"@type\":\"ImageObject\",\"inLanguage\":\"it-IT\",\"@id\":\"https:\\\/\\\/news.save.ch\\\/de\\\/#\\\/schema\\\/logo\\\/image\\\/\",\"url\":\"https:\\\/\\\/news.save.ch\\\/wp-content\\\/uploads\\\/2022\\\/06\\\/Logo_SF_2012.png\",\"contentUrl\":\"https:\\\/\\\/news.save.ch\\\/wp-content\\\/uploads\\\/2022\\\/06\\\/Logo_SF_2012.png\",\"width\":1100,\"height\":91,\"caption\":\"Sicherheitsforum\"},\"image\":{\"@id\":\"https:\\\/\\\/news.save.ch\\\/de\\\/#\\\/schema\\\/logo\\\/image\\\/\"}},{\"@type\":\"Person\",\"@id\":\"https:\\\/\\\/news.save.ch\\\/de\\\/#\\\/schema\\\/person\\\/d49e199490bad7c70d64b9ab51142f2b\",\"name\":\"admin\",\"image\":{\"@type\":\"ImageObject\",\"inLanguage\":\"it-IT\",\"@id\":\"https:\\\/\\\/secure.gravatar.com\\\/avatar\\\/ae2f4d718e6c49043e314ce431e7e645d646302a24a5ef5a8bc8e3f5a032e319?s=96&d=mm&r=g\",\"url\":\"https:\\\/\\\/secure.gravatar.com\\\/avatar\\\/ae2f4d718e6c49043e314ce431e7e645d646302a24a5ef5a8bc8e3f5a032e319?s=96&d=mm&r=g\",\"contentUrl\":\"https:\\\/\\\/secure.gravatar.com\\\/avatar\\\/ae2f4d718e6c49043e314ce431e7e645d646302a24a5ef5a8bc8e3f5a032e319?s=96&d=mm&r=g\",\"caption\":\"admin\"},\"sameAs\":[\"https:\\\/\\\/develop.organisator.galledia.ch\"],\"url\":\"https:\\\/\\\/news.save.ch\\\/it\\\/author\\\/admin\\\/\"}]}<\/script>\n<!-- \/ Yoast SEO plugin. -->","yoast_head_json":{"title":"Auto a guida autonoma: preoccupazioni per il rischio di incidenti - Save","description":"Le auto a guida autonoma dovrebbero eliminare la causa umana degli incidenti e quindi rendere il traffico pi\u00f9 sicuro.","robots":{"index":"index","follow":"follow","max-snippet":"max-snippet:-1","max-image-preview":"max-image-preview:large","max-video-preview":"max-video-preview:-1"},"canonical":"https:\/\/news.save.ch\/it\/selbstfahrende-autos-sorgen-um-unfallrisiko\/","og_locale":"it_IT","og_type":"article","og_title":"Selbstfahrende Autos: Sorgen um Unfallrisiko - Save","og_description":"Selbstfahrende Autos sollen die Unfallursache Mensch eliminieren und so den Verkehr sicherer machen.","og_url":"https:\/\/news.save.ch\/it\/selbstfahrende-autos-sorgen-um-unfallrisiko\/","og_site_name":"Save","article_published_time":"2016-11-20T10:19:50+00:00","og_image":[{"width":1000,"height":800,"url":"https:\/\/news.save.ch\/wp-content\/uploads\/2016\/12\/Selbstfahrende-Autos-Sorgen-um-Unfallrisiko_safety-plus.jpg","type":"image\/jpeg"}],"author":"admin","twitter_card":"summary_large_image","twitter_misc":{"Scritto da":"admin","Tempo di lettura stimato":"3 minuti"},"schema":{"@context":"https:\/\/schema.org","@graph":[{"@type":"Article","@id":"https:\/\/news.save.ch\/selbstfahrende-autos-sorgen-um-unfallrisiko\/#article","isPartOf":{"@id":"https:\/\/news.save.ch\/selbstfahrende-autos-sorgen-um-unfallrisiko\/"},"author":{"name":"admin","@id":"https:\/\/news.save.ch\/de\/#\/schema\/person\/d49e199490bad7c70d64b9ab51142f2b"},"headline":"Selbstfahrende Autos: Sorgen um Unfallrisiko","datePublished":"2016-11-20T10:19:50+00:00","mainEntityOfPage":{"@id":"https:\/\/news.save.ch\/selbstfahrende-autos-sorgen-um-unfallrisiko\/"},"wordCount":522,"commentCount":0,"publisher":{"@id":"https:\/\/news.save.ch\/de\/#organization"},"image":{"@id":"https:\/\/news.save.ch\/selbstfahrende-autos-sorgen-um-unfallrisiko\/#primaryimage"},"thumbnailUrl":"https:\/\/news.save.ch\/wp-content\/uploads\/2016\/12\/Selbstfahrende-Autos-Sorgen-um-Unfallrisiko_safety-plus.jpg","keywords":["Mobilit\u00e4tsmanagement","Verkehrssicherheit"],"articleSection":["ALLGEMEIN"],"inLanguage":"it-IT"},{"@type":"WebPage","@id":"https:\/\/news.save.ch\/selbstfahrende-autos-sorgen-um-unfallrisiko\/","url":"https:\/\/news.save.ch\/selbstfahrende-autos-sorgen-um-unfallrisiko\/","name":"Auto a guida autonoma: preoccupazioni per il rischio di incidenti - Save","isPartOf":{"@id":"https:\/\/news.save.ch\/de\/#website"},"primaryImageOfPage":{"@id":"https:\/\/news.save.ch\/selbstfahrende-autos-sorgen-um-unfallrisiko\/#primaryimage"},"image":{"@id":"https:\/\/news.save.ch\/selbstfahrende-autos-sorgen-um-unfallrisiko\/#primaryimage"},"thumbnailUrl":"https:\/\/news.save.ch\/wp-content\/uploads\/2016\/12\/Selbstfahrende-Autos-Sorgen-um-Unfallrisiko_safety-plus.jpg","datePublished":"2016-11-20T10:19:50+00:00","description":"Le auto a guida autonoma dovrebbero eliminare la causa umana degli incidenti e quindi rendere il traffico pi\u00f9 sicuro.","breadcrumb":{"@id":"https:\/\/news.save.ch\/selbstfahrende-autos-sorgen-um-unfallrisiko\/#breadcrumb"},"inLanguage":"it-IT","potentialAction":[{"@type":"ReadAction","target":["https:\/\/news.save.ch\/selbstfahrende-autos-sorgen-um-unfallrisiko\/"]}]},{"@type":"ImageObject","inLanguage":"it-IT","@id":"https:\/\/news.save.ch\/selbstfahrende-autos-sorgen-um-unfallrisiko\/#primaryimage","url":"https:\/\/news.save.ch\/wp-content\/uploads\/2016\/12\/Selbstfahrende-Autos-Sorgen-um-Unfallrisiko_safety-plus.jpg","contentUrl":"https:\/\/news.save.ch\/wp-content\/uploads\/2016\/12\/Selbstfahrende-Autos-Sorgen-um-Unfallrisiko_safety-plus.jpg","width":1000,"height":800,"caption":"Der Verkehr der Zukunft: Fahren in f\u00fcnf Jahren bereits die ersten autonomen Fahrzeuge auf den Schweizer Autobahnen?"},{"@type":"BreadcrumbList","@id":"https:\/\/news.save.ch\/selbstfahrende-autos-sorgen-um-unfallrisiko\/#breadcrumb","itemListElement":[{"@type":"ListItem","position":1,"name":"Home","item":"https:\/\/news.save.ch\/de\/"},{"@type":"ListItem","position":2,"name":"Selbstfahrende Autos: Sorgen um Unfallrisiko"}]},{"@type":"WebSite","@id":"https:\/\/news.save.ch\/de\/#website","url":"https:\/\/news.save.ch\/de\/","name":"Risparmiare","description":"Rivista svizzera specializzata in sicurezza","publisher":{"@id":"https:\/\/news.save.ch\/de\/#organization"},"potentialAction":[{"@type":"SearchAction","target":{"@type":"EntryPoint","urlTemplate":"https:\/\/news.save.ch\/de\/?s={search_term_string}"},"query-input":{"@type":"PropertyValueSpecification","valueRequired":true,"valueName":"search_term_string"}}],"inLanguage":"it-IT"},{"@type":"Organization","@id":"https:\/\/news.save.ch\/de\/#organization","name":"Forum sulla sicurezza","url":"https:\/\/news.save.ch\/de\/","logo":{"@type":"ImageObject","inLanguage":"it-IT","@id":"https:\/\/news.save.ch\/de\/#\/schema\/logo\/image\/","url":"https:\/\/news.save.ch\/wp-content\/uploads\/2022\/06\/Logo_SF_2012.png","contentUrl":"https:\/\/news.save.ch\/wp-content\/uploads\/2022\/06\/Logo_SF_2012.png","width":1100,"height":91,"caption":"Sicherheitsforum"},"image":{"@id":"https:\/\/news.save.ch\/de\/#\/schema\/logo\/image\/"}},{"@type":"Person","@id":"https:\/\/news.save.ch\/de\/#\/schema\/person\/d49e199490bad7c70d64b9ab51142f2b","name":"amministratore","image":{"@type":"ImageObject","inLanguage":"it-IT","@id":"https:\/\/secure.gravatar.com\/avatar\/ae2f4d718e6c49043e314ce431e7e645d646302a24a5ef5a8bc8e3f5a032e319?s=96&d=mm&r=g","url":"https:\/\/secure.gravatar.com\/avatar\/ae2f4d718e6c49043e314ce431e7e645d646302a24a5ef5a8bc8e3f5a032e319?s=96&d=mm&r=g","contentUrl":"https:\/\/secure.gravatar.com\/avatar\/ae2f4d718e6c49043e314ce431e7e645d646302a24a5ef5a8bc8e3f5a032e319?s=96&d=mm&r=g","caption":"admin"},"sameAs":["https:\/\/develop.organisator.galledia.ch"],"url":"https:\/\/news.save.ch\/it\/author\/admin\/"}]}},"_links":{"self":[{"href":"https:\/\/news.save.ch\/it\/wp-json\/wp\/v2\/posts\/16788","targetHints":{"allow":["GET"]}}],"collection":[{"href":"https:\/\/news.save.ch\/it\/wp-json\/wp\/v2\/posts"}],"about":[{"href":"https:\/\/news.save.ch\/it\/wp-json\/wp\/v2\/types\/post"}],"author":[{"embeddable":true,"href":"https:\/\/news.save.ch\/it\/wp-json\/wp\/v2\/users\/1"}],"replies":[{"embeddable":true,"href":"https:\/\/news.save.ch\/it\/wp-json\/wp\/v2\/comments?post=16788"}],"version-history":[{"count":0,"href":"https:\/\/news.save.ch\/it\/wp-json\/wp\/v2\/posts\/16788\/revisions"}],"wp:featuredmedia":[{"embeddable":true,"href":"https:\/\/news.save.ch\/it\/wp-json\/wp\/v2\/media\/1302"}],"wp:attachment":[{"href":"https:\/\/news.save.ch\/it\/wp-json\/wp\/v2\/media?parent=16788"}],"wp:term":[{"taxonomy":"category","embeddable":true,"href":"https:\/\/news.save.ch\/it\/wp-json\/wp\/v2\/categories?post=16788"},{"taxonomy":"post_tag","embeddable":true,"href":"https:\/\/news.save.ch\/it\/wp-json\/wp\/v2\/tags?post=16788"}],"curies":[{"name":"wp","href":"https:\/\/api.w.org\/{rel}","templated":true}]}}