{"id":16795,"date":"2017-01-16T15:11:10","date_gmt":"2017-01-16T14:11:10","guid":{"rendered":"https:\/\/safety-plus.ch\/?p=1388"},"modified":"2017-01-16T15:11:10","modified_gmt":"2017-01-16T14:11:10","slug":"bueroangestellte-sind-gestresst","status":null,"type":"post","link":"https:\/\/news.save.ch\/it\/bueroangestellte-sind-gestresst\/","title":{"rendered":"I lavoratori d'ufficio sono stressati"},"content":{"rendered":"<figure id=\"attachment_1389\" aria-describedby=\"caption-attachment-1389\" style=\"width: 680px\" class=\"wp-caption alignnone\"><img loading=\"lazy\" decoding=\"async\" class=\"wp-image-1389 size-medium\" src=\"http:\/\/develop.safety-plus.ch\/wp-content\/uploads\/2017\/01\/Depositphotos_126315608_l-2015.jpg\" width=\"680\" height=\"454\" \/><figcaption id=\"caption-attachment-1389\" class=\"wp-caption-text\">Lo stress legato al lavoro ha un impatto negativo sulla salute fisica e mentale.<br \/> Salute<\/figcaption><\/figure>\n<p>A <a href=\"http:\/\/www.unia.ch\/fileadmin\/user_upload\/Medienmitteilungen\/2017-01-16-Umfrage-Stress\/2017-01-16-Ergebnisse_Stressumfrage_Imboden-D.pdf\">Sondaggio online con 586 partecipanti<\/a> commissionato da Unia: Lo stress da lavoro \u00e8 molto comune nelle professioni di servizio legate all'ufficio e spesso ha effetti negativi sulla salute fisica e mentale dei dipendenti. Di conseguenza, molti si sentono demotivati, esausti, nervosi, irritabili o fisicamente malati. Tra le ragioni principali dello stress, molti citano la pressione sul tempo e sulle prestazioni, le giornate lavorative troppo lunghe e il lavoro nel tempo libero.<\/p>\n<p><strong>I risultati pi\u00f9 importanti in sintesi<\/strong><\/p>\n<ul>\n<li>Nelle professioni di servizio legate all'ufficio, una netta maggioranza di dipendenti (69,8%) si sente esposta allo stress sul lavoro e ha anche difficolt\u00e0 a separarsi nel tempo libero.<\/li>\n<li>Lo stress da lavoro ha effetti negativi sulla salute fisica e mentale: molti dipendenti si sentono demotivati, esausti, nervosi e irritabili o fisicamente malati a causa dello stress.<\/li>\n<li>Nella met\u00e0 delle aziende, la gestione della salute e la prevenzione dello stress non sono un problema.<\/li>\n<li>Le norme del diritto del lavoro, come la registrazione dell'orario di lavoro, la compensazione degli straordinari, ecc. non sono rispettate in modo coerente.<\/li>\n<li>Lo stress legato al lavoro pu\u00f2 essere prevenuto grazie a una cultura del lavoro sana: Nelle aziende che affrontano lo stress, i dipendenti sono meno suscettibili.<\/li>\n<\/ul>\n<p><strong>Lo stress costa caro a tutti<\/strong><\/p>\n<p>Lo stress e le malattie che ne derivano non solo causano sofferenza umana, ma costano ai datori di lavoro 5,7 miliardi di franchi svizzeri all'anno in termini di perdita di produttivit\u00e0 legata alla salute (<a href=\"https:\/\/gesundheitsfoerderung.ch\/assets\/public\/documents\/1_de\/d-ueber-uns\/5-downloads\/Faktenblatt_017_GFCH_2016-08_-_Job-Stress-Index_2016.pdf\">Indice di stress lavorativo 2016<\/a>). Unia denuncia quindi il fatto che proprio nei settori dei servizi si vogliono minare le disposizioni concrete di tutela attraverso la registrazione degli orari di lavoro e la regolamentazione degli orari di lavoro e di riposo.<\/p>\n<p><strong>Il Codice del Lavoro serve a proteggere i dipendenti<\/strong><\/p>\n<p>Il Codice del Lavoro obbliga i datori di lavoro a prendere tutte le misure necessarie per proteggere la salute fisica e mentale dei dipendenti. Ci\u00f2 include evitare lo stress eccessivo e organizzare il lavoro in modo appropriato. Soprattutto in una societ\u00e0 di servizi, lo stress psicosociale e le malattie legate allo stress sono in rapido aumento; ci\u00f2 \u00e8 indicato anche dagli alti valori di percezione dello stress emersi dall'indagine Unia.<\/p>\n<p><strong>Espansione anzich\u00e9 smantellamento della protezione della salute<br \/>\n<\/strong>Unia chiede quindi che la tutela della salute venga ampliata anzich\u00e9 ridotta. In concreto, ad esempio, il Codice del lavoro dovrebbe essere applicato in modo efficace e i controlli dovrebbero essere rafforzati. Inoltre, Unia chiede un rafforzamento della tutela della salute e della politica dell'orario di lavoro nei contratti collettivi, la garanzia dei diritti di partecipazione nelle aziende e miglioramenti nelle nuove forme di lavoro. Anche il Codice del lavoro non dovrebbe essere peggiorato.<\/p>\n<p><em>Fonte: Unia<\/em><\/p>","protected":false},"excerpt":{"rendered":"<p>Eine Online-Umfrage mit 586 Teilnehmern im Auftrag der Unia zeigt: Arbeitsbedingter Stress kommt in b\u00fcronahen Dienstleistungsberufen sehr h\u00e4ufig vor und hat oft negative Auswirkungen auf die physische und psychische Gesundheit der Besch\u00e4ftigten. Viele f\u00fchlen sich deshalb unmotiviert, ausgelaugt, nerv\u00f6s und gereizt oder k\u00f6rperlich angeschlagen. Als Hauptgr\u00fcnde f\u00fcr den Stress geben viele Zeit- und Leistungsdruck, \u00fcberlange [&hellip;]<\/p>\n","protected":false},"author":1,"featured_media":16163,"comment_status":"open","ping_status":"open","sticky":false,"template":"","format":"standard","meta":{"_acf_changed":false,"pgc_sgb_lightbox_settings":"","footnotes":""},"categories":[1],"tags":[],"class_list":["post-16795","post","type-post","status-publish","format-standard","has-post-thumbnail","hentry","category-allgemein"],"acf":[],"hkrextid":null,"publication":null,"issue":null,"workflow":null,"startPage":null,"spitzmarke":null,"_posts_by_tag_page_fields":{"widget_title":"","widget_tags":""},"_at_widget":"1","_yoast_wpseo_primary_category":"","_yoast_wpseo_focuskw_text_input":"B\u00fcroangestellte","_yoast_wpseo_opengraph-image":null,"_yoast_wpseo_opengraph-description":null,"_yoast_wpseo_opengraph-title":null,"enclosure":null,"_yoast_wpseo_twitter-title":null,"_yoast_wpseo_twitter-description":null,"_yoast_wpseo_twitter-image":null,"_wp_old_slug":null,"_yoast_wpseo_title":null,"_yoast_wpseo_canonical":null,"yoast_head":"<!-- This site is optimized with the Yoast SEO plugin v27.5 - https:\/\/yoast.com\/product\/yoast-seo-wordpress\/ -->\n<title>B\u00fcroangestellte sind gestresst - Save<\/title>\n<meta name=\"description\" content=\"Laut einer Online-Umfrage sind fast 70% der Besch\u00e4ftigten in b\u00fcronahen Dienstleistungsberufen Stress ausgesetzt. Dies hat Folgen f\u00fcr die Gesundheit.\" \/>\n<meta name=\"robots\" content=\"index, follow, max-snippet:-1, max-image-preview:large, max-video-preview:-1\" \/>\n<link rel=\"canonical\" href=\"https:\/\/news.save.ch\/it\/bueroangestellte-sind-gestresst\/\" \/>\n<meta property=\"og:locale\" content=\"it_IT\" \/>\n<meta property=\"og:type\" content=\"article\" \/>\n<meta property=\"og:title\" content=\"B\u00fcroangestellte sind gestresst - Save\" \/>\n<meta property=\"og:description\" content=\"Laut einer Online-Umfrage sind fast 70% der Besch\u00e4ftigten in b\u00fcronahen Dienstleistungsberufen Stress ausgesetzt. Dies hat Folgen f\u00fcr die Gesundheit.\" \/>\n<meta property=\"og:url\" content=\"https:\/\/news.save.ch\/it\/bueroangestellte-sind-gestresst\/\" \/>\n<meta property=\"og:site_name\" content=\"Save\" \/>\n<meta property=\"article:published_time\" content=\"2017-01-16T14:11:10+00:00\" \/>\n<meta property=\"og:image\" content=\"https:\/\/news.save.ch\/wp-content\/uploads\/2017\/01\/Depositphotos_126315608_l-2015-scaled-1.jpg\" \/>\n\t<meta property=\"og:image:width\" content=\"1200\" \/>\n\t<meta property=\"og:image:height\" content=\"801\" \/>\n\t<meta property=\"og:image:type\" content=\"image\/jpeg\" \/>\n<meta name=\"author\" content=\"admin\" \/>\n<meta name=\"twitter:card\" content=\"summary_large_image\" \/>\n<meta name=\"twitter:label1\" content=\"Scritto da\" \/>\n\t<meta name=\"twitter:data1\" content=\"admin\" \/>\n\t<meta name=\"twitter:label2\" content=\"Tempo di lettura stimato\" \/>\n\t<meta name=\"twitter:data2\" content=\"2 minuti\" \/>\n<script type=\"application\/ld+json\" class=\"yoast-schema-graph\">{\"@context\":\"https:\\\/\\\/schema.org\",\"@graph\":[{\"@type\":\"Article\",\"@id\":\"https:\\\/\\\/news.save.ch\\\/bueroangestellte-sind-gestresst\\\/#article\",\"isPartOf\":{\"@id\":\"https:\\\/\\\/news.save.ch\\\/bueroangestellte-sind-gestresst\\\/\"},\"author\":{\"name\":\"admin\",\"@id\":\"https:\\\/\\\/news.save.ch\\\/de\\\/#\\\/schema\\\/person\\\/d49e199490bad7c70d64b9ab51142f2b\"},\"headline\":\"B\u00fcroangestellte sind gestresst\",\"datePublished\":\"2017-01-16T14:11:10+00:00\",\"mainEntityOfPage\":{\"@id\":\"https:\\\/\\\/news.save.ch\\\/bueroangestellte-sind-gestresst\\\/\"},\"wordCount\":389,\"commentCount\":0,\"publisher\":{\"@id\":\"https:\\\/\\\/news.save.ch\\\/de\\\/#organization\"},\"image\":{\"@id\":\"https:\\\/\\\/news.save.ch\\\/bueroangestellte-sind-gestresst\\\/#primaryimage\"},\"thumbnailUrl\":\"https:\\\/\\\/news.save.ch\\\/wp-content\\\/uploads\\\/2017\\\/01\\\/Depositphotos_126315608_l-2015-scaled-1.jpg\",\"articleSection\":[\"ALLGEMEIN\"],\"inLanguage\":\"it-IT\"},{\"@type\":\"WebPage\",\"@id\":\"https:\\\/\\\/news.save.ch\\\/bueroangestellte-sind-gestresst\\\/\",\"url\":\"https:\\\/\\\/news.save.ch\\\/bueroangestellte-sind-gestresst\\\/\",\"name\":\"B\u00fcroangestellte sind gestresst - Save\",\"isPartOf\":{\"@id\":\"https:\\\/\\\/news.save.ch\\\/de\\\/#website\"},\"primaryImageOfPage\":{\"@id\":\"https:\\\/\\\/news.save.ch\\\/bueroangestellte-sind-gestresst\\\/#primaryimage\"},\"image\":{\"@id\":\"https:\\\/\\\/news.save.ch\\\/bueroangestellte-sind-gestresst\\\/#primaryimage\"},\"thumbnailUrl\":\"https:\\\/\\\/news.save.ch\\\/wp-content\\\/uploads\\\/2017\\\/01\\\/Depositphotos_126315608_l-2015-scaled-1.jpg\",\"datePublished\":\"2017-01-16T14:11:10+00:00\",\"description\":\"Laut einer Online-Umfrage sind fast 70% der Besch\u00e4ftigten in b\u00fcronahen Dienstleistungsberufen Stress ausgesetzt. Dies hat Folgen f\u00fcr die Gesundheit.\",\"breadcrumb\":{\"@id\":\"https:\\\/\\\/news.save.ch\\\/bueroangestellte-sind-gestresst\\\/#breadcrumb\"},\"inLanguage\":\"it-IT\",\"potentialAction\":[{\"@type\":\"ReadAction\",\"target\":[\"https:\\\/\\\/news.save.ch\\\/bueroangestellte-sind-gestresst\\\/\"]}]},{\"@type\":\"ImageObject\",\"inLanguage\":\"it-IT\",\"@id\":\"https:\\\/\\\/news.save.ch\\\/bueroangestellte-sind-gestresst\\\/#primaryimage\",\"url\":\"https:\\\/\\\/news.save.ch\\\/wp-content\\\/uploads\\\/2017\\\/01\\\/Depositphotos_126315608_l-2015-scaled-1.jpg\",\"contentUrl\":\"https:\\\/\\\/news.save.ch\\\/wp-content\\\/uploads\\\/2017\\\/01\\\/Depositphotos_126315608_l-2015-scaled-1.jpg\",\"width\":1200,\"height\":801,\"caption\":\"Arbeitsbedingter Stress hat negative Auswirkungen auf die physische und psychische Gesundheit\"},{\"@type\":\"BreadcrumbList\",\"@id\":\"https:\\\/\\\/news.save.ch\\\/bueroangestellte-sind-gestresst\\\/#breadcrumb\",\"itemListElement\":[{\"@type\":\"ListItem\",\"position\":1,\"name\":\"Home\",\"item\":\"https:\\\/\\\/news.save.ch\\\/de\\\/\"},{\"@type\":\"ListItem\",\"position\":2,\"name\":\"B\u00fcroangestellte sind gestresst\"}]},{\"@type\":\"WebSite\",\"@id\":\"https:\\\/\\\/news.save.ch\\\/de\\\/#website\",\"url\":\"https:\\\/\\\/news.save.ch\\\/de\\\/\",\"name\":\"Save\",\"description\":\"Schweizer Fachzeitschrift f\u00fcr Sicherheit\",\"publisher\":{\"@id\":\"https:\\\/\\\/news.save.ch\\\/de\\\/#organization\"},\"potentialAction\":[{\"@type\":\"SearchAction\",\"target\":{\"@type\":\"EntryPoint\",\"urlTemplate\":\"https:\\\/\\\/news.save.ch\\\/de\\\/?s={search_term_string}\"},\"query-input\":{\"@type\":\"PropertyValueSpecification\",\"valueRequired\":true,\"valueName\":\"search_term_string\"}}],\"inLanguage\":\"it-IT\"},{\"@type\":\"Organization\",\"@id\":\"https:\\\/\\\/news.save.ch\\\/de\\\/#organization\",\"name\":\"Sicherheitsforum\",\"url\":\"https:\\\/\\\/news.save.ch\\\/de\\\/\",\"logo\":{\"@type\":\"ImageObject\",\"inLanguage\":\"it-IT\",\"@id\":\"https:\\\/\\\/news.save.ch\\\/de\\\/#\\\/schema\\\/logo\\\/image\\\/\",\"url\":\"https:\\\/\\\/news.save.ch\\\/wp-content\\\/uploads\\\/2022\\\/06\\\/Logo_SF_2012.png\",\"contentUrl\":\"https:\\\/\\\/news.save.ch\\\/wp-content\\\/uploads\\\/2022\\\/06\\\/Logo_SF_2012.png\",\"width\":1100,\"height\":91,\"caption\":\"Sicherheitsforum\"},\"image\":{\"@id\":\"https:\\\/\\\/news.save.ch\\\/de\\\/#\\\/schema\\\/logo\\\/image\\\/\"}},{\"@type\":\"Person\",\"@id\":\"https:\\\/\\\/news.save.ch\\\/de\\\/#\\\/schema\\\/person\\\/d49e199490bad7c70d64b9ab51142f2b\",\"name\":\"admin\",\"image\":{\"@type\":\"ImageObject\",\"inLanguage\":\"it-IT\",\"@id\":\"https:\\\/\\\/secure.gravatar.com\\\/avatar\\\/ae2f4d718e6c49043e314ce431e7e645d646302a24a5ef5a8bc8e3f5a032e319?s=96&d=mm&r=g\",\"url\":\"https:\\\/\\\/secure.gravatar.com\\\/avatar\\\/ae2f4d718e6c49043e314ce431e7e645d646302a24a5ef5a8bc8e3f5a032e319?s=96&d=mm&r=g\",\"contentUrl\":\"https:\\\/\\\/secure.gravatar.com\\\/avatar\\\/ae2f4d718e6c49043e314ce431e7e645d646302a24a5ef5a8bc8e3f5a032e319?s=96&d=mm&r=g\",\"caption\":\"admin\"},\"sameAs\":[\"https:\\\/\\\/develop.organisator.galledia.ch\"],\"url\":\"https:\\\/\\\/news.save.ch\\\/it\\\/author\\\/admin\\\/\"}]}<\/script>\n<!-- \/ Yoast SEO plugin. -->","yoast_head_json":{"title":"Gli impiegati sono stressati - Save","description":"Secondo un sondaggio online, quasi il 70% dei dipendenti che svolgono professioni di servizio legate all'ufficio sono esposti allo stress. Ci\u00f2 ha conseguenze sulla salute.","robots":{"index":"index","follow":"follow","max-snippet":"max-snippet:-1","max-image-preview":"max-image-preview:large","max-video-preview":"max-video-preview:-1"},"canonical":"https:\/\/news.save.ch\/it\/bueroangestellte-sind-gestresst\/","og_locale":"it_IT","og_type":"article","og_title":"B\u00fcroangestellte sind gestresst - Save","og_description":"Laut einer Online-Umfrage sind fast 70% der Besch\u00e4ftigten in b\u00fcronahen Dienstleistungsberufen Stress ausgesetzt. Dies hat Folgen f\u00fcr die Gesundheit.","og_url":"https:\/\/news.save.ch\/it\/bueroangestellte-sind-gestresst\/","og_site_name":"Save","article_published_time":"2017-01-16T14:11:10+00:00","og_image":[{"width":1200,"height":801,"url":"https:\/\/news.save.ch\/wp-content\/uploads\/2017\/01\/Depositphotos_126315608_l-2015-scaled-1.jpg","type":"image\/jpeg"}],"author":"admin","twitter_card":"summary_large_image","twitter_misc":{"Scritto da":"admin","Tempo di lettura stimato":"2 minuti"},"schema":{"@context":"https:\/\/schema.org","@graph":[{"@type":"Article","@id":"https:\/\/news.save.ch\/bueroangestellte-sind-gestresst\/#article","isPartOf":{"@id":"https:\/\/news.save.ch\/bueroangestellte-sind-gestresst\/"},"author":{"name":"admin","@id":"https:\/\/news.save.ch\/de\/#\/schema\/person\/d49e199490bad7c70d64b9ab51142f2b"},"headline":"B\u00fcroangestellte sind gestresst","datePublished":"2017-01-16T14:11:10+00:00","mainEntityOfPage":{"@id":"https:\/\/news.save.ch\/bueroangestellte-sind-gestresst\/"},"wordCount":389,"commentCount":0,"publisher":{"@id":"https:\/\/news.save.ch\/de\/#organization"},"image":{"@id":"https:\/\/news.save.ch\/bueroangestellte-sind-gestresst\/#primaryimage"},"thumbnailUrl":"https:\/\/news.save.ch\/wp-content\/uploads\/2017\/01\/Depositphotos_126315608_l-2015-scaled-1.jpg","articleSection":["ALLGEMEIN"],"inLanguage":"it-IT"},{"@type":"WebPage","@id":"https:\/\/news.save.ch\/bueroangestellte-sind-gestresst\/","url":"https:\/\/news.save.ch\/bueroangestellte-sind-gestresst\/","name":"Gli impiegati sono stressati - Save","isPartOf":{"@id":"https:\/\/news.save.ch\/de\/#website"},"primaryImageOfPage":{"@id":"https:\/\/news.save.ch\/bueroangestellte-sind-gestresst\/#primaryimage"},"image":{"@id":"https:\/\/news.save.ch\/bueroangestellte-sind-gestresst\/#primaryimage"},"thumbnailUrl":"https:\/\/news.save.ch\/wp-content\/uploads\/2017\/01\/Depositphotos_126315608_l-2015-scaled-1.jpg","datePublished":"2017-01-16T14:11:10+00:00","description":"Secondo un sondaggio online, quasi il 70% dei dipendenti che svolgono professioni di servizio legate all'ufficio sono esposti allo stress. Ci\u00f2 ha conseguenze sulla salute.","breadcrumb":{"@id":"https:\/\/news.save.ch\/bueroangestellte-sind-gestresst\/#breadcrumb"},"inLanguage":"it-IT","potentialAction":[{"@type":"ReadAction","target":["https:\/\/news.save.ch\/bueroangestellte-sind-gestresst\/"]}]},{"@type":"ImageObject","inLanguage":"it-IT","@id":"https:\/\/news.save.ch\/bueroangestellte-sind-gestresst\/#primaryimage","url":"https:\/\/news.save.ch\/wp-content\/uploads\/2017\/01\/Depositphotos_126315608_l-2015-scaled-1.jpg","contentUrl":"https:\/\/news.save.ch\/wp-content\/uploads\/2017\/01\/Depositphotos_126315608_l-2015-scaled-1.jpg","width":1200,"height":801,"caption":"Arbeitsbedingter Stress hat negative Auswirkungen auf die physische und psychische Gesundheit"},{"@type":"BreadcrumbList","@id":"https:\/\/news.save.ch\/bueroangestellte-sind-gestresst\/#breadcrumb","itemListElement":[{"@type":"ListItem","position":1,"name":"Home","item":"https:\/\/news.save.ch\/de\/"},{"@type":"ListItem","position":2,"name":"B\u00fcroangestellte sind gestresst"}]},{"@type":"WebSite","@id":"https:\/\/news.save.ch\/de\/#website","url":"https:\/\/news.save.ch\/de\/","name":"Risparmiare","description":"Rivista svizzera specializzata in sicurezza","publisher":{"@id":"https:\/\/news.save.ch\/de\/#organization"},"potentialAction":[{"@type":"SearchAction","target":{"@type":"EntryPoint","urlTemplate":"https:\/\/news.save.ch\/de\/?s={search_term_string}"},"query-input":{"@type":"PropertyValueSpecification","valueRequired":true,"valueName":"search_term_string"}}],"inLanguage":"it-IT"},{"@type":"Organization","@id":"https:\/\/news.save.ch\/de\/#organization","name":"Forum sulla sicurezza","url":"https:\/\/news.save.ch\/de\/","logo":{"@type":"ImageObject","inLanguage":"it-IT","@id":"https:\/\/news.save.ch\/de\/#\/schema\/logo\/image\/","url":"https:\/\/news.save.ch\/wp-content\/uploads\/2022\/06\/Logo_SF_2012.png","contentUrl":"https:\/\/news.save.ch\/wp-content\/uploads\/2022\/06\/Logo_SF_2012.png","width":1100,"height":91,"caption":"Sicherheitsforum"},"image":{"@id":"https:\/\/news.save.ch\/de\/#\/schema\/logo\/image\/"}},{"@type":"Person","@id":"https:\/\/news.save.ch\/de\/#\/schema\/person\/d49e199490bad7c70d64b9ab51142f2b","name":"amministratore","image":{"@type":"ImageObject","inLanguage":"it-IT","@id":"https:\/\/secure.gravatar.com\/avatar\/ae2f4d718e6c49043e314ce431e7e645d646302a24a5ef5a8bc8e3f5a032e319?s=96&d=mm&r=g","url":"https:\/\/secure.gravatar.com\/avatar\/ae2f4d718e6c49043e314ce431e7e645d646302a24a5ef5a8bc8e3f5a032e319?s=96&d=mm&r=g","contentUrl":"https:\/\/secure.gravatar.com\/avatar\/ae2f4d718e6c49043e314ce431e7e645d646302a24a5ef5a8bc8e3f5a032e319?s=96&d=mm&r=g","caption":"admin"},"sameAs":["https:\/\/develop.organisator.galledia.ch"],"url":"https:\/\/news.save.ch\/it\/author\/admin\/"}]}},"_links":{"self":[{"href":"https:\/\/news.save.ch\/it\/wp-json\/wp\/v2\/posts\/16795","targetHints":{"allow":["GET"]}}],"collection":[{"href":"https:\/\/news.save.ch\/it\/wp-json\/wp\/v2\/posts"}],"about":[{"href":"https:\/\/news.save.ch\/it\/wp-json\/wp\/v2\/types\/post"}],"author":[{"embeddable":true,"href":"https:\/\/news.save.ch\/it\/wp-json\/wp\/v2\/users\/1"}],"replies":[{"embeddable":true,"href":"https:\/\/news.save.ch\/it\/wp-json\/wp\/v2\/comments?post=16795"}],"version-history":[{"count":0,"href":"https:\/\/news.save.ch\/it\/wp-json\/wp\/v2\/posts\/16795\/revisions"}],"wp:featuredmedia":[{"embeddable":true,"href":"https:\/\/news.save.ch\/it\/wp-json\/wp\/v2\/media\/16163"}],"wp:attachment":[{"href":"https:\/\/news.save.ch\/it\/wp-json\/wp\/v2\/media?parent=16795"}],"wp:term":[{"taxonomy":"category","embeddable":true,"href":"https:\/\/news.save.ch\/it\/wp-json\/wp\/v2\/categories?post=16795"},{"taxonomy":"post_tag","embeddable":true,"href":"https:\/\/news.save.ch\/it\/wp-json\/wp\/v2\/tags?post=16795"}],"curies":[{"name":"wp","href":"https:\/\/api.w.org\/{rel}","templated":true}]}}