{"id":16800,"date":"2017-02-22T17:24:58","date_gmt":"2017-02-22T16:24:58","guid":{"rendered":"https:\/\/news.save.ch\/?p=1460"},"modified":"2023-03-14T09:02:59","modified_gmt":"2023-03-14T08:02:59","slug":"maximal-39-stunden-pro-woche-arbeiten","status":null,"type":"post","link":"https:\/\/news.save.ch\/it\/maximal-39-stunden-pro-woche-arbeiten\/","title":{"rendered":"Lavorare 39 ore dovrebbe essere il capolinea"},"content":{"rendered":"<figure id=\"attachment_1461\" aria-describedby=\"caption-attachment-1461\" style=\"width: 680px\" class=\"wp-caption alignnone\"><img loading=\"lazy\" decoding=\"async\" class=\"size-medium wp-image-1461\" src=\"http:\/\/develop.safety-plus.ch\/wp-content\/uploads\/2017\/02\/Depositphotos_57241603_l-2015.jpg\" alt=\"\" width=\"680\" height=\"454\" \/><figcaption id=\"caption-attachment-1461\" class=\"wp-caption-text\">Gli straordinari non sono salutari: dovrebbero essere applicati gi\u00e0 a partire da 39 ore settimanali.<\/figcaption><\/figure>\n<p>Lavorare 39 ore alla settimana \u00e8 il limite massimo per non mettere in pericolo la salute: I ricercatori dell'Australian National University (ANU) hanno recentemente pubblicato questi risultati in un documento.<\/p>\n<p>Tuttavia, questo non si applica in egual misura a entrambi i sessi: Poich\u00e9 le donne svolgono in media pi\u00f9 lavoro non retribuito a casa, il loro limite dovrebbe essere di 34 ore settimanali, mentre agli uomini \u00e8 consentito un massimo di 47 ore settimanali.<\/p>\n<p>Lo studio si basa sui dati di 8000 australiani che hanno partecipato a un'indagine sulle dinamiche familiari, reddituali e lavorative.<\/p>\n<p>L'autore dello studio e ricercatore Huong Dinh cita il fatto che le persone sovraccariche di lavoro hanno troppo poco tempo per mangiare in modo sano e per prendersi cura di se stesse come causa dell'impatto negativo dell'orario di lavoro pi\u00f9 lungo sulla salute.<\/p>","protected":false},"excerpt":{"rendered":"<p>39 Stunden pro Wochen arbeiten ist das obere Limit, um die Gesundheit nicht zu gef\u00e4hrden: Forscher der Australian National University (ANU) haben diese Resultate k\u00fcrzlich in einem Paper verf\u00f6ffentlicht. Dies gilt aber nicht f\u00fcr beide Geschlechter gleichermassen: Da Frauen im Durchschnitt mehr unbezahlte Arbeit zu Hause erledigen, soll ihr Limit bei 34 Stunden pro Woche [&hellip;]<\/p>\n","protected":false},"author":1,"featured_media":2563,"comment_status":"open","ping_status":"open","sticky":false,"template":"","format":"standard","meta":{"_acf_changed":false,"pgc_sgb_lightbox_settings":"","footnotes":""},"categories":[3314],"tags":[1678,64,3124],"class_list":["post-16800","post","type-post","status-publish","format-standard","has-post-thumbnail","hentry","category-health-safety","tag-arbeitszeit","tag-studie","tag-ueberzeit"],"acf":[],"hkrextid":null,"publication":null,"issue":null,"workflow":null,"startPage":null,"spitzmarke":null,"_posts_by_tag_page_fields":{"widget_title":"","widget_tags":""},"_at_widget":"1","_yoast_wpseo_primary_category":"4","_yoast_wpseo_focuskw_text_input":"Arbeitszeit","_yoast_wpseo_opengraph-image":null,"_yoast_wpseo_opengraph-description":null,"_yoast_wpseo_opengraph-title":null,"enclosure":null,"_yoast_wpseo_twitter-title":null,"_yoast_wpseo_twitter-description":null,"_yoast_wpseo_twitter-image":null,"_wp_old_slug":null,"_yoast_wpseo_title":null,"_yoast_wpseo_canonical":null,"yoast_head":"<!-- This site is optimized with the Yoast SEO plugin v27.5 - https:\/\/yoast.com\/product\/yoast-seo-wordpress\/ -->\n<title>Nach 39 Stunden arbeiten sollte Schluss sein - Save<\/title>\n<meta name=\"description\" content=\"Bereits wer mehr als 39 Stunden pro Woche arbeitet, gef\u00e4hrdet seine Gesundheit. Dies will eine neue Studie herausgefunden haben.\" \/>\n<meta name=\"robots\" content=\"index, follow, max-snippet:-1, max-image-preview:large, max-video-preview:-1\" \/>\n<link rel=\"canonical\" href=\"https:\/\/news.save.ch\/it\/maximal-39-stunden-pro-woche-arbeiten\/\" \/>\n<meta property=\"og:locale\" content=\"it_IT\" \/>\n<meta property=\"og:type\" content=\"article\" \/>\n<meta property=\"og:title\" content=\"Nach 39 Stunden arbeiten sollte Schluss sein - Save\" \/>\n<meta property=\"og:description\" content=\"Bereits wer mehr als 39 Stunden pro Woche arbeitet, gef\u00e4hrdet seine Gesundheit. Dies will eine neue Studie herausgefunden haben.\" \/>\n<meta property=\"og:url\" content=\"https:\/\/news.save.ch\/it\/maximal-39-stunden-pro-woche-arbeiten\/\" \/>\n<meta property=\"og:site_name\" content=\"Save\" \/>\n<meta property=\"article:published_time\" content=\"2017-02-22T16:24:58+00:00\" \/>\n<meta property=\"article:modified_time\" content=\"2023-03-14T08:02:59+00:00\" \/>\n<meta property=\"og:image\" content=\"https:\/\/news.save.ch\/wp-content\/uploads\/2017\/02\/Depositphotos_57241603_l-2015-scaled-1.jpg\" \/>\n\t<meta property=\"og:image:width\" content=\"1200\" \/>\n\t<meta property=\"og:image:height\" content=\"801\" \/>\n\t<meta property=\"og:image:type\" content=\"image\/jpeg\" \/>\n<meta name=\"author\" content=\"admin\" \/>\n<meta name=\"twitter:card\" content=\"summary_large_image\" \/>\n<meta name=\"twitter:label1\" content=\"Scritto da\" \/>\n\t<meta name=\"twitter:data1\" content=\"admin\" \/>\n\t<meta name=\"twitter:label2\" content=\"Tempo di lettura stimato\" \/>\n\t<meta name=\"twitter:data2\" content=\"1 minuto\" \/>\n<script type=\"application\/ld+json\" class=\"yoast-schema-graph\">{\"@context\":\"https:\\\/\\\/schema.org\",\"@graph\":[{\"@type\":\"Article\",\"@id\":\"https:\\\/\\\/news.save.ch\\\/maximal-39-stunden-pro-woche-arbeiten\\\/#article\",\"isPartOf\":{\"@id\":\"https:\\\/\\\/news.save.ch\\\/maximal-39-stunden-pro-woche-arbeiten\\\/\"},\"author\":{\"name\":\"admin\",\"@id\":\"https:\\\/\\\/news.save.ch\\\/de\\\/#\\\/schema\\\/person\\\/d49e199490bad7c70d64b9ab51142f2b\"},\"headline\":\"Nach 39 Stunden arbeiten sollte Schluss sein\",\"datePublished\":\"2017-02-22T16:24:58+00:00\",\"dateModified\":\"2023-03-14T08:02:59+00:00\",\"mainEntityOfPage\":{\"@id\":\"https:\\\/\\\/news.save.ch\\\/maximal-39-stunden-pro-woche-arbeiten\\\/\"},\"wordCount\":151,\"commentCount\":0,\"publisher\":{\"@id\":\"https:\\\/\\\/news.save.ch\\\/de\\\/#organization\"},\"image\":{\"@id\":\"https:\\\/\\\/news.save.ch\\\/maximal-39-stunden-pro-woche-arbeiten\\\/#primaryimage\"},\"thumbnailUrl\":\"https:\\\/\\\/news.save.ch\\\/wp-content\\\/uploads\\\/2017\\\/02\\\/Depositphotos_57241603_l-2015-scaled-1.jpg\",\"keywords\":[\"Arbeitszeit\",\"Studie\",\"\u00dcberzeit\"],\"articleSection\":[\"HEALTH &amp; SAFETY\"],\"inLanguage\":\"it-IT\"},{\"@type\":\"WebPage\",\"@id\":\"https:\\\/\\\/news.save.ch\\\/maximal-39-stunden-pro-woche-arbeiten\\\/\",\"url\":\"https:\\\/\\\/news.save.ch\\\/maximal-39-stunden-pro-woche-arbeiten\\\/\",\"name\":\"Nach 39 Stunden arbeiten sollte Schluss sein - Save\",\"isPartOf\":{\"@id\":\"https:\\\/\\\/news.save.ch\\\/de\\\/#website\"},\"primaryImageOfPage\":{\"@id\":\"https:\\\/\\\/news.save.ch\\\/maximal-39-stunden-pro-woche-arbeiten\\\/#primaryimage\"},\"image\":{\"@id\":\"https:\\\/\\\/news.save.ch\\\/maximal-39-stunden-pro-woche-arbeiten\\\/#primaryimage\"},\"thumbnailUrl\":\"https:\\\/\\\/news.save.ch\\\/wp-content\\\/uploads\\\/2017\\\/02\\\/Depositphotos_57241603_l-2015-scaled-1.jpg\",\"datePublished\":\"2017-02-22T16:24:58+00:00\",\"dateModified\":\"2023-03-14T08:02:59+00:00\",\"description\":\"Bereits wer mehr als 39 Stunden pro Woche arbeitet, gef\u00e4hrdet seine Gesundheit. Dies will eine neue Studie herausgefunden haben.\",\"breadcrumb\":{\"@id\":\"https:\\\/\\\/news.save.ch\\\/maximal-39-stunden-pro-woche-arbeiten\\\/#breadcrumb\"},\"inLanguage\":\"it-IT\",\"potentialAction\":[{\"@type\":\"ReadAction\",\"target\":[\"https:\\\/\\\/news.save.ch\\\/maximal-39-stunden-pro-woche-arbeiten\\\/\"]}]},{\"@type\":\"ImageObject\",\"inLanguage\":\"it-IT\",\"@id\":\"https:\\\/\\\/news.save.ch\\\/maximal-39-stunden-pro-woche-arbeiten\\\/#primaryimage\",\"url\":\"https:\\\/\\\/news.save.ch\\\/wp-content\\\/uploads\\\/2017\\\/02\\\/Depositphotos_57241603_l-2015-scaled-1.jpg\",\"contentUrl\":\"https:\\\/\\\/news.save.ch\\\/wp-content\\\/uploads\\\/2017\\\/02\\\/Depositphotos_57241603_l-2015-scaled-1.jpg\",\"width\":1200,\"height\":801,\"caption\":\"\u00dcberzeit ist ungesund - das soll bereits ab 39 Stunden pro Woche gelten.\"},{\"@type\":\"BreadcrumbList\",\"@id\":\"https:\\\/\\\/news.save.ch\\\/maximal-39-stunden-pro-woche-arbeiten\\\/#breadcrumb\",\"itemListElement\":[{\"@type\":\"ListItem\",\"position\":1,\"name\":\"Home\",\"item\":\"https:\\\/\\\/news.save.ch\\\/de\\\/\"},{\"@type\":\"ListItem\",\"position\":2,\"name\":\"Nach 39 Stunden arbeiten sollte Schluss sein\"}]},{\"@type\":\"WebSite\",\"@id\":\"https:\\\/\\\/news.save.ch\\\/de\\\/#website\",\"url\":\"https:\\\/\\\/news.save.ch\\\/de\\\/\",\"name\":\"Save\",\"description\":\"Schweizer Fachzeitschrift f\u00fcr Sicherheit\",\"publisher\":{\"@id\":\"https:\\\/\\\/news.save.ch\\\/de\\\/#organization\"},\"potentialAction\":[{\"@type\":\"SearchAction\",\"target\":{\"@type\":\"EntryPoint\",\"urlTemplate\":\"https:\\\/\\\/news.save.ch\\\/de\\\/?s={search_term_string}\"},\"query-input\":{\"@type\":\"PropertyValueSpecification\",\"valueRequired\":true,\"valueName\":\"search_term_string\"}}],\"inLanguage\":\"it-IT\"},{\"@type\":\"Organization\",\"@id\":\"https:\\\/\\\/news.save.ch\\\/de\\\/#organization\",\"name\":\"Sicherheitsforum\",\"url\":\"https:\\\/\\\/news.save.ch\\\/de\\\/\",\"logo\":{\"@type\":\"ImageObject\",\"inLanguage\":\"it-IT\",\"@id\":\"https:\\\/\\\/news.save.ch\\\/de\\\/#\\\/schema\\\/logo\\\/image\\\/\",\"url\":\"https:\\\/\\\/news.save.ch\\\/wp-content\\\/uploads\\\/2022\\\/06\\\/Logo_SF_2012.png\",\"contentUrl\":\"https:\\\/\\\/news.save.ch\\\/wp-content\\\/uploads\\\/2022\\\/06\\\/Logo_SF_2012.png\",\"width\":1100,\"height\":91,\"caption\":\"Sicherheitsforum\"},\"image\":{\"@id\":\"https:\\\/\\\/news.save.ch\\\/de\\\/#\\\/schema\\\/logo\\\/image\\\/\"}},{\"@type\":\"Person\",\"@id\":\"https:\\\/\\\/news.save.ch\\\/de\\\/#\\\/schema\\\/person\\\/d49e199490bad7c70d64b9ab51142f2b\",\"name\":\"admin\",\"image\":{\"@type\":\"ImageObject\",\"inLanguage\":\"it-IT\",\"@id\":\"https:\\\/\\\/secure.gravatar.com\\\/avatar\\\/ae2f4d718e6c49043e314ce431e7e645d646302a24a5ef5a8bc8e3f5a032e319?s=96&d=mm&r=g\",\"url\":\"https:\\\/\\\/secure.gravatar.com\\\/avatar\\\/ae2f4d718e6c49043e314ce431e7e645d646302a24a5ef5a8bc8e3f5a032e319?s=96&d=mm&r=g\",\"contentUrl\":\"https:\\\/\\\/secure.gravatar.com\\\/avatar\\\/ae2f4d718e6c49043e314ce431e7e645d646302a24a5ef5a8bc8e3f5a032e319?s=96&d=mm&r=g\",\"caption\":\"admin\"},\"sameAs\":[\"https:\\\/\\\/develop.organisator.galledia.ch\"],\"url\":\"https:\\\/\\\/news.save.ch\\\/it\\\/author\\\/admin\\\/\"}]}<\/script>\n<!-- \/ Yoast SEO plugin. -->","yoast_head_json":{"title":"Lavorare 39 ore dovrebbe essere la fine - Save","description":"Anche chi lavora pi\u00f9 di 39 ore a settimana mette a rischio la propria salute. \u00c8 quanto emerge da un nuovo studio.","robots":{"index":"index","follow":"follow","max-snippet":"max-snippet:-1","max-image-preview":"max-image-preview:large","max-video-preview":"max-video-preview:-1"},"canonical":"https:\/\/news.save.ch\/it\/maximal-39-stunden-pro-woche-arbeiten\/","og_locale":"it_IT","og_type":"article","og_title":"Nach 39 Stunden arbeiten sollte Schluss sein - Save","og_description":"Bereits wer mehr als 39 Stunden pro Woche arbeitet, gef\u00e4hrdet seine Gesundheit. Dies will eine neue Studie herausgefunden haben.","og_url":"https:\/\/news.save.ch\/it\/maximal-39-stunden-pro-woche-arbeiten\/","og_site_name":"Save","article_published_time":"2017-02-22T16:24:58+00:00","article_modified_time":"2023-03-14T08:02:59+00:00","og_image":[{"width":1200,"height":801,"url":"https:\/\/news.save.ch\/wp-content\/uploads\/2017\/02\/Depositphotos_57241603_l-2015-scaled-1.jpg","type":"image\/jpeg"}],"author":"admin","twitter_card":"summary_large_image","twitter_misc":{"Scritto da":"admin","Tempo di lettura stimato":"1 minuto"},"schema":{"@context":"https:\/\/schema.org","@graph":[{"@type":"Article","@id":"https:\/\/news.save.ch\/maximal-39-stunden-pro-woche-arbeiten\/#article","isPartOf":{"@id":"https:\/\/news.save.ch\/maximal-39-stunden-pro-woche-arbeiten\/"},"author":{"name":"admin","@id":"https:\/\/news.save.ch\/de\/#\/schema\/person\/d49e199490bad7c70d64b9ab51142f2b"},"headline":"Nach 39 Stunden arbeiten sollte Schluss sein","datePublished":"2017-02-22T16:24:58+00:00","dateModified":"2023-03-14T08:02:59+00:00","mainEntityOfPage":{"@id":"https:\/\/news.save.ch\/maximal-39-stunden-pro-woche-arbeiten\/"},"wordCount":151,"commentCount":0,"publisher":{"@id":"https:\/\/news.save.ch\/de\/#organization"},"image":{"@id":"https:\/\/news.save.ch\/maximal-39-stunden-pro-woche-arbeiten\/#primaryimage"},"thumbnailUrl":"https:\/\/news.save.ch\/wp-content\/uploads\/2017\/02\/Depositphotos_57241603_l-2015-scaled-1.jpg","keywords":["Arbeitszeit","Studie","\u00dcberzeit"],"articleSection":["HEALTH &amp; SAFETY"],"inLanguage":"it-IT"},{"@type":"WebPage","@id":"https:\/\/news.save.ch\/maximal-39-stunden-pro-woche-arbeiten\/","url":"https:\/\/news.save.ch\/maximal-39-stunden-pro-woche-arbeiten\/","name":"Lavorare 39 ore dovrebbe essere la fine - Save","isPartOf":{"@id":"https:\/\/news.save.ch\/de\/#website"},"primaryImageOfPage":{"@id":"https:\/\/news.save.ch\/maximal-39-stunden-pro-woche-arbeiten\/#primaryimage"},"image":{"@id":"https:\/\/news.save.ch\/maximal-39-stunden-pro-woche-arbeiten\/#primaryimage"},"thumbnailUrl":"https:\/\/news.save.ch\/wp-content\/uploads\/2017\/02\/Depositphotos_57241603_l-2015-scaled-1.jpg","datePublished":"2017-02-22T16:24:58+00:00","dateModified":"2023-03-14T08:02:59+00:00","description":"Anche chi lavora pi\u00f9 di 39 ore a settimana mette a rischio la propria salute. \u00c8 quanto emerge da un nuovo studio.","breadcrumb":{"@id":"https:\/\/news.save.ch\/maximal-39-stunden-pro-woche-arbeiten\/#breadcrumb"},"inLanguage":"it-IT","potentialAction":[{"@type":"ReadAction","target":["https:\/\/news.save.ch\/maximal-39-stunden-pro-woche-arbeiten\/"]}]},{"@type":"ImageObject","inLanguage":"it-IT","@id":"https:\/\/news.save.ch\/maximal-39-stunden-pro-woche-arbeiten\/#primaryimage","url":"https:\/\/news.save.ch\/wp-content\/uploads\/2017\/02\/Depositphotos_57241603_l-2015-scaled-1.jpg","contentUrl":"https:\/\/news.save.ch\/wp-content\/uploads\/2017\/02\/Depositphotos_57241603_l-2015-scaled-1.jpg","width":1200,"height":801,"caption":"\u00dcberzeit ist ungesund - das soll bereits ab 39 Stunden pro Woche gelten."},{"@type":"BreadcrumbList","@id":"https:\/\/news.save.ch\/maximal-39-stunden-pro-woche-arbeiten\/#breadcrumb","itemListElement":[{"@type":"ListItem","position":1,"name":"Home","item":"https:\/\/news.save.ch\/de\/"},{"@type":"ListItem","position":2,"name":"Nach 39 Stunden arbeiten sollte Schluss sein"}]},{"@type":"WebSite","@id":"https:\/\/news.save.ch\/de\/#website","url":"https:\/\/news.save.ch\/de\/","name":"Risparmiare","description":"Rivista svizzera specializzata in sicurezza","publisher":{"@id":"https:\/\/news.save.ch\/de\/#organization"},"potentialAction":[{"@type":"SearchAction","target":{"@type":"EntryPoint","urlTemplate":"https:\/\/news.save.ch\/de\/?s={search_term_string}"},"query-input":{"@type":"PropertyValueSpecification","valueRequired":true,"valueName":"search_term_string"}}],"inLanguage":"it-IT"},{"@type":"Organization","@id":"https:\/\/news.save.ch\/de\/#organization","name":"Forum sulla sicurezza","url":"https:\/\/news.save.ch\/de\/","logo":{"@type":"ImageObject","inLanguage":"it-IT","@id":"https:\/\/news.save.ch\/de\/#\/schema\/logo\/image\/","url":"https:\/\/news.save.ch\/wp-content\/uploads\/2022\/06\/Logo_SF_2012.png","contentUrl":"https:\/\/news.save.ch\/wp-content\/uploads\/2022\/06\/Logo_SF_2012.png","width":1100,"height":91,"caption":"Sicherheitsforum"},"image":{"@id":"https:\/\/news.save.ch\/de\/#\/schema\/logo\/image\/"}},{"@type":"Person","@id":"https:\/\/news.save.ch\/de\/#\/schema\/person\/d49e199490bad7c70d64b9ab51142f2b","name":"amministratore","image":{"@type":"ImageObject","inLanguage":"it-IT","@id":"https:\/\/secure.gravatar.com\/avatar\/ae2f4d718e6c49043e314ce431e7e645d646302a24a5ef5a8bc8e3f5a032e319?s=96&d=mm&r=g","url":"https:\/\/secure.gravatar.com\/avatar\/ae2f4d718e6c49043e314ce431e7e645d646302a24a5ef5a8bc8e3f5a032e319?s=96&d=mm&r=g","contentUrl":"https:\/\/secure.gravatar.com\/avatar\/ae2f4d718e6c49043e314ce431e7e645d646302a24a5ef5a8bc8e3f5a032e319?s=96&d=mm&r=g","caption":"admin"},"sameAs":["https:\/\/develop.organisator.galledia.ch"],"url":"https:\/\/news.save.ch\/it\/author\/admin\/"}]}},"_links":{"self":[{"href":"https:\/\/news.save.ch\/it\/wp-json\/wp\/v2\/posts\/16800","targetHints":{"allow":["GET"]}}],"collection":[{"href":"https:\/\/news.save.ch\/it\/wp-json\/wp\/v2\/posts"}],"about":[{"href":"https:\/\/news.save.ch\/it\/wp-json\/wp\/v2\/types\/post"}],"author":[{"embeddable":true,"href":"https:\/\/news.save.ch\/it\/wp-json\/wp\/v2\/users\/1"}],"replies":[{"embeddable":true,"href":"https:\/\/news.save.ch\/it\/wp-json\/wp\/v2\/comments?post=16800"}],"version-history":[{"count":1,"href":"https:\/\/news.save.ch\/it\/wp-json\/wp\/v2\/posts\/16800\/revisions"}],"predecessor-version":[{"id":18797,"href":"https:\/\/news.save.ch\/it\/wp-json\/wp\/v2\/posts\/16800\/revisions\/18797"}],"wp:featuredmedia":[{"embeddable":true,"href":"https:\/\/news.save.ch\/it\/wp-json\/wp\/v2\/media\/2563"}],"wp:attachment":[{"href":"https:\/\/news.save.ch\/it\/wp-json\/wp\/v2\/media?parent=16800"}],"wp:term":[{"taxonomy":"category","embeddable":true,"href":"https:\/\/news.save.ch\/it\/wp-json\/wp\/v2\/categories?post=16800"},{"taxonomy":"post_tag","embeddable":true,"href":"https:\/\/news.save.ch\/it\/wp-json\/wp\/v2\/tags?post=16800"}],"curies":[{"name":"wp","href":"https:\/\/api.w.org\/{rel}","templated":true}]}}