{"id":16854,"date":"2018-02-18T08:26:17","date_gmt":"2018-02-18T07:26:17","guid":{"rendered":"https:\/\/news.save.ch\/?p=2611"},"modified":"2023-03-14T09:04:16","modified_gmt":"2023-03-14T08:04:16","slug":"daemmerlicht-fuehrt-zur-verdummung","status":null,"type":"post","link":"https:\/\/news.save.ch\/it\/daemmerlicht-fuehrt-zur-verdummung\/","title":{"rendered":"Il crepuscolo porta alla stupidit\u00e0"},"content":{"rendered":"<figure id=\"attachment_2612\" aria-describedby=\"caption-attachment-2612\" style=\"width: 680px\" class=\"wp-caption alignnone\"><img loading=\"lazy\" decoding=\"async\" class=\"size-medium wp-image-2612\" src=\"http:\/\/develop.safety-plus.ch\/wp-content\/uploads\/2018\/02\/bright-lights-vs-dim-lights-graphic.jpg\" alt=\"\" width=\"680\" height=\"383\" \/><figcaption id=\"caption-attachment-2612\" class=\"wp-caption-text\">Test su ratti cugini: Le prestazioni dell'ippocampo sono diminuite del 30 per cento: attivit\u00e0 cerebrali dopo la cura della luce (in alto), permanenza alla luce fioca (\u00a9 msu.edu)<\/figcaption><\/figure>\n<p>I ricercatori del <a href=\"http:\/\/msu.edu\" target=\"_blank\" rel=\"noopener\">Universit\u00e0 statale del Michigan<\/a> ha fatto esperimenti con i Kusurrat, chiamati anche ratti d'erba nella loro terra d'origine, l'Africa. Come gli esseri umani, sono diurni e dormono di notte.<\/p>\n<p><strong>L'effetto pu\u00f2 essere invertito<\/strong><\/p>\n<p>Il responsabile della ricerca Antonio Nunez e il suo team hanno esposto alcuni animali al crepuscolo per quattro settimane. Gli altri hanno vissuto in condizioni di illuminazione normale. I ricercatori hanno poi esaminato il cervello dei ratti, che sono pi\u00f9 simili ai topi. Risultato: la capacit\u00e0 dell'ippocampo degli animali usciti dalla penombra si era ridotta del 30%. Inoltre, la loro capacit\u00e0 di risolvere compiti che richiedono consapevolezza spaziale era diminuita. Prima dell'esperimento, riuscivano a risolvere i compiti con facilit\u00e0. Gli animali che avevano vissuto in condizioni di illuminazione normale erano ancora in grado di migliorare nella risoluzione dei compiti spaziali.<\/p>\n<p>Tuttavia, il presunto ottundimento poteva essere invertito. Quando gli animali hanno vissuto di nuovo alla luce per quattro settimane dopo la fase di buio, sono stati in grado di risolvere i loro compiti addestrati come prima. \"Per l'illuminazione abbiamo simulato giornate invernali con molte nuvole nel Midwest\", spiega Nunez. La perdita parziale della capacit\u00e0 di pensare in modo spaziale assomiglia alla situazione delle persone che, dopo una visita al cinema o un <a href=\"https:\/\/news.save.ch\/it\/helle-koepfe-sieht-man-auch-im-dunkeln\/\" target=\"_blank\" rel=\"noopener\">Passeggiare in un centro commerciale<\/a> non trovano pi\u00f9 la loro auto, il che potrebbe essere un problema isolato.<\/p>\n<p><strong>La colpa \u00e8 del fattore di crescita<\/strong><\/p>\n<p>Joel Soler del team di Nunez descrive ci\u00f2 che accade nel cervello degli animali. La luce fioca porta a una diminuzione significativa del fattore di crescita BDNF. Si tratta di un peptide essenziale per mantenere le vie di comunicazione nel cervello e i neuroni nell'ippocampo. \"In altre parole, la luce fioca produce idioti\", spiega Soler. Mentre le persone con una vista normale possono facilmente proteggersi da questo tipo di ottundimento, la storia \u00e8 diversa per le persone con problemi agli occhi. A medio termine, tuttavia, i ricercatori ritengono di poterli aiutare. \u00c8 possibile stimolare direttamente i neuroni interessati, aggirando cos\u00ec l'occhio. Non \u00e8 ancora stato dimostrato se i risultati degli esperimenti sui topi possano essere trasferiti all'uomo.<\/p>\n<p>Testo: <a href=\"http:\/\/www.pressetext.com\" target=\"_blank\" rel=\"noopener\">pressetext.redazione<\/a>, Wolfgang Kempkens<\/p>","protected":false},"excerpt":{"rendered":"<p>Die Forscher der Michigan State University experimentierten mit Kusurratten, die in ihrer Heimat Afrika auch Grasratten genannt werden. Wie Menschen sind sie tagaktiv und schlafen in der Nacht. Effekt l\u00e4sst sich umkehren Forschungsleiter Antonio Nunez und sein Team setzten einen Teil der Tiere vier Wochen lang D\u00e4mmerlicht aus. Die anderen lebten bei normaler Beleuchtung. Anschlie\u00dfend [&hellip;]<\/p>\n","protected":false},"author":1,"featured_media":16250,"comment_status":"open","ping_status":"open","sticky":false,"template":"","format":"standard","meta":{"_acf_changed":false,"pgc_sgb_lightbox_settings":"","footnotes":""},"categories":[3314],"tags":[172,1415,1775,1883,2165,2246,141],"class_list":["post-16854","post","type-post","status-publish","format-standard","has-post-thumbnail","hentry","category-health-safety","tag-arbeitssicherheit","tag-beleuchtung","tag-betriebliches-gesundheitsmanagement","tag-daemmerlicht","tag-gesundheitsfoerderung","tag-hippocampus","tag-praevention"],"acf":[],"hkrextid":null,"publication":null,"issue":null,"workflow":null,"startPage":null,"spitzmarke":null,"_posts_by_tag_page_fields":{"widget_title":"","widget_tags":""},"_at_widget":"1","_yoast_wpseo_primary_category":"4","_yoast_wpseo_focuskw_text_input":"D\u00e4mmerlicht","_yoast_wpseo_opengraph-image":null,"_yoast_wpseo_opengraph-description":null,"_yoast_wpseo_opengraph-title":null,"enclosure":null,"_yoast_wpseo_twitter-title":null,"_yoast_wpseo_twitter-description":null,"_yoast_wpseo_twitter-image":null,"_wp_old_slug":null,"_yoast_wpseo_title":null,"_yoast_wpseo_canonical":null,"yoast_head":"<!-- This site is optimized with the Yoast SEO plugin v27.4 - https:\/\/yoast.com\/product\/yoast-seo-wordpress\/ -->\n<title>D\u00e4mmerlicht f\u00fchrt zur Verdummung - Save<\/title>\n<meta name=\"description\" content=\"Neurowissenschaftler der Michigan State University vermuten, dass der l\u00e4ngere Aufenthalt in schlecht erleuchteten R\u00e4umen die Gehirnstruktur ver\u00e4ndert.\" \/>\n<meta name=\"robots\" content=\"index, follow, max-snippet:-1, max-image-preview:large, max-video-preview:-1\" \/>\n<link rel=\"canonical\" href=\"https:\/\/news.save.ch\/it\/daemmerlicht-fuehrt-zur-verdummung\/\" \/>\n<meta property=\"og:locale\" content=\"it_IT\" \/>\n<meta property=\"og:type\" content=\"article\" \/>\n<meta property=\"og:title\" content=\"D\u00e4mmerlicht f\u00fchrt zur Verdummung - Save\" \/>\n<meta property=\"og:description\" content=\"Neurowissenschaftler der Michigan State University vermuten, dass der l\u00e4ngere Aufenthalt in schlecht erleuchteten R\u00e4umen die Gehirnstruktur ver\u00e4ndert.\" \/>\n<meta property=\"og:url\" content=\"https:\/\/news.save.ch\/it\/daemmerlicht-fuehrt-zur-verdummung\/\" \/>\n<meta property=\"og:site_name\" content=\"Save\" \/>\n<meta property=\"article:published_time\" content=\"2018-02-18T07:26:17+00:00\" \/>\n<meta property=\"article:modified_time\" content=\"2023-03-14T08:04:16+00:00\" \/>\n<meta property=\"og:image\" content=\"https:\/\/news.save.ch\/wp-content\/uploads\/2018\/02\/bright-lights-vs-dim-lights-graphic-scaled-1.jpg\" \/>\n\t<meta property=\"og:image:width\" content=\"1200\" \/>\n\t<meta property=\"og:image:height\" content=\"675\" \/>\n\t<meta property=\"og:image:type\" content=\"image\/jpeg\" \/>\n<meta name=\"author\" content=\"admin\" \/>\n<meta name=\"twitter:card\" content=\"summary_large_image\" \/>\n<meta name=\"twitter:label1\" content=\"Scritto da\" \/>\n\t<meta name=\"twitter:data1\" content=\"admin\" \/>\n\t<meta name=\"twitter:label2\" content=\"Tempo di lettura stimato\" \/>\n\t<meta name=\"twitter:data2\" content=\"2 minuti\" \/>\n<script type=\"application\/ld+json\" class=\"yoast-schema-graph\">{\"@context\":\"https:\\\/\\\/schema.org\",\"@graph\":[{\"@type\":\"Article\",\"@id\":\"https:\\\/\\\/news.save.ch\\\/daemmerlicht-fuehrt-zur-verdummung\\\/#article\",\"isPartOf\":{\"@id\":\"https:\\\/\\\/news.save.ch\\\/daemmerlicht-fuehrt-zur-verdummung\\\/\"},\"author\":{\"name\":\"admin\",\"@id\":\"https:\\\/\\\/news.save.ch\\\/de\\\/#\\\/schema\\\/person\\\/d49e199490bad7c70d64b9ab51142f2b\"},\"headline\":\"D\u00e4mmerlicht f\u00fchrt zur Verdummung\",\"datePublished\":\"2018-02-18T07:26:17+00:00\",\"dateModified\":\"2023-03-14T08:04:16+00:00\",\"mainEntityOfPage\":{\"@id\":\"https:\\\/\\\/news.save.ch\\\/daemmerlicht-fuehrt-zur-verdummung\\\/\"},\"wordCount\":380,\"commentCount\":1,\"publisher\":{\"@id\":\"https:\\\/\\\/news.save.ch\\\/de\\\/#organization\"},\"image\":{\"@id\":\"https:\\\/\\\/news.save.ch\\\/daemmerlicht-fuehrt-zur-verdummung\\\/#primaryimage\"},\"thumbnailUrl\":\"https:\\\/\\\/news.save.ch\\\/wp-content\\\/uploads\\\/2018\\\/02\\\/bright-lights-vs-dim-lights-graphic-scaled-1.jpg\",\"keywords\":[\"Arbeitssicherheit\",\"Beleuchtung\",\"Betriebliches Gesundheitsmanagement\",\"D\u00e4mmerlicht\",\"Gesundheitsf\u00f6rderung\",\"Hippocampus\",\"Pr\u00e4vention\"],\"articleSection\":[\"HEALTH &amp; SAFETY\"],\"inLanguage\":\"it-IT\"},{\"@type\":\"WebPage\",\"@id\":\"https:\\\/\\\/news.save.ch\\\/daemmerlicht-fuehrt-zur-verdummung\\\/\",\"url\":\"https:\\\/\\\/news.save.ch\\\/daemmerlicht-fuehrt-zur-verdummung\\\/\",\"name\":\"D\u00e4mmerlicht f\u00fchrt zur Verdummung - Save\",\"isPartOf\":{\"@id\":\"https:\\\/\\\/news.save.ch\\\/de\\\/#website\"},\"primaryImageOfPage\":{\"@id\":\"https:\\\/\\\/news.save.ch\\\/daemmerlicht-fuehrt-zur-verdummung\\\/#primaryimage\"},\"image\":{\"@id\":\"https:\\\/\\\/news.save.ch\\\/daemmerlicht-fuehrt-zur-verdummung\\\/#primaryimage\"},\"thumbnailUrl\":\"https:\\\/\\\/news.save.ch\\\/wp-content\\\/uploads\\\/2018\\\/02\\\/bright-lights-vs-dim-lights-graphic-scaled-1.jpg\",\"datePublished\":\"2018-02-18T07:26:17+00:00\",\"dateModified\":\"2023-03-14T08:04:16+00:00\",\"description\":\"Neurowissenschaftler der Michigan State University vermuten, dass der l\u00e4ngere Aufenthalt in schlecht erleuchteten R\u00e4umen die Gehirnstruktur ver\u00e4ndert.\",\"breadcrumb\":{\"@id\":\"https:\\\/\\\/news.save.ch\\\/daemmerlicht-fuehrt-zur-verdummung\\\/#breadcrumb\"},\"inLanguage\":\"it-IT\",\"potentialAction\":[{\"@type\":\"ReadAction\",\"target\":[\"https:\\\/\\\/news.save.ch\\\/daemmerlicht-fuehrt-zur-verdummung\\\/\"]}]},{\"@type\":\"ImageObject\",\"inLanguage\":\"it-IT\",\"@id\":\"https:\\\/\\\/news.save.ch\\\/daemmerlicht-fuehrt-zur-verdummung\\\/#primaryimage\",\"url\":\"https:\\\/\\\/news.save.ch\\\/wp-content\\\/uploads\\\/2018\\\/02\\\/bright-lights-vs-dim-lights-graphic-scaled-1.jpg\",\"contentUrl\":\"https:\\\/\\\/news.save.ch\\\/wp-content\\\/uploads\\\/2018\\\/02\\\/bright-lights-vs-dim-lights-graphic-scaled-1.jpg\",\"width\":1200,\"height\":675,\"caption\":\"Tests mit Kusurratten: Hippocampus-Leistung sank um 30 Prozent: Gehirnaktivit\u00e4ten nach Lichtkur (oben), D\u00e4mmerlicht-Aufenthalt (Foto: msu.edu)\"},{\"@type\":\"BreadcrumbList\",\"@id\":\"https:\\\/\\\/news.save.ch\\\/daemmerlicht-fuehrt-zur-verdummung\\\/#breadcrumb\",\"itemListElement\":[{\"@type\":\"ListItem\",\"position\":1,\"name\":\"Home\",\"item\":\"https:\\\/\\\/news.save.ch\\\/de\\\/\"},{\"@type\":\"ListItem\",\"position\":2,\"name\":\"D\u00e4mmerlicht f\u00fchrt zur Verdummung\"}]},{\"@type\":\"WebSite\",\"@id\":\"https:\\\/\\\/news.save.ch\\\/de\\\/#website\",\"url\":\"https:\\\/\\\/news.save.ch\\\/de\\\/\",\"name\":\"Save\",\"description\":\"Schweizer Fachzeitschrift f\u00fcr Sicherheit\",\"publisher\":{\"@id\":\"https:\\\/\\\/news.save.ch\\\/de\\\/#organization\"},\"potentialAction\":[{\"@type\":\"SearchAction\",\"target\":{\"@type\":\"EntryPoint\",\"urlTemplate\":\"https:\\\/\\\/news.save.ch\\\/de\\\/?s={search_term_string}\"},\"query-input\":{\"@type\":\"PropertyValueSpecification\",\"valueRequired\":true,\"valueName\":\"search_term_string\"}}],\"inLanguage\":\"it-IT\"},{\"@type\":\"Organization\",\"@id\":\"https:\\\/\\\/news.save.ch\\\/de\\\/#organization\",\"name\":\"Sicherheitsforum\",\"url\":\"https:\\\/\\\/news.save.ch\\\/de\\\/\",\"logo\":{\"@type\":\"ImageObject\",\"inLanguage\":\"it-IT\",\"@id\":\"https:\\\/\\\/news.save.ch\\\/de\\\/#\\\/schema\\\/logo\\\/image\\\/\",\"url\":\"https:\\\/\\\/news.save.ch\\\/wp-content\\\/uploads\\\/2022\\\/06\\\/Logo_SF_2012.png\",\"contentUrl\":\"https:\\\/\\\/news.save.ch\\\/wp-content\\\/uploads\\\/2022\\\/06\\\/Logo_SF_2012.png\",\"width\":1100,\"height\":91,\"caption\":\"Sicherheitsforum\"},\"image\":{\"@id\":\"https:\\\/\\\/news.save.ch\\\/de\\\/#\\\/schema\\\/logo\\\/image\\\/\"}},{\"@type\":\"Person\",\"@id\":\"https:\\\/\\\/news.save.ch\\\/de\\\/#\\\/schema\\\/person\\\/d49e199490bad7c70d64b9ab51142f2b\",\"name\":\"admin\",\"image\":{\"@type\":\"ImageObject\",\"inLanguage\":\"it-IT\",\"@id\":\"https:\\\/\\\/secure.gravatar.com\\\/avatar\\\/ae2f4d718e6c49043e314ce431e7e645d646302a24a5ef5a8bc8e3f5a032e319?s=96&d=mm&r=g\",\"url\":\"https:\\\/\\\/secure.gravatar.com\\\/avatar\\\/ae2f4d718e6c49043e314ce431e7e645d646302a24a5ef5a8bc8e3f5a032e319?s=96&d=mm&r=g\",\"contentUrl\":\"https:\\\/\\\/secure.gravatar.com\\\/avatar\\\/ae2f4d718e6c49043e314ce431e7e645d646302a24a5ef5a8bc8e3f5a032e319?s=96&d=mm&r=g\",\"caption\":\"admin\"},\"sameAs\":[\"https:\\\/\\\/develop.organisator.galledia.ch\"],\"url\":\"https:\\\/\\\/news.save.ch\\\/it\\\/author\\\/admin\\\/\"}]}<\/script>\n<!-- \/ Yoast SEO plugin. -->","yoast_head_json":{"title":"Il crepuscolo porta alla stupidit\u00e0 - Save","description":"I neuroscienziati della Michigan State University sospettano che trascorrere lunghi periodi di tempo in stanze poco illuminate modifichi la struttura del cervello.","robots":{"index":"index","follow":"follow","max-snippet":"max-snippet:-1","max-image-preview":"max-image-preview:large","max-video-preview":"max-video-preview:-1"},"canonical":"https:\/\/news.save.ch\/it\/daemmerlicht-fuehrt-zur-verdummung\/","og_locale":"it_IT","og_type":"article","og_title":"D\u00e4mmerlicht f\u00fchrt zur Verdummung - Save","og_description":"Neurowissenschaftler der Michigan State University vermuten, dass der l\u00e4ngere Aufenthalt in schlecht erleuchteten R\u00e4umen die Gehirnstruktur ver\u00e4ndert.","og_url":"https:\/\/news.save.ch\/it\/daemmerlicht-fuehrt-zur-verdummung\/","og_site_name":"Save","article_published_time":"2018-02-18T07:26:17+00:00","article_modified_time":"2023-03-14T08:04:16+00:00","og_image":[{"width":1200,"height":675,"url":"https:\/\/news.save.ch\/wp-content\/uploads\/2018\/02\/bright-lights-vs-dim-lights-graphic-scaled-1.jpg","type":"image\/jpeg"}],"author":"admin","twitter_card":"summary_large_image","twitter_misc":{"Scritto da":"admin","Tempo di lettura stimato":"2 minuti"},"schema":{"@context":"https:\/\/schema.org","@graph":[{"@type":"Article","@id":"https:\/\/news.save.ch\/daemmerlicht-fuehrt-zur-verdummung\/#article","isPartOf":{"@id":"https:\/\/news.save.ch\/daemmerlicht-fuehrt-zur-verdummung\/"},"author":{"name":"admin","@id":"https:\/\/news.save.ch\/de\/#\/schema\/person\/d49e199490bad7c70d64b9ab51142f2b"},"headline":"D\u00e4mmerlicht f\u00fchrt zur Verdummung","datePublished":"2018-02-18T07:26:17+00:00","dateModified":"2023-03-14T08:04:16+00:00","mainEntityOfPage":{"@id":"https:\/\/news.save.ch\/daemmerlicht-fuehrt-zur-verdummung\/"},"wordCount":380,"commentCount":1,"publisher":{"@id":"https:\/\/news.save.ch\/de\/#organization"},"image":{"@id":"https:\/\/news.save.ch\/daemmerlicht-fuehrt-zur-verdummung\/#primaryimage"},"thumbnailUrl":"https:\/\/news.save.ch\/wp-content\/uploads\/2018\/02\/bright-lights-vs-dim-lights-graphic-scaled-1.jpg","keywords":["Arbeitssicherheit","Beleuchtung","Betriebliches Gesundheitsmanagement","D\u00e4mmerlicht","Gesundheitsf\u00f6rderung","Hippocampus","Pr\u00e4vention"],"articleSection":["HEALTH &amp; SAFETY"],"inLanguage":"it-IT"},{"@type":"WebPage","@id":"https:\/\/news.save.ch\/daemmerlicht-fuehrt-zur-verdummung\/","url":"https:\/\/news.save.ch\/daemmerlicht-fuehrt-zur-verdummung\/","name":"Il crepuscolo porta alla stupidit\u00e0 - Save","isPartOf":{"@id":"https:\/\/news.save.ch\/de\/#website"},"primaryImageOfPage":{"@id":"https:\/\/news.save.ch\/daemmerlicht-fuehrt-zur-verdummung\/#primaryimage"},"image":{"@id":"https:\/\/news.save.ch\/daemmerlicht-fuehrt-zur-verdummung\/#primaryimage"},"thumbnailUrl":"https:\/\/news.save.ch\/wp-content\/uploads\/2018\/02\/bright-lights-vs-dim-lights-graphic-scaled-1.jpg","datePublished":"2018-02-18T07:26:17+00:00","dateModified":"2023-03-14T08:04:16+00:00","description":"I neuroscienziati della Michigan State University sospettano che trascorrere lunghi periodi di tempo in stanze poco illuminate modifichi la struttura del cervello.","breadcrumb":{"@id":"https:\/\/news.save.ch\/daemmerlicht-fuehrt-zur-verdummung\/#breadcrumb"},"inLanguage":"it-IT","potentialAction":[{"@type":"ReadAction","target":["https:\/\/news.save.ch\/daemmerlicht-fuehrt-zur-verdummung\/"]}]},{"@type":"ImageObject","inLanguage":"it-IT","@id":"https:\/\/news.save.ch\/daemmerlicht-fuehrt-zur-verdummung\/#primaryimage","url":"https:\/\/news.save.ch\/wp-content\/uploads\/2018\/02\/bright-lights-vs-dim-lights-graphic-scaled-1.jpg","contentUrl":"https:\/\/news.save.ch\/wp-content\/uploads\/2018\/02\/bright-lights-vs-dim-lights-graphic-scaled-1.jpg","width":1200,"height":675,"caption":"Tests mit Kusurratten: Hippocampus-Leistung sank um 30 Prozent: Gehirnaktivit\u00e4ten nach Lichtkur (oben), D\u00e4mmerlicht-Aufenthalt (Foto: msu.edu)"},{"@type":"BreadcrumbList","@id":"https:\/\/news.save.ch\/daemmerlicht-fuehrt-zur-verdummung\/#breadcrumb","itemListElement":[{"@type":"ListItem","position":1,"name":"Home","item":"https:\/\/news.save.ch\/de\/"},{"@type":"ListItem","position":2,"name":"D\u00e4mmerlicht f\u00fchrt zur Verdummung"}]},{"@type":"WebSite","@id":"https:\/\/news.save.ch\/de\/#website","url":"https:\/\/news.save.ch\/de\/","name":"Risparmiare","description":"Rivista svizzera specializzata in sicurezza","publisher":{"@id":"https:\/\/news.save.ch\/de\/#organization"},"potentialAction":[{"@type":"SearchAction","target":{"@type":"EntryPoint","urlTemplate":"https:\/\/news.save.ch\/de\/?s={search_term_string}"},"query-input":{"@type":"PropertyValueSpecification","valueRequired":true,"valueName":"search_term_string"}}],"inLanguage":"it-IT"},{"@type":"Organization","@id":"https:\/\/news.save.ch\/de\/#organization","name":"Forum sulla sicurezza","url":"https:\/\/news.save.ch\/de\/","logo":{"@type":"ImageObject","inLanguage":"it-IT","@id":"https:\/\/news.save.ch\/de\/#\/schema\/logo\/image\/","url":"https:\/\/news.save.ch\/wp-content\/uploads\/2022\/06\/Logo_SF_2012.png","contentUrl":"https:\/\/news.save.ch\/wp-content\/uploads\/2022\/06\/Logo_SF_2012.png","width":1100,"height":91,"caption":"Sicherheitsforum"},"image":{"@id":"https:\/\/news.save.ch\/de\/#\/schema\/logo\/image\/"}},{"@type":"Person","@id":"https:\/\/news.save.ch\/de\/#\/schema\/person\/d49e199490bad7c70d64b9ab51142f2b","name":"amministratore","image":{"@type":"ImageObject","inLanguage":"it-IT","@id":"https:\/\/secure.gravatar.com\/avatar\/ae2f4d718e6c49043e314ce431e7e645d646302a24a5ef5a8bc8e3f5a032e319?s=96&d=mm&r=g","url":"https:\/\/secure.gravatar.com\/avatar\/ae2f4d718e6c49043e314ce431e7e645d646302a24a5ef5a8bc8e3f5a032e319?s=96&d=mm&r=g","contentUrl":"https:\/\/secure.gravatar.com\/avatar\/ae2f4d718e6c49043e314ce431e7e645d646302a24a5ef5a8bc8e3f5a032e319?s=96&d=mm&r=g","caption":"admin"},"sameAs":["https:\/\/develop.organisator.galledia.ch"],"url":"https:\/\/news.save.ch\/it\/author\/admin\/"}]}},"_links":{"self":[{"href":"https:\/\/news.save.ch\/it\/wp-json\/wp\/v2\/posts\/16854","targetHints":{"allow":["GET"]}}],"collection":[{"href":"https:\/\/news.save.ch\/it\/wp-json\/wp\/v2\/posts"}],"about":[{"href":"https:\/\/news.save.ch\/it\/wp-json\/wp\/v2\/types\/post"}],"author":[{"embeddable":true,"href":"https:\/\/news.save.ch\/it\/wp-json\/wp\/v2\/users\/1"}],"replies":[{"embeddable":true,"href":"https:\/\/news.save.ch\/it\/wp-json\/wp\/v2\/comments?post=16854"}],"version-history":[{"count":1,"href":"https:\/\/news.save.ch\/it\/wp-json\/wp\/v2\/posts\/16854\/revisions"}],"predecessor-version":[{"id":18744,"href":"https:\/\/news.save.ch\/it\/wp-json\/wp\/v2\/posts\/16854\/revisions\/18744"}],"wp:featuredmedia":[{"embeddable":true,"href":"https:\/\/news.save.ch\/it\/wp-json\/wp\/v2\/media\/16250"}],"wp:attachment":[{"href":"https:\/\/news.save.ch\/it\/wp-json\/wp\/v2\/media?parent=16854"}],"wp:term":[{"taxonomy":"category","embeddable":true,"href":"https:\/\/news.save.ch\/it\/wp-json\/wp\/v2\/categories?post=16854"},{"taxonomy":"post_tag","embeddable":true,"href":"https:\/\/news.save.ch\/it\/wp-json\/wp\/v2\/tags?post=16854"}],"curies":[{"name":"wp","href":"https:\/\/api.w.org\/{rel}","templated":true}]}}