{"id":16858,"date":"2018-02-26T08:42:57","date_gmt":"2018-02-26T07:42:57","guid":{"rendered":"https:\/\/news.save.ch\/?p=2633"},"modified":"2023-03-14T09:04:16","modified_gmt":"2023-03-14T08:04:16","slug":"liste-der-berufskrankheiten-wird-angepasst","status":null,"type":"post","link":"https:\/\/news.save.ch\/it\/liste-der-berufskrankheiten-wird-angepasst\/","title":{"rendered":"Elenco delle malattie professionali da adattare"},"content":{"rendered":"<figure id=\"attachment_2635\" aria-describedby=\"caption-attachment-2635\" style=\"width: 680px\" class=\"wp-caption alignnone\"><img loading=\"lazy\" decoding=\"async\" class=\"size-medium wp-image-2635\" src=\"http:\/\/develop.safety-plus.ch\/wp-content\/uploads\/2018\/02\/Fotolia_Firma-V.jpg\" alt=\"\" width=\"680\" height=\"454\" srcset=\"https:\/\/news.save.ch\/wp-content\/uploads\/2018\/02\/Fotolia_Firma-V.jpg 848w, https:\/\/news.save.ch\/wp-content\/uploads\/2018\/02\/Fotolia_Firma-V-680x454.jpg 680w, https:\/\/news.save.ch\/wp-content\/uploads\/2018\/02\/Fotolia_Firma-V-768x513.jpg 768w, https:\/\/news.save.ch\/wp-content\/uploads\/2018\/02\/Fotolia_Firma-V-18x12.jpg 18w, https:\/\/news.save.ch\/wp-content\/uploads\/2018\/02\/Fotolia_Firma-V-375x250.jpg 375w, https:\/\/news.save.ch\/wp-content\/uploads\/2018\/02\/Fotolia_Firma-V-524x350.jpg 524w\" sizes=\"auto, (max-width: 680px) 100vw, 680px\" \/><figcaption id=\"caption-attachment-2635\" class=\"wp-caption-text\">Anche l'elenco delle malattie professionali \u00e8 stato leggermente ampliato in singoli punti della parafrasi. \u00a9 Fotolia\/Azienda V<\/figcaption><\/figure>\n<p>L'elenco delle malattie professionali di cui all'Allegato 1 \u00e8 rimasto invariato per oltre un decennio. Le modifiche all'ordinanza riguardano essenzialmente l'inclusione di ulteriori sostanze nocive, come ad esempio la <a href=\"https:\/\/news.save.ch\/it\/schutzniveau-im-chemikalienbereich-sichergestellt\/\" target=\"_blank\" rel=\"noopener\">Disinfettante<\/a> e ammine aromatiche. Inoltre, l'elenco delle malattie correlate al lavoro \u00e8 stato leggermente ampliato in singoli punti della parafrasi.<\/p>\n<p>L'elenco delle malattie professionali facilita la prova del nesso causale tra una causa dannosa per la salute e la malattia professionale che ne deriva. Secondo la giurisprudenza, l'assicuratore contro gli infortuni \u00e8 tenuto a pagare le prestazioni se pi\u00f9 del 50% della malattia \u00e8 dovuta a un'influenza professionale (esposizione) causata da una sostanza o un fattore fisico presente nell'elenco.<\/p>\n<p><strong>Modifica dell'ordinanza sull'assicurazione contro gli infortuni<\/strong><\/p>\n<p>L'elenco delle malattie professionali di cui all'Allegato 1 dell'Ordinanza sull'assicurazione contro gli infortuni (UVV) \u00e8 rimasto invariato per oltre un decennio. Deve quindi essere adattato alle nuove scoperte scientifiche e tecniche sulle sostanze nocive e sugli influssi meccanici sulla salute.<\/p>\n<p><a href=\"https:\/\/www.bag.admin.ch\/bag\/de\/home\/themen\/versicherungen\/unfallversicherung\/revisionsprojekte\/laufende-projekte\/anhang-1-uvv-berufskrankheitenliste.html\" target=\"_blank\" rel=\"noopener\">Ulteriori informazioni<\/a><\/p>\n<p>Testo: <a href=\"http:\/\/www.bag.admin.ch\" target=\"_blank\" rel=\"noopener\">UFSP Ufficio federale della sanit\u00e0 pubblica\u00a0<\/a><\/p>","protected":false},"excerpt":{"rendered":"<p>Die Liste der Berufskrankheiten in Anhang 1 ist seit mehr als einem Jahrzehnt unver\u00e4ndert geblieben. Die Verordnungs\u00e4nderungen betreffen im Wesentlichen die Aufnahme von zus\u00e4tzlichen sch\u00e4digenden Stoffen, zum Beispiel die Desinfektionsmittel und die Aromatischen Amine. Zudem wurde die Liste der arbeitsbedingten Erkrankungen in einzelnen Punkten in der Umschreibung etwas erweitert. Die Liste der Berufskrankheiten erleichtert die [&hellip;]<\/p>\n","protected":false},"author":1,"featured_media":2635,"comment_status":"open","ping_status":"open","sticky":false,"template":"","format":"standard","meta":{"_acf_changed":false,"pgc_sgb_lightbox_settings":"","footnotes":""},"categories":[1,3314],"tags":[172,1682,700,168,1898,127,149,3143,181],"class_list":["post-16858","post","type-post","status-publish","format-standard","has-post-thumbnail","hentry","category-allgemein","category-health-safety","tag-arbeitssicherheit","tag-aromatische-amine","tag-bag","tag-bundesrat","tag-desinfektionsmittel","tag-gefaehrliche-stoffe","tag-gesundheitsschutz","tag-unfallversicherung","tag-versicherung"],"acf":[],"hkrextid":null,"publication":null,"issue":null,"workflow":null,"startPage":null,"spitzmarke":null,"_posts_by_tag_page_fields":{"widget_title":"","widget_tags":""},"_at_widget":"1","_yoast_wpseo_primary_category":"1","_yoast_wpseo_focuskw_text_input":"Liste der Berufskrankheiten","_yoast_wpseo_opengraph-image":null,"_yoast_wpseo_opengraph-description":null,"_yoast_wpseo_opengraph-title":null,"enclosure":null,"_yoast_wpseo_twitter-title":null,"_yoast_wpseo_twitter-description":null,"_yoast_wpseo_twitter-image":null,"_wp_old_slug":null,"_yoast_wpseo_title":null,"_yoast_wpseo_canonical":null,"yoast_head":"<!-- This site is optimized with the Yoast SEO plugin v27.4 - https:\/\/yoast.com\/product\/yoast-seo-wordpress\/ -->\n<title>Liste der Berufskrankheiten wird angepasst - Save<\/title>\n<meta name=\"description\" content=\"Die Liste der Berufskrankheiten gem\u00e4ss Anhang 1 der Verordnung \u00fcber die Unfallversicherung (UVV) ist seit mehr als einem Jahrzehnt unver\u00e4ndert geblieben. Sie ist daher an die neuen wissenschaftlichen und technischen Erkenntnisse zu den sch\u00e4digenden Stoffen und mechanischen Einfl\u00fcssen auf die Gesundheit anzupassen.\" \/>\n<meta name=\"robots\" content=\"index, follow, max-snippet:-1, max-image-preview:large, max-video-preview:-1\" \/>\n<link rel=\"canonical\" href=\"https:\/\/news.save.ch\/it\/liste-der-berufskrankheiten-wird-angepasst\/\" \/>\n<meta property=\"og:locale\" content=\"it_IT\" \/>\n<meta property=\"og:type\" content=\"article\" \/>\n<meta property=\"og:title\" content=\"Liste der Berufskrankheiten wird angepasst - Save\" \/>\n<meta property=\"og:description\" content=\"Die Liste der Berufskrankheiten gem\u00e4ss Anhang 1 der Verordnung \u00fcber die Unfallversicherung (UVV) ist seit mehr als einem Jahrzehnt unver\u00e4ndert geblieben. Sie ist daher an die neuen wissenschaftlichen und technischen Erkenntnisse zu den sch\u00e4digenden Stoffen und mechanischen Einfl\u00fcssen auf die Gesundheit anzupassen.\" \/>\n<meta property=\"og:url\" content=\"https:\/\/news.save.ch\/it\/liste-der-berufskrankheiten-wird-angepasst\/\" \/>\n<meta property=\"og:site_name\" content=\"Save\" \/>\n<meta property=\"article:published_time\" content=\"2018-02-26T07:42:57+00:00\" \/>\n<meta property=\"article:modified_time\" content=\"2023-03-14T08:04:16+00:00\" \/>\n<meta property=\"og:image\" content=\"https:\/\/news.save.ch\/wp-content\/uploads\/2018\/02\/Fotolia_Firma-V.jpg\" \/>\n\t<meta property=\"og:image:width\" content=\"848\" \/>\n\t<meta property=\"og:image:height\" content=\"566\" \/>\n\t<meta property=\"og:image:type\" content=\"image\/jpeg\" \/>\n<meta name=\"author\" content=\"admin\" \/>\n<meta name=\"twitter:card\" content=\"summary_large_image\" \/>\n<meta name=\"twitter:label1\" content=\"Scritto da\" \/>\n\t<meta name=\"twitter:data1\" content=\"admin\" \/>\n\t<meta name=\"twitter:label2\" content=\"Tempo di lettura stimato\" \/>\n\t<meta name=\"twitter:data2\" content=\"1 minuto\" \/>\n<script type=\"application\/ld+json\" class=\"yoast-schema-graph\">{\"@context\":\"https:\\\/\\\/schema.org\",\"@graph\":[{\"@type\":\"Article\",\"@id\":\"https:\\\/\\\/news.save.ch\\\/liste-der-berufskrankheiten-wird-angepasst\\\/#article\",\"isPartOf\":{\"@id\":\"https:\\\/\\\/news.save.ch\\\/liste-der-berufskrankheiten-wird-angepasst\\\/\"},\"author\":{\"name\":\"admin\",\"@id\":\"https:\\\/\\\/news.save.ch\\\/de\\\/#\\\/schema\\\/person\\\/d49e199490bad7c70d64b9ab51142f2b\"},\"headline\":\"Liste der Berufskrankheiten wird angepasst\",\"datePublished\":\"2018-02-26T07:42:57+00:00\",\"dateModified\":\"2023-03-14T08:04:16+00:00\",\"mainEntityOfPage\":{\"@id\":\"https:\\\/\\\/news.save.ch\\\/liste-der-berufskrankheiten-wird-angepasst\\\/\"},\"wordCount\":200,\"commentCount\":0,\"publisher\":{\"@id\":\"https:\\\/\\\/news.save.ch\\\/de\\\/#organization\"},\"image\":{\"@id\":\"https:\\\/\\\/news.save.ch\\\/liste-der-berufskrankheiten-wird-angepasst\\\/#primaryimage\"},\"thumbnailUrl\":\"https:\\\/\\\/news.save.ch\\\/wp-content\\\/uploads\\\/2018\\\/02\\\/Fotolia_Firma-V.jpg\",\"keywords\":[\"Arbeitssicherheit\",\"Aromatische Amine\",\"BAG\",\"Bundesrat\",\"Desinfektionsmittel\",\"Gef\u00e4hrliche Stoffe\",\"Gesundheitsschutz\",\"Unfallversicherung\",\"Versicherung\"],\"articleSection\":[\"ALLGEMEIN\",\"HEALTH &amp; SAFETY\"],\"inLanguage\":\"it-IT\"},{\"@type\":\"WebPage\",\"@id\":\"https:\\\/\\\/news.save.ch\\\/liste-der-berufskrankheiten-wird-angepasst\\\/\",\"url\":\"https:\\\/\\\/news.save.ch\\\/liste-der-berufskrankheiten-wird-angepasst\\\/\",\"name\":\"Liste der Berufskrankheiten wird angepasst - Save\",\"isPartOf\":{\"@id\":\"https:\\\/\\\/news.save.ch\\\/de\\\/#website\"},\"primaryImageOfPage\":{\"@id\":\"https:\\\/\\\/news.save.ch\\\/liste-der-berufskrankheiten-wird-angepasst\\\/#primaryimage\"},\"image\":{\"@id\":\"https:\\\/\\\/news.save.ch\\\/liste-der-berufskrankheiten-wird-angepasst\\\/#primaryimage\"},\"thumbnailUrl\":\"https:\\\/\\\/news.save.ch\\\/wp-content\\\/uploads\\\/2018\\\/02\\\/Fotolia_Firma-V.jpg\",\"datePublished\":\"2018-02-26T07:42:57+00:00\",\"dateModified\":\"2023-03-14T08:04:16+00:00\",\"description\":\"Die Liste der Berufskrankheiten gem\u00e4ss Anhang 1 der Verordnung \u00fcber die Unfallversicherung (UVV) ist seit mehr als einem Jahrzehnt unver\u00e4ndert geblieben. Sie ist daher an die neuen wissenschaftlichen und technischen Erkenntnisse zu den sch\u00e4digenden Stoffen und mechanischen Einfl\u00fcssen auf die Gesundheit anzupassen.\",\"breadcrumb\":{\"@id\":\"https:\\\/\\\/news.save.ch\\\/liste-der-berufskrankheiten-wird-angepasst\\\/#breadcrumb\"},\"inLanguage\":\"it-IT\",\"potentialAction\":[{\"@type\":\"ReadAction\",\"target\":[\"https:\\\/\\\/news.save.ch\\\/liste-der-berufskrankheiten-wird-angepasst\\\/\"]}]},{\"@type\":\"ImageObject\",\"inLanguage\":\"it-IT\",\"@id\":\"https:\\\/\\\/news.save.ch\\\/liste-der-berufskrankheiten-wird-angepasst\\\/#primaryimage\",\"url\":\"https:\\\/\\\/news.save.ch\\\/wp-content\\\/uploads\\\/2018\\\/02\\\/Fotolia_Firma-V.jpg\",\"contentUrl\":\"https:\\\/\\\/news.save.ch\\\/wp-content\\\/uploads\\\/2018\\\/02\\\/Fotolia_Firma-V.jpg\",\"width\":848,\"height\":566,\"caption\":\"Auch die Liste der arbeitsbedingten Erkrankungen wurde in einzelnen Punkten in der Umschreibung etwas erweitert. \u00a9 Fotolia\\\/Firma V\"},{\"@type\":\"BreadcrumbList\",\"@id\":\"https:\\\/\\\/news.save.ch\\\/liste-der-berufskrankheiten-wird-angepasst\\\/#breadcrumb\",\"itemListElement\":[{\"@type\":\"ListItem\",\"position\":1,\"name\":\"Home\",\"item\":\"https:\\\/\\\/news.save.ch\\\/de\\\/\"},{\"@type\":\"ListItem\",\"position\":2,\"name\":\"Liste der Berufskrankheiten wird angepasst\"}]},{\"@type\":\"WebSite\",\"@id\":\"https:\\\/\\\/news.save.ch\\\/de\\\/#website\",\"url\":\"https:\\\/\\\/news.save.ch\\\/de\\\/\",\"name\":\"Save\",\"description\":\"Schweizer Fachzeitschrift f\u00fcr Sicherheit\",\"publisher\":{\"@id\":\"https:\\\/\\\/news.save.ch\\\/de\\\/#organization\"},\"potentialAction\":[{\"@type\":\"SearchAction\",\"target\":{\"@type\":\"EntryPoint\",\"urlTemplate\":\"https:\\\/\\\/news.save.ch\\\/de\\\/?s={search_term_string}\"},\"query-input\":{\"@type\":\"PropertyValueSpecification\",\"valueRequired\":true,\"valueName\":\"search_term_string\"}}],\"inLanguage\":\"it-IT\"},{\"@type\":\"Organization\",\"@id\":\"https:\\\/\\\/news.save.ch\\\/de\\\/#organization\",\"name\":\"Sicherheitsforum\",\"url\":\"https:\\\/\\\/news.save.ch\\\/de\\\/\",\"logo\":{\"@type\":\"ImageObject\",\"inLanguage\":\"it-IT\",\"@id\":\"https:\\\/\\\/news.save.ch\\\/de\\\/#\\\/schema\\\/logo\\\/image\\\/\",\"url\":\"https:\\\/\\\/news.save.ch\\\/wp-content\\\/uploads\\\/2022\\\/06\\\/Logo_SF_2012.png\",\"contentUrl\":\"https:\\\/\\\/news.save.ch\\\/wp-content\\\/uploads\\\/2022\\\/06\\\/Logo_SF_2012.png\",\"width\":1100,\"height\":91,\"caption\":\"Sicherheitsforum\"},\"image\":{\"@id\":\"https:\\\/\\\/news.save.ch\\\/de\\\/#\\\/schema\\\/logo\\\/image\\\/\"}},{\"@type\":\"Person\",\"@id\":\"https:\\\/\\\/news.save.ch\\\/de\\\/#\\\/schema\\\/person\\\/d49e199490bad7c70d64b9ab51142f2b\",\"name\":\"admin\",\"image\":{\"@type\":\"ImageObject\",\"inLanguage\":\"it-IT\",\"@id\":\"https:\\\/\\\/secure.gravatar.com\\\/avatar\\\/ae2f4d718e6c49043e314ce431e7e645d646302a24a5ef5a8bc8e3f5a032e319?s=96&d=mm&r=g\",\"url\":\"https:\\\/\\\/secure.gravatar.com\\\/avatar\\\/ae2f4d718e6c49043e314ce431e7e645d646302a24a5ef5a8bc8e3f5a032e319?s=96&d=mm&r=g\",\"contentUrl\":\"https:\\\/\\\/secure.gravatar.com\\\/avatar\\\/ae2f4d718e6c49043e314ce431e7e645d646302a24a5ef5a8bc8e3f5a032e319?s=96&d=mm&r=g\",\"caption\":\"admin\"},\"sameAs\":[\"https:\\\/\\\/develop.organisator.galledia.ch\"],\"url\":\"https:\\\/\\\/news.save.ch\\\/it\\\/author\\\/admin\\\/\"}]}<\/script>\n<!-- \/ Yoast SEO plugin. -->","yoast_head_json":{"title":"Elenco delle malattie professionali da adattare - Save","description":"L'elenco delle malattie professionali di cui all'Allegato 1 dell'Ordinanza sull'assicurazione contro gli infortuni (UVV) \u00e8 rimasto invariato per oltre un decennio. Deve quindi essere adattato alle nuove scoperte scientifiche e tecniche sulle sostanze nocive e sugli influssi meccanici sulla salute.","robots":{"index":"index","follow":"follow","max-snippet":"max-snippet:-1","max-image-preview":"max-image-preview:large","max-video-preview":"max-video-preview:-1"},"canonical":"https:\/\/news.save.ch\/it\/liste-der-berufskrankheiten-wird-angepasst\/","og_locale":"it_IT","og_type":"article","og_title":"Liste der Berufskrankheiten wird angepasst - Save","og_description":"Die Liste der Berufskrankheiten gem\u00e4ss Anhang 1 der Verordnung \u00fcber die Unfallversicherung (UVV) ist seit mehr als einem Jahrzehnt unver\u00e4ndert geblieben. Sie ist daher an die neuen wissenschaftlichen und technischen Erkenntnisse zu den sch\u00e4digenden Stoffen und mechanischen Einfl\u00fcssen auf die Gesundheit anzupassen.","og_url":"https:\/\/news.save.ch\/it\/liste-der-berufskrankheiten-wird-angepasst\/","og_site_name":"Save","article_published_time":"2018-02-26T07:42:57+00:00","article_modified_time":"2023-03-14T08:04:16+00:00","og_image":[{"width":848,"height":566,"url":"https:\/\/news.save.ch\/wp-content\/uploads\/2018\/02\/Fotolia_Firma-V.jpg","type":"image\/jpeg"}],"author":"admin","twitter_card":"summary_large_image","twitter_misc":{"Scritto da":"admin","Tempo di lettura stimato":"1 minuto"},"schema":{"@context":"https:\/\/schema.org","@graph":[{"@type":"Article","@id":"https:\/\/news.save.ch\/liste-der-berufskrankheiten-wird-angepasst\/#article","isPartOf":{"@id":"https:\/\/news.save.ch\/liste-der-berufskrankheiten-wird-angepasst\/"},"author":{"name":"admin","@id":"https:\/\/news.save.ch\/de\/#\/schema\/person\/d49e199490bad7c70d64b9ab51142f2b"},"headline":"Liste der Berufskrankheiten wird angepasst","datePublished":"2018-02-26T07:42:57+00:00","dateModified":"2023-03-14T08:04:16+00:00","mainEntityOfPage":{"@id":"https:\/\/news.save.ch\/liste-der-berufskrankheiten-wird-angepasst\/"},"wordCount":200,"commentCount":0,"publisher":{"@id":"https:\/\/news.save.ch\/de\/#organization"},"image":{"@id":"https:\/\/news.save.ch\/liste-der-berufskrankheiten-wird-angepasst\/#primaryimage"},"thumbnailUrl":"https:\/\/news.save.ch\/wp-content\/uploads\/2018\/02\/Fotolia_Firma-V.jpg","keywords":["Arbeitssicherheit","Aromatische Amine","BAG","Bundesrat","Desinfektionsmittel","Gef\u00e4hrliche Stoffe","Gesundheitsschutz","Unfallversicherung","Versicherung"],"articleSection":["ALLGEMEIN","HEALTH &amp; SAFETY"],"inLanguage":"it-IT"},{"@type":"WebPage","@id":"https:\/\/news.save.ch\/liste-der-berufskrankheiten-wird-angepasst\/","url":"https:\/\/news.save.ch\/liste-der-berufskrankheiten-wird-angepasst\/","name":"Elenco delle malattie professionali da adattare - Save","isPartOf":{"@id":"https:\/\/news.save.ch\/de\/#website"},"primaryImageOfPage":{"@id":"https:\/\/news.save.ch\/liste-der-berufskrankheiten-wird-angepasst\/#primaryimage"},"image":{"@id":"https:\/\/news.save.ch\/liste-der-berufskrankheiten-wird-angepasst\/#primaryimage"},"thumbnailUrl":"https:\/\/news.save.ch\/wp-content\/uploads\/2018\/02\/Fotolia_Firma-V.jpg","datePublished":"2018-02-26T07:42:57+00:00","dateModified":"2023-03-14T08:04:16+00:00","description":"L'elenco delle malattie professionali di cui all'Allegato 1 dell'Ordinanza sull'assicurazione contro gli infortuni (UVV) \u00e8 rimasto invariato per oltre un decennio. Deve quindi essere adattato alle nuove scoperte scientifiche e tecniche sulle sostanze nocive e sugli influssi meccanici sulla salute.","breadcrumb":{"@id":"https:\/\/news.save.ch\/liste-der-berufskrankheiten-wird-angepasst\/#breadcrumb"},"inLanguage":"it-IT","potentialAction":[{"@type":"ReadAction","target":["https:\/\/news.save.ch\/liste-der-berufskrankheiten-wird-angepasst\/"]}]},{"@type":"ImageObject","inLanguage":"it-IT","@id":"https:\/\/news.save.ch\/liste-der-berufskrankheiten-wird-angepasst\/#primaryimage","url":"https:\/\/news.save.ch\/wp-content\/uploads\/2018\/02\/Fotolia_Firma-V.jpg","contentUrl":"https:\/\/news.save.ch\/wp-content\/uploads\/2018\/02\/Fotolia_Firma-V.jpg","width":848,"height":566,"caption":"Auch die Liste der arbeitsbedingten Erkrankungen wurde in einzelnen Punkten in der Umschreibung etwas erweitert. \u00a9 Fotolia\/Firma V"},{"@type":"BreadcrumbList","@id":"https:\/\/news.save.ch\/liste-der-berufskrankheiten-wird-angepasst\/#breadcrumb","itemListElement":[{"@type":"ListItem","position":1,"name":"Home","item":"https:\/\/news.save.ch\/de\/"},{"@type":"ListItem","position":2,"name":"Liste der Berufskrankheiten wird angepasst"}]},{"@type":"WebSite","@id":"https:\/\/news.save.ch\/de\/#website","url":"https:\/\/news.save.ch\/de\/","name":"Risparmiare","description":"Rivista svizzera specializzata in sicurezza","publisher":{"@id":"https:\/\/news.save.ch\/de\/#organization"},"potentialAction":[{"@type":"SearchAction","target":{"@type":"EntryPoint","urlTemplate":"https:\/\/news.save.ch\/de\/?s={search_term_string}"},"query-input":{"@type":"PropertyValueSpecification","valueRequired":true,"valueName":"search_term_string"}}],"inLanguage":"it-IT"},{"@type":"Organization","@id":"https:\/\/news.save.ch\/de\/#organization","name":"Forum sulla sicurezza","url":"https:\/\/news.save.ch\/de\/","logo":{"@type":"ImageObject","inLanguage":"it-IT","@id":"https:\/\/news.save.ch\/de\/#\/schema\/logo\/image\/","url":"https:\/\/news.save.ch\/wp-content\/uploads\/2022\/06\/Logo_SF_2012.png","contentUrl":"https:\/\/news.save.ch\/wp-content\/uploads\/2022\/06\/Logo_SF_2012.png","width":1100,"height":91,"caption":"Sicherheitsforum"},"image":{"@id":"https:\/\/news.save.ch\/de\/#\/schema\/logo\/image\/"}},{"@type":"Person","@id":"https:\/\/news.save.ch\/de\/#\/schema\/person\/d49e199490bad7c70d64b9ab51142f2b","name":"amministratore","image":{"@type":"ImageObject","inLanguage":"it-IT","@id":"https:\/\/secure.gravatar.com\/avatar\/ae2f4d718e6c49043e314ce431e7e645d646302a24a5ef5a8bc8e3f5a032e319?s=96&d=mm&r=g","url":"https:\/\/secure.gravatar.com\/avatar\/ae2f4d718e6c49043e314ce431e7e645d646302a24a5ef5a8bc8e3f5a032e319?s=96&d=mm&r=g","contentUrl":"https:\/\/secure.gravatar.com\/avatar\/ae2f4d718e6c49043e314ce431e7e645d646302a24a5ef5a8bc8e3f5a032e319?s=96&d=mm&r=g","caption":"admin"},"sameAs":["https:\/\/develop.organisator.galledia.ch"],"url":"https:\/\/news.save.ch\/it\/author\/admin\/"}]}},"_links":{"self":[{"href":"https:\/\/news.save.ch\/it\/wp-json\/wp\/v2\/posts\/16858","targetHints":{"allow":["GET"]}}],"collection":[{"href":"https:\/\/news.save.ch\/it\/wp-json\/wp\/v2\/posts"}],"about":[{"href":"https:\/\/news.save.ch\/it\/wp-json\/wp\/v2\/types\/post"}],"author":[{"embeddable":true,"href":"https:\/\/news.save.ch\/it\/wp-json\/wp\/v2\/users\/1"}],"replies":[{"embeddable":true,"href":"https:\/\/news.save.ch\/it\/wp-json\/wp\/v2\/comments?post=16858"}],"version-history":[{"count":1,"href":"https:\/\/news.save.ch\/it\/wp-json\/wp\/v2\/posts\/16858\/revisions"}],"predecessor-version":[{"id":18319,"href":"https:\/\/news.save.ch\/it\/wp-json\/wp\/v2\/posts\/16858\/revisions\/18319"}],"wp:featuredmedia":[{"embeddable":true,"href":"https:\/\/news.save.ch\/it\/wp-json\/wp\/v2\/media\/2635"}],"wp:attachment":[{"href":"https:\/\/news.save.ch\/it\/wp-json\/wp\/v2\/media?parent=16858"}],"wp:term":[{"taxonomy":"category","embeddable":true,"href":"https:\/\/news.save.ch\/it\/wp-json\/wp\/v2\/categories?post=16858"},{"taxonomy":"post_tag","embeddable":true,"href":"https:\/\/news.save.ch\/it\/wp-json\/wp\/v2\/tags?post=16858"}],"curies":[{"name":"wp","href":"https:\/\/api.w.org\/{rel}","templated":true}]}}