{"id":16913,"date":"2019-01-10T08:11:35","date_gmt":"2019-01-10T07:11:35","guid":{"rendered":"https:\/\/news.save.ch\/?p=3658"},"modified":"2023-03-14T09:04:05","modified_gmt":"2023-03-14T08:04:05","slug":"laermstopp-leichtgemacht","status":null,"type":"post","link":"https:\/\/news.save.ch\/it\/laermstopp-leichtgemacht\/","title":{"rendered":"L'abbattimento del rumore \u00e8 semplice"},"content":{"rendered":"<figure id=\"attachment_3659\" aria-describedby=\"caption-attachment-3659\" style=\"width: 680px\" class=\"wp-caption alignnone\"><img loading=\"lazy\" decoding=\"async\" class=\"size-medium wp-image-3659\" src=\"http:\/\/develop.safety-plus.ch\/wp-content\/uploads\/2018\/12\/Depositphotos_igordutina.jpg\" alt=\"\" width=\"680\" height=\"453\" \/><figcaption id=\"caption-attachment-3659\" class=\"wp-caption-text\">L'applicazione web dell'IFA fornisce informazioni sui prodotti per la riduzione del rumore<br \/>\u00a9Depositphotos\/igordutina<\/figcaption><\/figure>\n<p>In Germania, circa quattro-cinque milioni di dipendenti sono esposti a problemi di udito. <a href=\"https:\/\/news.save.ch\/it\/laermpraevention\/\" target=\"_blank\" rel=\"noopener\">Rumore<\/a> esposti sul posto di lavoro. Ci\u00f2 non rimane senza conseguenze: Ogni anno, oltre 6500 nuovi casi di perdita dell'udito causata dal rumore vengono riconosciuti come malattie professionali. Il rumore rimane quindi un problema importante in molti settori - dall'edilizia all'industria alimentare - nel mondo del lavoro. <a href=\"https:\/\/news.save.ch\/it\/arbeitsschutz-aktuell-2018\/\" target=\"_blank\" rel=\"noopener\">Sicurezza e salute sul lavoro<\/a>.<\/p>\n<p>\"Se l'azienda identifica un inquinamento acustico critico per la salute sul luogo di lavoro durante la valutazione dei rischi prevista dalla legge, \u00e8 necessario adottare misure per porre rimedio alla situazione\", afferma il Dr. Florian Schelle, responsabile del Dipartimento Rumore dell'IFA. Le misure tecniche di protezione sono in cima alla lista. Queste includono strumenti e attrezzature a bassa rumorosit\u00e0, ma anche materiali assorbenti o elementi costruttivi come porte fonoisolanti e cabine insonorizzate.<\/p>\n<p>Schelle: \"La gamma di prodotti \u00e8 notevole. Tuttavia, molte aziende non sanno cosa \u00e8 disponibile o dove ottenerlo. Per questo abbiamo sviluppato un semplice <a href=\"https:\/\/news.save.ch\/it\/auf-app-wegen-laerm-messen-mit-der-app-empfiehlt-sich-nicht\/\" target=\"_blank\" rel=\"noopener\">Applicazione web<\/a> progettato per condurre all'indirizzo e al sito web dei singoli produttori con pochi clic del mouse\".<\/p>\n<p>L'elenco non rappresenta una valutazione delle offerte elencate e non pretende di essere completo. Le aziende che producono o forniscono prodotti corrispondenti possono inserirsi gratuitamente in qualsiasi momento.<\/p>\n<p><a href=\"https:\/\/www.dguv.de\/ifa\/praxishilfen\/praxishilfen-laerm\/laermmessung-und-laermminderung\/ifa-lsi-01-200\/index.jsp\" target=\"_blank\" rel=\"noopener\">All'applicazione web gratuita<\/a><\/p>","protected":false},"excerpt":{"rendered":"<p>In Deutschland sind etwa vier bis f\u00fcnf Millionen Besch\u00e4ftigte geh\u00f6rsch\u00e4digendem L\u00e4rm bei der Arbeit ausgesetzt. Das bleibt nicht ohne Folgen: Immer noch werden j\u00e4hrlich weit \u00fcber 6500 neue F\u00e4lle von L\u00e4rmschwerh\u00f6rigkeit als Berufskrankheit anerkannt. L\u00e4rm bleibt damit in vielen Branchen \u2013 vom Baugewerbe bis zur Nahrungsmittelindustrie \u2013 ein wichtiges Thema im Arbeitsschutz. \u201eStellt der Betrieb [&hellip;]<\/p>\n","protected":false},"author":1,"featured_media":3659,"comment_status":"open","ping_status":"open","sticky":false,"template":"","format":"standard","meta":{"_acf_changed":false,"pgc_sgb_lightbox_settings":"","footnotes":""},"categories":[1,3314],"tags":[1664,172,1764,1775,2165,149,2428,2430,141],"class_list":["post-16913","post","type-post","status-publish","format-standard","has-post-thumbnail","hentry","category-allgemein","category-health-safety","tag-arbeitsschutz","tag-arbeitssicherheit","tag-berufskrankheit","tag-betriebliches-gesundheitsmanagement","tag-gesundheitsfoerderung","tag-gesundheitsschutz","tag-laerm-bei-der-arbeit","tag-laermschwerhoerigkeit","tag-praevention"],"acf":[],"hkrextid":null,"publication":null,"issue":null,"workflow":null,"startPage":null,"spitzmarke":null,"_posts_by_tag_page_fields":{"widget_title":"","widget_tags":""},"_at_widget":"1","_yoast_wpseo_primary_category":"4","_yoast_wpseo_focuskw_text_input":"L\u00e4rmstopp","_yoast_wpseo_opengraph-image":null,"_yoast_wpseo_opengraph-description":null,"_yoast_wpseo_opengraph-title":null,"enclosure":null,"_yoast_wpseo_twitter-title":null,"_yoast_wpseo_twitter-description":null,"_yoast_wpseo_twitter-image":null,"_wp_old_slug":null,"_yoast_wpseo_title":null,"_yoast_wpseo_canonical":null,"yoast_head":"<!-- This site is optimized with the Yoast SEO plugin v27.5 - https:\/\/yoast.com\/product\/yoast-seo-wordpress\/ -->\n<title>L\u00e4rmstopp leichtgemacht - Save<\/title>\n<meta name=\"description\" content=\"L\u00e4rm am Arbeitsplatz stellt in zahlreichen Branchen immer noch ein grosses Problem f\u00fcr die Gesundheit der Besch\u00e4ftigten dar.\" \/>\n<meta name=\"robots\" content=\"index, follow, max-snippet:-1, max-image-preview:large, max-video-preview:-1\" \/>\n<link rel=\"canonical\" href=\"https:\/\/news.save.ch\/it\/laermstopp-leichtgemacht\/\" \/>\n<meta property=\"og:locale\" content=\"it_IT\" \/>\n<meta property=\"og:type\" content=\"article\" \/>\n<meta property=\"og:title\" content=\"L\u00e4rmstopp leichtgemacht - Save\" \/>\n<meta property=\"og:description\" content=\"L\u00e4rm am Arbeitsplatz stellt in zahlreichen Branchen immer noch ein grosses Problem f\u00fcr die Gesundheit der Besch\u00e4ftigten dar.\" \/>\n<meta property=\"og:url\" content=\"https:\/\/news.save.ch\/it\/laermstopp-leichtgemacht\/\" \/>\n<meta property=\"og:site_name\" content=\"Save\" \/>\n<meta property=\"article:published_time\" content=\"2019-01-10T07:11:35+00:00\" \/>\n<meta property=\"article:modified_time\" content=\"2023-03-14T08:04:05+00:00\" \/>\n<meta property=\"og:image\" content=\"https:\/\/news.save.ch\/wp-content\/uploads\/2018\/12\/Depositphotos_igordutina-scaled-1.jpg\" \/>\n\t<meta property=\"og:image:width\" content=\"1200\" \/>\n\t<meta property=\"og:image:height\" content=\"800\" \/>\n\t<meta property=\"og:image:type\" content=\"image\/jpeg\" \/>\n<meta name=\"author\" content=\"admin\" \/>\n<meta name=\"twitter:card\" content=\"summary_large_image\" \/>\n<meta name=\"twitter:label1\" content=\"Scritto da\" \/>\n\t<meta name=\"twitter:data1\" content=\"admin\" \/>\n\t<meta name=\"twitter:label2\" content=\"Tempo di lettura stimato\" \/>\n\t<meta name=\"twitter:data2\" content=\"1 minuto\" \/>\n<script type=\"application\/ld+json\" class=\"yoast-schema-graph\">{\"@context\":\"https:\\\/\\\/schema.org\",\"@graph\":[{\"@type\":\"Article\",\"@id\":\"https:\\\/\\\/news.save.ch\\\/laermstopp-leichtgemacht\\\/#article\",\"isPartOf\":{\"@id\":\"https:\\\/\\\/news.save.ch\\\/laermstopp-leichtgemacht\\\/\"},\"author\":{\"name\":\"admin\",\"@id\":\"https:\\\/\\\/news.save.ch\\\/de\\\/#\\\/schema\\\/person\\\/d49e199490bad7c70d64b9ab51142f2b\"},\"headline\":\"L\u00e4rmstopp leichtgemacht\",\"datePublished\":\"2019-01-10T07:11:35+00:00\",\"dateModified\":\"2023-03-14T08:04:05+00:00\",\"mainEntityOfPage\":{\"@id\":\"https:\\\/\\\/news.save.ch\\\/laermstopp-leichtgemacht\\\/\"},\"wordCount\":213,\"commentCount\":0,\"publisher\":{\"@id\":\"https:\\\/\\\/news.save.ch\\\/de\\\/#organization\"},\"image\":{\"@id\":\"https:\\\/\\\/news.save.ch\\\/laermstopp-leichtgemacht\\\/#primaryimage\"},\"thumbnailUrl\":\"https:\\\/\\\/news.save.ch\\\/wp-content\\\/uploads\\\/2018\\\/12\\\/Depositphotos_igordutina-scaled-1.jpg\",\"keywords\":[\"Arbeitsschutz\",\"Arbeitssicherheit\",\"Berufskrankheit\",\"Betriebliches Gesundheitsmanagement\",\"Gesundheitsf\u00f6rderung\",\"Gesundheitsschutz\",\"L\u00e4rm bei der Arbeit\",\"L\u00e4rmschwerh\u00f6rigkeit\",\"Pr\u00e4vention\"],\"articleSection\":[\"ALLGEMEIN\",\"HEALTH &amp; SAFETY\"],\"inLanguage\":\"it-IT\"},{\"@type\":\"WebPage\",\"@id\":\"https:\\\/\\\/news.save.ch\\\/laermstopp-leichtgemacht\\\/\",\"url\":\"https:\\\/\\\/news.save.ch\\\/laermstopp-leichtgemacht\\\/\",\"name\":\"L\u00e4rmstopp leichtgemacht - Save\",\"isPartOf\":{\"@id\":\"https:\\\/\\\/news.save.ch\\\/de\\\/#website\"},\"primaryImageOfPage\":{\"@id\":\"https:\\\/\\\/news.save.ch\\\/laermstopp-leichtgemacht\\\/#primaryimage\"},\"image\":{\"@id\":\"https:\\\/\\\/news.save.ch\\\/laermstopp-leichtgemacht\\\/#primaryimage\"},\"thumbnailUrl\":\"https:\\\/\\\/news.save.ch\\\/wp-content\\\/uploads\\\/2018\\\/12\\\/Depositphotos_igordutina-scaled-1.jpg\",\"datePublished\":\"2019-01-10T07:11:35+00:00\",\"dateModified\":\"2023-03-14T08:04:05+00:00\",\"description\":\"L\u00e4rm am Arbeitsplatz stellt in zahlreichen Branchen immer noch ein grosses Problem f\u00fcr die Gesundheit der Besch\u00e4ftigten dar.\",\"breadcrumb\":{\"@id\":\"https:\\\/\\\/news.save.ch\\\/laermstopp-leichtgemacht\\\/#breadcrumb\"},\"inLanguage\":\"it-IT\",\"potentialAction\":[{\"@type\":\"ReadAction\",\"target\":[\"https:\\\/\\\/news.save.ch\\\/laermstopp-leichtgemacht\\\/\"]}]},{\"@type\":\"ImageObject\",\"inLanguage\":\"it-IT\",\"@id\":\"https:\\\/\\\/news.save.ch\\\/laermstopp-leichtgemacht\\\/#primaryimage\",\"url\":\"https:\\\/\\\/news.save.ch\\\/wp-content\\\/uploads\\\/2018\\\/12\\\/Depositphotos_igordutina-scaled-1.jpg\",\"contentUrl\":\"https:\\\/\\\/news.save.ch\\\/wp-content\\\/uploads\\\/2018\\\/12\\\/Depositphotos_igordutina-scaled-1.jpg\",\"width\":1200,\"height\":800,\"caption\":\"Web-App des IFA informiert \u00fcber l\u00e4rmmindernde Produkte \u00a9Depositphotos\\\/igordutina\"},{\"@type\":\"BreadcrumbList\",\"@id\":\"https:\\\/\\\/news.save.ch\\\/laermstopp-leichtgemacht\\\/#breadcrumb\",\"itemListElement\":[{\"@type\":\"ListItem\",\"position\":1,\"name\":\"Home\",\"item\":\"https:\\\/\\\/news.save.ch\\\/de\\\/\"},{\"@type\":\"ListItem\",\"position\":2,\"name\":\"L\u00e4rmstopp leichtgemacht\"}]},{\"@type\":\"WebSite\",\"@id\":\"https:\\\/\\\/news.save.ch\\\/de\\\/#website\",\"url\":\"https:\\\/\\\/news.save.ch\\\/de\\\/\",\"name\":\"Save\",\"description\":\"Schweizer Fachzeitschrift f\u00fcr Sicherheit\",\"publisher\":{\"@id\":\"https:\\\/\\\/news.save.ch\\\/de\\\/#organization\"},\"potentialAction\":[{\"@type\":\"SearchAction\",\"target\":{\"@type\":\"EntryPoint\",\"urlTemplate\":\"https:\\\/\\\/news.save.ch\\\/de\\\/?s={search_term_string}\"},\"query-input\":{\"@type\":\"PropertyValueSpecification\",\"valueRequired\":true,\"valueName\":\"search_term_string\"}}],\"inLanguage\":\"it-IT\"},{\"@type\":\"Organization\",\"@id\":\"https:\\\/\\\/news.save.ch\\\/de\\\/#organization\",\"name\":\"Sicherheitsforum\",\"url\":\"https:\\\/\\\/news.save.ch\\\/de\\\/\",\"logo\":{\"@type\":\"ImageObject\",\"inLanguage\":\"it-IT\",\"@id\":\"https:\\\/\\\/news.save.ch\\\/de\\\/#\\\/schema\\\/logo\\\/image\\\/\",\"url\":\"https:\\\/\\\/news.save.ch\\\/wp-content\\\/uploads\\\/2022\\\/06\\\/Logo_SF_2012.png\",\"contentUrl\":\"https:\\\/\\\/news.save.ch\\\/wp-content\\\/uploads\\\/2022\\\/06\\\/Logo_SF_2012.png\",\"width\":1100,\"height\":91,\"caption\":\"Sicherheitsforum\"},\"image\":{\"@id\":\"https:\\\/\\\/news.save.ch\\\/de\\\/#\\\/schema\\\/logo\\\/image\\\/\"}},{\"@type\":\"Person\",\"@id\":\"https:\\\/\\\/news.save.ch\\\/de\\\/#\\\/schema\\\/person\\\/d49e199490bad7c70d64b9ab51142f2b\",\"name\":\"admin\",\"image\":{\"@type\":\"ImageObject\",\"inLanguage\":\"it-IT\",\"@id\":\"https:\\\/\\\/secure.gravatar.com\\\/avatar\\\/ae2f4d718e6c49043e314ce431e7e645d646302a24a5ef5a8bc8e3f5a032e319?s=96&d=mm&r=g\",\"url\":\"https:\\\/\\\/secure.gravatar.com\\\/avatar\\\/ae2f4d718e6c49043e314ce431e7e645d646302a24a5ef5a8bc8e3f5a032e319?s=96&d=mm&r=g\",\"contentUrl\":\"https:\\\/\\\/secure.gravatar.com\\\/avatar\\\/ae2f4d718e6c49043e314ce431e7e645d646302a24a5ef5a8bc8e3f5a032e319?s=96&d=mm&r=g\",\"caption\":\"admin\"},\"sameAs\":[\"https:\\\/\\\/develop.organisator.galledia.ch\"],\"url\":\"https:\\\/\\\/news.save.ch\\\/it\\\/author\\\/admin\\\/\"}]}<\/script>\n<!-- \/ Yoast SEO plugin. -->","yoast_head_json":{"title":"L'abbattimento del rumore \u00e8 facile da realizzare - Risparmia","description":"Il rumore sul posto di lavoro \u00e8 ancora un problema importante per la salute dei dipendenti in molti settori.","robots":{"index":"index","follow":"follow","max-snippet":"max-snippet:-1","max-image-preview":"max-image-preview:large","max-video-preview":"max-video-preview:-1"},"canonical":"https:\/\/news.save.ch\/it\/laermstopp-leichtgemacht\/","og_locale":"it_IT","og_type":"article","og_title":"L\u00e4rmstopp leichtgemacht - Save","og_description":"L\u00e4rm am Arbeitsplatz stellt in zahlreichen Branchen immer noch ein grosses Problem f\u00fcr die Gesundheit der Besch\u00e4ftigten dar.","og_url":"https:\/\/news.save.ch\/it\/laermstopp-leichtgemacht\/","og_site_name":"Save","article_published_time":"2019-01-10T07:11:35+00:00","article_modified_time":"2023-03-14T08:04:05+00:00","og_image":[{"width":1200,"height":800,"url":"https:\/\/news.save.ch\/wp-content\/uploads\/2018\/12\/Depositphotos_igordutina-scaled-1.jpg","type":"image\/jpeg"}],"author":"admin","twitter_card":"summary_large_image","twitter_misc":{"Scritto da":"admin","Tempo di lettura stimato":"1 minuto"},"schema":{"@context":"https:\/\/schema.org","@graph":[{"@type":"Article","@id":"https:\/\/news.save.ch\/laermstopp-leichtgemacht\/#article","isPartOf":{"@id":"https:\/\/news.save.ch\/laermstopp-leichtgemacht\/"},"author":{"name":"admin","@id":"https:\/\/news.save.ch\/de\/#\/schema\/person\/d49e199490bad7c70d64b9ab51142f2b"},"headline":"L\u00e4rmstopp leichtgemacht","datePublished":"2019-01-10T07:11:35+00:00","dateModified":"2023-03-14T08:04:05+00:00","mainEntityOfPage":{"@id":"https:\/\/news.save.ch\/laermstopp-leichtgemacht\/"},"wordCount":213,"commentCount":0,"publisher":{"@id":"https:\/\/news.save.ch\/de\/#organization"},"image":{"@id":"https:\/\/news.save.ch\/laermstopp-leichtgemacht\/#primaryimage"},"thumbnailUrl":"https:\/\/news.save.ch\/wp-content\/uploads\/2018\/12\/Depositphotos_igordutina-scaled-1.jpg","keywords":["Arbeitsschutz","Arbeitssicherheit","Berufskrankheit","Betriebliches Gesundheitsmanagement","Gesundheitsf\u00f6rderung","Gesundheitsschutz","L\u00e4rm bei der Arbeit","L\u00e4rmschwerh\u00f6rigkeit","Pr\u00e4vention"],"articleSection":["ALLGEMEIN","HEALTH &amp; SAFETY"],"inLanguage":"it-IT"},{"@type":"WebPage","@id":"https:\/\/news.save.ch\/laermstopp-leichtgemacht\/","url":"https:\/\/news.save.ch\/laermstopp-leichtgemacht\/","name":"L'abbattimento del rumore \u00e8 facile da realizzare - Risparmia","isPartOf":{"@id":"https:\/\/news.save.ch\/de\/#website"},"primaryImageOfPage":{"@id":"https:\/\/news.save.ch\/laermstopp-leichtgemacht\/#primaryimage"},"image":{"@id":"https:\/\/news.save.ch\/laermstopp-leichtgemacht\/#primaryimage"},"thumbnailUrl":"https:\/\/news.save.ch\/wp-content\/uploads\/2018\/12\/Depositphotos_igordutina-scaled-1.jpg","datePublished":"2019-01-10T07:11:35+00:00","dateModified":"2023-03-14T08:04:05+00:00","description":"Il rumore sul posto di lavoro \u00e8 ancora un problema importante per la salute dei dipendenti in molti settori.","breadcrumb":{"@id":"https:\/\/news.save.ch\/laermstopp-leichtgemacht\/#breadcrumb"},"inLanguage":"it-IT","potentialAction":[{"@type":"ReadAction","target":["https:\/\/news.save.ch\/laermstopp-leichtgemacht\/"]}]},{"@type":"ImageObject","inLanguage":"it-IT","@id":"https:\/\/news.save.ch\/laermstopp-leichtgemacht\/#primaryimage","url":"https:\/\/news.save.ch\/wp-content\/uploads\/2018\/12\/Depositphotos_igordutina-scaled-1.jpg","contentUrl":"https:\/\/news.save.ch\/wp-content\/uploads\/2018\/12\/Depositphotos_igordutina-scaled-1.jpg","width":1200,"height":800,"caption":"Web-App des IFA informiert \u00fcber l\u00e4rmmindernde Produkte \u00a9Depositphotos\/igordutina"},{"@type":"BreadcrumbList","@id":"https:\/\/news.save.ch\/laermstopp-leichtgemacht\/#breadcrumb","itemListElement":[{"@type":"ListItem","position":1,"name":"Home","item":"https:\/\/news.save.ch\/de\/"},{"@type":"ListItem","position":2,"name":"L\u00e4rmstopp leichtgemacht"}]},{"@type":"WebSite","@id":"https:\/\/news.save.ch\/de\/#website","url":"https:\/\/news.save.ch\/de\/","name":"Risparmiare","description":"Rivista svizzera specializzata in sicurezza","publisher":{"@id":"https:\/\/news.save.ch\/de\/#organization"},"potentialAction":[{"@type":"SearchAction","target":{"@type":"EntryPoint","urlTemplate":"https:\/\/news.save.ch\/de\/?s={search_term_string}"},"query-input":{"@type":"PropertyValueSpecification","valueRequired":true,"valueName":"search_term_string"}}],"inLanguage":"it-IT"},{"@type":"Organization","@id":"https:\/\/news.save.ch\/de\/#organization","name":"Forum sulla sicurezza","url":"https:\/\/news.save.ch\/de\/","logo":{"@type":"ImageObject","inLanguage":"it-IT","@id":"https:\/\/news.save.ch\/de\/#\/schema\/logo\/image\/","url":"https:\/\/news.save.ch\/wp-content\/uploads\/2022\/06\/Logo_SF_2012.png","contentUrl":"https:\/\/news.save.ch\/wp-content\/uploads\/2022\/06\/Logo_SF_2012.png","width":1100,"height":91,"caption":"Sicherheitsforum"},"image":{"@id":"https:\/\/news.save.ch\/de\/#\/schema\/logo\/image\/"}},{"@type":"Person","@id":"https:\/\/news.save.ch\/de\/#\/schema\/person\/d49e199490bad7c70d64b9ab51142f2b","name":"amministratore","image":{"@type":"ImageObject","inLanguage":"it-IT","@id":"https:\/\/secure.gravatar.com\/avatar\/ae2f4d718e6c49043e314ce431e7e645d646302a24a5ef5a8bc8e3f5a032e319?s=96&d=mm&r=g","url":"https:\/\/secure.gravatar.com\/avatar\/ae2f4d718e6c49043e314ce431e7e645d646302a24a5ef5a8bc8e3f5a032e319?s=96&d=mm&r=g","contentUrl":"https:\/\/secure.gravatar.com\/avatar\/ae2f4d718e6c49043e314ce431e7e645d646302a24a5ef5a8bc8e3f5a032e319?s=96&d=mm&r=g","caption":"admin"},"sameAs":["https:\/\/develop.organisator.galledia.ch"],"url":"https:\/\/news.save.ch\/it\/author\/admin\/"}]}},"_links":{"self":[{"href":"https:\/\/news.save.ch\/it\/wp-json\/wp\/v2\/posts\/16913","targetHints":{"allow":["GET"]}}],"collection":[{"href":"https:\/\/news.save.ch\/it\/wp-json\/wp\/v2\/posts"}],"about":[{"href":"https:\/\/news.save.ch\/it\/wp-json\/wp\/v2\/types\/post"}],"author":[{"embeddable":true,"href":"https:\/\/news.save.ch\/it\/wp-json\/wp\/v2\/users\/1"}],"replies":[{"embeddable":true,"href":"https:\/\/news.save.ch\/it\/wp-json\/wp\/v2\/comments?post=16913"}],"version-history":[{"count":1,"href":"https:\/\/news.save.ch\/it\/wp-json\/wp\/v2\/posts\/16913\/revisions"}],"predecessor-version":[{"id":18275,"href":"https:\/\/news.save.ch\/it\/wp-json\/wp\/v2\/posts\/16913\/revisions\/18275"}],"wp:featuredmedia":[{"embeddable":true,"href":"https:\/\/news.save.ch\/it\/wp-json\/wp\/v2\/media\/3659"}],"wp:attachment":[{"href":"https:\/\/news.save.ch\/it\/wp-json\/wp\/v2\/media?parent=16913"}],"wp:term":[{"taxonomy":"category","embeddable":true,"href":"https:\/\/news.save.ch\/it\/wp-json\/wp\/v2\/categories?post=16913"},{"taxonomy":"post_tag","embeddable":true,"href":"https:\/\/news.save.ch\/it\/wp-json\/wp\/v2\/tags?post=16913"}],"curies":[{"name":"wp","href":"https:\/\/api.w.org\/{rel}","templated":true}]}}