{"id":16987,"date":"2021-02-01T07:49:42","date_gmt":"2021-02-01T06:49:42","guid":{"rendered":"https:\/\/news.save.ch\/?p=6689"},"modified":"2023-08-05T06:06:35","modified_gmt":"2023-08-05T04:06:35","slug":"interaktive-karte-zeigt-schweizer-shared-mobility-angebote-in-echtzeit","status":null,"type":"post","link":"https:\/\/news.save.ch\/it\/interaktive-karte-zeigt-schweizer-shared-mobility-angebote-in-echtzeit\/","title":{"rendered":"La mappa interattiva mostra le offerte di mobilit\u00e0 condivisa in Svizzera in tempo reale"},"content":{"rendered":"<p><img loading=\"lazy\" decoding=\"async\" class=\"alignnone wp-image-6694 size-medium\" src=\"https:\/\/news.save.ch\/wp-content\/uploads\/2021\/02\/Schweiz_shared_mobility-680x457.jpg\" alt=\" Ufficio federale dell&#039;energia\" width=\"680\" height=\"457\" srcset=\"https:\/\/news.save.ch\/wp-content\/uploads\/2021\/02\/Schweiz_shared_mobility-680x457.jpg 680w, https:\/\/news.save.ch\/wp-content\/uploads\/2021\/02\/Schweiz_shared_mobility-768x516.jpg 768w, https:\/\/news.save.ch\/wp-content\/uploads\/2021\/02\/Schweiz_shared_mobility-18x12.jpg 18w, https:\/\/news.save.ch\/wp-content\/uploads\/2021\/02\/Schweiz_shared_mobility-375x252.jpg 375w, https:\/\/news.save.ch\/wp-content\/uploads\/2021\/02\/Schweiz_shared_mobility-521x350.jpg 521w, https:\/\/news.save.ch\/wp-content\/uploads\/2021\/02\/Schweiz_shared_mobility.jpg 830w\" sizes=\"auto, (max-width: 680px) 100vw, 680px\" \/><\/p>\n<p>L'Ufficio federale dell'energia (UFE) ha lanciato una piattaforma aperta per sostenere l'ulteriore diffusione della mobilit\u00e0 condivisa. Sul sito web<a href=\"http:\/\/www.sharedmobility.ch\" target=\"_blank\" rel=\"noopener\"> sharedmobility.ch<\/a>\u00a0La posizione dei veicoli viene mostrata in tempo reale, comprese le e-bike, le biciclette e gli e-scooter di molti fornitori come Airbie, Bird, Carsharing e Mobility.<\/p>\n<p>Il progetto \u00e8 stato lanciato in collaborazione con l'Ufficio federale dell'energia (UFE), il programma Energia Svizzera e diversi fornitori di mobilit\u00e0 condivisa. Secondo l'UFE, altri fornitori di mobilit\u00e0 elettrica possono aderire in qualsiasi momento. I dati si basano su dati aperti e possono quindi essere utilizzati, ad esempio, per la pianificazione dei percorsi da parte dei fornitori di trasporti pubblici, in base alla licenza d'uso \"O-By\". I fornitori di mobilit\u00e0 possono utilizzare questi dati nelle loro applicazioni senza dover concordare un'interfaccia dati separata con ciascun fornitore di condivisione.<\/p>\n<p>Attualmente mostra <a href=\"http:\/\/www.sharedmobility.ch\" target=\"_blank\" rel=\"noopener\">www.sharedmobility.ch<\/a> la disponibilit\u00e0 e l'ubicazione dei seguenti fornitori di mobilit\u00e0 condivisa: Airbie, Bird, Bond, Carvelo2go, Donkey Republic, Edrive Carsharing, Mobility, Nextbike, Pick-e-Bike, Publibike, Rent a Bike, Tier, Voi e Zisch.<\/p>\n<p><em>Fonte: Ufficio federale dell'energia<\/em><\/p>","protected":false},"excerpt":{"rendered":"<p>Das Bundesamt f\u00fcr Energie (BFE) hat eine offene Plattform lanciert, welche die weitere Verbreitung der geteilten Mobilit\u00e4t unterst\u00fctzen soll. Auf der Webseite sharedmobility.ch\u00a0werden in Echtzeit die Standorte der Fahrzeuge aufgezeigt, darunter E-Bikes, Velos und E-Trottis vieler Anbieter wie\u00a0Airbie, Bird, Carsharing und Mobility Das Projekt wurde zusammen mit dem Bundesamt f\u00fcr Energie (BFE), dem Programm Energie [&hellip;]<\/p>\n","protected":false},"author":9,"featured_media":6694,"comment_status":"closed","ping_status":"closed","sticky":false,"template":"","format":"standard","meta":{"_acf_changed":false,"pgc_sgb_lightbox_settings":"","footnotes":""},"categories":[1],"tags":[319,1938,5812,5811,5498,5810],"class_list":["post-16987","post","type-post","status-publish","format-standard","has-post-thumbnail","hentry","category-allgemein","tag-bundesamt-fuer-energie","tag-e-mobility","tag-mobilitaetsanbieter","tag-nutzungslizenz","tag-open-data","tag-shared-mobility"],"acf":[],"hkrextid":null,"publication":null,"issue":null,"workflow":null,"startPage":null,"spitzmarke":null,"_posts_by_tag_page_fields":{"widget_title":"","widget_tags":""},"_at_widget":"1","_yoast_wpseo_primary_category":"1","_yoast_wpseo_focuskw_text_input":null,"_yoast_wpseo_opengraph-image":null,"_yoast_wpseo_opengraph-description":null,"_yoast_wpseo_opengraph-title":null,"enclosure":null,"_yoast_wpseo_twitter-title":null,"_yoast_wpseo_twitter-description":null,"_yoast_wpseo_twitter-image":null,"_wp_old_slug":null,"_yoast_wpseo_title":null,"_yoast_wpseo_canonical":null,"yoast_head":"<!-- This site is optimized with the Yoast SEO plugin v27.5 - https:\/\/yoast.com\/product\/yoast-seo-wordpress\/ -->\n<title>Interaktive Karte zeigt Schweizer Shared-Mobility-Angebote in Echtzeit - Save<\/title>\n<meta name=\"description\" content=\"Eine interaktive Anwendung vom Bundesamt f\u00fcr Energie (BFE) zeigt die Verf\u00fcgbarkeit und Standorte von Shared-Mobility-Fahrzeugen in der Schweiz auf. Die Daten k\u00f6nnen von anderen Mobilit\u00e4tsanbietern kostenlos in ihren Systemen und Apps angebunden werden.\" \/>\n<meta name=\"robots\" content=\"index, follow, max-snippet:-1, max-image-preview:large, max-video-preview:-1\" \/>\n<link rel=\"canonical\" href=\"https:\/\/news.save.ch\/it\/interaktive-karte-zeigt-schweizer-shared-mobility-angebote-in-echtzeit\/\" \/>\n<meta property=\"og:locale\" content=\"it_IT\" \/>\n<meta property=\"og:type\" content=\"article\" \/>\n<meta property=\"og:title\" content=\"Interaktive Karte zeigt Schweizer Shared-Mobility-Angebote in Echtzeit - Save\" \/>\n<meta property=\"og:description\" content=\"Eine interaktive Anwendung vom Bundesamt f\u00fcr Energie (BFE) zeigt die Verf\u00fcgbarkeit und Standorte von Shared-Mobility-Fahrzeugen in der Schweiz auf. Die Daten k\u00f6nnen von anderen Mobilit\u00e4tsanbietern kostenlos in ihren Systemen und Apps angebunden werden.\" \/>\n<meta property=\"og:url\" content=\"https:\/\/news.save.ch\/it\/interaktive-karte-zeigt-schweizer-shared-mobility-angebote-in-echtzeit\/\" \/>\n<meta property=\"og:site_name\" content=\"Save\" \/>\n<meta property=\"article:published_time\" content=\"2021-02-01T06:49:42+00:00\" \/>\n<meta property=\"article:modified_time\" content=\"2023-08-05T04:06:35+00:00\" \/>\n<meta property=\"og:image\" content=\"https:\/\/news.save.ch\/wp-content\/uploads\/2021\/02\/Schweiz_shared_mobility.jpg\" \/>\n\t<meta property=\"og:image:width\" content=\"830\" \/>\n\t<meta property=\"og:image:height\" content=\"558\" \/>\n\t<meta property=\"og:image:type\" content=\"image\/jpeg\" \/>\n<meta name=\"author\" content=\"Simon Gr\u00f6flin\" \/>\n<meta name=\"twitter:card\" content=\"summary_large_image\" \/>\n<meta name=\"twitter:label1\" content=\"Scritto da\" \/>\n\t<meta name=\"twitter:data1\" content=\"Simon Gr\u00f6flin\" \/>\n\t<meta name=\"twitter:label2\" content=\"Tempo di lettura stimato\" \/>\n\t<meta name=\"twitter:data2\" content=\"2 minuti\" \/>\n<script type=\"application\/ld+json\" class=\"yoast-schema-graph\">{\"@context\":\"https:\\\/\\\/schema.org\",\"@graph\":[{\"@type\":\"Article\",\"@id\":\"https:\\\/\\\/news.save.ch\\\/interaktive-karte-zeigt-schweizer-shared-mobility-angebote-in-echtzeit\\\/#article\",\"isPartOf\":{\"@id\":\"https:\\\/\\\/news.save.ch\\\/interaktive-karte-zeigt-schweizer-shared-mobility-angebote-in-echtzeit\\\/\"},\"author\":{\"name\":\"Simon Gr\u00f6flin\",\"@id\":\"https:\\\/\\\/news.save.ch\\\/de\\\/#\\\/schema\\\/person\\\/ad4ef21102fd6125312409ac57d5296d\"},\"headline\":\"Interaktive Karte zeigt Schweizer Shared-Mobility-Angebote in Echtzeit\",\"datePublished\":\"2021-02-01T06:49:42+00:00\",\"dateModified\":\"2023-08-05T04:06:35+00:00\",\"mainEntityOfPage\":{\"@id\":\"https:\\\/\\\/news.save.ch\\\/interaktive-karte-zeigt-schweizer-shared-mobility-angebote-in-echtzeit\\\/\"},\"wordCount\":168,\"publisher\":{\"@id\":\"https:\\\/\\\/news.save.ch\\\/de\\\/#organization\"},\"image\":{\"@id\":\"https:\\\/\\\/news.save.ch\\\/interaktive-karte-zeigt-schweizer-shared-mobility-angebote-in-echtzeit\\\/#primaryimage\"},\"thumbnailUrl\":\"https:\\\/\\\/news.save.ch\\\/wp-content\\\/uploads\\\/2021\\\/02\\\/Schweiz_shared_mobility.jpg\",\"keywords\":[\"Bundesamt f\u00fcr Energie\",\"E-Mobility\",\"Mobilit\u00e4tsanbieter\",\"Nutzungslizenz\",\"Open Data\",\"Shared Mobility\"],\"articleSection\":[\"ALLGEMEIN\"],\"inLanguage\":\"it-IT\"},{\"@type\":\"WebPage\",\"@id\":\"https:\\\/\\\/news.save.ch\\\/interaktive-karte-zeigt-schweizer-shared-mobility-angebote-in-echtzeit\\\/\",\"url\":\"https:\\\/\\\/news.save.ch\\\/interaktive-karte-zeigt-schweizer-shared-mobility-angebote-in-echtzeit\\\/\",\"name\":\"Interaktive Karte zeigt Schweizer Shared-Mobility-Angebote in Echtzeit - Save\",\"isPartOf\":{\"@id\":\"https:\\\/\\\/news.save.ch\\\/de\\\/#website\"},\"primaryImageOfPage\":{\"@id\":\"https:\\\/\\\/news.save.ch\\\/interaktive-karte-zeigt-schweizer-shared-mobility-angebote-in-echtzeit\\\/#primaryimage\"},\"image\":{\"@id\":\"https:\\\/\\\/news.save.ch\\\/interaktive-karte-zeigt-schweizer-shared-mobility-angebote-in-echtzeit\\\/#primaryimage\"},\"thumbnailUrl\":\"https:\\\/\\\/news.save.ch\\\/wp-content\\\/uploads\\\/2021\\\/02\\\/Schweiz_shared_mobility.jpg\",\"datePublished\":\"2021-02-01T06:49:42+00:00\",\"dateModified\":\"2023-08-05T04:06:35+00:00\",\"description\":\"Eine interaktive Anwendung vom Bundesamt f\u00fcr Energie (BFE) zeigt die Verf\u00fcgbarkeit und Standorte von Shared-Mobility-Fahrzeugen in der Schweiz auf. Die Daten k\u00f6nnen von anderen Mobilit\u00e4tsanbietern kostenlos in ihren Systemen und Apps angebunden werden.\",\"breadcrumb\":{\"@id\":\"https:\\\/\\\/news.save.ch\\\/interaktive-karte-zeigt-schweizer-shared-mobility-angebote-in-echtzeit\\\/#breadcrumb\"},\"inLanguage\":\"it-IT\",\"potentialAction\":[{\"@type\":\"ReadAction\",\"target\":[\"https:\\\/\\\/news.save.ch\\\/interaktive-karte-zeigt-schweizer-shared-mobility-angebote-in-echtzeit\\\/\"]}]},{\"@type\":\"ImageObject\",\"inLanguage\":\"it-IT\",\"@id\":\"https:\\\/\\\/news.save.ch\\\/interaktive-karte-zeigt-schweizer-shared-mobility-angebote-in-echtzeit\\\/#primaryimage\",\"url\":\"https:\\\/\\\/news.save.ch\\\/wp-content\\\/uploads\\\/2021\\\/02\\\/Schweiz_shared_mobility.jpg\",\"contentUrl\":\"https:\\\/\\\/news.save.ch\\\/wp-content\\\/uploads\\\/2021\\\/02\\\/Schweiz_shared_mobility.jpg\",\"width\":830,\"height\":558},{\"@type\":\"BreadcrumbList\",\"@id\":\"https:\\\/\\\/news.save.ch\\\/interaktive-karte-zeigt-schweizer-shared-mobility-angebote-in-echtzeit\\\/#breadcrumb\",\"itemListElement\":[{\"@type\":\"ListItem\",\"position\":1,\"name\":\"Home\",\"item\":\"https:\\\/\\\/news.save.ch\\\/de\\\/\"},{\"@type\":\"ListItem\",\"position\":2,\"name\":\"Interaktive Karte zeigt Schweizer Shared-Mobility-Angebote in Echtzeit\"}]},{\"@type\":\"WebSite\",\"@id\":\"https:\\\/\\\/news.save.ch\\\/de\\\/#website\",\"url\":\"https:\\\/\\\/news.save.ch\\\/de\\\/\",\"name\":\"Save\",\"description\":\"Schweizer Fachzeitschrift f\u00fcr Sicherheit\",\"publisher\":{\"@id\":\"https:\\\/\\\/news.save.ch\\\/de\\\/#organization\"},\"potentialAction\":[{\"@type\":\"SearchAction\",\"target\":{\"@type\":\"EntryPoint\",\"urlTemplate\":\"https:\\\/\\\/news.save.ch\\\/de\\\/?s={search_term_string}\"},\"query-input\":{\"@type\":\"PropertyValueSpecification\",\"valueRequired\":true,\"valueName\":\"search_term_string\"}}],\"inLanguage\":\"it-IT\"},{\"@type\":\"Organization\",\"@id\":\"https:\\\/\\\/news.save.ch\\\/de\\\/#organization\",\"name\":\"Sicherheitsforum\",\"url\":\"https:\\\/\\\/news.save.ch\\\/de\\\/\",\"logo\":{\"@type\":\"ImageObject\",\"inLanguage\":\"it-IT\",\"@id\":\"https:\\\/\\\/news.save.ch\\\/de\\\/#\\\/schema\\\/logo\\\/image\\\/\",\"url\":\"https:\\\/\\\/news.save.ch\\\/wp-content\\\/uploads\\\/2022\\\/06\\\/Logo_SF_2012.png\",\"contentUrl\":\"https:\\\/\\\/news.save.ch\\\/wp-content\\\/uploads\\\/2022\\\/06\\\/Logo_SF_2012.png\",\"width\":1100,\"height\":91,\"caption\":\"Sicherheitsforum\"},\"image\":{\"@id\":\"https:\\\/\\\/news.save.ch\\\/de\\\/#\\\/schema\\\/logo\\\/image\\\/\"}},{\"@type\":\"Person\",\"@id\":\"https:\\\/\\\/news.save.ch\\\/de\\\/#\\\/schema\\\/person\\\/ad4ef21102fd6125312409ac57d5296d\",\"name\":\"Simon Gr\u00f6flin\",\"image\":{\"@type\":\"ImageObject\",\"inLanguage\":\"it-IT\",\"@id\":\"https:\\\/\\\/secure.gravatar.com\\\/avatar\\\/6ddceb80eb734354635539e0ea5140bb7c41e42de7c45c9a2ab9921b5d5c9a83?s=96&d=mm&r=g\",\"url\":\"https:\\\/\\\/secure.gravatar.com\\\/avatar\\\/6ddceb80eb734354635539e0ea5140bb7c41e42de7c45c9a2ab9921b5d5c9a83?s=96&d=mm&r=g\",\"contentUrl\":\"https:\\\/\\\/secure.gravatar.com\\\/avatar\\\/6ddceb80eb734354635539e0ea5140bb7c41e42de7c45c9a2ab9921b5d5c9a83?s=96&d=mm&r=g\",\"caption\":\"Simon Gr\u00f6flin\"},\"url\":\"https:\\\/\\\/news.save.ch\\\/it\\\/author\\\/simon-groeflin\\\/\"}]}<\/script>\n<!-- \/ Yoast SEO plugin. -->","yoast_head_json":{"title":"Una mappa interattiva mostra le offerte di mobilit\u00e0 condivisa in Svizzera in tempo reale - Save","description":"Un'applicazione interattiva dell'Ufficio federale dell'energia (UFE) mostra la disponibilit\u00e0 e l'ubicazione dei veicoli per la mobilit\u00e0 condivisa in Svizzera. I dati possono essere collegati gratuitamente da altri fornitori di mobilit\u00e0 nei loro sistemi e app.","robots":{"index":"index","follow":"follow","max-snippet":"max-snippet:-1","max-image-preview":"max-image-preview:large","max-video-preview":"max-video-preview:-1"},"canonical":"https:\/\/news.save.ch\/it\/interaktive-karte-zeigt-schweizer-shared-mobility-angebote-in-echtzeit\/","og_locale":"it_IT","og_type":"article","og_title":"Interaktive Karte zeigt Schweizer Shared-Mobility-Angebote in Echtzeit - Save","og_description":"Eine interaktive Anwendung vom Bundesamt f\u00fcr Energie (BFE) zeigt die Verf\u00fcgbarkeit und Standorte von Shared-Mobility-Fahrzeugen in der Schweiz auf. Die Daten k\u00f6nnen von anderen Mobilit\u00e4tsanbietern kostenlos in ihren Systemen und Apps angebunden werden.","og_url":"https:\/\/news.save.ch\/it\/interaktive-karte-zeigt-schweizer-shared-mobility-angebote-in-echtzeit\/","og_site_name":"Save","article_published_time":"2021-02-01T06:49:42+00:00","article_modified_time":"2023-08-05T04:06:35+00:00","og_image":[{"width":830,"height":558,"url":"https:\/\/news.save.ch\/wp-content\/uploads\/2021\/02\/Schweiz_shared_mobility.jpg","type":"image\/jpeg"}],"author":"Simon Gr\u00f6flin","twitter_card":"summary_large_image","twitter_misc":{"Scritto da":"Simon Gr\u00f6flin","Tempo di lettura stimato":"2 minuti"},"schema":{"@context":"https:\/\/schema.org","@graph":[{"@type":"Article","@id":"https:\/\/news.save.ch\/interaktive-karte-zeigt-schweizer-shared-mobility-angebote-in-echtzeit\/#article","isPartOf":{"@id":"https:\/\/news.save.ch\/interaktive-karte-zeigt-schweizer-shared-mobility-angebote-in-echtzeit\/"},"author":{"name":"Simon Gr\u00f6flin","@id":"https:\/\/news.save.ch\/de\/#\/schema\/person\/ad4ef21102fd6125312409ac57d5296d"},"headline":"Interaktive Karte zeigt Schweizer Shared-Mobility-Angebote in Echtzeit","datePublished":"2021-02-01T06:49:42+00:00","dateModified":"2023-08-05T04:06:35+00:00","mainEntityOfPage":{"@id":"https:\/\/news.save.ch\/interaktive-karte-zeigt-schweizer-shared-mobility-angebote-in-echtzeit\/"},"wordCount":168,"publisher":{"@id":"https:\/\/news.save.ch\/de\/#organization"},"image":{"@id":"https:\/\/news.save.ch\/interaktive-karte-zeigt-schweizer-shared-mobility-angebote-in-echtzeit\/#primaryimage"},"thumbnailUrl":"https:\/\/news.save.ch\/wp-content\/uploads\/2021\/02\/Schweiz_shared_mobility.jpg","keywords":["Bundesamt f\u00fcr Energie","E-Mobility","Mobilit\u00e4tsanbieter","Nutzungslizenz","Open Data","Shared Mobility"],"articleSection":["ALLGEMEIN"],"inLanguage":"it-IT"},{"@type":"WebPage","@id":"https:\/\/news.save.ch\/interaktive-karte-zeigt-schweizer-shared-mobility-angebote-in-echtzeit\/","url":"https:\/\/news.save.ch\/interaktive-karte-zeigt-schweizer-shared-mobility-angebote-in-echtzeit\/","name":"Una mappa interattiva mostra le offerte di mobilit\u00e0 condivisa in Svizzera in tempo reale - Save","isPartOf":{"@id":"https:\/\/news.save.ch\/de\/#website"},"primaryImageOfPage":{"@id":"https:\/\/news.save.ch\/interaktive-karte-zeigt-schweizer-shared-mobility-angebote-in-echtzeit\/#primaryimage"},"image":{"@id":"https:\/\/news.save.ch\/interaktive-karte-zeigt-schweizer-shared-mobility-angebote-in-echtzeit\/#primaryimage"},"thumbnailUrl":"https:\/\/news.save.ch\/wp-content\/uploads\/2021\/02\/Schweiz_shared_mobility.jpg","datePublished":"2021-02-01T06:49:42+00:00","dateModified":"2023-08-05T04:06:35+00:00","description":"Un'applicazione interattiva dell'Ufficio federale dell'energia (UFE) mostra la disponibilit\u00e0 e l'ubicazione dei veicoli per la mobilit\u00e0 condivisa in Svizzera. I dati possono essere collegati gratuitamente da altri fornitori di mobilit\u00e0 nei loro sistemi e app.","breadcrumb":{"@id":"https:\/\/news.save.ch\/interaktive-karte-zeigt-schweizer-shared-mobility-angebote-in-echtzeit\/#breadcrumb"},"inLanguage":"it-IT","potentialAction":[{"@type":"ReadAction","target":["https:\/\/news.save.ch\/interaktive-karte-zeigt-schweizer-shared-mobility-angebote-in-echtzeit\/"]}]},{"@type":"ImageObject","inLanguage":"it-IT","@id":"https:\/\/news.save.ch\/interaktive-karte-zeigt-schweizer-shared-mobility-angebote-in-echtzeit\/#primaryimage","url":"https:\/\/news.save.ch\/wp-content\/uploads\/2021\/02\/Schweiz_shared_mobility.jpg","contentUrl":"https:\/\/news.save.ch\/wp-content\/uploads\/2021\/02\/Schweiz_shared_mobility.jpg","width":830,"height":558},{"@type":"BreadcrumbList","@id":"https:\/\/news.save.ch\/interaktive-karte-zeigt-schweizer-shared-mobility-angebote-in-echtzeit\/#breadcrumb","itemListElement":[{"@type":"ListItem","position":1,"name":"Home","item":"https:\/\/news.save.ch\/de\/"},{"@type":"ListItem","position":2,"name":"Interaktive Karte zeigt Schweizer Shared-Mobility-Angebote in Echtzeit"}]},{"@type":"WebSite","@id":"https:\/\/news.save.ch\/de\/#website","url":"https:\/\/news.save.ch\/de\/","name":"Risparmiare","description":"Rivista svizzera specializzata in sicurezza","publisher":{"@id":"https:\/\/news.save.ch\/de\/#organization"},"potentialAction":[{"@type":"SearchAction","target":{"@type":"EntryPoint","urlTemplate":"https:\/\/news.save.ch\/de\/?s={search_term_string}"},"query-input":{"@type":"PropertyValueSpecification","valueRequired":true,"valueName":"search_term_string"}}],"inLanguage":"it-IT"},{"@type":"Organization","@id":"https:\/\/news.save.ch\/de\/#organization","name":"Forum sulla sicurezza","url":"https:\/\/news.save.ch\/de\/","logo":{"@type":"ImageObject","inLanguage":"it-IT","@id":"https:\/\/news.save.ch\/de\/#\/schema\/logo\/image\/","url":"https:\/\/news.save.ch\/wp-content\/uploads\/2022\/06\/Logo_SF_2012.png","contentUrl":"https:\/\/news.save.ch\/wp-content\/uploads\/2022\/06\/Logo_SF_2012.png","width":1100,"height":91,"caption":"Sicherheitsforum"},"image":{"@id":"https:\/\/news.save.ch\/de\/#\/schema\/logo\/image\/"}},{"@type":"Person","@id":"https:\/\/news.save.ch\/de\/#\/schema\/person\/ad4ef21102fd6125312409ac57d5296d","name":"Simon Gr\u00f6flin","image":{"@type":"ImageObject","inLanguage":"it-IT","@id":"https:\/\/secure.gravatar.com\/avatar\/6ddceb80eb734354635539e0ea5140bb7c41e42de7c45c9a2ab9921b5d5c9a83?s=96&d=mm&r=g","url":"https:\/\/secure.gravatar.com\/avatar\/6ddceb80eb734354635539e0ea5140bb7c41e42de7c45c9a2ab9921b5d5c9a83?s=96&d=mm&r=g","contentUrl":"https:\/\/secure.gravatar.com\/avatar\/6ddceb80eb734354635539e0ea5140bb7c41e42de7c45c9a2ab9921b5d5c9a83?s=96&d=mm&r=g","caption":"Simon Gr\u00f6flin"},"url":"https:\/\/news.save.ch\/it\/author\/simon-groeflin\/"}]}},"_links":{"self":[{"href":"https:\/\/news.save.ch\/it\/wp-json\/wp\/v2\/posts\/16987","targetHints":{"allow":["GET"]}}],"collection":[{"href":"https:\/\/news.save.ch\/it\/wp-json\/wp\/v2\/posts"}],"about":[{"href":"https:\/\/news.save.ch\/it\/wp-json\/wp\/v2\/types\/post"}],"author":[{"embeddable":true,"href":"https:\/\/news.save.ch\/it\/wp-json\/wp\/v2\/users\/9"}],"replies":[{"embeddable":true,"href":"https:\/\/news.save.ch\/it\/wp-json\/wp\/v2\/comments?post=16987"}],"version-history":[{"count":3,"href":"https:\/\/news.save.ch\/it\/wp-json\/wp\/v2\/posts\/16987\/revisions"}],"predecessor-version":[{"id":21537,"href":"https:\/\/news.save.ch\/it\/wp-json\/wp\/v2\/posts\/16987\/revisions\/21537"}],"wp:featuredmedia":[{"embeddable":true,"href":"https:\/\/news.save.ch\/it\/wp-json\/wp\/v2\/media\/6694"}],"wp:attachment":[{"href":"https:\/\/news.save.ch\/it\/wp-json\/wp\/v2\/media?parent=16987"}],"wp:term":[{"taxonomy":"category","embeddable":true,"href":"https:\/\/news.save.ch\/it\/wp-json\/wp\/v2\/categories?post=16987"},{"taxonomy":"post_tag","embeddable":true,"href":"https:\/\/news.save.ch\/it\/wp-json\/wp\/v2\/tags?post=16987"}],"curies":[{"name":"wp","href":"https:\/\/api.w.org\/{rel}","templated":true}]}}