{"id":16993,"date":"2021-03-01T08:44:03","date_gmt":"2021-03-01T07:44:03","guid":{"rendered":"https:\/\/news.save.ch\/?p=6836"},"modified":"2023-07-21T06:42:51","modified_gmt":"2023-07-21T04:42:51","slug":"gleichstellung-von-menschen-mit-behinderungen","status":null,"type":"post","link":"https:\/\/news.save.ch\/it\/gleichstellung-von-menschen-mit-behinderungen\/","title":{"rendered":"Uguaglianza per le persone con disabilit\u00e0"},"content":{"rendered":"<figure id=\"attachment_6843\" aria-describedby=\"caption-attachment-6843\" style=\"width: 680px\" class=\"wp-caption alignnone\"><img loading=\"lazy\" decoding=\"async\" class=\"wp-image-6843 size-medium\" src=\"https:\/\/news.save.ch\/wp-content\/uploads\/2021\/03\/Inklusion_Depositphotos_65225911_s-2019-680x454.jpg\" alt=\"Uguaglianza\" width=\"680\" height=\"454\" srcset=\"https:\/\/news.save.ch\/wp-content\/uploads\/2021\/03\/Inklusion_Depositphotos_65225911_s-2019-680x454.jpg 680w, https:\/\/news.save.ch\/wp-content\/uploads\/2021\/03\/Inklusion_Depositphotos_65225911_s-2019-768x512.jpg 768w, https:\/\/news.save.ch\/wp-content\/uploads\/2021\/03\/Inklusion_Depositphotos_65225911_s-2019-18x12.jpg 18w, https:\/\/news.save.ch\/wp-content\/uploads\/2021\/03\/Inklusion_Depositphotos_65225911_s-2019-375x250.jpg 375w, https:\/\/news.save.ch\/wp-content\/uploads\/2021\/03\/Inklusion_Depositphotos_65225911_s-2019-525x350.jpg 525w, https:\/\/news.save.ch\/wp-content\/uploads\/2021\/03\/Inklusion_Depositphotos_65225911_s-2019.jpg 1000w\" sizes=\"auto, (max-width: 680px) 100vw, 680px\" \/><figcaption id=\"caption-attachment-6843\" class=\"wp-caption-text\">\u00a9 Depositphotos, olesiabilkei<\/figcaption><\/figure>\n<p>A nome dell'Ufficio Federale per l'Uguaglianza delle Persone con Disabilit\u00e0 (EBGB), il\u00a0<a href=\"https:\/\/cdi.unisg.ch\/de\" target=\"_blank\" rel=\"noopener\">Centro per la disabilit\u00e0 e l'integrazione dell'Universit\u00e0 di San Gallo<\/a> Insieme a tre aziende svizzere (Posta, Novartis e ABB), alla fine del 2020 verr\u00e0 lanciata la cooperazione di ricerca \"Inclusion Champions Switzerland\" sul tema della parit\u00e0 e del lavoro. <a href=\"https:\/\/www.edi.admin.ch\/edi\/de\/home\/fachstellen\/ebgb\/neswletter\/newsletter-avril-2019\/unternehmen-als-inclusion-champions.html\" target=\"_blank\" rel=\"noopener\">lanciato<\/a>.<\/p>\n<p>L'obiettivo del progetto triennale \u00e8 promuovere un ambiente di lavoro inclusivo per sfruttare meglio i punti di forza di tutti i dipendenti. Con la rete si stanno sviluppando ed esplorando diverse misure. Un barometro dell'inclusione, ora sviluppato, pu\u00f2 essere utilizzato dai datori di lavoro per <a href=\"https:\/\/mindstep.swiss\/unser-angebot\/diversitaet-inklusion-2\/\" target=\"_blank\" rel=\"noopener\">a un prezzo di costo.<\/a><\/p>\n<p>Nelle raccomandazioni d'azione si applicano le seguenti indicazioni <a href=\"https:\/\/www.edi.admin.ch\/edi\/de\/home\/fachstellen\/ebgb\/neswletter\/newsletter_ebgb_0121.html\" target=\"_blank\" rel=\"noopener\">Secondo il Dipartimento degli Affari Interni<\/a> il cosiddetto modello delle 3I (informare, coinvolgere, includere). Le raccomandazioni per l'azione includono aspetti quali l'elaborazione del lavoro, la consulenza professionale e le misure di sensibilizzazione. L'obiettivo \u00e8 sviluppare raccomandazioni scientificamente valide per promuovere un ambiente di lavoro inclusivo e significativo a lungo termine.<\/p>\n<p>Fonti:<br \/>\n<a href=\"https:\/\/magazin.hsgfocus.ch\/hsg-focus-3-2020-diversity\/artikel\/diversitaet-und-inklusion-aktiv-managen-16099\" target=\"_blank\" rel=\"noopener\">HSG Focus 3\/2020: \"Diversit\u00e0\" - Gestire attivamente la diversit\u00e0 e l'inclusione<\/a><br \/>\n<a href=\"https:\/\/www.edi.admin.ch\/edi\/de\/home\/fachstellen\/ebgb\/themen-der-gleichstellung\/arbeit\/berufliche-inklusion-\/stand-der-wissenschaft-.html\" target=\"_blank\" rel=\"noopener\">Per saperne di pi\u00f9 sullo stato attuale della scienza<\/a><\/p>","protected":false},"excerpt":{"rendered":"<p>Im Auftrag des\u00a0Eidgen\u00f6ssischen B\u00fcro f\u00fcr die Gleichstellung von Menschen mit Behinderungen (EBGB) hat das\u00a0Center for Disability and Integration der Universit\u00e4t St. Gallen zusammen mit drei Schweizer Unternehmen (Die Post, Novartis und ABB) Ende 2020 die Forschungskooperation\u00a0\u00abInclusion Champions Switzerland\u00bb zum Thema Gleichstellung und Arbeit ins Leben gerufen. Das Ziel des auf drei Jahre angesetzten Projekts ist [&hellip;]<\/p>\n","protected":false},"author":9,"featured_media":6843,"comment_status":"closed","ping_status":"closed","sticky":false,"template":"","format":"standard","meta":{"_acf_changed":false,"pgc_sgb_lightbox_settings":"","footnotes":""},"categories":[1,3314],"tags":[1221,1913,5730,5729,2187,2270,2303,5731,3848,2636,3147],"class_list":["post-16993","post","type-post","status-publish","format-standard","has-post-thumbnail","hentry","category-allgemein","category-health-safety","tag-abb","tag-die-post","tag-disability","tag-eidgenoessisches-buero","tag-gleichstellung","tag-hsg","tag-inklusion","tag-inklusionsbarometer","tag-integration","tag-novartis","tag-universitaet-st-gallen"],"acf":[],"hkrextid":null,"publication":null,"issue":null,"workflow":null,"startPage":null,"spitzmarke":null,"_posts_by_tag_page_fields":{"widget_title":"","widget_tags":""},"_at_widget":"1","_yoast_wpseo_primary_category":"1","_yoast_wpseo_focuskw_text_input":null,"_yoast_wpseo_opengraph-image":null,"_yoast_wpseo_opengraph-description":null,"_yoast_wpseo_opengraph-title":null,"enclosure":null,"_yoast_wpseo_twitter-title":null,"_yoast_wpseo_twitter-description":null,"_yoast_wpseo_twitter-image":null,"_wp_old_slug":null,"_yoast_wpseo_title":null,"_yoast_wpseo_canonical":null,"yoast_head":"<!-- This site is optimized with the Yoast SEO plugin v27.4 - https:\/\/yoast.com\/product\/yoast-seo-wordpress\/ -->\n<title>Gleichstellung von Menschen mit Behinderungen - Save<\/title>\n<meta name=\"description\" content=\"Ende 2020 startete die die Projektgruppe \u00abInclusion Champions Switzerland\u00bb. Die Forschungskooperation verfolgt das Ziel, die F\u00f6rderung einer inklusiven Arbeit unter Ber\u00fccksichtigung der St\u00e4rken der Mitarbeitenden besser zu nutzen.\" \/>\n<meta name=\"robots\" content=\"index, follow, max-snippet:-1, max-image-preview:large, max-video-preview:-1\" \/>\n<link rel=\"canonical\" href=\"https:\/\/news.save.ch\/it\/gleichstellung-von-menschen-mit-behinderungen\/\" \/>\n<meta property=\"og:locale\" content=\"it_IT\" \/>\n<meta property=\"og:type\" content=\"article\" \/>\n<meta property=\"og:title\" content=\"Gleichstellung von Menschen mit Behinderungen - Save\" \/>\n<meta property=\"og:description\" content=\"Ende 2020 startete die die Projektgruppe \u00abInclusion Champions Switzerland\u00bb. Die Forschungskooperation verfolgt das Ziel, die F\u00f6rderung einer inklusiven Arbeit unter Ber\u00fccksichtigung der St\u00e4rken der Mitarbeitenden besser zu nutzen.\" \/>\n<meta property=\"og:url\" content=\"https:\/\/news.save.ch\/it\/gleichstellung-von-menschen-mit-behinderungen\/\" \/>\n<meta property=\"og:site_name\" content=\"Save\" \/>\n<meta property=\"article:published_time\" content=\"2021-03-01T07:44:03+00:00\" \/>\n<meta property=\"article:modified_time\" content=\"2023-07-21T04:42:51+00:00\" \/>\n<meta property=\"og:image\" content=\"https:\/\/news.save.ch\/wp-content\/uploads\/2021\/03\/Inklusion_Depositphotos_65225911_s-2019.jpg\" \/>\n\t<meta property=\"og:image:width\" content=\"1000\" \/>\n\t<meta property=\"og:image:height\" content=\"667\" \/>\n\t<meta property=\"og:image:type\" content=\"image\/jpeg\" \/>\n<meta name=\"author\" content=\"Simon Gr\u00f6flin\" \/>\n<meta name=\"twitter:card\" content=\"summary_large_image\" \/>\n<meta name=\"twitter:label1\" content=\"Scritto da\" \/>\n\t<meta name=\"twitter:data1\" content=\"Simon Gr\u00f6flin\" \/>\n\t<meta name=\"twitter:label2\" content=\"Tempo di lettura stimato\" \/>\n\t<meta name=\"twitter:data2\" content=\"2 minuti\" \/>\n<script type=\"application\/ld+json\" class=\"yoast-schema-graph\">{\"@context\":\"https:\\\/\\\/schema.org\",\"@graph\":[{\"@type\":\"Article\",\"@id\":\"https:\\\/\\\/news.save.ch\\\/gleichstellung-von-menschen-mit-behinderungen\\\/#article\",\"isPartOf\":{\"@id\":\"https:\\\/\\\/news.save.ch\\\/gleichstellung-von-menschen-mit-behinderungen\\\/\"},\"author\":{\"name\":\"Simon Gr\u00f6flin\",\"@id\":\"https:\\\/\\\/news.save.ch\\\/de\\\/#\\\/schema\\\/person\\\/ad4ef21102fd6125312409ac57d5296d\"},\"headline\":\"Gleichstellung von Menschen mit Behinderungen\",\"datePublished\":\"2021-03-01T07:44:03+00:00\",\"dateModified\":\"2023-07-21T04:42:51+00:00\",\"mainEntityOfPage\":{\"@id\":\"https:\\\/\\\/news.save.ch\\\/gleichstellung-von-menschen-mit-behinderungen\\\/\"},\"wordCount\":176,\"publisher\":{\"@id\":\"https:\\\/\\\/news.save.ch\\\/de\\\/#organization\"},\"image\":{\"@id\":\"https:\\\/\\\/news.save.ch\\\/gleichstellung-von-menschen-mit-behinderungen\\\/#primaryimage\"},\"thumbnailUrl\":\"https:\\\/\\\/news.save.ch\\\/wp-content\\\/uploads\\\/2021\\\/03\\\/Inklusion_Depositphotos_65225911_s-2019.jpg\",\"keywords\":[\"ABB\",\"Die Post\",\"Disability\",\"Eidgen\u00f6ssisches B\u00fcro\",\"Gleichstellung\",\"HSG\",\"Inklusion\",\"Inklusionsbarometer\",\"Integration\",\"Novartis\",\"Universit\u00e4t St. Gallen\"],\"articleSection\":[\"ALLGEMEIN\",\"HEALTH &amp; SAFETY\"],\"inLanguage\":\"it-IT\"},{\"@type\":\"WebPage\",\"@id\":\"https:\\\/\\\/news.save.ch\\\/gleichstellung-von-menschen-mit-behinderungen\\\/\",\"url\":\"https:\\\/\\\/news.save.ch\\\/gleichstellung-von-menschen-mit-behinderungen\\\/\",\"name\":\"Gleichstellung von Menschen mit Behinderungen - Save\",\"isPartOf\":{\"@id\":\"https:\\\/\\\/news.save.ch\\\/de\\\/#website\"},\"primaryImageOfPage\":{\"@id\":\"https:\\\/\\\/news.save.ch\\\/gleichstellung-von-menschen-mit-behinderungen\\\/#primaryimage\"},\"image\":{\"@id\":\"https:\\\/\\\/news.save.ch\\\/gleichstellung-von-menschen-mit-behinderungen\\\/#primaryimage\"},\"thumbnailUrl\":\"https:\\\/\\\/news.save.ch\\\/wp-content\\\/uploads\\\/2021\\\/03\\\/Inklusion_Depositphotos_65225911_s-2019.jpg\",\"datePublished\":\"2021-03-01T07:44:03+00:00\",\"dateModified\":\"2023-07-21T04:42:51+00:00\",\"description\":\"Ende 2020 startete die die Projektgruppe \u00abInclusion Champions Switzerland\u00bb. Die Forschungskooperation verfolgt das Ziel, die F\u00f6rderung einer inklusiven Arbeit unter Ber\u00fccksichtigung der St\u00e4rken der Mitarbeitenden besser zu nutzen.\",\"breadcrumb\":{\"@id\":\"https:\\\/\\\/news.save.ch\\\/gleichstellung-von-menschen-mit-behinderungen\\\/#breadcrumb\"},\"inLanguage\":\"it-IT\",\"potentialAction\":[{\"@type\":\"ReadAction\",\"target\":[\"https:\\\/\\\/news.save.ch\\\/gleichstellung-von-menschen-mit-behinderungen\\\/\"]}]},{\"@type\":\"ImageObject\",\"inLanguage\":\"it-IT\",\"@id\":\"https:\\\/\\\/news.save.ch\\\/gleichstellung-von-menschen-mit-behinderungen\\\/#primaryimage\",\"url\":\"https:\\\/\\\/news.save.ch\\\/wp-content\\\/uploads\\\/2021\\\/03\\\/Inklusion_Depositphotos_65225911_s-2019.jpg\",\"contentUrl\":\"https:\\\/\\\/news.save.ch\\\/wp-content\\\/uploads\\\/2021\\\/03\\\/Inklusion_Depositphotos_65225911_s-2019.jpg\",\"width\":1000,\"height\":667,\"caption\":\"\u00a9 Depositphotos, olesiabilkei\"},{\"@type\":\"BreadcrumbList\",\"@id\":\"https:\\\/\\\/news.save.ch\\\/gleichstellung-von-menschen-mit-behinderungen\\\/#breadcrumb\",\"itemListElement\":[{\"@type\":\"ListItem\",\"position\":1,\"name\":\"Home\",\"item\":\"https:\\\/\\\/news.save.ch\\\/de\\\/\"},{\"@type\":\"ListItem\",\"position\":2,\"name\":\"Gleichstellung von Menschen mit Behinderungen\"}]},{\"@type\":\"WebSite\",\"@id\":\"https:\\\/\\\/news.save.ch\\\/de\\\/#website\",\"url\":\"https:\\\/\\\/news.save.ch\\\/de\\\/\",\"name\":\"Save\",\"description\":\"Schweizer Fachzeitschrift f\u00fcr Sicherheit\",\"publisher\":{\"@id\":\"https:\\\/\\\/news.save.ch\\\/de\\\/#organization\"},\"potentialAction\":[{\"@type\":\"SearchAction\",\"target\":{\"@type\":\"EntryPoint\",\"urlTemplate\":\"https:\\\/\\\/news.save.ch\\\/de\\\/?s={search_term_string}\"},\"query-input\":{\"@type\":\"PropertyValueSpecification\",\"valueRequired\":true,\"valueName\":\"search_term_string\"}}],\"inLanguage\":\"it-IT\"},{\"@type\":\"Organization\",\"@id\":\"https:\\\/\\\/news.save.ch\\\/de\\\/#organization\",\"name\":\"Sicherheitsforum\",\"url\":\"https:\\\/\\\/news.save.ch\\\/de\\\/\",\"logo\":{\"@type\":\"ImageObject\",\"inLanguage\":\"it-IT\",\"@id\":\"https:\\\/\\\/news.save.ch\\\/de\\\/#\\\/schema\\\/logo\\\/image\\\/\",\"url\":\"https:\\\/\\\/news.save.ch\\\/wp-content\\\/uploads\\\/2022\\\/06\\\/Logo_SF_2012.png\",\"contentUrl\":\"https:\\\/\\\/news.save.ch\\\/wp-content\\\/uploads\\\/2022\\\/06\\\/Logo_SF_2012.png\",\"width\":1100,\"height\":91,\"caption\":\"Sicherheitsforum\"},\"image\":{\"@id\":\"https:\\\/\\\/news.save.ch\\\/de\\\/#\\\/schema\\\/logo\\\/image\\\/\"}},{\"@type\":\"Person\",\"@id\":\"https:\\\/\\\/news.save.ch\\\/de\\\/#\\\/schema\\\/person\\\/ad4ef21102fd6125312409ac57d5296d\",\"name\":\"Simon Gr\u00f6flin\",\"image\":{\"@type\":\"ImageObject\",\"inLanguage\":\"it-IT\",\"@id\":\"https:\\\/\\\/secure.gravatar.com\\\/avatar\\\/6ddceb80eb734354635539e0ea5140bb7c41e42de7c45c9a2ab9921b5d5c9a83?s=96&d=mm&r=g\",\"url\":\"https:\\\/\\\/secure.gravatar.com\\\/avatar\\\/6ddceb80eb734354635539e0ea5140bb7c41e42de7c45c9a2ab9921b5d5c9a83?s=96&d=mm&r=g\",\"contentUrl\":\"https:\\\/\\\/secure.gravatar.com\\\/avatar\\\/6ddceb80eb734354635539e0ea5140bb7c41e42de7c45c9a2ab9921b5d5c9a83?s=96&d=mm&r=g\",\"caption\":\"Simon Gr\u00f6flin\"},\"url\":\"https:\\\/\\\/news.save.ch\\\/it\\\/author\\\/simon-groeflin\\\/\"}]}<\/script>\n<!-- \/ Yoast SEO plugin. -->","yoast_head_json":{"title":"Uguaglianza per le persone con disabilit\u00e0 - Save","description":"Alla fine del 2020 \u00e8 stato lanciato il gruppo di progetto Inclusion Champions Switzerland. La cooperazione di ricerca persegue l'obiettivo di sfruttare meglio la promozione del lavoro inclusivo tenendo conto dei punti di forza dei dipendenti.","robots":{"index":"index","follow":"follow","max-snippet":"max-snippet:-1","max-image-preview":"max-image-preview:large","max-video-preview":"max-video-preview:-1"},"canonical":"https:\/\/news.save.ch\/it\/gleichstellung-von-menschen-mit-behinderungen\/","og_locale":"it_IT","og_type":"article","og_title":"Gleichstellung von Menschen mit Behinderungen - Save","og_description":"Ende 2020 startete die die Projektgruppe \u00abInclusion Champions Switzerland\u00bb. Die Forschungskooperation verfolgt das Ziel, die F\u00f6rderung einer inklusiven Arbeit unter Ber\u00fccksichtigung der St\u00e4rken der Mitarbeitenden besser zu nutzen.","og_url":"https:\/\/news.save.ch\/it\/gleichstellung-von-menschen-mit-behinderungen\/","og_site_name":"Save","article_published_time":"2021-03-01T07:44:03+00:00","article_modified_time":"2023-07-21T04:42:51+00:00","og_image":[{"width":1000,"height":667,"url":"https:\/\/news.save.ch\/wp-content\/uploads\/2021\/03\/Inklusion_Depositphotos_65225911_s-2019.jpg","type":"image\/jpeg"}],"author":"Simon Gr\u00f6flin","twitter_card":"summary_large_image","twitter_misc":{"Scritto da":"Simon Gr\u00f6flin","Tempo di lettura stimato":"2 minuti"},"schema":{"@context":"https:\/\/schema.org","@graph":[{"@type":"Article","@id":"https:\/\/news.save.ch\/gleichstellung-von-menschen-mit-behinderungen\/#article","isPartOf":{"@id":"https:\/\/news.save.ch\/gleichstellung-von-menschen-mit-behinderungen\/"},"author":{"name":"Simon Gr\u00f6flin","@id":"https:\/\/news.save.ch\/de\/#\/schema\/person\/ad4ef21102fd6125312409ac57d5296d"},"headline":"Gleichstellung von Menschen mit Behinderungen","datePublished":"2021-03-01T07:44:03+00:00","dateModified":"2023-07-21T04:42:51+00:00","mainEntityOfPage":{"@id":"https:\/\/news.save.ch\/gleichstellung-von-menschen-mit-behinderungen\/"},"wordCount":176,"publisher":{"@id":"https:\/\/news.save.ch\/de\/#organization"},"image":{"@id":"https:\/\/news.save.ch\/gleichstellung-von-menschen-mit-behinderungen\/#primaryimage"},"thumbnailUrl":"https:\/\/news.save.ch\/wp-content\/uploads\/2021\/03\/Inklusion_Depositphotos_65225911_s-2019.jpg","keywords":["ABB","Die Post","Disability","Eidgen\u00f6ssisches B\u00fcro","Gleichstellung","HSG","Inklusion","Inklusionsbarometer","Integration","Novartis","Universit\u00e4t St. Gallen"],"articleSection":["ALLGEMEIN","HEALTH &amp; SAFETY"],"inLanguage":"it-IT"},{"@type":"WebPage","@id":"https:\/\/news.save.ch\/gleichstellung-von-menschen-mit-behinderungen\/","url":"https:\/\/news.save.ch\/gleichstellung-von-menschen-mit-behinderungen\/","name":"Uguaglianza per le persone con disabilit\u00e0 - Save","isPartOf":{"@id":"https:\/\/news.save.ch\/de\/#website"},"primaryImageOfPage":{"@id":"https:\/\/news.save.ch\/gleichstellung-von-menschen-mit-behinderungen\/#primaryimage"},"image":{"@id":"https:\/\/news.save.ch\/gleichstellung-von-menschen-mit-behinderungen\/#primaryimage"},"thumbnailUrl":"https:\/\/news.save.ch\/wp-content\/uploads\/2021\/03\/Inklusion_Depositphotos_65225911_s-2019.jpg","datePublished":"2021-03-01T07:44:03+00:00","dateModified":"2023-07-21T04:42:51+00:00","description":"Alla fine del 2020 \u00e8 stato lanciato il gruppo di progetto Inclusion Champions Switzerland. La cooperazione di ricerca persegue l'obiettivo di sfruttare meglio la promozione del lavoro inclusivo tenendo conto dei punti di forza dei dipendenti.","breadcrumb":{"@id":"https:\/\/news.save.ch\/gleichstellung-von-menschen-mit-behinderungen\/#breadcrumb"},"inLanguage":"it-IT","potentialAction":[{"@type":"ReadAction","target":["https:\/\/news.save.ch\/gleichstellung-von-menschen-mit-behinderungen\/"]}]},{"@type":"ImageObject","inLanguage":"it-IT","@id":"https:\/\/news.save.ch\/gleichstellung-von-menschen-mit-behinderungen\/#primaryimage","url":"https:\/\/news.save.ch\/wp-content\/uploads\/2021\/03\/Inklusion_Depositphotos_65225911_s-2019.jpg","contentUrl":"https:\/\/news.save.ch\/wp-content\/uploads\/2021\/03\/Inklusion_Depositphotos_65225911_s-2019.jpg","width":1000,"height":667,"caption":"\u00a9 Depositphotos, olesiabilkei"},{"@type":"BreadcrumbList","@id":"https:\/\/news.save.ch\/gleichstellung-von-menschen-mit-behinderungen\/#breadcrumb","itemListElement":[{"@type":"ListItem","position":1,"name":"Home","item":"https:\/\/news.save.ch\/de\/"},{"@type":"ListItem","position":2,"name":"Gleichstellung von Menschen mit Behinderungen"}]},{"@type":"WebSite","@id":"https:\/\/news.save.ch\/de\/#website","url":"https:\/\/news.save.ch\/de\/","name":"Risparmiare","description":"Rivista svizzera specializzata in sicurezza","publisher":{"@id":"https:\/\/news.save.ch\/de\/#organization"},"potentialAction":[{"@type":"SearchAction","target":{"@type":"EntryPoint","urlTemplate":"https:\/\/news.save.ch\/de\/?s={search_term_string}"},"query-input":{"@type":"PropertyValueSpecification","valueRequired":true,"valueName":"search_term_string"}}],"inLanguage":"it-IT"},{"@type":"Organization","@id":"https:\/\/news.save.ch\/de\/#organization","name":"Forum sulla sicurezza","url":"https:\/\/news.save.ch\/de\/","logo":{"@type":"ImageObject","inLanguage":"it-IT","@id":"https:\/\/news.save.ch\/de\/#\/schema\/logo\/image\/","url":"https:\/\/news.save.ch\/wp-content\/uploads\/2022\/06\/Logo_SF_2012.png","contentUrl":"https:\/\/news.save.ch\/wp-content\/uploads\/2022\/06\/Logo_SF_2012.png","width":1100,"height":91,"caption":"Sicherheitsforum"},"image":{"@id":"https:\/\/news.save.ch\/de\/#\/schema\/logo\/image\/"}},{"@type":"Person","@id":"https:\/\/news.save.ch\/de\/#\/schema\/person\/ad4ef21102fd6125312409ac57d5296d","name":"Simon Gr\u00f6flin","image":{"@type":"ImageObject","inLanguage":"it-IT","@id":"https:\/\/secure.gravatar.com\/avatar\/6ddceb80eb734354635539e0ea5140bb7c41e42de7c45c9a2ab9921b5d5c9a83?s=96&d=mm&r=g","url":"https:\/\/secure.gravatar.com\/avatar\/6ddceb80eb734354635539e0ea5140bb7c41e42de7c45c9a2ab9921b5d5c9a83?s=96&d=mm&r=g","contentUrl":"https:\/\/secure.gravatar.com\/avatar\/6ddceb80eb734354635539e0ea5140bb7c41e42de7c45c9a2ab9921b5d5c9a83?s=96&d=mm&r=g","caption":"Simon Gr\u00f6flin"},"url":"https:\/\/news.save.ch\/it\/author\/simon-groeflin\/"}]}},"_links":{"self":[{"href":"https:\/\/news.save.ch\/it\/wp-json\/wp\/v2\/posts\/16993","targetHints":{"allow":["GET"]}}],"collection":[{"href":"https:\/\/news.save.ch\/it\/wp-json\/wp\/v2\/posts"}],"about":[{"href":"https:\/\/news.save.ch\/it\/wp-json\/wp\/v2\/types\/post"}],"author":[{"embeddable":true,"href":"https:\/\/news.save.ch\/it\/wp-json\/wp\/v2\/users\/9"}],"replies":[{"embeddable":true,"href":"https:\/\/news.save.ch\/it\/wp-json\/wp\/v2\/comments?post=16993"}],"version-history":[{"count":2,"href":"https:\/\/news.save.ch\/it\/wp-json\/wp\/v2\/posts\/16993\/revisions"}],"predecessor-version":[{"id":21189,"href":"https:\/\/news.save.ch\/it\/wp-json\/wp\/v2\/posts\/16993\/revisions\/21189"}],"wp:featuredmedia":[{"embeddable":true,"href":"https:\/\/news.save.ch\/it\/wp-json\/wp\/v2\/media\/6843"}],"wp:attachment":[{"href":"https:\/\/news.save.ch\/it\/wp-json\/wp\/v2\/media?parent=16993"}],"wp:term":[{"taxonomy":"category","embeddable":true,"href":"https:\/\/news.save.ch\/it\/wp-json\/wp\/v2\/categories?post=16993"},{"taxonomy":"post_tag","embeddable":true,"href":"https:\/\/news.save.ch\/it\/wp-json\/wp\/v2\/tags?post=16993"}],"curies":[{"name":"wp","href":"https:\/\/api.w.org\/{rel}","templated":true}]}}