{"id":17002,"date":"2021-05-04T16:41:07","date_gmt":"2021-05-04T14:41:07","guid":{"rendered":"https:\/\/news.save.ch\/?p=7146"},"modified":"2023-07-19T08:00:30","modified_gmt":"2023-07-19T06:00:30","slug":"jedes-sechste-elektrogeraet-wies-maengel-auf","status":null,"type":"post","link":"https:\/\/news.save.ch\/it\/jedes-sechste-elektrogeraet-wies-maengel-auf\/","title":{"rendered":"Difetti in un elettrodomestico su sei"},"content":{"rendered":"<p><img loading=\"lazy\" decoding=\"async\" class=\"alignnone wp-image-7148 size-medium\" src=\"https:\/\/news.save.ch\/wp-content\/uploads\/2021\/05\/Schuko-680x453.jpg\" alt=\"Carenze\" width=\"680\" height=\"453\" srcset=\"https:\/\/news.save.ch\/wp-content\/uploads\/2021\/05\/Schuko-680x453.jpg 680w, https:\/\/news.save.ch\/wp-content\/uploads\/2021\/05\/Schuko-768x512.jpg 768w, https:\/\/news.save.ch\/wp-content\/uploads\/2021\/05\/Schuko-18x12.jpg 18w, https:\/\/news.save.ch\/wp-content\/uploads\/2021\/05\/Schuko-375x250.jpg 375w, https:\/\/news.save.ch\/wp-content\/uploads\/2021\/05\/Schuko-525x350.jpg 525w, https:\/\/news.save.ch\/wp-content\/uploads\/2021\/05\/Schuko.jpg 960w\" sizes=\"auto, (max-width: 680px) 100vw, 680px\" \/><br \/>\n<em>Secondo l'ESTI, le spine Schuko rappresentano in generale un rischio per i consumatori svizzeri. (Immagine: Pixabay)\u00a0<\/em><\/p>\n<p>Il 16% dei prodotti elettrici ispezionati dall'Ispettorato federale per gli impianti a corrente forte (ESTI) nel 2020 presentava difetti. \u00c8 stato necessario imporre un totale di 130 divieti di vendita. Inoltre, sono stati pubblicati tredici richiami e avvisi di sicurezza di dispositivi elettrici.<\/p>\n<p>Un totale di 236 prodotti presentavano difetti formali o tecnici che potevano causare scosse elettriche, scottature, formazione di fumo o incendi. I prodotti pi\u00f9 colpiti dai divieti di vendita sono stati i dispositivi per la disinfezione dell'aria e delle superfici, i caricabatterie, le batterie ricaricabili, le prese per lampade, gli adattatori da viaggio e i dispositivi del settore delle attrezzature da campeggio.<\/p>\n<p>Se c'\u00e8 un rischio potenziale per le persone o se non c'\u00e8 una prova di conformit\u00e0, l'ESTI pu\u00f2 vietare la fornitura di un prodotto sul mercato. In Svizzera \u00e8 vietata la vendita di apparecchi elettrici con una spina straniera non autorizzata (ad es. spina Schuko), in quanto le parti sotto tensione possono essere toccate quando si cerca di inserirle nella presa. L'ESTI avverte che si raccomanda grande cautela anche nell'acquisto di apparecchi vistosamente economici su dubbie piattaforme online.<\/p>\n<p><img loading=\"lazy\" decoding=\"async\" class=\"alignnone size-medium wp-image-7147\" src=\"http:\/\/develop.safety-plus.ch\/wp-content\/uploads\/2021\/05\/ESTI_Grafik.jpg\" alt=\"\" width=\"680\" height=\"530\" srcset=\"https:\/\/news.save.ch\/wp-content\/uploads\/2021\/05\/ESTI_Grafik.jpg 843w, https:\/\/news.save.ch\/wp-content\/uploads\/2021\/05\/ESTI_Grafik-680x530.jpg 680w, https:\/\/news.save.ch\/wp-content\/uploads\/2021\/05\/ESTI_Grafik-768x599.jpg 768w, https:\/\/news.save.ch\/wp-content\/uploads\/2021\/05\/ESTI_Grafik-15x12.jpg 15w, https:\/\/news.save.ch\/wp-content\/uploads\/2021\/05\/ESTI_Grafik-375x292.jpg 375w, https:\/\/news.save.ch\/wp-content\/uploads\/2021\/05\/ESTI_Grafik-449x350.jpg 449w\" sizes=\"auto, (max-width: 680px) 100vw, 680px\" \/><br \/>\n<em>Sorveglianza del mercato 2020 - prodotti a bassa tensione secondo NEV<\/em><\/p>\n<p>Al momento dell'acquisto di apparecchi elettrici, i consumatori dovrebbero cercare una spina svizzera corretta, un servizio clienti accessibile e competente, istruzioni per l'uso comprensibili e marchi di prova apposti sull'apparecchio. Un marchio di prova svizzero riconosciuto \u00e8 il marchio di sicurezza volontario dell'ESTI.<\/p>\n<p>Fonte: ESTI<\/p>","protected":false},"excerpt":{"rendered":"<p>Schuko-Stecker bergen laut dem ESTI grunds\u00e4tzlich eine Gefahr f\u00fcr Schweizer Verbraucher. (Bild: Pixabay)\u00a0 16 Prozent der im Jahr 2020 durch das Eidgen\u00f6ssische Starkstrominspektorat ESTI \u00fcberpr\u00fcften elektrischen Erzeugnisse wiesen M\u00e4ngel auf. Es mussten 130 Verkaufsverbote ausgesprochen werden. Weiter wurden dreizehn R\u00fcckrufe und Sicherheitswarnungen von elektrischen Ger\u00e4ten publiziert. Insgesamt wiesen 236 Produkte formelle oder technische M\u00e4ngel auf, [&hellip;]<\/p>\n","protected":false},"author":9,"featured_media":7148,"comment_status":"closed","ping_status":"closed","sticky":false,"template":"","format":"standard","meta":{"_acf_changed":false,"pgc_sgb_lightbox_settings":"","footnotes":""},"categories":[1,3314],"tags":[842,837,5563,5564,2989,3017,4996],"class_list":["post-17002","post","type-post","status-publish","format-standard","has-post-thumbnail","hentry","category-allgemein","category-health-safety","tag-elektrische-erzeugnisse","tag-esti","tag-maengel","tag-sicherheitszeichen","tag-stecker","tag-strom","tag-verkaufsverbote"],"acf":[],"hkrextid":null,"publication":null,"issue":null,"workflow":null,"startPage":null,"spitzmarke":null,"_posts_by_tag_page_fields":{"widget_title":"","widget_tags":""},"_at_widget":"1","_yoast_wpseo_primary_category":"1","_yoast_wpseo_focuskw_text_input":null,"_yoast_wpseo_opengraph-image":null,"_yoast_wpseo_opengraph-description":null,"_yoast_wpseo_opengraph-title":null,"enclosure":null,"_yoast_wpseo_twitter-title":null,"_yoast_wpseo_twitter-description":null,"_yoast_wpseo_twitter-image":null,"_wp_old_slug":null,"_yoast_wpseo_title":null,"_yoast_wpseo_canonical":null,"yoast_head":"<!-- This site is optimized with the Yoast SEO plugin v27.4 - https:\/\/yoast.com\/product\/yoast-seo-wordpress\/ -->\n<title>M\u00e4ngel bei jedem sechsten Elektroger\u00e4t - Save<\/title>\n<meta name=\"description\" content=\"Laut dem Eidgen\u00f6ssischen Starkstrominspektorat musste 2020 jedes sechste elektrische Ger\u00e4t beanstandet werden. Daraus folgten 130 Verkaufsverbote sowie 13 R\u00fcckrufe und Sicherheitswarnungen.\" \/>\n<meta name=\"robots\" content=\"index, follow, max-snippet:-1, max-image-preview:large, max-video-preview:-1\" \/>\n<link rel=\"canonical\" href=\"https:\/\/news.save.ch\/it\/jedes-sechste-elektrogeraet-wies-maengel-auf\/\" \/>\n<meta property=\"og:locale\" content=\"it_IT\" \/>\n<meta property=\"og:type\" content=\"article\" \/>\n<meta property=\"og:title\" content=\"M\u00e4ngel bei jedem sechsten Elektroger\u00e4t - Save\" \/>\n<meta property=\"og:description\" content=\"Laut dem Eidgen\u00f6ssischen Starkstrominspektorat musste 2020 jedes sechste elektrische Ger\u00e4t beanstandet werden. Daraus folgten 130 Verkaufsverbote sowie 13 R\u00fcckrufe und Sicherheitswarnungen.\" \/>\n<meta property=\"og:url\" content=\"https:\/\/news.save.ch\/it\/jedes-sechste-elektrogeraet-wies-maengel-auf\/\" \/>\n<meta property=\"og:site_name\" content=\"Save\" \/>\n<meta property=\"article:published_time\" content=\"2021-05-04T14:41:07+00:00\" \/>\n<meta property=\"article:modified_time\" content=\"2023-07-19T06:00:30+00:00\" \/>\n<meta property=\"og:image\" content=\"https:\/\/news.save.ch\/wp-content\/uploads\/2021\/05\/Schuko.jpg\" \/>\n\t<meta property=\"og:image:width\" content=\"960\" \/>\n\t<meta property=\"og:image:height\" content=\"640\" \/>\n\t<meta property=\"og:image:type\" content=\"image\/jpeg\" \/>\n<meta name=\"author\" content=\"Simon Gr\u00f6flin\" \/>\n<meta name=\"twitter:card\" content=\"summary_large_image\" \/>\n<meta name=\"twitter:label1\" content=\"Scritto da\" \/>\n\t<meta name=\"twitter:data1\" content=\"Simon Gr\u00f6flin\" \/>\n\t<meta name=\"twitter:label2\" content=\"Tempo di lettura stimato\" \/>\n\t<meta name=\"twitter:data2\" content=\"2 minuti\" \/>\n<script type=\"application\/ld+json\" class=\"yoast-schema-graph\">{\"@context\":\"https:\\\/\\\/schema.org\",\"@graph\":[{\"@type\":\"Article\",\"@id\":\"https:\\\/\\\/news.save.ch\\\/jedes-sechste-elektrogeraet-wies-maengel-auf\\\/#article\",\"isPartOf\":{\"@id\":\"https:\\\/\\\/news.save.ch\\\/jedes-sechste-elektrogeraet-wies-maengel-auf\\\/\"},\"author\":{\"name\":\"Simon Gr\u00f6flin\",\"@id\":\"https:\\\/\\\/news.save.ch\\\/de\\\/#\\\/schema\\\/person\\\/ad4ef21102fd6125312409ac57d5296d\"},\"headline\":\"M\u00e4ngel bei jedem sechsten Elektroger\u00e4t\",\"datePublished\":\"2021-05-04T14:41:07+00:00\",\"dateModified\":\"2023-07-19T06:00:30+00:00\",\"mainEntityOfPage\":{\"@id\":\"https:\\\/\\\/news.save.ch\\\/jedes-sechste-elektrogeraet-wies-maengel-auf\\\/\"},\"wordCount\":233,\"publisher\":{\"@id\":\"https:\\\/\\\/news.save.ch\\\/de\\\/#organization\"},\"image\":{\"@id\":\"https:\\\/\\\/news.save.ch\\\/jedes-sechste-elektrogeraet-wies-maengel-auf\\\/#primaryimage\"},\"thumbnailUrl\":\"https:\\\/\\\/news.save.ch\\\/wp-content\\\/uploads\\\/2021\\\/05\\\/Schuko.jpg\",\"keywords\":[\"elektrische Erzeugnisse\",\"ESTI\",\"M\u00e4ngel\",\"Sicherheitszeichen\",\"Stecker\",\"Strom\",\"Verkaufsverbote\"],\"articleSection\":[\"ALLGEMEIN\",\"HEALTH &amp; SAFETY\"],\"inLanguage\":\"it-IT\"},{\"@type\":\"WebPage\",\"@id\":\"https:\\\/\\\/news.save.ch\\\/jedes-sechste-elektrogeraet-wies-maengel-auf\\\/\",\"url\":\"https:\\\/\\\/news.save.ch\\\/jedes-sechste-elektrogeraet-wies-maengel-auf\\\/\",\"name\":\"M\u00e4ngel bei jedem sechsten Elektroger\u00e4t - Save\",\"isPartOf\":{\"@id\":\"https:\\\/\\\/news.save.ch\\\/de\\\/#website\"},\"primaryImageOfPage\":{\"@id\":\"https:\\\/\\\/news.save.ch\\\/jedes-sechste-elektrogeraet-wies-maengel-auf\\\/#primaryimage\"},\"image\":{\"@id\":\"https:\\\/\\\/news.save.ch\\\/jedes-sechste-elektrogeraet-wies-maengel-auf\\\/#primaryimage\"},\"thumbnailUrl\":\"https:\\\/\\\/news.save.ch\\\/wp-content\\\/uploads\\\/2021\\\/05\\\/Schuko.jpg\",\"datePublished\":\"2021-05-04T14:41:07+00:00\",\"dateModified\":\"2023-07-19T06:00:30+00:00\",\"description\":\"Laut dem Eidgen\u00f6ssischen Starkstrominspektorat musste 2020 jedes sechste elektrische Ger\u00e4t beanstandet werden. Daraus folgten 130 Verkaufsverbote sowie 13 R\u00fcckrufe und Sicherheitswarnungen.\",\"breadcrumb\":{\"@id\":\"https:\\\/\\\/news.save.ch\\\/jedes-sechste-elektrogeraet-wies-maengel-auf\\\/#breadcrumb\"},\"inLanguage\":\"it-IT\",\"potentialAction\":[{\"@type\":\"ReadAction\",\"target\":[\"https:\\\/\\\/news.save.ch\\\/jedes-sechste-elektrogeraet-wies-maengel-auf\\\/\"]}]},{\"@type\":\"ImageObject\",\"inLanguage\":\"it-IT\",\"@id\":\"https:\\\/\\\/news.save.ch\\\/jedes-sechste-elektrogeraet-wies-maengel-auf\\\/#primaryimage\",\"url\":\"https:\\\/\\\/news.save.ch\\\/wp-content\\\/uploads\\\/2021\\\/05\\\/Schuko.jpg\",\"contentUrl\":\"https:\\\/\\\/news.save.ch\\\/wp-content\\\/uploads\\\/2021\\\/05\\\/Schuko.jpg\",\"width\":960,\"height\":640},{\"@type\":\"BreadcrumbList\",\"@id\":\"https:\\\/\\\/news.save.ch\\\/jedes-sechste-elektrogeraet-wies-maengel-auf\\\/#breadcrumb\",\"itemListElement\":[{\"@type\":\"ListItem\",\"position\":1,\"name\":\"Home\",\"item\":\"https:\\\/\\\/news.save.ch\\\/de\\\/\"},{\"@type\":\"ListItem\",\"position\":2,\"name\":\"M\u00e4ngel bei jedem sechsten Elektroger\u00e4t\"}]},{\"@type\":\"WebSite\",\"@id\":\"https:\\\/\\\/news.save.ch\\\/de\\\/#website\",\"url\":\"https:\\\/\\\/news.save.ch\\\/de\\\/\",\"name\":\"Save\",\"description\":\"Schweizer Fachzeitschrift f\u00fcr Sicherheit\",\"publisher\":{\"@id\":\"https:\\\/\\\/news.save.ch\\\/de\\\/#organization\"},\"potentialAction\":[{\"@type\":\"SearchAction\",\"target\":{\"@type\":\"EntryPoint\",\"urlTemplate\":\"https:\\\/\\\/news.save.ch\\\/de\\\/?s={search_term_string}\"},\"query-input\":{\"@type\":\"PropertyValueSpecification\",\"valueRequired\":true,\"valueName\":\"search_term_string\"}}],\"inLanguage\":\"it-IT\"},{\"@type\":\"Organization\",\"@id\":\"https:\\\/\\\/news.save.ch\\\/de\\\/#organization\",\"name\":\"Sicherheitsforum\",\"url\":\"https:\\\/\\\/news.save.ch\\\/de\\\/\",\"logo\":{\"@type\":\"ImageObject\",\"inLanguage\":\"it-IT\",\"@id\":\"https:\\\/\\\/news.save.ch\\\/de\\\/#\\\/schema\\\/logo\\\/image\\\/\",\"url\":\"https:\\\/\\\/news.save.ch\\\/wp-content\\\/uploads\\\/2022\\\/06\\\/Logo_SF_2012.png\",\"contentUrl\":\"https:\\\/\\\/news.save.ch\\\/wp-content\\\/uploads\\\/2022\\\/06\\\/Logo_SF_2012.png\",\"width\":1100,\"height\":91,\"caption\":\"Sicherheitsforum\"},\"image\":{\"@id\":\"https:\\\/\\\/news.save.ch\\\/de\\\/#\\\/schema\\\/logo\\\/image\\\/\"}},{\"@type\":\"Person\",\"@id\":\"https:\\\/\\\/news.save.ch\\\/de\\\/#\\\/schema\\\/person\\\/ad4ef21102fd6125312409ac57d5296d\",\"name\":\"Simon Gr\u00f6flin\",\"image\":{\"@type\":\"ImageObject\",\"inLanguage\":\"it-IT\",\"@id\":\"https:\\\/\\\/secure.gravatar.com\\\/avatar\\\/6ddceb80eb734354635539e0ea5140bb7c41e42de7c45c9a2ab9921b5d5c9a83?s=96&d=mm&r=g\",\"url\":\"https:\\\/\\\/secure.gravatar.com\\\/avatar\\\/6ddceb80eb734354635539e0ea5140bb7c41e42de7c45c9a2ab9921b5d5c9a83?s=96&d=mm&r=g\",\"contentUrl\":\"https:\\\/\\\/secure.gravatar.com\\\/avatar\\\/6ddceb80eb734354635539e0ea5140bb7c41e42de7c45c9a2ab9921b5d5c9a83?s=96&d=mm&r=g\",\"caption\":\"Simon Gr\u00f6flin\"},\"url\":\"https:\\\/\\\/news.save.ch\\\/it\\\/author\\\/simon-groeflin\\\/\"}]}<\/script>\n<!-- \/ Yoast SEO plugin. -->","yoast_head_json":{"title":"Difetti in un elettrodomestico su sei - Save","description":"Secondo l'Ispettorato federale per gli impianti a corrente forte, nel 2020 \u00e8 stato necessario respingere un apparecchio elettrico su sei. Ci\u00f2 ha comportato 130 divieti di vendita e 13 richiami e avvisi di sicurezza.","robots":{"index":"index","follow":"follow","max-snippet":"max-snippet:-1","max-image-preview":"max-image-preview:large","max-video-preview":"max-video-preview:-1"},"canonical":"https:\/\/news.save.ch\/it\/jedes-sechste-elektrogeraet-wies-maengel-auf\/","og_locale":"it_IT","og_type":"article","og_title":"M\u00e4ngel bei jedem sechsten Elektroger\u00e4t - Save","og_description":"Laut dem Eidgen\u00f6ssischen Starkstrominspektorat musste 2020 jedes sechste elektrische Ger\u00e4t beanstandet werden. Daraus folgten 130 Verkaufsverbote sowie 13 R\u00fcckrufe und Sicherheitswarnungen.","og_url":"https:\/\/news.save.ch\/it\/jedes-sechste-elektrogeraet-wies-maengel-auf\/","og_site_name":"Save","article_published_time":"2021-05-04T14:41:07+00:00","article_modified_time":"2023-07-19T06:00:30+00:00","og_image":[{"width":960,"height":640,"url":"https:\/\/news.save.ch\/wp-content\/uploads\/2021\/05\/Schuko.jpg","type":"image\/jpeg"}],"author":"Simon Gr\u00f6flin","twitter_card":"summary_large_image","twitter_misc":{"Scritto da":"Simon Gr\u00f6flin","Tempo di lettura stimato":"2 minuti"},"schema":{"@context":"https:\/\/schema.org","@graph":[{"@type":"Article","@id":"https:\/\/news.save.ch\/jedes-sechste-elektrogeraet-wies-maengel-auf\/#article","isPartOf":{"@id":"https:\/\/news.save.ch\/jedes-sechste-elektrogeraet-wies-maengel-auf\/"},"author":{"name":"Simon Gr\u00f6flin","@id":"https:\/\/news.save.ch\/de\/#\/schema\/person\/ad4ef21102fd6125312409ac57d5296d"},"headline":"M\u00e4ngel bei jedem sechsten Elektroger\u00e4t","datePublished":"2021-05-04T14:41:07+00:00","dateModified":"2023-07-19T06:00:30+00:00","mainEntityOfPage":{"@id":"https:\/\/news.save.ch\/jedes-sechste-elektrogeraet-wies-maengel-auf\/"},"wordCount":233,"publisher":{"@id":"https:\/\/news.save.ch\/de\/#organization"},"image":{"@id":"https:\/\/news.save.ch\/jedes-sechste-elektrogeraet-wies-maengel-auf\/#primaryimage"},"thumbnailUrl":"https:\/\/news.save.ch\/wp-content\/uploads\/2021\/05\/Schuko.jpg","keywords":["elektrische Erzeugnisse","ESTI","M\u00e4ngel","Sicherheitszeichen","Stecker","Strom","Verkaufsverbote"],"articleSection":["ALLGEMEIN","HEALTH &amp; SAFETY"],"inLanguage":"it-IT"},{"@type":"WebPage","@id":"https:\/\/news.save.ch\/jedes-sechste-elektrogeraet-wies-maengel-auf\/","url":"https:\/\/news.save.ch\/jedes-sechste-elektrogeraet-wies-maengel-auf\/","name":"Difetti in un elettrodomestico su sei - Save","isPartOf":{"@id":"https:\/\/news.save.ch\/de\/#website"},"primaryImageOfPage":{"@id":"https:\/\/news.save.ch\/jedes-sechste-elektrogeraet-wies-maengel-auf\/#primaryimage"},"image":{"@id":"https:\/\/news.save.ch\/jedes-sechste-elektrogeraet-wies-maengel-auf\/#primaryimage"},"thumbnailUrl":"https:\/\/news.save.ch\/wp-content\/uploads\/2021\/05\/Schuko.jpg","datePublished":"2021-05-04T14:41:07+00:00","dateModified":"2023-07-19T06:00:30+00:00","description":"Secondo l'Ispettorato federale per gli impianti a corrente forte, nel 2020 \u00e8 stato necessario respingere un apparecchio elettrico su sei. Ci\u00f2 ha comportato 130 divieti di vendita e 13 richiami e avvisi di sicurezza.","breadcrumb":{"@id":"https:\/\/news.save.ch\/jedes-sechste-elektrogeraet-wies-maengel-auf\/#breadcrumb"},"inLanguage":"it-IT","potentialAction":[{"@type":"ReadAction","target":["https:\/\/news.save.ch\/jedes-sechste-elektrogeraet-wies-maengel-auf\/"]}]},{"@type":"ImageObject","inLanguage":"it-IT","@id":"https:\/\/news.save.ch\/jedes-sechste-elektrogeraet-wies-maengel-auf\/#primaryimage","url":"https:\/\/news.save.ch\/wp-content\/uploads\/2021\/05\/Schuko.jpg","contentUrl":"https:\/\/news.save.ch\/wp-content\/uploads\/2021\/05\/Schuko.jpg","width":960,"height":640},{"@type":"BreadcrumbList","@id":"https:\/\/news.save.ch\/jedes-sechste-elektrogeraet-wies-maengel-auf\/#breadcrumb","itemListElement":[{"@type":"ListItem","position":1,"name":"Home","item":"https:\/\/news.save.ch\/de\/"},{"@type":"ListItem","position":2,"name":"M\u00e4ngel bei jedem sechsten Elektroger\u00e4t"}]},{"@type":"WebSite","@id":"https:\/\/news.save.ch\/de\/#website","url":"https:\/\/news.save.ch\/de\/","name":"Risparmiare","description":"Rivista svizzera specializzata in sicurezza","publisher":{"@id":"https:\/\/news.save.ch\/de\/#organization"},"potentialAction":[{"@type":"SearchAction","target":{"@type":"EntryPoint","urlTemplate":"https:\/\/news.save.ch\/de\/?s={search_term_string}"},"query-input":{"@type":"PropertyValueSpecification","valueRequired":true,"valueName":"search_term_string"}}],"inLanguage":"it-IT"},{"@type":"Organization","@id":"https:\/\/news.save.ch\/de\/#organization","name":"Forum sulla sicurezza","url":"https:\/\/news.save.ch\/de\/","logo":{"@type":"ImageObject","inLanguage":"it-IT","@id":"https:\/\/news.save.ch\/de\/#\/schema\/logo\/image\/","url":"https:\/\/news.save.ch\/wp-content\/uploads\/2022\/06\/Logo_SF_2012.png","contentUrl":"https:\/\/news.save.ch\/wp-content\/uploads\/2022\/06\/Logo_SF_2012.png","width":1100,"height":91,"caption":"Sicherheitsforum"},"image":{"@id":"https:\/\/news.save.ch\/de\/#\/schema\/logo\/image\/"}},{"@type":"Person","@id":"https:\/\/news.save.ch\/de\/#\/schema\/person\/ad4ef21102fd6125312409ac57d5296d","name":"Simon Gr\u00f6flin","image":{"@type":"ImageObject","inLanguage":"it-IT","@id":"https:\/\/secure.gravatar.com\/avatar\/6ddceb80eb734354635539e0ea5140bb7c41e42de7c45c9a2ab9921b5d5c9a83?s=96&d=mm&r=g","url":"https:\/\/secure.gravatar.com\/avatar\/6ddceb80eb734354635539e0ea5140bb7c41e42de7c45c9a2ab9921b5d5c9a83?s=96&d=mm&r=g","contentUrl":"https:\/\/secure.gravatar.com\/avatar\/6ddceb80eb734354635539e0ea5140bb7c41e42de7c45c9a2ab9921b5d5c9a83?s=96&d=mm&r=g","caption":"Simon Gr\u00f6flin"},"url":"https:\/\/news.save.ch\/it\/author\/simon-groeflin\/"}]}},"_links":{"self":[{"href":"https:\/\/news.save.ch\/it\/wp-json\/wp\/v2\/posts\/17002","targetHints":{"allow":["GET"]}}],"collection":[{"href":"https:\/\/news.save.ch\/it\/wp-json\/wp\/v2\/posts"}],"about":[{"href":"https:\/\/news.save.ch\/it\/wp-json\/wp\/v2\/types\/post"}],"author":[{"embeddable":true,"href":"https:\/\/news.save.ch\/it\/wp-json\/wp\/v2\/users\/9"}],"replies":[{"embeddable":true,"href":"https:\/\/news.save.ch\/it\/wp-json\/wp\/v2\/comments?post=17002"}],"version-history":[{"count":3,"href":"https:\/\/news.save.ch\/it\/wp-json\/wp\/v2\/posts\/17002\/revisions"}],"predecessor-version":[{"id":21077,"href":"https:\/\/news.save.ch\/it\/wp-json\/wp\/v2\/posts\/17002\/revisions\/21077"}],"wp:featuredmedia":[{"embeddable":true,"href":"https:\/\/news.save.ch\/it\/wp-json\/wp\/v2\/media\/7148"}],"wp:attachment":[{"href":"https:\/\/news.save.ch\/it\/wp-json\/wp\/v2\/media?parent=17002"}],"wp:term":[{"taxonomy":"category","embeddable":true,"href":"https:\/\/news.save.ch\/it\/wp-json\/wp\/v2\/categories?post=17002"},{"taxonomy":"post_tag","embeddable":true,"href":"https:\/\/news.save.ch\/it\/wp-json\/wp\/v2\/tags?post=17002"}],"curies":[{"name":"wp","href":"https:\/\/api.w.org\/{rel}","templated":true}]}}