{"id":17005,"date":"2021-05-27T16:57:11","date_gmt":"2021-05-27T14:57:11","guid":{"rendered":"https:\/\/news.save.ch\/?p=7222"},"modified":"2023-07-19T06:23:39","modified_gmt":"2023-07-19T04:23:39","slug":"arbeitssicherheit-aus-unfaellen-lernen-und-konsequenzen-ziehen","status":null,"type":"post","link":"https:\/\/news.save.ch\/it\/arbeitssicherheit-aus-unfaellen-lernen-und-konsequenzen-ziehen\/","title":{"rendered":"Sicurezza sul lavoro: imparare dagli incidenti e trarne le conseguenze"},"content":{"rendered":"<figure id=\"attachment_1447\" aria-describedby=\"caption-attachment-1447\" style=\"width: 680px\" class=\"wp-caption alignnone\"><img loading=\"lazy\" decoding=\"async\" class=\"wp-image-1447 size-medium\" src=\"http:\/\/develop.safety-plus.ch\/wp-content\/uploads\/2017\/02\/Depositphotos_31439787_l-2015.jpg\" alt=\"Infortuni sul lavoro\" width=\"680\" height=\"454\" \/><figcaption id=\"caption-attachment-1447\" class=\"wp-caption-text\">Anche l'anno scorso sono diminuiti gli infortuni sul lavoro.<\/figcaption><\/figure>\n<p>A causa della corona, il numero di infortuni sul lavoro per l'anno 2020 \u00e8 diminuito come previsto. A causa della limitazione del raggio d'azione, il numero di infortuni sul lavoro per l'anno 2020 \u00e8 diminuito come previsto.<br \/>\nIncidenti.<\/p>\n<p>La pandemia della corona pu\u00f2 quindi essere vista anche come qualcosa di positivo. L'anno precedente \"normale\", invece, mostra un quadro chiaramente diverso. I 27 assicuratori contro gli infortuni in Svizzera hanno registrato per il 2019 pi\u00f9 di 860.000 infortuni sul lavoro e nel tempo libero per persone occupate e in cerca di lavoro. Rispetto al 2018, ci\u00f2 rappresenta un aumento dell'1,5%. (Fonte: Statistica infortuni LAINF 2020).<\/p>\n<p>Nel 2020, gli infortuni sul lavoro sono diminuiti del 9,8%. In particolare, dopo la chiusura a partire da met\u00e0 marzo 2020, il numero di infortuni \u00e8 diminuito drasticamente. La Suva ha registrato quasi la met\u00e0 degli incidenti rispetto all'anno precedente. Il calo maggiore degli infortuni sul lavoro \u00e8 stato registrato nel settore dell'aviazione, con una diminuzione del 54%. Come gi\u00e0 detto, tutto \u00e8 direttamente collegato alla pandemia e alla riduzione del lavoro. Negli anni precedenti la situazione era completamente diversa, con un numero crescente di casi, anche dal punto di vista finanziario. Tutti gli assicuratori contro gli infortuni hanno pagato insieme circa cinque miliardi di franchi svizzeri in spese mediche, indennit\u00e0 giornaliere o pensioni di invalidit\u00e0 solo nel 2018.<\/p>\n<p>Gli incidenti sono costosi e comportano un dispendio di risorse... Questo \u00e8 risaputo. Come possiamo quindi evitare gli incidenti nella vita lavorativa di tutti i giorni? Dove applichiamo la leva della prevenzione? Quali misure ASGS sono efficaci? Agire invece di reagire \u00e8 all'ordine del giorno. Perch\u00e9 non \u00e8 detto che debba accadere qualcosa prima di agire. O forse s\u00ec? Come possiamo imparare dagli incidenti e quindi acquisire consapevolezza per un lavoro sano e sicuro? Dove, nonostante la pressione economica, il risparmio \u00e8 fuori luogo? La conferenza in corso scopre e fornisce risposte a queste e altre domande.<\/p>\n<p>Ulteriori informazioni e il programma completo della conferenza sono disponibili sul sito:<br \/>\n<a href=\"https:\/\/save.ch\/event\/arbeitssicherheit-aus-unfaellen-lernen-und-konsequenzen-ziehen\/\" target=\"_blank\" rel=\"noopener\">save.ch\/event\/work-safety-learn-from-accidents-and-draw-consequences <\/a><\/p>\n<p>Fonte: <a href=\"http:\/\/save.ch\">Salva AG<\/a> - una societ\u00e0 del Gruppo Galledia<\/p>","protected":false},"excerpt":{"rendered":"<p>Coronabedingt waren die Zahlen von Berufsunf\u00e4llen f\u00fcr das Jahr 2020 wie erwartet r\u00fcckl\u00e4ufig. Durch den eingeschr\u00e4nkten Bewegungsradius kam es allgemein zu weniger Unf\u00e4llen. Der Coronapandemie ist somit auch etwas Positives abzugewinnen. Das \u00abnormale\u00bb Vorjahr hingegen zeigt ein deutlich anderes Bild. Die 27 Unfallversicherer in der Schweiz meldeten f\u00fcr das Jahr 2019 \u00fcber 860&#8217;000 Unf\u00e4lle in [&hellip;]<\/p>\n","protected":false},"author":9,"featured_media":16175,"comment_status":"closed","ping_status":"closed","sticky":false,"template":"","format":"standard","meta":{"_acf_changed":false,"pgc_sgb_lightbox_settings":"","footnotes":""},"categories":[3314],"tags":[5514,1768,3571,141,3940,160],"class_list":["post-17005","post","type-post","status-publish","format-standard","has-post-thumbnail","hentry","category-health-safety","tag-asgs-massnahmen","tag-berufsunfaelle","tag-coronapandemie","tag-praevention","tag-unfallversicherer","tag-veranstaltungen"],"acf":[],"hkrextid":null,"publication":null,"issue":null,"workflow":null,"startPage":null,"spitzmarke":null,"_posts_by_tag_page_fields":{"widget_title":"","widget_tags":""},"_at_widget":"1","_yoast_wpseo_primary_category":"","_yoast_wpseo_focuskw_text_input":null,"_yoast_wpseo_opengraph-image":null,"_yoast_wpseo_opengraph-description":null,"_yoast_wpseo_opengraph-title":null,"enclosure":null,"_yoast_wpseo_twitter-title":null,"_yoast_wpseo_twitter-description":null,"_yoast_wpseo_twitter-image":null,"_wp_old_slug":null,"_yoast_wpseo_title":null,"_yoast_wpseo_canonical":null,"yoast_head":"<!-- This site is optimized with the Yoast SEO plugin v27.5 - https:\/\/yoast.com\/product\/yoast-seo-wordpress\/ -->\n<title>Arbeitssicherheit \u2013 aus Unf\u00e4llen lernen und Konsequenzen ziehen - Save<\/title>\n<meta name=\"description\" content=\"\u00abVom Unfall zum Bewusstsein\u00bb lautet das Motto der SAVE-Tagung vom 9. September. Patronatspartner dieser SGAS-anerkannten Weiterbildung ist der Branchenverband swiss safety.\" \/>\n<meta name=\"robots\" content=\"index, follow, max-snippet:-1, max-image-preview:large, max-video-preview:-1\" \/>\n<link rel=\"canonical\" href=\"https:\/\/news.save.ch\/it\/arbeitssicherheit-aus-unfaellen-lernen-und-konsequenzen-ziehen\/\" \/>\n<meta property=\"og:locale\" content=\"it_IT\" \/>\n<meta property=\"og:type\" content=\"article\" \/>\n<meta property=\"og:title\" content=\"Arbeitssicherheit \u2013 aus Unf\u00e4llen lernen und Konsequenzen ziehen - Save\" \/>\n<meta property=\"og:description\" content=\"\u00abVom Unfall zum Bewusstsein\u00bb lautet das Motto der SAVE-Tagung vom 9. September. Patronatspartner dieser SGAS-anerkannten Weiterbildung ist der Branchenverband swiss safety.\" \/>\n<meta property=\"og:url\" content=\"https:\/\/news.save.ch\/it\/arbeitssicherheit-aus-unfaellen-lernen-und-konsequenzen-ziehen\/\" \/>\n<meta property=\"og:site_name\" content=\"Save\" \/>\n<meta property=\"article:published_time\" content=\"2021-05-27T14:57:11+00:00\" \/>\n<meta property=\"article:modified_time\" content=\"2023-07-19T04:23:39+00:00\" \/>\n<meta property=\"og:image\" content=\"https:\/\/news.save.ch\/wp-content\/uploads\/2017\/02\/Depositphotos_31439787_l-2015-scaled-1.jpg\" \/>\n\t<meta property=\"og:image:width\" content=\"1200\" \/>\n\t<meta property=\"og:image:height\" content=\"801\" \/>\n\t<meta property=\"og:image:type\" content=\"image\/jpeg\" \/>\n<meta name=\"author\" content=\"Simon Gr\u00f6flin\" \/>\n<meta name=\"twitter:card\" content=\"summary_large_image\" \/>\n<meta name=\"twitter:label1\" content=\"Scritto da\" \/>\n\t<meta name=\"twitter:data1\" content=\"Simon Gr\u00f6flin\" \/>\n\t<meta name=\"twitter:label2\" content=\"Tempo di lettura stimato\" \/>\n\t<meta name=\"twitter:data2\" content=\"2 minuti\" \/>\n<script type=\"application\/ld+json\" class=\"yoast-schema-graph\">{\"@context\":\"https:\\\/\\\/schema.org\",\"@graph\":[{\"@type\":\"Article\",\"@id\":\"https:\\\/\\\/news.save.ch\\\/arbeitssicherheit-aus-unfaellen-lernen-und-konsequenzen-ziehen\\\/#article\",\"isPartOf\":{\"@id\":\"https:\\\/\\\/news.save.ch\\\/arbeitssicherheit-aus-unfaellen-lernen-und-konsequenzen-ziehen\\\/\"},\"author\":{\"name\":\"Simon Gr\u00f6flin\",\"@id\":\"https:\\\/\\\/news.save.ch\\\/de\\\/#\\\/schema\\\/person\\\/ad4ef21102fd6125312409ac57d5296d\"},\"headline\":\"Arbeitssicherheit \u2013 aus Unf\u00e4llen lernen und Konsequenzen ziehen\",\"datePublished\":\"2021-05-27T14:57:11+00:00\",\"dateModified\":\"2023-07-19T04:23:39+00:00\",\"mainEntityOfPage\":{\"@id\":\"https:\\\/\\\/news.save.ch\\\/arbeitssicherheit-aus-unfaellen-lernen-und-konsequenzen-ziehen\\\/\"},\"wordCount\":306,\"publisher\":{\"@id\":\"https:\\\/\\\/news.save.ch\\\/de\\\/#organization\"},\"image\":{\"@id\":\"https:\\\/\\\/news.save.ch\\\/arbeitssicherheit-aus-unfaellen-lernen-und-konsequenzen-ziehen\\\/#primaryimage\"},\"thumbnailUrl\":\"https:\\\/\\\/news.save.ch\\\/wp-content\\\/uploads\\\/2017\\\/02\\\/Depositphotos_31439787_l-2015-scaled-1.jpg\",\"keywords\":[\"ASGS-Massnahmen\",\"Berufsunf\u00e4lle\",\"Coronapandemie\",\"Pr\u00e4vention\",\"Unfallversicherer\",\"Veranstaltungen\"],\"articleSection\":[\"HEALTH &amp; SAFETY\"],\"inLanguage\":\"it-IT\"},{\"@type\":\"WebPage\",\"@id\":\"https:\\\/\\\/news.save.ch\\\/arbeitssicherheit-aus-unfaellen-lernen-und-konsequenzen-ziehen\\\/\",\"url\":\"https:\\\/\\\/news.save.ch\\\/arbeitssicherheit-aus-unfaellen-lernen-und-konsequenzen-ziehen\\\/\",\"name\":\"Arbeitssicherheit \u2013 aus Unf\u00e4llen lernen und Konsequenzen ziehen - Save\",\"isPartOf\":{\"@id\":\"https:\\\/\\\/news.save.ch\\\/de\\\/#website\"},\"primaryImageOfPage\":{\"@id\":\"https:\\\/\\\/news.save.ch\\\/arbeitssicherheit-aus-unfaellen-lernen-und-konsequenzen-ziehen\\\/#primaryimage\"},\"image\":{\"@id\":\"https:\\\/\\\/news.save.ch\\\/arbeitssicherheit-aus-unfaellen-lernen-und-konsequenzen-ziehen\\\/#primaryimage\"},\"thumbnailUrl\":\"https:\\\/\\\/news.save.ch\\\/wp-content\\\/uploads\\\/2017\\\/02\\\/Depositphotos_31439787_l-2015-scaled-1.jpg\",\"datePublished\":\"2021-05-27T14:57:11+00:00\",\"dateModified\":\"2023-07-19T04:23:39+00:00\",\"description\":\"\u00abVom Unfall zum Bewusstsein\u00bb lautet das Motto der SAVE-Tagung vom 9. September. Patronatspartner dieser SGAS-anerkannten Weiterbildung ist der Branchenverband swiss safety.\",\"breadcrumb\":{\"@id\":\"https:\\\/\\\/news.save.ch\\\/arbeitssicherheit-aus-unfaellen-lernen-und-konsequenzen-ziehen\\\/#breadcrumb\"},\"inLanguage\":\"it-IT\",\"potentialAction\":[{\"@type\":\"ReadAction\",\"target\":[\"https:\\\/\\\/news.save.ch\\\/arbeitssicherheit-aus-unfaellen-lernen-und-konsequenzen-ziehen\\\/\"]}]},{\"@type\":\"ImageObject\",\"inLanguage\":\"it-IT\",\"@id\":\"https:\\\/\\\/news.save.ch\\\/arbeitssicherheit-aus-unfaellen-lernen-und-konsequenzen-ziehen\\\/#primaryimage\",\"url\":\"https:\\\/\\\/news.save.ch\\\/wp-content\\\/uploads\\\/2017\\\/02\\\/Depositphotos_31439787_l-2015-scaled-1.jpg\",\"contentUrl\":\"https:\\\/\\\/news.save.ch\\\/wp-content\\\/uploads\\\/2017\\\/02\\\/Depositphotos_31439787_l-2015-scaled-1.jpg\",\"width\":1200,\"height\":801,\"caption\":\"Erneut weniger Berufsunf\u00e4lle und tiefere Heilkosten pro Fall: Das zeigt die Auswertung des Versicherungsjahrs 2016 der Suva.\"},{\"@type\":\"BreadcrumbList\",\"@id\":\"https:\\\/\\\/news.save.ch\\\/arbeitssicherheit-aus-unfaellen-lernen-und-konsequenzen-ziehen\\\/#breadcrumb\",\"itemListElement\":[{\"@type\":\"ListItem\",\"position\":1,\"name\":\"Home\",\"item\":\"https:\\\/\\\/news.save.ch\\\/de\\\/\"},{\"@type\":\"ListItem\",\"position\":2,\"name\":\"Arbeitssicherheit \u2013 aus Unf\u00e4llen lernen und Konsequenzen ziehen\"}]},{\"@type\":\"WebSite\",\"@id\":\"https:\\\/\\\/news.save.ch\\\/de\\\/#website\",\"url\":\"https:\\\/\\\/news.save.ch\\\/de\\\/\",\"name\":\"Save\",\"description\":\"Schweizer Fachzeitschrift f\u00fcr Sicherheit\",\"publisher\":{\"@id\":\"https:\\\/\\\/news.save.ch\\\/de\\\/#organization\"},\"potentialAction\":[{\"@type\":\"SearchAction\",\"target\":{\"@type\":\"EntryPoint\",\"urlTemplate\":\"https:\\\/\\\/news.save.ch\\\/de\\\/?s={search_term_string}\"},\"query-input\":{\"@type\":\"PropertyValueSpecification\",\"valueRequired\":true,\"valueName\":\"search_term_string\"}}],\"inLanguage\":\"it-IT\"},{\"@type\":\"Organization\",\"@id\":\"https:\\\/\\\/news.save.ch\\\/de\\\/#organization\",\"name\":\"Sicherheitsforum\",\"url\":\"https:\\\/\\\/news.save.ch\\\/de\\\/\",\"logo\":{\"@type\":\"ImageObject\",\"inLanguage\":\"it-IT\",\"@id\":\"https:\\\/\\\/news.save.ch\\\/de\\\/#\\\/schema\\\/logo\\\/image\\\/\",\"url\":\"https:\\\/\\\/news.save.ch\\\/wp-content\\\/uploads\\\/2022\\\/06\\\/Logo_SF_2012.png\",\"contentUrl\":\"https:\\\/\\\/news.save.ch\\\/wp-content\\\/uploads\\\/2022\\\/06\\\/Logo_SF_2012.png\",\"width\":1100,\"height\":91,\"caption\":\"Sicherheitsforum\"},\"image\":{\"@id\":\"https:\\\/\\\/news.save.ch\\\/de\\\/#\\\/schema\\\/logo\\\/image\\\/\"}},{\"@type\":\"Person\",\"@id\":\"https:\\\/\\\/news.save.ch\\\/de\\\/#\\\/schema\\\/person\\\/ad4ef21102fd6125312409ac57d5296d\",\"name\":\"Simon Gr\u00f6flin\",\"image\":{\"@type\":\"ImageObject\",\"inLanguage\":\"it-IT\",\"@id\":\"https:\\\/\\\/secure.gravatar.com\\\/avatar\\\/6ddceb80eb734354635539e0ea5140bb7c41e42de7c45c9a2ab9921b5d5c9a83?s=96&d=mm&r=g\",\"url\":\"https:\\\/\\\/secure.gravatar.com\\\/avatar\\\/6ddceb80eb734354635539e0ea5140bb7c41e42de7c45c9a2ab9921b5d5c9a83?s=96&d=mm&r=g\",\"contentUrl\":\"https:\\\/\\\/secure.gravatar.com\\\/avatar\\\/6ddceb80eb734354635539e0ea5140bb7c41e42de7c45c9a2ab9921b5d5c9a83?s=96&d=mm&r=g\",\"caption\":\"Simon Gr\u00f6flin\"},\"url\":\"https:\\\/\\\/news.save.ch\\\/it\\\/author\\\/simon-groeflin\\\/\"}]}<\/script>\n<!-- \/ Yoast SEO plugin. -->","yoast_head_json":{"title":"Sicurezza sul lavoro: imparare dagli incidenti e trarne le conseguenze - Save","description":"\"Dall'incidente alla consapevolezza\" \u00e8 il motto della conferenza SAVE del 9 settembre. Il partner patrocinante di questa formazione riconosciuta dallo SGAS \u00e8 l'Associazione svizzera dell'industria della sicurezza.","robots":{"index":"index","follow":"follow","max-snippet":"max-snippet:-1","max-image-preview":"max-image-preview:large","max-video-preview":"max-video-preview:-1"},"canonical":"https:\/\/news.save.ch\/it\/arbeitssicherheit-aus-unfaellen-lernen-und-konsequenzen-ziehen\/","og_locale":"it_IT","og_type":"article","og_title":"Arbeitssicherheit \u2013 aus Unf\u00e4llen lernen und Konsequenzen ziehen - Save","og_description":"\u00abVom Unfall zum Bewusstsein\u00bb lautet das Motto der SAVE-Tagung vom 9. September. Patronatspartner dieser SGAS-anerkannten Weiterbildung ist der Branchenverband swiss safety.","og_url":"https:\/\/news.save.ch\/it\/arbeitssicherheit-aus-unfaellen-lernen-und-konsequenzen-ziehen\/","og_site_name":"Save","article_published_time":"2021-05-27T14:57:11+00:00","article_modified_time":"2023-07-19T04:23:39+00:00","og_image":[{"width":1200,"height":801,"url":"https:\/\/news.save.ch\/wp-content\/uploads\/2017\/02\/Depositphotos_31439787_l-2015-scaled-1.jpg","type":"image\/jpeg"}],"author":"Simon Gr\u00f6flin","twitter_card":"summary_large_image","twitter_misc":{"Scritto da":"Simon Gr\u00f6flin","Tempo di lettura stimato":"2 minuti"},"schema":{"@context":"https:\/\/schema.org","@graph":[{"@type":"Article","@id":"https:\/\/news.save.ch\/arbeitssicherheit-aus-unfaellen-lernen-und-konsequenzen-ziehen\/#article","isPartOf":{"@id":"https:\/\/news.save.ch\/arbeitssicherheit-aus-unfaellen-lernen-und-konsequenzen-ziehen\/"},"author":{"name":"Simon Gr\u00f6flin","@id":"https:\/\/news.save.ch\/de\/#\/schema\/person\/ad4ef21102fd6125312409ac57d5296d"},"headline":"Arbeitssicherheit \u2013 aus Unf\u00e4llen lernen und Konsequenzen ziehen","datePublished":"2021-05-27T14:57:11+00:00","dateModified":"2023-07-19T04:23:39+00:00","mainEntityOfPage":{"@id":"https:\/\/news.save.ch\/arbeitssicherheit-aus-unfaellen-lernen-und-konsequenzen-ziehen\/"},"wordCount":306,"publisher":{"@id":"https:\/\/news.save.ch\/de\/#organization"},"image":{"@id":"https:\/\/news.save.ch\/arbeitssicherheit-aus-unfaellen-lernen-und-konsequenzen-ziehen\/#primaryimage"},"thumbnailUrl":"https:\/\/news.save.ch\/wp-content\/uploads\/2017\/02\/Depositphotos_31439787_l-2015-scaled-1.jpg","keywords":["ASGS-Massnahmen","Berufsunf\u00e4lle","Coronapandemie","Pr\u00e4vention","Unfallversicherer","Veranstaltungen"],"articleSection":["HEALTH &amp; SAFETY"],"inLanguage":"it-IT"},{"@type":"WebPage","@id":"https:\/\/news.save.ch\/arbeitssicherheit-aus-unfaellen-lernen-und-konsequenzen-ziehen\/","url":"https:\/\/news.save.ch\/arbeitssicherheit-aus-unfaellen-lernen-und-konsequenzen-ziehen\/","name":"Sicurezza sul lavoro: imparare dagli incidenti e trarne le conseguenze - Save","isPartOf":{"@id":"https:\/\/news.save.ch\/de\/#website"},"primaryImageOfPage":{"@id":"https:\/\/news.save.ch\/arbeitssicherheit-aus-unfaellen-lernen-und-konsequenzen-ziehen\/#primaryimage"},"image":{"@id":"https:\/\/news.save.ch\/arbeitssicherheit-aus-unfaellen-lernen-und-konsequenzen-ziehen\/#primaryimage"},"thumbnailUrl":"https:\/\/news.save.ch\/wp-content\/uploads\/2017\/02\/Depositphotos_31439787_l-2015-scaled-1.jpg","datePublished":"2021-05-27T14:57:11+00:00","dateModified":"2023-07-19T04:23:39+00:00","description":"\"Dall'incidente alla consapevolezza\" \u00e8 il motto della conferenza SAVE del 9 settembre. Il partner patrocinante di questa formazione riconosciuta dallo SGAS \u00e8 l'Associazione svizzera dell'industria della sicurezza.","breadcrumb":{"@id":"https:\/\/news.save.ch\/arbeitssicherheit-aus-unfaellen-lernen-und-konsequenzen-ziehen\/#breadcrumb"},"inLanguage":"it-IT","potentialAction":[{"@type":"ReadAction","target":["https:\/\/news.save.ch\/arbeitssicherheit-aus-unfaellen-lernen-und-konsequenzen-ziehen\/"]}]},{"@type":"ImageObject","inLanguage":"it-IT","@id":"https:\/\/news.save.ch\/arbeitssicherheit-aus-unfaellen-lernen-und-konsequenzen-ziehen\/#primaryimage","url":"https:\/\/news.save.ch\/wp-content\/uploads\/2017\/02\/Depositphotos_31439787_l-2015-scaled-1.jpg","contentUrl":"https:\/\/news.save.ch\/wp-content\/uploads\/2017\/02\/Depositphotos_31439787_l-2015-scaled-1.jpg","width":1200,"height":801,"caption":"Erneut weniger Berufsunf\u00e4lle und tiefere Heilkosten pro Fall: Das zeigt die Auswertung des Versicherungsjahrs 2016 der Suva."},{"@type":"BreadcrumbList","@id":"https:\/\/news.save.ch\/arbeitssicherheit-aus-unfaellen-lernen-und-konsequenzen-ziehen\/#breadcrumb","itemListElement":[{"@type":"ListItem","position":1,"name":"Home","item":"https:\/\/news.save.ch\/de\/"},{"@type":"ListItem","position":2,"name":"Arbeitssicherheit \u2013 aus Unf\u00e4llen lernen und Konsequenzen ziehen"}]},{"@type":"WebSite","@id":"https:\/\/news.save.ch\/de\/#website","url":"https:\/\/news.save.ch\/de\/","name":"Risparmiare","description":"Rivista svizzera specializzata in sicurezza","publisher":{"@id":"https:\/\/news.save.ch\/de\/#organization"},"potentialAction":[{"@type":"SearchAction","target":{"@type":"EntryPoint","urlTemplate":"https:\/\/news.save.ch\/de\/?s={search_term_string}"},"query-input":{"@type":"PropertyValueSpecification","valueRequired":true,"valueName":"search_term_string"}}],"inLanguage":"it-IT"},{"@type":"Organization","@id":"https:\/\/news.save.ch\/de\/#organization","name":"Forum sulla sicurezza","url":"https:\/\/news.save.ch\/de\/","logo":{"@type":"ImageObject","inLanguage":"it-IT","@id":"https:\/\/news.save.ch\/de\/#\/schema\/logo\/image\/","url":"https:\/\/news.save.ch\/wp-content\/uploads\/2022\/06\/Logo_SF_2012.png","contentUrl":"https:\/\/news.save.ch\/wp-content\/uploads\/2022\/06\/Logo_SF_2012.png","width":1100,"height":91,"caption":"Sicherheitsforum"},"image":{"@id":"https:\/\/news.save.ch\/de\/#\/schema\/logo\/image\/"}},{"@type":"Person","@id":"https:\/\/news.save.ch\/de\/#\/schema\/person\/ad4ef21102fd6125312409ac57d5296d","name":"Simon Gr\u00f6flin","image":{"@type":"ImageObject","inLanguage":"it-IT","@id":"https:\/\/secure.gravatar.com\/avatar\/6ddceb80eb734354635539e0ea5140bb7c41e42de7c45c9a2ab9921b5d5c9a83?s=96&d=mm&r=g","url":"https:\/\/secure.gravatar.com\/avatar\/6ddceb80eb734354635539e0ea5140bb7c41e42de7c45c9a2ab9921b5d5c9a83?s=96&d=mm&r=g","contentUrl":"https:\/\/secure.gravatar.com\/avatar\/6ddceb80eb734354635539e0ea5140bb7c41e42de7c45c9a2ab9921b5d5c9a83?s=96&d=mm&r=g","caption":"Simon Gr\u00f6flin"},"url":"https:\/\/news.save.ch\/it\/author\/simon-groeflin\/"}]}},"_links":{"self":[{"href":"https:\/\/news.save.ch\/it\/wp-json\/wp\/v2\/posts\/17005","targetHints":{"allow":["GET"]}}],"collection":[{"href":"https:\/\/news.save.ch\/it\/wp-json\/wp\/v2\/posts"}],"about":[{"href":"https:\/\/news.save.ch\/it\/wp-json\/wp\/v2\/types\/post"}],"author":[{"embeddable":true,"href":"https:\/\/news.save.ch\/it\/wp-json\/wp\/v2\/users\/9"}],"replies":[{"embeddable":true,"href":"https:\/\/news.save.ch\/it\/wp-json\/wp\/v2\/comments?post=17005"}],"version-history":[{"count":3,"href":"https:\/\/news.save.ch\/it\/wp-json\/wp\/v2\/posts\/17005\/revisions"}],"predecessor-version":[{"id":21037,"href":"https:\/\/news.save.ch\/it\/wp-json\/wp\/v2\/posts\/17005\/revisions\/21037"}],"wp:featuredmedia":[{"embeddable":true,"href":"https:\/\/news.save.ch\/it\/wp-json\/wp\/v2\/media\/16175"}],"wp:attachment":[{"href":"https:\/\/news.save.ch\/it\/wp-json\/wp\/v2\/media?parent=17005"}],"wp:term":[{"taxonomy":"category","embeddable":true,"href":"https:\/\/news.save.ch\/it\/wp-json\/wp\/v2\/categories?post=17005"},{"taxonomy":"post_tag","embeddable":true,"href":"https:\/\/news.save.ch\/it\/wp-json\/wp\/v2\/tags?post=17005"}],"curies":[{"name":"wp","href":"https:\/\/api.w.org\/{rel}","templated":true}]}}