{"id":1704,"date":"2015-09-22T12:36:46","date_gmt":"2015-09-22T10:36:46","guid":{"rendered":"https:\/\/dev.sicherheitsforum.ch\/?p=1704"},"modified":"2015-09-22T12:36:46","modified_gmt":"2015-09-22T10:36:46","slug":"feuertrutz-network-mit-neuem-verlagsleiter","status":null,"type":"post","link":"https:\/\/news.save.ch\/it\/feuertrutz-network-mit-neuem-verlagsleiter\/","title":{"rendered":"La rete FeuerTrutz con un nuovo direttore editoriale"},"content":{"rendered":"<figure id=\"attachment_1705\" aria-describedby=\"caption-attachment-1705\" style=\"width: 680px\" class=\"wp-caption alignnone\"><img loading=\"lazy\" decoding=\"async\" class=\"wp-image-1705 size-medium\" src=\"https:\/\/news.save.ch\/wp-content\/uploads\/2016\/12\/FeuerTrutz-Network-mit-neuem-Verlagsleiter-sicherheitsforum.jpg\" width=\"680\" height=\"453\" \/><figcaption id=\"caption-attachment-1705\" class=\"wp-caption-text\">Thomas Krause-Czeranka (Fonte: www.oleradach.de)<\/figcaption><\/figure>\n<p>Thomas Krause-Czeranka \u00e8 stato recentemente amministratore delegato di Belfor Prevention (Deutschland) GmbH. In qualit\u00e0 di fornitore di servizi specializzato nella ristrutturazione antincendio di edifici esistenti, ha una visione completa dell'esecuzione di sistemi di protezione antincendio strutturale, scrive <a href=\"https:\/\/www.feuertrutz.de\" target=\"_blank\" data-cke-saved-href=\"https:\/\/www.feuertrutz.de\" rel=\"noopener\">FeuerTrutz <\/a>Rete.<\/p>\n<p>Dopo gli studi in ingegneria civile, Krause-Czeranka ha lavorato come assistente scientifico nel campo del comportamento al fuoco dei componenti edilizi per prove antincendio e progetti di ricerca presso il centro di prova antincendio di Erwitte dell'MPA NRW, tra gli altri. Krause-Czeranka \u00e8 anche attivo come docente specializzato in protezione antincendio presso varie istituzioni.<\/p>\n<p>Il nuovo uomo sar\u00e0 responsabile, tra l'altro, della pianificazione dei programmi futuri della rete FeuerTrutz e contribuir\u00e0 con la sua pluriennale esperienza nel settore. Sostituisce G\u00fcnter Ruhe, che \u00e8 stato nominato alla direzione della societ\u00e0 di media, ha annunciato l'azienda.<\/p>","protected":false},"excerpt":{"rendered":"<p>Thomas Krause-Czeranka war zuletzt als Gesch\u00e4ftsf\u00fchrer der Belfor Prevention (Deutschland) GmbH t\u00e4tig. Als Dienstleister mit der Spezialisierung auf die Brandschutzsanierung von Bestandsgeb\u00e4uden verf\u00fcge er \u00fcber einen umfassenden Einblick in die Ausf\u00fchrung von Systemen des baulichen Brandschutzes, schreibt FeuerTrutz Network. Nach seinem Bauingenieurstudium war Krause-Czeranka unter anderem am Brandpr\u00fcfzentrum Erwitte des MPA NRW als wissenschaftlicher Mitarbeiter [&hellip;]<\/p>\n","protected":false},"author":1,"featured_media":1705,"comment_status":"open","ping_status":"open","sticky":false,"template":"","format":"standard","meta":{"_acf_changed":false,"pgc_sgb_lightbox_settings":"","footnotes":""},"categories":[1],"tags":[65],"class_list":["post-1704","post","type-post","status-publish","format-standard","has-post-thumbnail","hentry","category-allgemein","tag-unternehmen"],"acf":[],"hkrextid":null,"publication":null,"issue":null,"workflow":null,"startPage":null,"spitzmarke":null,"_posts_by_tag_page_fields":{"widget_title":"","widget_tags":""},"_at_widget":"1","_yoast_wpseo_primary_category":"1","_yoast_wpseo_focuskw_text_input":"FeuerTrutz","_yoast_wpseo_opengraph-image":"https:\/\/news.save.ch\/wp-content\/uploads\/2016\/12\/FeuerTrutz-Network-mit-neuem-Verlagsleiter-sicherheitsforum.jpg","_yoast_wpseo_opengraph-description":"Thomas Krause-Czeranka (45) hat k\u00fcrzlich die Verlagsleitung der FeuerTrutz Network GmbH in K\u00f6ln \u00fcbernommen, wie das Unternehmen mitgeteilt hat.","_yoast_wpseo_opengraph-title":"FeuerTrutz Network mit neuem Verlagsleiter","enclosure":null,"_yoast_wpseo_twitter-title":null,"_yoast_wpseo_twitter-description":null,"_yoast_wpseo_twitter-image":null,"_wp_old_slug":null,"_yoast_wpseo_title":null,"_yoast_wpseo_canonical":null,"yoast_head":"<!-- This site is optimized with the Yoast SEO plugin v27.5 - https:\/\/yoast.com\/product\/yoast-seo-wordpress\/ -->\n<title>FeuerTrutz Network mit neuem Verlagsleiter - Save<\/title>\n<meta name=\"description\" content=\"Thomas Krause-Czeranka (45) hat k\u00fcrzlich die Verlagsleitung der FeuerTrutz Network GmbH in K\u00f6ln \u00fcbernommen, wie das Unternehmen mitgeteilt hat.\" \/>\n<meta name=\"robots\" content=\"index, follow, max-snippet:-1, max-image-preview:large, max-video-preview:-1\" \/>\n<link rel=\"canonical\" href=\"https:\/\/news.save.ch\/it\/feuertrutz-network-mit-neuem-verlagsleiter\/\" \/>\n<meta property=\"og:locale\" content=\"it_IT\" \/>\n<meta property=\"og:type\" content=\"article\" \/>\n<meta property=\"og:title\" content=\"FeuerTrutz Network mit neuem Verlagsleiter\" \/>\n<meta property=\"og:description\" content=\"Thomas Krause-Czeranka (45) hat k\u00fcrzlich die Verlagsleitung der FeuerTrutz Network GmbH in K\u00f6ln \u00fcbernommen, wie das Unternehmen mitgeteilt hat.\" \/>\n<meta property=\"og:url\" content=\"https:\/\/news.save.ch\/it\/feuertrutz-network-mit-neuem-verlagsleiter\/\" \/>\n<meta property=\"og:site_name\" content=\"Save\" \/>\n<meta property=\"article:published_time\" content=\"2015-09-22T10:36:46+00:00\" \/>\n<meta property=\"og:image\" content=\"https:\/\/news.save.ch\/wp-content\/uploads\/2016\/12\/FeuerTrutz-Network-mit-neuem-Verlagsleiter-sicherheitsforum.jpg\" \/>\n<meta name=\"author\" content=\"admin\" \/>\n<meta name=\"twitter:card\" content=\"summary_large_image\" \/>\n<meta name=\"twitter:label1\" content=\"Scritto da\" \/>\n\t<meta name=\"twitter:data1\" content=\"admin\" \/>\n\t<meta name=\"twitter:label2\" content=\"Tempo di lettura stimato\" \/>\n\t<meta name=\"twitter:data2\" content=\"1 minuto\" \/>\n<script type=\"application\/ld+json\" class=\"yoast-schema-graph\">{\"@context\":\"https:\\\/\\\/schema.org\",\"@graph\":[{\"@type\":\"Article\",\"@id\":\"https:\\\/\\\/news.save.ch\\\/feuertrutz-network-mit-neuem-verlagsleiter\\\/#article\",\"isPartOf\":{\"@id\":\"https:\\\/\\\/news.save.ch\\\/feuertrutz-network-mit-neuem-verlagsleiter\\\/\"},\"author\":{\"name\":\"admin\",\"@id\":\"https:\\\/\\\/news.save.ch\\\/de\\\/#\\\/schema\\\/person\\\/d49e199490bad7c70d64b9ab51142f2b\"},\"headline\":\"FeuerTrutz Network mit neuem Verlagsleiter\",\"datePublished\":\"2015-09-22T10:36:46+00:00\",\"mainEntityOfPage\":{\"@id\":\"https:\\\/\\\/news.save.ch\\\/feuertrutz-network-mit-neuem-verlagsleiter\\\/\"},\"wordCount\":145,\"commentCount\":0,\"publisher\":{\"@id\":\"https:\\\/\\\/news.save.ch\\\/de\\\/#organization\"},\"image\":{\"@id\":\"https:\\\/\\\/news.save.ch\\\/feuertrutz-network-mit-neuem-verlagsleiter\\\/#primaryimage\"},\"thumbnailUrl\":\"https:\\\/\\\/news.save.ch\\\/wp-content\\\/uploads\\\/2016\\\/12\\\/FeuerTrutz-Network-mit-neuem-Verlagsleiter-sicherheitsforum-scaled-1-scaled.jpg\",\"keywords\":[\"Unternehmen\"],\"articleSection\":[\"ALLGEMEIN\"],\"inLanguage\":\"it-IT\"},{\"@type\":\"WebPage\",\"@id\":\"https:\\\/\\\/news.save.ch\\\/feuertrutz-network-mit-neuem-verlagsleiter\\\/\",\"url\":\"https:\\\/\\\/news.save.ch\\\/feuertrutz-network-mit-neuem-verlagsleiter\\\/\",\"name\":\"FeuerTrutz Network mit neuem Verlagsleiter - Save\",\"isPartOf\":{\"@id\":\"https:\\\/\\\/news.save.ch\\\/de\\\/#website\"},\"primaryImageOfPage\":{\"@id\":\"https:\\\/\\\/news.save.ch\\\/feuertrutz-network-mit-neuem-verlagsleiter\\\/#primaryimage\"},\"image\":{\"@id\":\"https:\\\/\\\/news.save.ch\\\/feuertrutz-network-mit-neuem-verlagsleiter\\\/#primaryimage\"},\"thumbnailUrl\":\"https:\\\/\\\/news.save.ch\\\/wp-content\\\/uploads\\\/2016\\\/12\\\/FeuerTrutz-Network-mit-neuem-Verlagsleiter-sicherheitsforum-scaled-1-scaled.jpg\",\"datePublished\":\"2015-09-22T10:36:46+00:00\",\"description\":\"Thomas Krause-Czeranka (45) hat k\u00fcrzlich die Verlagsleitung der FeuerTrutz Network GmbH in K\u00f6ln \u00fcbernommen, wie das Unternehmen mitgeteilt hat.\",\"breadcrumb\":{\"@id\":\"https:\\\/\\\/news.save.ch\\\/feuertrutz-network-mit-neuem-verlagsleiter\\\/#breadcrumb\"},\"inLanguage\":\"it-IT\",\"potentialAction\":[{\"@type\":\"ReadAction\",\"target\":[\"https:\\\/\\\/news.save.ch\\\/feuertrutz-network-mit-neuem-verlagsleiter\\\/\"]}]},{\"@type\":\"ImageObject\",\"inLanguage\":\"it-IT\",\"@id\":\"https:\\\/\\\/news.save.ch\\\/feuertrutz-network-mit-neuem-verlagsleiter\\\/#primaryimage\",\"url\":\"https:\\\/\\\/news.save.ch\\\/wp-content\\\/uploads\\\/2016\\\/12\\\/FeuerTrutz-Network-mit-neuem-Verlagsleiter-sicherheitsforum-scaled-1-scaled.jpg\",\"contentUrl\":\"https:\\\/\\\/news.save.ch\\\/wp-content\\\/uploads\\\/2016\\\/12\\\/FeuerTrutz-Network-mit-neuem-Verlagsleiter-sicherheitsforum-scaled-1-scaled.jpg\",\"width\":1400,\"height\":934,\"caption\":\"Thomas Krause-Czeranka (Bildquelle: www.oleradach.de)\"},{\"@type\":\"BreadcrumbList\",\"@id\":\"https:\\\/\\\/news.save.ch\\\/feuertrutz-network-mit-neuem-verlagsleiter\\\/#breadcrumb\",\"itemListElement\":[{\"@type\":\"ListItem\",\"position\":1,\"name\":\"Home\",\"item\":\"https:\\\/\\\/news.save.ch\\\/de\\\/\"},{\"@type\":\"ListItem\",\"position\":2,\"name\":\"FeuerTrutz Network mit neuem Verlagsleiter\"}]},{\"@type\":\"WebSite\",\"@id\":\"https:\\\/\\\/news.save.ch\\\/de\\\/#website\",\"url\":\"https:\\\/\\\/news.save.ch\\\/de\\\/\",\"name\":\"Save\",\"description\":\"Schweizer Fachzeitschrift f\u00fcr Sicherheit\",\"publisher\":{\"@id\":\"https:\\\/\\\/news.save.ch\\\/de\\\/#organization\"},\"potentialAction\":[{\"@type\":\"SearchAction\",\"target\":{\"@type\":\"EntryPoint\",\"urlTemplate\":\"https:\\\/\\\/news.save.ch\\\/de\\\/?s={search_term_string}\"},\"query-input\":{\"@type\":\"PropertyValueSpecification\",\"valueRequired\":true,\"valueName\":\"search_term_string\"}}],\"inLanguage\":\"it-IT\"},{\"@type\":\"Organization\",\"@id\":\"https:\\\/\\\/news.save.ch\\\/de\\\/#organization\",\"name\":\"Sicherheitsforum\",\"url\":\"https:\\\/\\\/news.save.ch\\\/de\\\/\",\"logo\":{\"@type\":\"ImageObject\",\"inLanguage\":\"it-IT\",\"@id\":\"https:\\\/\\\/news.save.ch\\\/de\\\/#\\\/schema\\\/logo\\\/image\\\/\",\"url\":\"https:\\\/\\\/news.save.ch\\\/wp-content\\\/uploads\\\/2022\\\/06\\\/Logo_SF_2012.png\",\"contentUrl\":\"https:\\\/\\\/news.save.ch\\\/wp-content\\\/uploads\\\/2022\\\/06\\\/Logo_SF_2012.png\",\"width\":1100,\"height\":91,\"caption\":\"Sicherheitsforum\"},\"image\":{\"@id\":\"https:\\\/\\\/news.save.ch\\\/de\\\/#\\\/schema\\\/logo\\\/image\\\/\"}},{\"@type\":\"Person\",\"@id\":\"https:\\\/\\\/news.save.ch\\\/de\\\/#\\\/schema\\\/person\\\/d49e199490bad7c70d64b9ab51142f2b\",\"name\":\"admin\",\"image\":{\"@type\":\"ImageObject\",\"inLanguage\":\"it-IT\",\"@id\":\"https:\\\/\\\/secure.gravatar.com\\\/avatar\\\/ae2f4d718e6c49043e314ce431e7e645d646302a24a5ef5a8bc8e3f5a032e319?s=96&d=mm&r=g\",\"url\":\"https:\\\/\\\/secure.gravatar.com\\\/avatar\\\/ae2f4d718e6c49043e314ce431e7e645d646302a24a5ef5a8bc8e3f5a032e319?s=96&d=mm&r=g\",\"contentUrl\":\"https:\\\/\\\/secure.gravatar.com\\\/avatar\\\/ae2f4d718e6c49043e314ce431e7e645d646302a24a5ef5a8bc8e3f5a032e319?s=96&d=mm&r=g\",\"caption\":\"admin\"},\"sameAs\":[\"https:\\\/\\\/develop.organisator.galledia.ch\"],\"url\":\"https:\\\/\\\/news.save.ch\\\/it\\\/author\\\/admin\\\/\"}]}<\/script>\n<!-- \/ Yoast SEO plugin. -->","yoast_head_json":{"title":"FeuerTrutz Network con il nuovo direttore editoriale - Save","description":"Thomas Krause-Czeranka (45 anni) ha recentemente assunto la carica di direttore editoriale di FeuerTrutz Network GmbH a Colonia.","robots":{"index":"index","follow":"follow","max-snippet":"max-snippet:-1","max-image-preview":"max-image-preview:large","max-video-preview":"max-video-preview:-1"},"canonical":"https:\/\/news.save.ch\/it\/feuertrutz-network-mit-neuem-verlagsleiter\/","og_locale":"it_IT","og_type":"article","og_title":"FeuerTrutz Network mit neuem Verlagsleiter","og_description":"Thomas Krause-Czeranka (45) hat k\u00fcrzlich die Verlagsleitung der FeuerTrutz Network GmbH in K\u00f6ln \u00fcbernommen, wie das Unternehmen mitgeteilt hat.","og_url":"https:\/\/news.save.ch\/it\/feuertrutz-network-mit-neuem-verlagsleiter\/","og_site_name":"Save","article_published_time":"2015-09-22T10:36:46+00:00","og_image":[{"url":"https:\/\/news.save.ch\/wp-content\/uploads\/2016\/12\/FeuerTrutz-Network-mit-neuem-Verlagsleiter-sicherheitsforum.jpg","type":"","width":"","height":""}],"author":"admin","twitter_card":"summary_large_image","twitter_misc":{"Scritto da":"admin","Tempo di lettura stimato":"1 minuto"},"schema":{"@context":"https:\/\/schema.org","@graph":[{"@type":"Article","@id":"https:\/\/news.save.ch\/feuertrutz-network-mit-neuem-verlagsleiter\/#article","isPartOf":{"@id":"https:\/\/news.save.ch\/feuertrutz-network-mit-neuem-verlagsleiter\/"},"author":{"name":"admin","@id":"https:\/\/news.save.ch\/de\/#\/schema\/person\/d49e199490bad7c70d64b9ab51142f2b"},"headline":"FeuerTrutz Network mit neuem Verlagsleiter","datePublished":"2015-09-22T10:36:46+00:00","mainEntityOfPage":{"@id":"https:\/\/news.save.ch\/feuertrutz-network-mit-neuem-verlagsleiter\/"},"wordCount":145,"commentCount":0,"publisher":{"@id":"https:\/\/news.save.ch\/de\/#organization"},"image":{"@id":"https:\/\/news.save.ch\/feuertrutz-network-mit-neuem-verlagsleiter\/#primaryimage"},"thumbnailUrl":"https:\/\/news.save.ch\/wp-content\/uploads\/2016\/12\/FeuerTrutz-Network-mit-neuem-Verlagsleiter-sicherheitsforum-scaled-1-scaled.jpg","keywords":["Unternehmen"],"articleSection":["ALLGEMEIN"],"inLanguage":"it-IT"},{"@type":"WebPage","@id":"https:\/\/news.save.ch\/feuertrutz-network-mit-neuem-verlagsleiter\/","url":"https:\/\/news.save.ch\/feuertrutz-network-mit-neuem-verlagsleiter\/","name":"FeuerTrutz Network con il nuovo direttore editoriale - Save","isPartOf":{"@id":"https:\/\/news.save.ch\/de\/#website"},"primaryImageOfPage":{"@id":"https:\/\/news.save.ch\/feuertrutz-network-mit-neuem-verlagsleiter\/#primaryimage"},"image":{"@id":"https:\/\/news.save.ch\/feuertrutz-network-mit-neuem-verlagsleiter\/#primaryimage"},"thumbnailUrl":"https:\/\/news.save.ch\/wp-content\/uploads\/2016\/12\/FeuerTrutz-Network-mit-neuem-Verlagsleiter-sicherheitsforum-scaled-1-scaled.jpg","datePublished":"2015-09-22T10:36:46+00:00","description":"Thomas Krause-Czeranka (45 anni) ha recentemente assunto la carica di direttore editoriale di FeuerTrutz Network GmbH a Colonia.","breadcrumb":{"@id":"https:\/\/news.save.ch\/feuertrutz-network-mit-neuem-verlagsleiter\/#breadcrumb"},"inLanguage":"it-IT","potentialAction":[{"@type":"ReadAction","target":["https:\/\/news.save.ch\/feuertrutz-network-mit-neuem-verlagsleiter\/"]}]},{"@type":"ImageObject","inLanguage":"it-IT","@id":"https:\/\/news.save.ch\/feuertrutz-network-mit-neuem-verlagsleiter\/#primaryimage","url":"https:\/\/news.save.ch\/wp-content\/uploads\/2016\/12\/FeuerTrutz-Network-mit-neuem-Verlagsleiter-sicherheitsforum-scaled-1-scaled.jpg","contentUrl":"https:\/\/news.save.ch\/wp-content\/uploads\/2016\/12\/FeuerTrutz-Network-mit-neuem-Verlagsleiter-sicherheitsforum-scaled-1-scaled.jpg","width":1400,"height":934,"caption":"Thomas Krause-Czeranka (Bildquelle: www.oleradach.de)"},{"@type":"BreadcrumbList","@id":"https:\/\/news.save.ch\/feuertrutz-network-mit-neuem-verlagsleiter\/#breadcrumb","itemListElement":[{"@type":"ListItem","position":1,"name":"Home","item":"https:\/\/news.save.ch\/de\/"},{"@type":"ListItem","position":2,"name":"FeuerTrutz Network mit neuem Verlagsleiter"}]},{"@type":"WebSite","@id":"https:\/\/news.save.ch\/de\/#website","url":"https:\/\/news.save.ch\/de\/","name":"Risparmiare","description":"Rivista svizzera specializzata in sicurezza","publisher":{"@id":"https:\/\/news.save.ch\/de\/#organization"},"potentialAction":[{"@type":"SearchAction","target":{"@type":"EntryPoint","urlTemplate":"https:\/\/news.save.ch\/de\/?s={search_term_string}"},"query-input":{"@type":"PropertyValueSpecification","valueRequired":true,"valueName":"search_term_string"}}],"inLanguage":"it-IT"},{"@type":"Organization","@id":"https:\/\/news.save.ch\/de\/#organization","name":"Forum sulla sicurezza","url":"https:\/\/news.save.ch\/de\/","logo":{"@type":"ImageObject","inLanguage":"it-IT","@id":"https:\/\/news.save.ch\/de\/#\/schema\/logo\/image\/","url":"https:\/\/news.save.ch\/wp-content\/uploads\/2022\/06\/Logo_SF_2012.png","contentUrl":"https:\/\/news.save.ch\/wp-content\/uploads\/2022\/06\/Logo_SF_2012.png","width":1100,"height":91,"caption":"Sicherheitsforum"},"image":{"@id":"https:\/\/news.save.ch\/de\/#\/schema\/logo\/image\/"}},{"@type":"Person","@id":"https:\/\/news.save.ch\/de\/#\/schema\/person\/d49e199490bad7c70d64b9ab51142f2b","name":"amministratore","image":{"@type":"ImageObject","inLanguage":"it-IT","@id":"https:\/\/secure.gravatar.com\/avatar\/ae2f4d718e6c49043e314ce431e7e645d646302a24a5ef5a8bc8e3f5a032e319?s=96&d=mm&r=g","url":"https:\/\/secure.gravatar.com\/avatar\/ae2f4d718e6c49043e314ce431e7e645d646302a24a5ef5a8bc8e3f5a032e319?s=96&d=mm&r=g","contentUrl":"https:\/\/secure.gravatar.com\/avatar\/ae2f4d718e6c49043e314ce431e7e645d646302a24a5ef5a8bc8e3f5a032e319?s=96&d=mm&r=g","caption":"admin"},"sameAs":["https:\/\/develop.organisator.galledia.ch"],"url":"https:\/\/news.save.ch\/it\/author\/admin\/"}]}},"_links":{"self":[{"href":"https:\/\/news.save.ch\/it\/wp-json\/wp\/v2\/posts\/1704","targetHints":{"allow":["GET"]}}],"collection":[{"href":"https:\/\/news.save.ch\/it\/wp-json\/wp\/v2\/posts"}],"about":[{"href":"https:\/\/news.save.ch\/it\/wp-json\/wp\/v2\/types\/post"}],"author":[{"embeddable":true,"href":"https:\/\/news.save.ch\/it\/wp-json\/wp\/v2\/users\/1"}],"replies":[{"embeddable":true,"href":"https:\/\/news.save.ch\/it\/wp-json\/wp\/v2\/comments?post=1704"}],"version-history":[{"count":0,"href":"https:\/\/news.save.ch\/it\/wp-json\/wp\/v2\/posts\/1704\/revisions"}],"wp:featuredmedia":[{"embeddable":true,"href":"https:\/\/news.save.ch\/it\/wp-json\/wp\/v2\/media\/1705"}],"wp:attachment":[{"href":"https:\/\/news.save.ch\/it\/wp-json\/wp\/v2\/media?parent=1704"}],"wp:term":[{"taxonomy":"category","embeddable":true,"href":"https:\/\/news.save.ch\/it\/wp-json\/wp\/v2\/categories?post=1704"},{"taxonomy":"post_tag","embeddable":true,"href":"https:\/\/news.save.ch\/it\/wp-json\/wp\/v2\/tags?post=1704"}],"curies":[{"name":"wp","href":"https:\/\/api.w.org\/{rel}","templated":true}]}}