{"id":17041,"date":"2022-01-10T07:50:13","date_gmt":"2022-01-10T06:50:13","guid":{"rendered":"https:\/\/news.save.ch\/?p=8330"},"modified":"2023-07-08T13:19:41","modified_gmt":"2023-07-08T11:19:41","slug":"ketamin-soll-auch-suizidgedanken-senken","status":null,"type":"post","link":"https:\/\/news.save.ch\/it\/ketamin-soll-auch-suizidgedanken-senken\/","title":{"rendered":"Si dice che la ketamina riduca anche i pensieri suicidi."},"content":{"rendered":"<figure id=\"attachment_8332\" aria-describedby=\"caption-attachment-8332\" style=\"width: 680px\" class=\"wp-caption alignnone\"><img loading=\"lazy\" decoding=\"async\" class=\"wp-image-8332 size-medium\" src=\"https:\/\/news.save.ch\/wp-content\/uploads\/2022\/01\/depression_teaser-680x442.jpg\" alt=\"Ketamina\" width=\"680\" height=\"442\" srcset=\"https:\/\/news.save.ch\/wp-content\/uploads\/2022\/01\/depression_teaser-680x442.jpg 680w, https:\/\/news.save.ch\/wp-content\/uploads\/2022\/01\/depression_teaser-768x499.jpg 768w, https:\/\/news.save.ch\/wp-content\/uploads\/2022\/01\/depression_teaser-18x12.jpg 18w, https:\/\/news.save.ch\/wp-content\/uploads\/2022\/01\/depression_teaser-375x244.jpg 375w, https:\/\/news.save.ch\/wp-content\/uploads\/2022\/01\/depression_teaser-538x350.jpg 538w, https:\/\/news.save.ch\/wp-content\/uploads\/2022\/01\/depression_teaser.jpg 960w\" sizes=\"auto, (max-width: 680px) 100vw, 680px\" \/><figcaption id=\"caption-attachment-8332\" class=\"wp-caption-text\">\u00a9Pixabay<\/figcaption><\/figure>\n<p>La terapia con ketamina riduce i sintomi della depressione e i pensieri suicidi a breve termine, come dimostra una revisione di tutte le prove scientifiche disponibili. Un team guidato dal <a href=\"http:\/\/exeter.ac.uk\" target=\"_blank\" rel=\"noopener\">Universit\u00e0 di Exeter<\/a> ha analizzato 83 studi pubblicati. L'evidenza pi\u00f9 forte \u00e8 stata riscontrata per l'uso della ketamina nel trattamento della depressione maggiore e della depressione bipolare.<\/p>\n<h2>Effetto fino a due settimane<\/h2>\n<p>Secondo gli esperti, i sintomi si riducevano gi\u00e0 dopo una o quattro ore nel corso di un singolo trattamento. L'effetto \u00e8 durato fino a due settimane. Vi sono indicazioni che il trattamento ripetuto potrebbe prolungare l'effetto. Tuttavia, sono necessarie ulteriori ricerche per determinare la durata di questo periodo.<\/p>\n<p>Dosi singole o multiple di ketamina hanno inoltre determinato una riduzione da moderata a elevata dell'ideazione suicidaria. Questo miglioramento \u00e8 stato notato gi\u00e0 quattro ore dopo il trattamento. \u00c8 durato in media tre giorni. L'effetto \u00e8 durato fino a una settimana. Secondo la ricercatrice principale Merve Mollaahmetoglu, la ketamina dovrebbe essere utile per alleviare rapidamente la depressione e i pensieri suicidi.<\/p>\n<p>La somministrazione di ketamina crea una finestra di opportunit\u00e0 per ulteriori interventi terapeutici. \"\u00c8 importante notare che questa revisione ha esaminato la somministrazione di ketamina in contesti clinici accuratamente controllati, dove gli eventuali rischi della ketamina possono essere controllati in modo sicuro\", afferma Mollaahmetoglu.<\/p>\n<h2>Sono ipotizzabili ulteriori ambiti di applicazione<\/h2>\n<p>In altri disturbi psichiatrici, come i disturbi d'ansia, il disturbo da stress post-traumatico e il disturbo ossessivo-compulsivo, ci sono prove preliminari che il trattamento con ketamina pu\u00f2 avere dei benefici. Inoltre, nelle persone con disturbi da uso di sostanze, il trattamento ha comportato una riduzione a breve termine del desiderio, dell'uso e dei sintomi di astinenza.<\/p>\n<p>I risultati, pubblicati su British Journal of Psychiatry Open, raccolgono i risultati scientifici di un crescente corpo di ricerca sui potenziali benefici della ketamina per il trattamento di condizioni in cui le opzioni terapeutiche sono limitate. La revisione complessiva comprende 33 revisioni sistematiche, 29 studi controllati randomizzati e 21 studi osservazionali.<\/p>\n<p>In quest'area di ricerca sono attualmente irrisolte diverse questioni. Tra queste, la dose ottimale, il tipo di somministrazione e il numero di dosi nel trattamento. \u00c8 inoltre necessaria una ricerca sui benefici aggiuntivi e interattivi della psicoterapia concomitante. La revisione \u00e8 stata pubblicata dal <a href=\"https:\/\/mrc.ukri.org\/\" target=\"_blank\" rel=\"noopener\">Consiglio per la ricerca medica<\/a> finanziato.<\/p>\n<p><em>(Fonte: <a href=\"https:\/\/www.pressetext.com\/news\/ketamin-senkt-depression-und-suizidgedanken.html\" target=\"_blank\" rel=\"noopener\">Comunicato stampa<\/a>)<\/em><\/p>","protected":false},"excerpt":{"rendered":"<p>Eine Ketamintherapie verringert kurzfristig Depressionsymptome und Suizidgedanken, wie eine \u00dcberpr\u00fcfung aller zur Verf\u00fcgung stehenden wissenschaftlichen Belege zeigt. Ein Team unter der Leitung der University of Exeter hat 83 ver\u00f6ffentlichte Studien analysiert. Die st\u00e4rksten Belege zeigten sich rund um den Einsatz von Ketamin zur Behandlung von schweren Depressionen und bipolaren Depressionen. Wirkung bis zu zwei Wochen [&hellip;]<\/p>\n","protected":false},"author":9,"featured_media":8332,"comment_status":"closed","ping_status":"closed","sticky":false,"template":"","format":"standard","meta":{"_acf_changed":false,"pgc_sgb_lightbox_settings":"","footnotes":""},"categories":[3314],"tags":[1894,149,2359,4983,4986,4984,4985],"class_list":["post-17041","post","type-post","status-publish","format-standard","has-post-thumbnail","hentry","category-health-safety","tag-depressionen","tag-gesundheitsschutz","tag-ketamin","tag-ketamintherapie","tag-psychiatrische-erkrankungen","tag-suizidgedanken","tag-university-of-exeter"],"acf":[],"hkrextid":null,"publication":null,"issue":null,"workflow":null,"startPage":null,"spitzmarke":null,"_posts_by_tag_page_fields":{"widget_title":"","widget_tags":""},"_at_widget":"1","_yoast_wpseo_primary_category":"","_yoast_wpseo_focuskw_text_input":null,"_yoast_wpseo_opengraph-image":null,"_yoast_wpseo_opengraph-description":null,"_yoast_wpseo_opengraph-title":null,"enclosure":null,"_yoast_wpseo_twitter-title":null,"_yoast_wpseo_twitter-description":null,"_yoast_wpseo_twitter-image":null,"_wp_old_slug":null,"_yoast_wpseo_title":null,"_yoast_wpseo_canonical":null,"yoast_head":"<!-- This site is optimized with the Yoast SEO plugin v27.5 - https:\/\/yoast.com\/product\/yoast-seo-wordpress\/ -->\n<title>Ketamin soll auch Suizidgedanken senken - Save<\/title>\n<meta name=\"description\" content=\"Ketamin ist ein Narkosemittel, das \u00fcberwiegend in der Tiermedizin und unter bestimmten Bedingungen auch beim Menschen Anwendung findet, um das Schmerzempfinden zu mindern. Bei Erkrankungen wie Angstst\u00f6rungen, posttraumatischen Belastungsst\u00f6rungen und Angstst\u00f6rungen gibt es schon erste Belege, dass die Behandlung mit Ketamin m\u00f6glicherweise Vorteile bringen k\u00f6nnte.\u00a0\" \/>\n<meta name=\"robots\" content=\"index, follow, max-snippet:-1, max-image-preview:large, max-video-preview:-1\" \/>\n<link rel=\"canonical\" href=\"https:\/\/news.save.ch\/it\/ketamin-soll-auch-suizidgedanken-senken\/\" \/>\n<meta property=\"og:locale\" content=\"it_IT\" \/>\n<meta property=\"og:type\" content=\"article\" \/>\n<meta property=\"og:title\" content=\"Ketamin soll auch Suizidgedanken senken - Save\" \/>\n<meta property=\"og:description\" content=\"Ketamin ist ein Narkosemittel, das \u00fcberwiegend in der Tiermedizin und unter bestimmten Bedingungen auch beim Menschen Anwendung findet, um das Schmerzempfinden zu mindern. Bei Erkrankungen wie Angstst\u00f6rungen, posttraumatischen Belastungsst\u00f6rungen und Angstst\u00f6rungen gibt es schon erste Belege, dass die Behandlung mit Ketamin m\u00f6glicherweise Vorteile bringen k\u00f6nnte.\u00a0\" \/>\n<meta property=\"og:url\" content=\"https:\/\/news.save.ch\/it\/ketamin-soll-auch-suizidgedanken-senken\/\" \/>\n<meta property=\"og:site_name\" content=\"Save\" \/>\n<meta property=\"article:published_time\" content=\"2022-01-10T06:50:13+00:00\" \/>\n<meta property=\"article:modified_time\" content=\"2023-07-08T11:19:41+00:00\" \/>\n<meta property=\"og:image\" content=\"https:\/\/news.save.ch\/wp-content\/uploads\/2022\/01\/depression_teaser.jpg\" \/>\n\t<meta property=\"og:image:width\" content=\"960\" \/>\n\t<meta property=\"og:image:height\" content=\"624\" \/>\n\t<meta property=\"og:image:type\" content=\"image\/jpeg\" \/>\n<meta name=\"author\" content=\"Simon Gr\u00f6flin\" \/>\n<meta name=\"twitter:card\" content=\"summary_large_image\" \/>\n<meta name=\"twitter:label1\" content=\"Scritto da\" \/>\n\t<meta name=\"twitter:data1\" content=\"Simon Gr\u00f6flin\" \/>\n\t<meta name=\"twitter:label2\" content=\"Tempo di lettura stimato\" \/>\n\t<meta name=\"twitter:data2\" content=\"3 minuti\" \/>\n<script type=\"application\/ld+json\" class=\"yoast-schema-graph\">{\"@context\":\"https:\\\/\\\/schema.org\",\"@graph\":[{\"@type\":\"Article\",\"@id\":\"https:\\\/\\\/news.save.ch\\\/ketamin-soll-auch-suizidgedanken-senken\\\/#article\",\"isPartOf\":{\"@id\":\"https:\\\/\\\/news.save.ch\\\/ketamin-soll-auch-suizidgedanken-senken\\\/\"},\"author\":{\"name\":\"Simon Gr\u00f6flin\",\"@id\":\"https:\\\/\\\/news.save.ch\\\/de\\\/#\\\/schema\\\/person\\\/ad4ef21102fd6125312409ac57d5296d\"},\"headline\":\"Ketamin soll auch Suizidgedanken senken\",\"datePublished\":\"2022-01-10T06:50:13+00:00\",\"dateModified\":\"2023-07-08T11:19:41+00:00\",\"mainEntityOfPage\":{\"@id\":\"https:\\\/\\\/news.save.ch\\\/ketamin-soll-auch-suizidgedanken-senken\\\/\"},\"wordCount\":394,\"publisher\":{\"@id\":\"https:\\\/\\\/news.save.ch\\\/de\\\/#organization\"},\"image\":{\"@id\":\"https:\\\/\\\/news.save.ch\\\/ketamin-soll-auch-suizidgedanken-senken\\\/#primaryimage\"},\"thumbnailUrl\":\"https:\\\/\\\/news.save.ch\\\/wp-content\\\/uploads\\\/2022\\\/01\\\/depression_teaser.jpg\",\"keywords\":[\"Depressionen\",\"Gesundheitsschutz\",\"Ketamin\",\"Ketamintherapie\",\"psychiatrische Erkrankungen\",\"Suizidgedanken\",\"University of Exeter\"],\"articleSection\":[\"HEALTH &amp; SAFETY\"],\"inLanguage\":\"it-IT\"},{\"@type\":\"WebPage\",\"@id\":\"https:\\\/\\\/news.save.ch\\\/ketamin-soll-auch-suizidgedanken-senken\\\/\",\"url\":\"https:\\\/\\\/news.save.ch\\\/ketamin-soll-auch-suizidgedanken-senken\\\/\",\"name\":\"Ketamin soll auch Suizidgedanken senken - Save\",\"isPartOf\":{\"@id\":\"https:\\\/\\\/news.save.ch\\\/de\\\/#website\"},\"primaryImageOfPage\":{\"@id\":\"https:\\\/\\\/news.save.ch\\\/ketamin-soll-auch-suizidgedanken-senken\\\/#primaryimage\"},\"image\":{\"@id\":\"https:\\\/\\\/news.save.ch\\\/ketamin-soll-auch-suizidgedanken-senken\\\/#primaryimage\"},\"thumbnailUrl\":\"https:\\\/\\\/news.save.ch\\\/wp-content\\\/uploads\\\/2022\\\/01\\\/depression_teaser.jpg\",\"datePublished\":\"2022-01-10T06:50:13+00:00\",\"dateModified\":\"2023-07-08T11:19:41+00:00\",\"description\":\"Ketamin ist ein Narkosemittel, das \u00fcberwiegend in der Tiermedizin und unter bestimmten Bedingungen auch beim Menschen Anwendung findet, um das Schmerzempfinden zu mindern. Bei Erkrankungen wie Angstst\u00f6rungen, posttraumatischen Belastungsst\u00f6rungen und Angstst\u00f6rungen gibt es schon erste Belege, dass die Behandlung mit Ketamin m\u00f6glicherweise Vorteile bringen k\u00f6nnte.\u00a0\",\"breadcrumb\":{\"@id\":\"https:\\\/\\\/news.save.ch\\\/ketamin-soll-auch-suizidgedanken-senken\\\/#breadcrumb\"},\"inLanguage\":\"it-IT\",\"potentialAction\":[{\"@type\":\"ReadAction\",\"target\":[\"https:\\\/\\\/news.save.ch\\\/ketamin-soll-auch-suizidgedanken-senken\\\/\"]}]},{\"@type\":\"ImageObject\",\"inLanguage\":\"it-IT\",\"@id\":\"https:\\\/\\\/news.save.ch\\\/ketamin-soll-auch-suizidgedanken-senken\\\/#primaryimage\",\"url\":\"https:\\\/\\\/news.save.ch\\\/wp-content\\\/uploads\\\/2022\\\/01\\\/depression_teaser.jpg\",\"contentUrl\":\"https:\\\/\\\/news.save.ch\\\/wp-content\\\/uploads\\\/2022\\\/01\\\/depression_teaser.jpg\",\"width\":960,\"height\":624,\"caption\":\"Ketamin soll auch Suizidgedanken senken\"},{\"@type\":\"BreadcrumbList\",\"@id\":\"https:\\\/\\\/news.save.ch\\\/ketamin-soll-auch-suizidgedanken-senken\\\/#breadcrumb\",\"itemListElement\":[{\"@type\":\"ListItem\",\"position\":1,\"name\":\"Home\",\"item\":\"https:\\\/\\\/news.save.ch\\\/de\\\/\"},{\"@type\":\"ListItem\",\"position\":2,\"name\":\"Ketamin soll auch Suizidgedanken senken\"}]},{\"@type\":\"WebSite\",\"@id\":\"https:\\\/\\\/news.save.ch\\\/de\\\/#website\",\"url\":\"https:\\\/\\\/news.save.ch\\\/de\\\/\",\"name\":\"Save\",\"description\":\"Schweizer Fachzeitschrift f\u00fcr Sicherheit\",\"publisher\":{\"@id\":\"https:\\\/\\\/news.save.ch\\\/de\\\/#organization\"},\"potentialAction\":[{\"@type\":\"SearchAction\",\"target\":{\"@type\":\"EntryPoint\",\"urlTemplate\":\"https:\\\/\\\/news.save.ch\\\/de\\\/?s={search_term_string}\"},\"query-input\":{\"@type\":\"PropertyValueSpecification\",\"valueRequired\":true,\"valueName\":\"search_term_string\"}}],\"inLanguage\":\"it-IT\"},{\"@type\":\"Organization\",\"@id\":\"https:\\\/\\\/news.save.ch\\\/de\\\/#organization\",\"name\":\"Sicherheitsforum\",\"url\":\"https:\\\/\\\/news.save.ch\\\/de\\\/\",\"logo\":{\"@type\":\"ImageObject\",\"inLanguage\":\"it-IT\",\"@id\":\"https:\\\/\\\/news.save.ch\\\/de\\\/#\\\/schema\\\/logo\\\/image\\\/\",\"url\":\"https:\\\/\\\/news.save.ch\\\/wp-content\\\/uploads\\\/2022\\\/06\\\/Logo_SF_2012.png\",\"contentUrl\":\"https:\\\/\\\/news.save.ch\\\/wp-content\\\/uploads\\\/2022\\\/06\\\/Logo_SF_2012.png\",\"width\":1100,\"height\":91,\"caption\":\"Sicherheitsforum\"},\"image\":{\"@id\":\"https:\\\/\\\/news.save.ch\\\/de\\\/#\\\/schema\\\/logo\\\/image\\\/\"}},{\"@type\":\"Person\",\"@id\":\"https:\\\/\\\/news.save.ch\\\/de\\\/#\\\/schema\\\/person\\\/ad4ef21102fd6125312409ac57d5296d\",\"name\":\"Simon Gr\u00f6flin\",\"image\":{\"@type\":\"ImageObject\",\"inLanguage\":\"it-IT\",\"@id\":\"https:\\\/\\\/secure.gravatar.com\\\/avatar\\\/6ddceb80eb734354635539e0ea5140bb7c41e42de7c45c9a2ab9921b5d5c9a83?s=96&d=mm&r=g\",\"url\":\"https:\\\/\\\/secure.gravatar.com\\\/avatar\\\/6ddceb80eb734354635539e0ea5140bb7c41e42de7c45c9a2ab9921b5d5c9a83?s=96&d=mm&r=g\",\"contentUrl\":\"https:\\\/\\\/secure.gravatar.com\\\/avatar\\\/6ddceb80eb734354635539e0ea5140bb7c41e42de7c45c9a2ab9921b5d5c9a83?s=96&d=mm&r=g\",\"caption\":\"Simon Gr\u00f6flin\"},\"url\":\"https:\\\/\\\/news.save.ch\\\/it\\\/author\\\/simon-groeflin\\\/\"}]}<\/script>\n<!-- \/ Yoast SEO plugin. -->","yoast_head_json":{"title":"Si dice che la ketamina riduca anche i pensieri suicidi - Save","description":"La ketamina \u00e8 un anestetico utilizzato prevalentemente in medicina veterinaria e, in determinate condizioni, anche nell'uomo per ridurre la sensazione di dolore. Per condizioni come i disturbi d'ansia, il disturbo da stress post-traumatico e i disturbi d'ansia, ci sono gi\u00e0 alcune prove iniziali che il trattamento con ketamina potrebbe potenzialmente portare benefici.\u00a0","robots":{"index":"index","follow":"follow","max-snippet":"max-snippet:-1","max-image-preview":"max-image-preview:large","max-video-preview":"max-video-preview:-1"},"canonical":"https:\/\/news.save.ch\/it\/ketamin-soll-auch-suizidgedanken-senken\/","og_locale":"it_IT","og_type":"article","og_title":"Ketamin soll auch Suizidgedanken senken - Save","og_description":"Ketamin ist ein Narkosemittel, das \u00fcberwiegend in der Tiermedizin und unter bestimmten Bedingungen auch beim Menschen Anwendung findet, um das Schmerzempfinden zu mindern. Bei Erkrankungen wie Angstst\u00f6rungen, posttraumatischen Belastungsst\u00f6rungen und Angstst\u00f6rungen gibt es schon erste Belege, dass die Behandlung mit Ketamin m\u00f6glicherweise Vorteile bringen k\u00f6nnte.\u00a0","og_url":"https:\/\/news.save.ch\/it\/ketamin-soll-auch-suizidgedanken-senken\/","og_site_name":"Save","article_published_time":"2022-01-10T06:50:13+00:00","article_modified_time":"2023-07-08T11:19:41+00:00","og_image":[{"width":960,"height":624,"url":"https:\/\/news.save.ch\/wp-content\/uploads\/2022\/01\/depression_teaser.jpg","type":"image\/jpeg"}],"author":"Simon Gr\u00f6flin","twitter_card":"summary_large_image","twitter_misc":{"Scritto da":"Simon Gr\u00f6flin","Tempo di lettura stimato":"3 minuti"},"schema":{"@context":"https:\/\/schema.org","@graph":[{"@type":"Article","@id":"https:\/\/news.save.ch\/ketamin-soll-auch-suizidgedanken-senken\/#article","isPartOf":{"@id":"https:\/\/news.save.ch\/ketamin-soll-auch-suizidgedanken-senken\/"},"author":{"name":"Simon Gr\u00f6flin","@id":"https:\/\/news.save.ch\/de\/#\/schema\/person\/ad4ef21102fd6125312409ac57d5296d"},"headline":"Ketamin soll auch Suizidgedanken senken","datePublished":"2022-01-10T06:50:13+00:00","dateModified":"2023-07-08T11:19:41+00:00","mainEntityOfPage":{"@id":"https:\/\/news.save.ch\/ketamin-soll-auch-suizidgedanken-senken\/"},"wordCount":394,"publisher":{"@id":"https:\/\/news.save.ch\/de\/#organization"},"image":{"@id":"https:\/\/news.save.ch\/ketamin-soll-auch-suizidgedanken-senken\/#primaryimage"},"thumbnailUrl":"https:\/\/news.save.ch\/wp-content\/uploads\/2022\/01\/depression_teaser.jpg","keywords":["Depressionen","Gesundheitsschutz","Ketamin","Ketamintherapie","psychiatrische Erkrankungen","Suizidgedanken","University of Exeter"],"articleSection":["HEALTH &amp; SAFETY"],"inLanguage":"it-IT"},{"@type":"WebPage","@id":"https:\/\/news.save.ch\/ketamin-soll-auch-suizidgedanken-senken\/","url":"https:\/\/news.save.ch\/ketamin-soll-auch-suizidgedanken-senken\/","name":"Si dice che la ketamina riduca anche i pensieri suicidi - Save","isPartOf":{"@id":"https:\/\/news.save.ch\/de\/#website"},"primaryImageOfPage":{"@id":"https:\/\/news.save.ch\/ketamin-soll-auch-suizidgedanken-senken\/#primaryimage"},"image":{"@id":"https:\/\/news.save.ch\/ketamin-soll-auch-suizidgedanken-senken\/#primaryimage"},"thumbnailUrl":"https:\/\/news.save.ch\/wp-content\/uploads\/2022\/01\/depression_teaser.jpg","datePublished":"2022-01-10T06:50:13+00:00","dateModified":"2023-07-08T11:19:41+00:00","description":"La ketamina \u00e8 un anestetico utilizzato prevalentemente in medicina veterinaria e, in determinate condizioni, anche nell'uomo per ridurre la sensazione di dolore. Per condizioni come i disturbi d'ansia, il disturbo da stress post-traumatico e i disturbi d'ansia, ci sono gi\u00e0 alcune prove iniziali che il trattamento con ketamina potrebbe potenzialmente portare benefici.\u00a0","breadcrumb":{"@id":"https:\/\/news.save.ch\/ketamin-soll-auch-suizidgedanken-senken\/#breadcrumb"},"inLanguage":"it-IT","potentialAction":[{"@type":"ReadAction","target":["https:\/\/news.save.ch\/ketamin-soll-auch-suizidgedanken-senken\/"]}]},{"@type":"ImageObject","inLanguage":"it-IT","@id":"https:\/\/news.save.ch\/ketamin-soll-auch-suizidgedanken-senken\/#primaryimage","url":"https:\/\/news.save.ch\/wp-content\/uploads\/2022\/01\/depression_teaser.jpg","contentUrl":"https:\/\/news.save.ch\/wp-content\/uploads\/2022\/01\/depression_teaser.jpg","width":960,"height":624,"caption":"Ketamin soll auch Suizidgedanken senken"},{"@type":"BreadcrumbList","@id":"https:\/\/news.save.ch\/ketamin-soll-auch-suizidgedanken-senken\/#breadcrumb","itemListElement":[{"@type":"ListItem","position":1,"name":"Home","item":"https:\/\/news.save.ch\/de\/"},{"@type":"ListItem","position":2,"name":"Ketamin soll auch Suizidgedanken senken"}]},{"@type":"WebSite","@id":"https:\/\/news.save.ch\/de\/#website","url":"https:\/\/news.save.ch\/de\/","name":"Risparmiare","description":"Rivista svizzera specializzata in sicurezza","publisher":{"@id":"https:\/\/news.save.ch\/de\/#organization"},"potentialAction":[{"@type":"SearchAction","target":{"@type":"EntryPoint","urlTemplate":"https:\/\/news.save.ch\/de\/?s={search_term_string}"},"query-input":{"@type":"PropertyValueSpecification","valueRequired":true,"valueName":"search_term_string"}}],"inLanguage":"it-IT"},{"@type":"Organization","@id":"https:\/\/news.save.ch\/de\/#organization","name":"Forum sulla sicurezza","url":"https:\/\/news.save.ch\/de\/","logo":{"@type":"ImageObject","inLanguage":"it-IT","@id":"https:\/\/news.save.ch\/de\/#\/schema\/logo\/image\/","url":"https:\/\/news.save.ch\/wp-content\/uploads\/2022\/06\/Logo_SF_2012.png","contentUrl":"https:\/\/news.save.ch\/wp-content\/uploads\/2022\/06\/Logo_SF_2012.png","width":1100,"height":91,"caption":"Sicherheitsforum"},"image":{"@id":"https:\/\/news.save.ch\/de\/#\/schema\/logo\/image\/"}},{"@type":"Person","@id":"https:\/\/news.save.ch\/de\/#\/schema\/person\/ad4ef21102fd6125312409ac57d5296d","name":"Simon Gr\u00f6flin","image":{"@type":"ImageObject","inLanguage":"it-IT","@id":"https:\/\/secure.gravatar.com\/avatar\/6ddceb80eb734354635539e0ea5140bb7c41e42de7c45c9a2ab9921b5d5c9a83?s=96&d=mm&r=g","url":"https:\/\/secure.gravatar.com\/avatar\/6ddceb80eb734354635539e0ea5140bb7c41e42de7c45c9a2ab9921b5d5c9a83?s=96&d=mm&r=g","contentUrl":"https:\/\/secure.gravatar.com\/avatar\/6ddceb80eb734354635539e0ea5140bb7c41e42de7c45c9a2ab9921b5d5c9a83?s=96&d=mm&r=g","caption":"Simon Gr\u00f6flin"},"url":"https:\/\/news.save.ch\/it\/author\/simon-groeflin\/"}]}},"_links":{"self":[{"href":"https:\/\/news.save.ch\/it\/wp-json\/wp\/v2\/posts\/17041","targetHints":{"allow":["GET"]}}],"collection":[{"href":"https:\/\/news.save.ch\/it\/wp-json\/wp\/v2\/posts"}],"about":[{"href":"https:\/\/news.save.ch\/it\/wp-json\/wp\/v2\/types\/post"}],"author":[{"embeddable":true,"href":"https:\/\/news.save.ch\/it\/wp-json\/wp\/v2\/users\/9"}],"replies":[{"embeddable":true,"href":"https:\/\/news.save.ch\/it\/wp-json\/wp\/v2\/comments?post=17041"}],"version-history":[{"count":3,"href":"https:\/\/news.save.ch\/it\/wp-json\/wp\/v2\/posts\/17041\/revisions"}],"predecessor-version":[{"id":20673,"href":"https:\/\/news.save.ch\/it\/wp-json\/wp\/v2\/posts\/17041\/revisions\/20673"}],"wp:featuredmedia":[{"embeddable":true,"href":"https:\/\/news.save.ch\/it\/wp-json\/wp\/v2\/media\/8332"}],"wp:attachment":[{"href":"https:\/\/news.save.ch\/it\/wp-json\/wp\/v2\/media?parent=17041"}],"wp:term":[{"taxonomy":"category","embeddable":true,"href":"https:\/\/news.save.ch\/it\/wp-json\/wp\/v2\/categories?post=17041"},{"taxonomy":"post_tag","embeddable":true,"href":"https:\/\/news.save.ch\/it\/wp-json\/wp\/v2\/tags?post=17041"}],"curies":[{"name":"wp","href":"https:\/\/api.w.org\/{rel}","templated":true}]}}