{"id":1725,"date":"2015-11-05T13:29:44","date_gmt":"2015-11-05T12:29:44","guid":{"rendered":"https:\/\/dev.sicherheitsforum.ch\/?p=1725"},"modified":"2015-11-05T13:29:44","modified_gmt":"2015-11-05T12:29:44","slug":"fachstelle-fuer-bedrohungsanalyse-bleibt","status":null,"type":"post","link":"https:\/\/news.save.ch\/it\/fachstelle-fuer-bedrohungsanalyse-bleibt\/","title":{"rendered":"L'unit\u00e0 di analisi delle minacce rimane"},"content":{"rendered":"<p><img loading=\"lazy\" decoding=\"async\" class=\"alignnone wp-image-1728 size-medium\" src=\"https:\/\/news.save.ch\/wp-content\/uploads\/2016\/12\/Fachstelle-f\u00fcr-Bedrohungsanalyse-bleibt-sicherheitsforum.jpg\" width=\"680\" height=\"887\" \/><\/p>\n<p>L'unit\u00e0 specializzata creata dalla Procura della Repubblica, dalla Polizia cantonale e dall'Ospedale psichiatrico universitario di Zurigo supporta le autorit\u00e0 nella valutazione di possibili situazioni di minaccia e di pericolo con competenze psichiatriche forensi. Durante la fase pilota di due anni, la domanda \u00e8 stata molto alta, secondo la dichiarazione. Il Consiglio di governo ha quindi deciso di mantenere l'unit\u00e0 specializzata su base permanente. Assumer\u00e0 compiti aggiuntivi.<\/p>\n<p>Nel 2012, il Consiglio di Governo ha definito la protezione dalla violenza e la lotta alla violenza come una priorit\u00e0 nell'applicazione della legge. Privati, ma anche uffici pubblici e membri delle autorit\u00e0 si trovano ripetutamente di fronte a situazioni di minaccia e di pericolo difficili da valutare. Tali situazioni devono essere riconosciute il pi\u00f9 precocemente e in modo affidabile possibile e disinnescate con misure rapide e adeguate alla situazione. A tal fine, il Cantone di Zurigo ha istituito un sistema di gestione delle minacce sotto la guida della polizia cantonale.<\/p>\n<p>Per un'analisi affidabile delle minacce, sono necessari esperti di psichiatria forense in grado di consigliare le autorit\u00e0 competenti in modo rapido e a bassa soglia. Per questo motivo, la Procura della Repubblica (Direzione della Giustizia), la Polizia cantonale di Zurigo (Direzione della Sicurezza) e la Clinica di psichiatria forense dell'Ospedale psichiatrico universitario di Zurigo (Direzione della Salute) hanno istituito un'unit\u00e0 specializzata nell'ambito di un progetto pilota. Valuta situazioni concrete di pericolo da una prospettiva forense-psichiatrica. L'unit\u00e0 specializzata viene chiamata dalla polizia in caso di segnalazioni di pericolo e di misure immediate. Inoltre, secondo il rapporto, gli uffici del pubblico ministero di solito contattano l'unit\u00e0 per ordinare la custodia cautelare.<\/p>\n<p><strong>Il bisogno \u00e8 dimostrato<\/strong><\/p>\n<p>L'unit\u00e0 specializzata \u00e8 gestita dalla Clinica di Psichiatria Forense dell'Ospedale Psichiatrico Universitario di Zurigo. Secondo le informazioni, i membri del personale dell'unit\u00e0 specializzata sono stati presenti sul posto presso la polizia cantonale quasi ogni giorno dal suo inizio nel febbraio 2014. Il numero di richieste di informazioni supera di gran lunga le aspettative iniziali. In particolare, le procure commissionano all'unit\u00e0 specializzata un numero di analisi e relazioni significativamente superiore a quello inizialmente previsto.<\/p>\n<p>La fase pilota ha dimostrato che i servizi dell'unit\u00e0 specializzata rispondono a un bisogno comprovato. Le valutazioni sarebbero significativamente<\/p>\n<ul>\n<li>riconoscimento precoce di situazioni pericolose e minacciose,<\/li>\n<li>a interventi adeguati alla situazione,<\/li>\n<li>a decisioni procedurali appropriate da parte delle autorit\u00e0 giudiziarie; e<\/li>\n<li>contribuire alla prevenzione di escalation di violenza e crimini.<\/li>\n<\/ul>\n<p>L'unit\u00e0 specializzata \u00e8 quindi diventata una parte importante della gestione cantonale della minaccia.<\/p>\n<p>In futuro, l'unit\u00e0 specializzata fornir\u00e0 supporto anche nei casi di giovani con un alto potenziale di violenza, \u00e8 stato annunciato. Inoltre, ora supporter\u00e0 anche le cliniche psichiatriche nella gestione di pazienti altamente violenti.<\/p>","protected":false},"excerpt":{"rendered":"<p>Die von der Staatsanwaltschaft, der Kantonspolizei und der Psychiatrischen Universit\u00e4tsklinik Z\u00fcrich geschaffene Fachstelle unterst\u00fctzt die Beh\u00f6rden bei der Einsch\u00e4tzung m\u00f6glicher Bedrohungs- und Gef\u00e4hrdungssituationen mit forensisch-psychiatrischem Fachwissen. W\u00e4hrend der zweij\u00e4hrigen Pilotphase habe sich eine sehr grosse Nachfrage gezeigt, heisst es in der Mitteilung. Der Regierungsrat habe deshalb beschlossen, die Fachstelle dauerhaft weiter zu f\u00fchren. Sie \u00fcbernehme [&hellip;]<\/p>\n","protected":false},"author":1,"featured_media":1728,"comment_status":"open","ping_status":"open","sticky":false,"template":"","format":"standard","meta":{"_acf_changed":false,"pgc_sgb_lightbox_settings":"","footnotes":""},"categories":[1],"tags":[69],"class_list":["post-1725","post","type-post","status-publish","format-standard","has-post-thumbnail","hentry","category-allgemein","tag-justiz-polizei"],"acf":[],"hkrextid":null,"publication":null,"issue":null,"workflow":null,"startPage":null,"spitzmarke":null,"_posts_by_tag_page_fields":{"widget_title":"","widget_tags":""},"_at_widget":"1","_yoast_wpseo_primary_category":"1","_yoast_wpseo_focuskw_text_input":"Fachstelle f\u00fcr Bedrohungsanalyse","_yoast_wpseo_opengraph-image":"https:\/\/news.save.ch\/wp-content\/uploads\/2016\/12\/Fachstelle-f\u00fcr-Bedrohungsanalyse-bleibt-sicherheitsforum.jpg","_yoast_wpseo_opengraph-description":"Die als Pilotprojekt gef\u00fchrte kantonale Fachstelle f\u00fcr Bedrohungsanalyse hat sich bew\u00e4hrt und bleibt, wie der Regierungsrat des Kantons Z\u00fcrich heute mitgeteilt hat.","_yoast_wpseo_opengraph-title":"Fachstelle f\u00fcr Bedrohungsanalyse bleibt","enclosure":null,"_yoast_wpseo_twitter-title":null,"_yoast_wpseo_twitter-description":null,"_yoast_wpseo_twitter-image":null,"_wp_old_slug":null,"_yoast_wpseo_title":null,"_yoast_wpseo_canonical":null,"yoast_head":"<!-- This site is optimized with the Yoast SEO plugin v27.5 - https:\/\/yoast.com\/product\/yoast-seo-wordpress\/ -->\n<title>Fachstelle f\u00fcr Bedrohungsanalyse bleibt - Save<\/title>\n<meta name=\"description\" content=\"Die als Pilotprojekt gef\u00fchrte kantonale Fachstelle f\u00fcr Bedrohungsanalyse hat sich bew\u00e4hrt und bleibt, wie der Regierungsrat des Kantons Z\u00fcrich heute mitgeteilt hat.\" \/>\n<meta name=\"robots\" content=\"index, follow, max-snippet:-1, max-image-preview:large, max-video-preview:-1\" \/>\n<link rel=\"canonical\" href=\"https:\/\/news.save.ch\/it\/fachstelle-fuer-bedrohungsanalyse-bleibt\/\" \/>\n<meta property=\"og:locale\" content=\"it_IT\" \/>\n<meta property=\"og:type\" content=\"article\" \/>\n<meta property=\"og:title\" content=\"Fachstelle f\u00fcr Bedrohungsanalyse bleibt\" \/>\n<meta property=\"og:description\" content=\"Die als Pilotprojekt gef\u00fchrte kantonale Fachstelle f\u00fcr Bedrohungsanalyse hat sich bew\u00e4hrt und bleibt, wie der Regierungsrat des Kantons Z\u00fcrich heute mitgeteilt hat.\" \/>\n<meta property=\"og:url\" content=\"https:\/\/news.save.ch\/it\/fachstelle-fuer-bedrohungsanalyse-bleibt\/\" \/>\n<meta property=\"og:site_name\" content=\"Save\" \/>\n<meta property=\"article:published_time\" content=\"2015-11-05T12:29:44+00:00\" \/>\n<meta property=\"og:image\" content=\"https:\/\/news.save.ch\/wp-content\/uploads\/2016\/12\/Fachstelle-f\u00fcr-Bedrohungsanalyse-bleibt-sicherheitsforum.jpg\" \/>\n<meta name=\"author\" content=\"admin\" \/>\n<meta name=\"twitter:card\" content=\"summary_large_image\" \/>\n<meta name=\"twitter:label1\" content=\"Scritto da\" \/>\n\t<meta name=\"twitter:data1\" content=\"admin\" \/>\n\t<meta name=\"twitter:label2\" content=\"Tempo di lettura stimato\" \/>\n\t<meta name=\"twitter:data2\" content=\"2 minuti\" \/>\n<script type=\"application\/ld+json\" class=\"yoast-schema-graph\">{\"@context\":\"https:\\\/\\\/schema.org\",\"@graph\":[{\"@type\":\"Article\",\"@id\":\"https:\\\/\\\/news.save.ch\\\/fachstelle-fuer-bedrohungsanalyse-bleibt\\\/#article\",\"isPartOf\":{\"@id\":\"https:\\\/\\\/news.save.ch\\\/fachstelle-fuer-bedrohungsanalyse-bleibt\\\/\"},\"author\":{\"name\":\"admin\",\"@id\":\"https:\\\/\\\/news.save.ch\\\/de\\\/#\\\/schema\\\/person\\\/d49e199490bad7c70d64b9ab51142f2b\"},\"headline\":\"Fachstelle f\u00fcr Bedrohungsanalyse bleibt\",\"datePublished\":\"2015-11-05T12:29:44+00:00\",\"mainEntityOfPage\":{\"@id\":\"https:\\\/\\\/news.save.ch\\\/fachstelle-fuer-bedrohungsanalyse-bleibt\\\/\"},\"wordCount\":407,\"commentCount\":0,\"publisher\":{\"@id\":\"https:\\\/\\\/news.save.ch\\\/de\\\/#organization\"},\"image\":{\"@id\":\"https:\\\/\\\/news.save.ch\\\/fachstelle-fuer-bedrohungsanalyse-bleibt\\\/#primaryimage\"},\"thumbnailUrl\":\"https:\\\/\\\/news.save.ch\\\/wp-content\\\/uploads\\\/2016\\\/12\\\/Fachstelle-fuer-Bedrohungsanalyse-bleibt-sicherheitsforum-scaled.jpg\",\"keywords\":[\"Justiz &amp; Polizei\"],\"articleSection\":[\"ALLGEMEIN\"],\"inLanguage\":\"it-IT\"},{\"@type\":\"WebPage\",\"@id\":\"https:\\\/\\\/news.save.ch\\\/fachstelle-fuer-bedrohungsanalyse-bleibt\\\/\",\"url\":\"https:\\\/\\\/news.save.ch\\\/fachstelle-fuer-bedrohungsanalyse-bleibt\\\/\",\"name\":\"Fachstelle f\u00fcr Bedrohungsanalyse bleibt - Save\",\"isPartOf\":{\"@id\":\"https:\\\/\\\/news.save.ch\\\/de\\\/#website\"},\"primaryImageOfPage\":{\"@id\":\"https:\\\/\\\/news.save.ch\\\/fachstelle-fuer-bedrohungsanalyse-bleibt\\\/#primaryimage\"},\"image\":{\"@id\":\"https:\\\/\\\/news.save.ch\\\/fachstelle-fuer-bedrohungsanalyse-bleibt\\\/#primaryimage\"},\"thumbnailUrl\":\"https:\\\/\\\/news.save.ch\\\/wp-content\\\/uploads\\\/2016\\\/12\\\/Fachstelle-fuer-Bedrohungsanalyse-bleibt-sicherheitsforum-scaled.jpg\",\"datePublished\":\"2015-11-05T12:29:44+00:00\",\"description\":\"Die als Pilotprojekt gef\u00fchrte kantonale Fachstelle f\u00fcr Bedrohungsanalyse hat sich bew\u00e4hrt und bleibt, wie der Regierungsrat des Kantons Z\u00fcrich heute mitgeteilt hat.\",\"breadcrumb\":{\"@id\":\"https:\\\/\\\/news.save.ch\\\/fachstelle-fuer-bedrohungsanalyse-bleibt\\\/#breadcrumb\"},\"inLanguage\":\"it-IT\",\"potentialAction\":[{\"@type\":\"ReadAction\",\"target\":[\"https:\\\/\\\/news.save.ch\\\/fachstelle-fuer-bedrohungsanalyse-bleibt\\\/\"]}]},{\"@type\":\"ImageObject\",\"inLanguage\":\"it-IT\",\"@id\":\"https:\\\/\\\/news.save.ch\\\/fachstelle-fuer-bedrohungsanalyse-bleibt\\\/#primaryimage\",\"url\":\"https:\\\/\\\/news.save.ch\\\/wp-content\\\/uploads\\\/2016\\\/12\\\/Fachstelle-fuer-Bedrohungsanalyse-bleibt-sicherheitsforum-scaled.jpg\",\"contentUrl\":\"https:\\\/\\\/news.save.ch\\\/wp-content\\\/uploads\\\/2016\\\/12\\\/Fachstelle-fuer-Bedrohungsanalyse-bleibt-sicherheitsforum-scaled.jpg\",\"width\":1073,\"height\":1400},{\"@type\":\"BreadcrumbList\",\"@id\":\"https:\\\/\\\/news.save.ch\\\/fachstelle-fuer-bedrohungsanalyse-bleibt\\\/#breadcrumb\",\"itemListElement\":[{\"@type\":\"ListItem\",\"position\":1,\"name\":\"Home\",\"item\":\"https:\\\/\\\/news.save.ch\\\/de\\\/\"},{\"@type\":\"ListItem\",\"position\":2,\"name\":\"Fachstelle f\u00fcr Bedrohungsanalyse bleibt\"}]},{\"@type\":\"WebSite\",\"@id\":\"https:\\\/\\\/news.save.ch\\\/de\\\/#website\",\"url\":\"https:\\\/\\\/news.save.ch\\\/de\\\/\",\"name\":\"Save\",\"description\":\"Schweizer Fachzeitschrift f\u00fcr Sicherheit\",\"publisher\":{\"@id\":\"https:\\\/\\\/news.save.ch\\\/de\\\/#organization\"},\"potentialAction\":[{\"@type\":\"SearchAction\",\"target\":{\"@type\":\"EntryPoint\",\"urlTemplate\":\"https:\\\/\\\/news.save.ch\\\/de\\\/?s={search_term_string}\"},\"query-input\":{\"@type\":\"PropertyValueSpecification\",\"valueRequired\":true,\"valueName\":\"search_term_string\"}}],\"inLanguage\":\"it-IT\"},{\"@type\":\"Organization\",\"@id\":\"https:\\\/\\\/news.save.ch\\\/de\\\/#organization\",\"name\":\"Sicherheitsforum\",\"url\":\"https:\\\/\\\/news.save.ch\\\/de\\\/\",\"logo\":{\"@type\":\"ImageObject\",\"inLanguage\":\"it-IT\",\"@id\":\"https:\\\/\\\/news.save.ch\\\/de\\\/#\\\/schema\\\/logo\\\/image\\\/\",\"url\":\"https:\\\/\\\/news.save.ch\\\/wp-content\\\/uploads\\\/2022\\\/06\\\/Logo_SF_2012.png\",\"contentUrl\":\"https:\\\/\\\/news.save.ch\\\/wp-content\\\/uploads\\\/2022\\\/06\\\/Logo_SF_2012.png\",\"width\":1100,\"height\":91,\"caption\":\"Sicherheitsforum\"},\"image\":{\"@id\":\"https:\\\/\\\/news.save.ch\\\/de\\\/#\\\/schema\\\/logo\\\/image\\\/\"}},{\"@type\":\"Person\",\"@id\":\"https:\\\/\\\/news.save.ch\\\/de\\\/#\\\/schema\\\/person\\\/d49e199490bad7c70d64b9ab51142f2b\",\"name\":\"admin\",\"image\":{\"@type\":\"ImageObject\",\"inLanguage\":\"it-IT\",\"@id\":\"https:\\\/\\\/secure.gravatar.com\\\/avatar\\\/ae2f4d718e6c49043e314ce431e7e645d646302a24a5ef5a8bc8e3f5a032e319?s=96&d=mm&r=g\",\"url\":\"https:\\\/\\\/secure.gravatar.com\\\/avatar\\\/ae2f4d718e6c49043e314ce431e7e645d646302a24a5ef5a8bc8e3f5a032e319?s=96&d=mm&r=g\",\"contentUrl\":\"https:\\\/\\\/secure.gravatar.com\\\/avatar\\\/ae2f4d718e6c49043e314ce431e7e645d646302a24a5ef5a8bc8e3f5a032e319?s=96&d=mm&r=g\",\"caption\":\"admin\"},\"sameAs\":[\"https:\\\/\\\/develop.organisator.galledia.ch\"],\"url\":\"https:\\\/\\\/news.save.ch\\\/it\\\/author\\\/admin\\\/\"}]}<\/script>\n<!-- \/ Yoast SEO plugin. -->","yoast_head_json":{"title":"L'unit\u00e0 di analisi delle minacce rimane - Salva","description":"L'Unit\u00e0 cantonale di analisi delle minacce, gestita come progetto pilota, ha dimostrato la sua validit\u00e0 e rimarr\u00e0 in funzione, ha annunciato oggi il Consiglio governativo del Cantone di Zurigo.","robots":{"index":"index","follow":"follow","max-snippet":"max-snippet:-1","max-image-preview":"max-image-preview:large","max-video-preview":"max-video-preview:-1"},"canonical":"https:\/\/news.save.ch\/it\/fachstelle-fuer-bedrohungsanalyse-bleibt\/","og_locale":"it_IT","og_type":"article","og_title":"Fachstelle f\u00fcr Bedrohungsanalyse bleibt","og_description":"Die als Pilotprojekt gef\u00fchrte kantonale Fachstelle f\u00fcr Bedrohungsanalyse hat sich bew\u00e4hrt und bleibt, wie der Regierungsrat des Kantons Z\u00fcrich heute mitgeteilt hat.","og_url":"https:\/\/news.save.ch\/it\/fachstelle-fuer-bedrohungsanalyse-bleibt\/","og_site_name":"Save","article_published_time":"2015-11-05T12:29:44+00:00","og_image":[{"url":"https:\/\/news.save.ch\/wp-content\/uploads\/2016\/12\/Fachstelle-f\u00fcr-Bedrohungsanalyse-bleibt-sicherheitsforum.jpg","type":"","width":"","height":""}],"author":"admin","twitter_card":"summary_large_image","twitter_misc":{"Scritto da":"admin","Tempo di lettura stimato":"2 minuti"},"schema":{"@context":"https:\/\/schema.org","@graph":[{"@type":"Article","@id":"https:\/\/news.save.ch\/fachstelle-fuer-bedrohungsanalyse-bleibt\/#article","isPartOf":{"@id":"https:\/\/news.save.ch\/fachstelle-fuer-bedrohungsanalyse-bleibt\/"},"author":{"name":"admin","@id":"https:\/\/news.save.ch\/de\/#\/schema\/person\/d49e199490bad7c70d64b9ab51142f2b"},"headline":"Fachstelle f\u00fcr Bedrohungsanalyse bleibt","datePublished":"2015-11-05T12:29:44+00:00","mainEntityOfPage":{"@id":"https:\/\/news.save.ch\/fachstelle-fuer-bedrohungsanalyse-bleibt\/"},"wordCount":407,"commentCount":0,"publisher":{"@id":"https:\/\/news.save.ch\/de\/#organization"},"image":{"@id":"https:\/\/news.save.ch\/fachstelle-fuer-bedrohungsanalyse-bleibt\/#primaryimage"},"thumbnailUrl":"https:\/\/news.save.ch\/wp-content\/uploads\/2016\/12\/Fachstelle-fuer-Bedrohungsanalyse-bleibt-sicherheitsforum-scaled.jpg","keywords":["Justiz &amp; Polizei"],"articleSection":["ALLGEMEIN"],"inLanguage":"it-IT"},{"@type":"WebPage","@id":"https:\/\/news.save.ch\/fachstelle-fuer-bedrohungsanalyse-bleibt\/","url":"https:\/\/news.save.ch\/fachstelle-fuer-bedrohungsanalyse-bleibt\/","name":"L'unit\u00e0 di analisi delle minacce rimane - Salva","isPartOf":{"@id":"https:\/\/news.save.ch\/de\/#website"},"primaryImageOfPage":{"@id":"https:\/\/news.save.ch\/fachstelle-fuer-bedrohungsanalyse-bleibt\/#primaryimage"},"image":{"@id":"https:\/\/news.save.ch\/fachstelle-fuer-bedrohungsanalyse-bleibt\/#primaryimage"},"thumbnailUrl":"https:\/\/news.save.ch\/wp-content\/uploads\/2016\/12\/Fachstelle-fuer-Bedrohungsanalyse-bleibt-sicherheitsforum-scaled.jpg","datePublished":"2015-11-05T12:29:44+00:00","description":"L'Unit\u00e0 cantonale di analisi delle minacce, gestita come progetto pilota, ha dimostrato la sua validit\u00e0 e rimarr\u00e0 in funzione, ha annunciato oggi il Consiglio governativo del Cantone di Zurigo.","breadcrumb":{"@id":"https:\/\/news.save.ch\/fachstelle-fuer-bedrohungsanalyse-bleibt\/#breadcrumb"},"inLanguage":"it-IT","potentialAction":[{"@type":"ReadAction","target":["https:\/\/news.save.ch\/fachstelle-fuer-bedrohungsanalyse-bleibt\/"]}]},{"@type":"ImageObject","inLanguage":"it-IT","@id":"https:\/\/news.save.ch\/fachstelle-fuer-bedrohungsanalyse-bleibt\/#primaryimage","url":"https:\/\/news.save.ch\/wp-content\/uploads\/2016\/12\/Fachstelle-fuer-Bedrohungsanalyse-bleibt-sicherheitsforum-scaled.jpg","contentUrl":"https:\/\/news.save.ch\/wp-content\/uploads\/2016\/12\/Fachstelle-fuer-Bedrohungsanalyse-bleibt-sicherheitsforum-scaled.jpg","width":1073,"height":1400},{"@type":"BreadcrumbList","@id":"https:\/\/news.save.ch\/fachstelle-fuer-bedrohungsanalyse-bleibt\/#breadcrumb","itemListElement":[{"@type":"ListItem","position":1,"name":"Home","item":"https:\/\/news.save.ch\/de\/"},{"@type":"ListItem","position":2,"name":"Fachstelle f\u00fcr Bedrohungsanalyse bleibt"}]},{"@type":"WebSite","@id":"https:\/\/news.save.ch\/de\/#website","url":"https:\/\/news.save.ch\/de\/","name":"Risparmiare","description":"Rivista svizzera specializzata in sicurezza","publisher":{"@id":"https:\/\/news.save.ch\/de\/#organization"},"potentialAction":[{"@type":"SearchAction","target":{"@type":"EntryPoint","urlTemplate":"https:\/\/news.save.ch\/de\/?s={search_term_string}"},"query-input":{"@type":"PropertyValueSpecification","valueRequired":true,"valueName":"search_term_string"}}],"inLanguage":"it-IT"},{"@type":"Organization","@id":"https:\/\/news.save.ch\/de\/#organization","name":"Forum sulla sicurezza","url":"https:\/\/news.save.ch\/de\/","logo":{"@type":"ImageObject","inLanguage":"it-IT","@id":"https:\/\/news.save.ch\/de\/#\/schema\/logo\/image\/","url":"https:\/\/news.save.ch\/wp-content\/uploads\/2022\/06\/Logo_SF_2012.png","contentUrl":"https:\/\/news.save.ch\/wp-content\/uploads\/2022\/06\/Logo_SF_2012.png","width":1100,"height":91,"caption":"Sicherheitsforum"},"image":{"@id":"https:\/\/news.save.ch\/de\/#\/schema\/logo\/image\/"}},{"@type":"Person","@id":"https:\/\/news.save.ch\/de\/#\/schema\/person\/d49e199490bad7c70d64b9ab51142f2b","name":"amministratore","image":{"@type":"ImageObject","inLanguage":"it-IT","@id":"https:\/\/secure.gravatar.com\/avatar\/ae2f4d718e6c49043e314ce431e7e645d646302a24a5ef5a8bc8e3f5a032e319?s=96&d=mm&r=g","url":"https:\/\/secure.gravatar.com\/avatar\/ae2f4d718e6c49043e314ce431e7e645d646302a24a5ef5a8bc8e3f5a032e319?s=96&d=mm&r=g","contentUrl":"https:\/\/secure.gravatar.com\/avatar\/ae2f4d718e6c49043e314ce431e7e645d646302a24a5ef5a8bc8e3f5a032e319?s=96&d=mm&r=g","caption":"admin"},"sameAs":["https:\/\/develop.organisator.galledia.ch"],"url":"https:\/\/news.save.ch\/it\/author\/admin\/"}]}},"_links":{"self":[{"href":"https:\/\/news.save.ch\/it\/wp-json\/wp\/v2\/posts\/1725","targetHints":{"allow":["GET"]}}],"collection":[{"href":"https:\/\/news.save.ch\/it\/wp-json\/wp\/v2\/posts"}],"about":[{"href":"https:\/\/news.save.ch\/it\/wp-json\/wp\/v2\/types\/post"}],"author":[{"embeddable":true,"href":"https:\/\/news.save.ch\/it\/wp-json\/wp\/v2\/users\/1"}],"replies":[{"embeddable":true,"href":"https:\/\/news.save.ch\/it\/wp-json\/wp\/v2\/comments?post=1725"}],"version-history":[{"count":0,"href":"https:\/\/news.save.ch\/it\/wp-json\/wp\/v2\/posts\/1725\/revisions"}],"wp:featuredmedia":[{"embeddable":true,"href":"https:\/\/news.save.ch\/it\/wp-json\/wp\/v2\/media\/1728"}],"wp:attachment":[{"href":"https:\/\/news.save.ch\/it\/wp-json\/wp\/v2\/media?parent=1725"}],"wp:term":[{"taxonomy":"category","embeddable":true,"href":"https:\/\/news.save.ch\/it\/wp-json\/wp\/v2\/categories?post=1725"},{"taxonomy":"post_tag","embeddable":true,"href":"https:\/\/news.save.ch\/it\/wp-json\/wp\/v2\/tags?post=1725"}],"curies":[{"name":"wp","href":"https:\/\/api.w.org\/{rel}","templated":true}]}}