{"id":1757,"date":"2015-05-12T08:00:15","date_gmt":"2015-05-12T06:00:15","guid":{"rendered":"https:\/\/dev.sicherheitsforum.ch\/?p=1757"},"modified":"2015-05-12T08:00:15","modified_gmt":"2015-05-12T06:00:15","slug":"vertriebsteam-erweitert","status":null,"type":"post","link":"https:\/\/news.save.ch\/it\/vertriebsteam-erweitert\/","title":{"rendered":"Ampliamento del team di vendita"},"content":{"rendered":"<figure id=\"attachment_1765\" aria-describedby=\"caption-attachment-1765\" style=\"width: 680px\" class=\"wp-caption alignnone\"><img loading=\"lazy\" decoding=\"async\" class=\"size-medium wp-image-1765\" src=\"https:\/\/sicherheitsforum.ch\/wp-content\/uploads\/2016\/12\/55509b87bedb5_salto_wuffli_Sicherheitsforum.jpg\" alt=\"\" width=\"680\" height=\"453\" \/><figcaption id=\"caption-attachment-1765\" class=\"wp-caption-text\">David Wuffli<\/figcaption><\/figure>\n<figure id=\"attachment_1772\" aria-describedby=\"caption-attachment-1772\" style=\"width: 665px\" class=\"wp-caption alignnone\"><img loading=\"lazy\" decoding=\"async\" class=\"size-medium wp-image-1772\" src=\"https:\/\/sicherheitsforum.ch\/wp-content\/uploads\/2016\/12\/55509b87bf388_salto_mogy_Sicherheitsforum.jpg\" alt=\"\" width=\"665\" height=\"1000\" \/><figcaption id=\"caption-attachment-1772\" class=\"wp-caption-text\">Ren\u00e9 Mogy<\/figcaption><\/figure>\n<p>David Wuffli (45 anni) sar\u00e0 in futuro responsabile della distribuzione del <a title=\"Collegamento a Salto\" href=\"https:\/\/www.saltosystems.ch\" target=\"_blank\" data-cke-saved-href=\"https:\/\/www.saltosystems.ch\" rel=\"noopener\">Salto<\/a>-soluzioni nella Svizzera occidentale. Secondo il comunicato stampa, i suoi compiti comprendono il supporto ai partner e l'acquisizione di nuovi progetti nella regione. Wuffli guarda indietro a 15 anni di esperienza nel settore delle costruzioni e della sicurezza. Recentemente \u00e8 stato responsabile del servizio clienti per la citt\u00e0 di Losanna presso Schindler Aufz\u00fcge, prima di ricoprire per nove anni il ruolo di responsabile della filiale della Svizzera occidentale presso Assa Abloy e per tre anni quello di responsabile della filiale di Losanna presso Securiton.<\/p>\n<p>Ren\u00e9 Mogy (53) \u00e8 il nuovo ingegnere di vendita per la Svizzera nordoccidentale. La sua attenzione si concentra sulle attivit\u00e0 immobiliari e di progetto, nonch\u00e9 sull'assistenza ai clienti e ai partner. Mogy ha molti anni di esperienza nella vendita di soluzioni complesse nei settori della sicurezza, dell'automazione, del controllo degli accessi e della tecnica delle porte. In precedenza ha lavorato come consulente nel settore dei contratti presso Assa Abloy Svizzera e Alpiq Intec Ost.<\/p>","protected":false},"excerpt":{"rendered":"<p>David Wuffli (45) ist k\u00fcnftig f\u00fcr den Vertrieb der Salto-L\u00f6sungen in der Westschweiz verantwortlich. Zu seinen Aufgaben geh\u00f6ren laut Mitteilung\u00a0die Unterst\u00fctzung der Partner sowie die Akquise neuer Projekte in der Region. Wuffli blickt\u00a0auf 15 Jahre Erfahrung in der Bau- und Sicherheitsbranche zur\u00fcck. Zuletzt war er als Kundendienstleiter f\u00fcr die Stadt Lausanne bei Schindler Aufz\u00fcge besch\u00e4ftigt, [&hellip;]<\/p>\n","protected":false},"author":1,"featured_media":1772,"comment_status":"open","ping_status":"open","sticky":false,"template":"","format":"standard","meta":{"_acf_changed":false,"pgc_sgb_lightbox_settings":"","footnotes":""},"categories":[1],"tags":[195,144,196,197],"class_list":["post-1757","post","type-post","status-publish","format-standard","has-post-thumbnail","hentry","category-allgemein","tag-david-wuffli","tag-personalien","tag-rene-mogy","tag-salto-systems-ag"],"acf":[],"hkrextid":null,"publication":null,"issue":null,"workflow":null,"startPage":null,"spitzmarke":null,"_posts_by_tag_page_fields":{"widget_title":"","widget_tags":""},"_at_widget":"1","_yoast_wpseo_primary_category":"","_yoast_wpseo_focuskw_text_input":"Vertriebsteam","_yoast_wpseo_opengraph-image":"https:\/\/news.save.ch\/wp-content\/uploads\/2016\/12\/55509b87bf388_salto_mogy_Sicherheitsforum.jpg","_yoast_wpseo_opengraph-description":"Die Salto Systems AG in Eschlikon hat gem\u00e4ss Mitteilung ihre Vertriebsmannschaft mit David Wuffli und Ren\u00e9 Mogy verst\u00e4rkt.","_yoast_wpseo_opengraph-title":"Vertriebsteam","enclosure":null,"_yoast_wpseo_twitter-title":null,"_yoast_wpseo_twitter-description":null,"_yoast_wpseo_twitter-image":null,"_wp_old_slug":null,"_yoast_wpseo_title":null,"_yoast_wpseo_canonical":null,"yoast_head":"<!-- This site is optimized with the Yoast SEO plugin v27.5 - https:\/\/yoast.com\/product\/yoast-seo-wordpress\/ -->\n<title>Vertriebsteam erweitert - Save<\/title>\n<meta name=\"description\" content=\"Die Salto Systems AG in Eschlikon hat gem\u00e4ss Mitteilung ihr Vertriebsteam mit David Wuffli und Ren\u00e9 Mogy verst\u00e4rkt.\" \/>\n<meta name=\"robots\" content=\"index, follow, max-snippet:-1, max-image-preview:large, max-video-preview:-1\" \/>\n<link rel=\"canonical\" href=\"https:\/\/news.save.ch\/it\/vertriebsteam-erweitert\/\" \/>\n<meta property=\"og:locale\" content=\"it_IT\" \/>\n<meta property=\"og:type\" content=\"article\" \/>\n<meta property=\"og:title\" content=\"Vertriebsteam\" \/>\n<meta property=\"og:description\" content=\"Die Salto Systems AG in Eschlikon hat gem\u00e4ss Mitteilung ihre Vertriebsmannschaft mit David Wuffli und Ren\u00e9 Mogy verst\u00e4rkt.\" \/>\n<meta property=\"og:url\" content=\"https:\/\/news.save.ch\/it\/vertriebsteam-erweitert\/\" \/>\n<meta property=\"og:site_name\" content=\"Save\" \/>\n<meta property=\"article:published_time\" content=\"2015-05-12T06:00:15+00:00\" \/>\n<meta property=\"og:image\" content=\"https:\/\/news.save.ch\/wp-content\/uploads\/2016\/12\/55509b87bf388_salto_mogy_Sicherheitsforum.jpg\" \/>\n<meta name=\"author\" content=\"admin\" \/>\n<meta name=\"twitter:card\" content=\"summary_large_image\" \/>\n<meta name=\"twitter:label1\" content=\"Scritto da\" \/>\n\t<meta name=\"twitter:data1\" content=\"admin\" \/>\n\t<meta name=\"twitter:label2\" content=\"Tempo di lettura stimato\" \/>\n\t<meta name=\"twitter:data2\" content=\"1 minuto\" \/>\n<script type=\"application\/ld+json\" class=\"yoast-schema-graph\">{\"@context\":\"https:\\\/\\\/schema.org\",\"@graph\":[{\"@type\":\"Article\",\"@id\":\"https:\\\/\\\/news.save.ch\\\/vertriebsteam-erweitert\\\/#article\",\"isPartOf\":{\"@id\":\"https:\\\/\\\/news.save.ch\\\/vertriebsteam-erweitert\\\/\"},\"author\":{\"name\":\"admin\",\"@id\":\"https:\\\/\\\/news.save.ch\\\/de\\\/#\\\/schema\\\/person\\\/d49e199490bad7c70d64b9ab51142f2b\"},\"headline\":\"Vertriebsteam erweitert\",\"datePublished\":\"2015-05-12T06:00:15+00:00\",\"mainEntityOfPage\":{\"@id\":\"https:\\\/\\\/news.save.ch\\\/vertriebsteam-erweitert\\\/\"},\"wordCount\":167,\"commentCount\":0,\"publisher\":{\"@id\":\"https:\\\/\\\/news.save.ch\\\/de\\\/#organization\"},\"image\":{\"@id\":\"https:\\\/\\\/news.save.ch\\\/vertriebsteam-erweitert\\\/#primaryimage\"},\"thumbnailUrl\":\"https:\\\/\\\/news.save.ch\\\/wp-content\\\/uploads\\\/2016\\\/12\\\/55509b87bf388_salto_mogy_Sicherheitsforum-scaled-1-scaled.jpg\",\"keywords\":[\"David Wuffli\",\"Personalien\",\"Ren\u00e9 Mogy\",\"Salto Systems AG\"],\"articleSection\":[\"ALLGEMEIN\"],\"inLanguage\":\"it-IT\"},{\"@type\":\"WebPage\",\"@id\":\"https:\\\/\\\/news.save.ch\\\/vertriebsteam-erweitert\\\/\",\"url\":\"https:\\\/\\\/news.save.ch\\\/vertriebsteam-erweitert\\\/\",\"name\":\"Vertriebsteam erweitert - Save\",\"isPartOf\":{\"@id\":\"https:\\\/\\\/news.save.ch\\\/de\\\/#website\"},\"primaryImageOfPage\":{\"@id\":\"https:\\\/\\\/news.save.ch\\\/vertriebsteam-erweitert\\\/#primaryimage\"},\"image\":{\"@id\":\"https:\\\/\\\/news.save.ch\\\/vertriebsteam-erweitert\\\/#primaryimage\"},\"thumbnailUrl\":\"https:\\\/\\\/news.save.ch\\\/wp-content\\\/uploads\\\/2016\\\/12\\\/55509b87bf388_salto_mogy_Sicherheitsforum-scaled-1-scaled.jpg\",\"datePublished\":\"2015-05-12T06:00:15+00:00\",\"description\":\"Die Salto Systems AG in Eschlikon hat gem\u00e4ss Mitteilung ihr Vertriebsteam mit David Wuffli und Ren\u00e9 Mogy verst\u00e4rkt.\",\"breadcrumb\":{\"@id\":\"https:\\\/\\\/news.save.ch\\\/vertriebsteam-erweitert\\\/#breadcrumb\"},\"inLanguage\":\"it-IT\",\"potentialAction\":[{\"@type\":\"ReadAction\",\"target\":[\"https:\\\/\\\/news.save.ch\\\/vertriebsteam-erweitert\\\/\"]}]},{\"@type\":\"ImageObject\",\"inLanguage\":\"it-IT\",\"@id\":\"https:\\\/\\\/news.save.ch\\\/vertriebsteam-erweitert\\\/#primaryimage\",\"url\":\"https:\\\/\\\/news.save.ch\\\/wp-content\\\/uploads\\\/2016\\\/12\\\/55509b87bf388_salto_mogy_Sicherheitsforum-scaled-1-scaled.jpg\",\"contentUrl\":\"https:\\\/\\\/news.save.ch\\\/wp-content\\\/uploads\\\/2016\\\/12\\\/55509b87bf388_salto_mogy_Sicherheitsforum-scaled-1-scaled.jpg\",\"width\":931,\"height\":1400,\"caption\":\"Ren\u00e9 Mogy\"},{\"@type\":\"BreadcrumbList\",\"@id\":\"https:\\\/\\\/news.save.ch\\\/vertriebsteam-erweitert\\\/#breadcrumb\",\"itemListElement\":[{\"@type\":\"ListItem\",\"position\":1,\"name\":\"Home\",\"item\":\"https:\\\/\\\/news.save.ch\\\/de\\\/\"},{\"@type\":\"ListItem\",\"position\":2,\"name\":\"Vertriebsteam erweitert\"}]},{\"@type\":\"WebSite\",\"@id\":\"https:\\\/\\\/news.save.ch\\\/de\\\/#website\",\"url\":\"https:\\\/\\\/news.save.ch\\\/de\\\/\",\"name\":\"Save\",\"description\":\"Schweizer Fachzeitschrift f\u00fcr Sicherheit\",\"publisher\":{\"@id\":\"https:\\\/\\\/news.save.ch\\\/de\\\/#organization\"},\"potentialAction\":[{\"@type\":\"SearchAction\",\"target\":{\"@type\":\"EntryPoint\",\"urlTemplate\":\"https:\\\/\\\/news.save.ch\\\/de\\\/?s={search_term_string}\"},\"query-input\":{\"@type\":\"PropertyValueSpecification\",\"valueRequired\":true,\"valueName\":\"search_term_string\"}}],\"inLanguage\":\"it-IT\"},{\"@type\":\"Organization\",\"@id\":\"https:\\\/\\\/news.save.ch\\\/de\\\/#organization\",\"name\":\"Sicherheitsforum\",\"url\":\"https:\\\/\\\/news.save.ch\\\/de\\\/\",\"logo\":{\"@type\":\"ImageObject\",\"inLanguage\":\"it-IT\",\"@id\":\"https:\\\/\\\/news.save.ch\\\/de\\\/#\\\/schema\\\/logo\\\/image\\\/\",\"url\":\"https:\\\/\\\/news.save.ch\\\/wp-content\\\/uploads\\\/2022\\\/06\\\/Logo_SF_2012.png\",\"contentUrl\":\"https:\\\/\\\/news.save.ch\\\/wp-content\\\/uploads\\\/2022\\\/06\\\/Logo_SF_2012.png\",\"width\":1100,\"height\":91,\"caption\":\"Sicherheitsforum\"},\"image\":{\"@id\":\"https:\\\/\\\/news.save.ch\\\/de\\\/#\\\/schema\\\/logo\\\/image\\\/\"}},{\"@type\":\"Person\",\"@id\":\"https:\\\/\\\/news.save.ch\\\/de\\\/#\\\/schema\\\/person\\\/d49e199490bad7c70d64b9ab51142f2b\",\"name\":\"admin\",\"image\":{\"@type\":\"ImageObject\",\"inLanguage\":\"it-IT\",\"@id\":\"https:\\\/\\\/secure.gravatar.com\\\/avatar\\\/ae2f4d718e6c49043e314ce431e7e645d646302a24a5ef5a8bc8e3f5a032e319?s=96&d=mm&r=g\",\"url\":\"https:\\\/\\\/secure.gravatar.com\\\/avatar\\\/ae2f4d718e6c49043e314ce431e7e645d646302a24a5ef5a8bc8e3f5a032e319?s=96&d=mm&r=g\",\"contentUrl\":\"https:\\\/\\\/secure.gravatar.com\\\/avatar\\\/ae2f4d718e6c49043e314ce431e7e645d646302a24a5ef5a8bc8e3f5a032e319?s=96&d=mm&r=g\",\"caption\":\"admin\"},\"sameAs\":[\"https:\\\/\\\/develop.organisator.galledia.ch\"],\"url\":\"https:\\\/\\\/news.save.ch\\\/it\\\/author\\\/admin\\\/\"}]}<\/script>\n<!-- \/ Yoast SEO plugin. -->","yoast_head_json":{"title":"Ampliamento del team di vendita - Salva","description":"Salto Systems AG di Eschlikon ha rafforzato il suo team di vendita con David Wuffli e Ren\u00e9 Mogy, secondo quanto dichiarato.","robots":{"index":"index","follow":"follow","max-snippet":"max-snippet:-1","max-image-preview":"max-image-preview:large","max-video-preview":"max-video-preview:-1"},"canonical":"https:\/\/news.save.ch\/it\/vertriebsteam-erweitert\/","og_locale":"it_IT","og_type":"article","og_title":"Vertriebsteam","og_description":"Die Salto Systems AG in Eschlikon hat gem\u00e4ss Mitteilung ihre Vertriebsmannschaft mit David Wuffli und Ren\u00e9 Mogy verst\u00e4rkt.","og_url":"https:\/\/news.save.ch\/it\/vertriebsteam-erweitert\/","og_site_name":"Save","article_published_time":"2015-05-12T06:00:15+00:00","og_image":[{"url":"https:\/\/news.save.ch\/wp-content\/uploads\/2016\/12\/55509b87bf388_salto_mogy_Sicherheitsforum.jpg","type":"","width":"","height":""}],"author":"admin","twitter_card":"summary_large_image","twitter_misc":{"Scritto da":"admin","Tempo di lettura stimato":"1 minuto"},"schema":{"@context":"https:\/\/schema.org","@graph":[{"@type":"Article","@id":"https:\/\/news.save.ch\/vertriebsteam-erweitert\/#article","isPartOf":{"@id":"https:\/\/news.save.ch\/vertriebsteam-erweitert\/"},"author":{"name":"admin","@id":"https:\/\/news.save.ch\/de\/#\/schema\/person\/d49e199490bad7c70d64b9ab51142f2b"},"headline":"Vertriebsteam erweitert","datePublished":"2015-05-12T06:00:15+00:00","mainEntityOfPage":{"@id":"https:\/\/news.save.ch\/vertriebsteam-erweitert\/"},"wordCount":167,"commentCount":0,"publisher":{"@id":"https:\/\/news.save.ch\/de\/#organization"},"image":{"@id":"https:\/\/news.save.ch\/vertriebsteam-erweitert\/#primaryimage"},"thumbnailUrl":"https:\/\/news.save.ch\/wp-content\/uploads\/2016\/12\/55509b87bf388_salto_mogy_Sicherheitsforum-scaled-1-scaled.jpg","keywords":["David Wuffli","Personalien","Ren\u00e9 Mogy","Salto Systems AG"],"articleSection":["ALLGEMEIN"],"inLanguage":"it-IT"},{"@type":"WebPage","@id":"https:\/\/news.save.ch\/vertriebsteam-erweitert\/","url":"https:\/\/news.save.ch\/vertriebsteam-erweitert\/","name":"Ampliamento del team di vendita - Salva","isPartOf":{"@id":"https:\/\/news.save.ch\/de\/#website"},"primaryImageOfPage":{"@id":"https:\/\/news.save.ch\/vertriebsteam-erweitert\/#primaryimage"},"image":{"@id":"https:\/\/news.save.ch\/vertriebsteam-erweitert\/#primaryimage"},"thumbnailUrl":"https:\/\/news.save.ch\/wp-content\/uploads\/2016\/12\/55509b87bf388_salto_mogy_Sicherheitsforum-scaled-1-scaled.jpg","datePublished":"2015-05-12T06:00:15+00:00","description":"Salto Systems AG di Eschlikon ha rafforzato il suo team di vendita con David Wuffli e Ren\u00e9 Mogy, secondo quanto dichiarato.","breadcrumb":{"@id":"https:\/\/news.save.ch\/vertriebsteam-erweitert\/#breadcrumb"},"inLanguage":"it-IT","potentialAction":[{"@type":"ReadAction","target":["https:\/\/news.save.ch\/vertriebsteam-erweitert\/"]}]},{"@type":"ImageObject","inLanguage":"it-IT","@id":"https:\/\/news.save.ch\/vertriebsteam-erweitert\/#primaryimage","url":"https:\/\/news.save.ch\/wp-content\/uploads\/2016\/12\/55509b87bf388_salto_mogy_Sicherheitsforum-scaled-1-scaled.jpg","contentUrl":"https:\/\/news.save.ch\/wp-content\/uploads\/2016\/12\/55509b87bf388_salto_mogy_Sicherheitsforum-scaled-1-scaled.jpg","width":931,"height":1400,"caption":"Ren\u00e9 Mogy"},{"@type":"BreadcrumbList","@id":"https:\/\/news.save.ch\/vertriebsteam-erweitert\/#breadcrumb","itemListElement":[{"@type":"ListItem","position":1,"name":"Home","item":"https:\/\/news.save.ch\/de\/"},{"@type":"ListItem","position":2,"name":"Vertriebsteam erweitert"}]},{"@type":"WebSite","@id":"https:\/\/news.save.ch\/de\/#website","url":"https:\/\/news.save.ch\/de\/","name":"Risparmiare","description":"Rivista svizzera specializzata in sicurezza","publisher":{"@id":"https:\/\/news.save.ch\/de\/#organization"},"potentialAction":[{"@type":"SearchAction","target":{"@type":"EntryPoint","urlTemplate":"https:\/\/news.save.ch\/de\/?s={search_term_string}"},"query-input":{"@type":"PropertyValueSpecification","valueRequired":true,"valueName":"search_term_string"}}],"inLanguage":"it-IT"},{"@type":"Organization","@id":"https:\/\/news.save.ch\/de\/#organization","name":"Forum sulla sicurezza","url":"https:\/\/news.save.ch\/de\/","logo":{"@type":"ImageObject","inLanguage":"it-IT","@id":"https:\/\/news.save.ch\/de\/#\/schema\/logo\/image\/","url":"https:\/\/news.save.ch\/wp-content\/uploads\/2022\/06\/Logo_SF_2012.png","contentUrl":"https:\/\/news.save.ch\/wp-content\/uploads\/2022\/06\/Logo_SF_2012.png","width":1100,"height":91,"caption":"Sicherheitsforum"},"image":{"@id":"https:\/\/news.save.ch\/de\/#\/schema\/logo\/image\/"}},{"@type":"Person","@id":"https:\/\/news.save.ch\/de\/#\/schema\/person\/d49e199490bad7c70d64b9ab51142f2b","name":"amministratore","image":{"@type":"ImageObject","inLanguage":"it-IT","@id":"https:\/\/secure.gravatar.com\/avatar\/ae2f4d718e6c49043e314ce431e7e645d646302a24a5ef5a8bc8e3f5a032e319?s=96&d=mm&r=g","url":"https:\/\/secure.gravatar.com\/avatar\/ae2f4d718e6c49043e314ce431e7e645d646302a24a5ef5a8bc8e3f5a032e319?s=96&d=mm&r=g","contentUrl":"https:\/\/secure.gravatar.com\/avatar\/ae2f4d718e6c49043e314ce431e7e645d646302a24a5ef5a8bc8e3f5a032e319?s=96&d=mm&r=g","caption":"admin"},"sameAs":["https:\/\/develop.organisator.galledia.ch"],"url":"https:\/\/news.save.ch\/it\/author\/admin\/"}]}},"_links":{"self":[{"href":"https:\/\/news.save.ch\/it\/wp-json\/wp\/v2\/posts\/1757","targetHints":{"allow":["GET"]}}],"collection":[{"href":"https:\/\/news.save.ch\/it\/wp-json\/wp\/v2\/posts"}],"about":[{"href":"https:\/\/news.save.ch\/it\/wp-json\/wp\/v2\/types\/post"}],"author":[{"embeddable":true,"href":"https:\/\/news.save.ch\/it\/wp-json\/wp\/v2\/users\/1"}],"replies":[{"embeddable":true,"href":"https:\/\/news.save.ch\/it\/wp-json\/wp\/v2\/comments?post=1757"}],"version-history":[{"count":0,"href":"https:\/\/news.save.ch\/it\/wp-json\/wp\/v2\/posts\/1757\/revisions"}],"wp:featuredmedia":[{"embeddable":true,"href":"https:\/\/news.save.ch\/it\/wp-json\/wp\/v2\/media\/1772"}],"wp:attachment":[{"href":"https:\/\/news.save.ch\/it\/wp-json\/wp\/v2\/media?parent=1757"}],"wp:term":[{"taxonomy":"category","embeddable":true,"href":"https:\/\/news.save.ch\/it\/wp-json\/wp\/v2\/categories?post=1757"},{"taxonomy":"post_tag","embeddable":true,"href":"https:\/\/news.save.ch\/it\/wp-json\/wp\/v2\/tags?post=1757"}],"curies":[{"name":"wp","href":"https:\/\/api.w.org\/{rel}","templated":true}]}}