{"id":1760,"date":"2015-10-06T13:45:02","date_gmt":"2015-10-06T11:45:02","guid":{"rendered":"https:\/\/dev.sicherheitsforum.ch\/?p=1760"},"modified":"2023-03-14T08:59:01","modified_gmt":"2023-03-14T07:59:01","slug":"naturgefahren-besser-beurteilen","status":null,"type":"post","link":"https:\/\/news.save.ch\/it\/naturgefahren-besser-beurteilen\/","title":{"rendered":"Migliore valutazione dei rischi naturali"},"content":{"rendered":"<figure id=\"attachment_1761\" aria-describedby=\"caption-attachment-1761\" style=\"width: 680px\" class=\"wp-caption alignnone\"><img loading=\"lazy\" decoding=\"async\" class=\"wp-image-1761 size-medium\" src=\"https:\/\/news.save.ch\/wp-content\/uploads\/2016\/12\/Naturgefahren-besser-beurteilen-sicherheitsforum.jpg\" width=\"680\" height=\"438\" srcset=\"https:\/\/news.save.ch\/wp-content\/uploads\/2016\/12\/Naturgefahren-besser-beurteilen-sicherheitsforum.jpg 985w, https:\/\/news.save.ch\/wp-content\/uploads\/2016\/12\/Naturgefahren-besser-beurteilen-sicherheitsforum-375x242.jpg 375w\" sizes=\"auto, (max-width: 680px) 100vw, 680px\" \/><figcaption id=\"caption-attachment-1761\" class=\"wp-caption-text\">Dove \u00e8 pi\u00f9 probabile che la caduta massi aumenti e dove diminuisca? Fonte: Studio Bafu<\/figcaption><\/figure>\n<p>Nell'ambito della prevenzione dei pericoli naturali, l'Ufficio federale dell'ambiente (UFAM) ha studiato gli effetti dei cambiamenti climatici sulla caduta di massi, sulle valanghe, sulle colate detritiche e sui pericoli derivanti dai torrenti. Pertanto, gli esperti hanno sviluppato un proprio metodo di analisi della sensibilit\u00e0 climatica che tiene conto di diversi scenari climatici. Sono gli stessi utilizzati per la politica climatica.<\/p>\n<p><strong>Effetti diversi a livello regionale<\/strong><\/p>\n<p>Il <a href=\"https:\/\/www.news.admin.ch\/message\/index.html?lang=de&amp;msg-id=58965\" target=\"_blank\" data-cke-saved-href=\"https:\/\/www.news.admin.ch\/message\/index.html?lang=de&amp;msg-id=58965\" rel=\"noopener\">Studio<\/a> \u00a0I risultati mostrano come il pericolo naturale in questione aumenti o diminuisca a seconda degli scenari climatici per la rispettiva regione. I singoli fattori di influenza sono indicati sulle mappe (mappa: rosso uguale \"fortemente in aumento\").<\/p>\n<p>I risultati mostrano anche che non esiste una tendenza generale in Svizzera, poich\u00e9 i fattori di influenza locali, come l'altitudine e l'esposizione, hanno giocato un ruolo importante a seconda della direzione della bussola. In alcune regioni, il rischio di rischi naturali diminuirebbe a causa dei cambiamenti climatici, mentre in altre i rischi tenderebbero ad aumentare. Secondo il rapporto, il possibile danno non \u00e8 stato esaminato nello studio.<\/p>\n<p>I risultati dello studio di sensibilit\u00e0 climatica forniranno ai cantoni e al governo federale una visione complessiva dei cambiamenti previsti. Permetterebbero inoltre un monitoraggio migliore e pi\u00f9 mirato dei rischi naturali. Infine, questi scenari possono servire come base per la pianificazione di future misure di prevenzione, come conclude l'UFAM.<\/p>\n<p><strong>Spettacolo speciale a Zurigo<\/strong><\/p>\n<p>I pericoli naturali sono anche un tema del <a href=\"https:\/\/www.sicherheit-messe.ch\" target=\"_blank\" data-cke-saved-href=\"https:\/\/www.sicherheit-messe.ch\" rel=\"noopener\">Fiera della sicurezza<\/a> (10-13 novembre 2015): Il <a href=\"https:\/\/www.sicherheit-messe.ch\/upload\/dokumente\/Sonderschau_Risikomanagement_Naturgefahren.pdf\" target=\"_blank\" data-cke-saved-href=\"https:\/\/www.sicherheit-messe.ch\/upload\/dokumente\/Sonderschau_Risikomanagement_Naturgefahren.pdf\" rel=\"noopener\">Spettacolo speciale<\/a> \"Gestione del rischio dei pericoli naturali\" \u00e8 dedicato a questo tema con numerose presentazioni. Come sottolineano gli organizzatori, la piattaforma \u00e8 intesa come uno scambio tra esperti di rischi e responsabili della sicurezza.<\/p>","protected":false},"excerpt":{"rendered":"<p>Im Rahmen der Naturgefahrenpr\u00e4vention hat das Bundesamt f\u00fcr Umwelt (Bafu)\u00a0die Auswirkungen des Klimawandels auf Steinschlag, Lawinen, Hangmuren und Gefahren, die von Wildb\u00e4chen ausgehen, untersuchen lassen. Deshalb haben die Fachleute eine eigene Analysemethode zur Klimasensitivit\u00e4t entwickelt, die verschiedene Klimaszenarien ber\u00fccksichtigt. Es sind dieselben, wie sie f\u00fcr die Klimapolitik verwendet werden. Regional unterschiedliche Auswirkungen Die Studie \u00a0deckt [&hellip;]<\/p>\n","protected":false},"author":1,"featured_media":1761,"comment_status":"open","ping_status":"open","sticky":false,"template":"","format":"standard","meta":{"_acf_changed":false,"pgc_sgb_lightbox_settings":"","footnotes":""},"categories":[3312],"tags":[170],"class_list":["post-1760","post","type-post","status-publish","format-standard","has-post-thumbnail","hentry","category-sicherheit","tag-naturgefahren"],"acf":[],"hkrextid":null,"publication":null,"issue":null,"workflow":null,"startPage":null,"spitzmarke":null,"_posts_by_tag_page_fields":{"widget_title":"","widget_tags":""},"_at_widget":"1","_yoast_wpseo_primary_category":"5","_yoast_wpseo_focuskw_text_input":"Naturgefahren","_yoast_wpseo_opengraph-image":"https:\/\/news.save.ch\/wp-content\/uploads\/2016\/12\/Naturgefahren-besser-beurteilen-sicherheitsforum.jpg","_yoast_wpseo_opengraph-description":"Das Bundesamt f\u00fcr Umwelt hat vor dem Hintergrund des Klimawandels die Entwicklung der Naturgefahren-Prozesse mithilfe einer neuen Methode dargestellt. Damit k\u00f6nne die Ver\u00e4nderung von Gefahren in einer Region besser abgesch\u00e4tzt werden.","_yoast_wpseo_opengraph-title":"Naturgefahren besser beurteilen","enclosure":null,"_yoast_wpseo_twitter-title":null,"_yoast_wpseo_twitter-description":null,"_yoast_wpseo_twitter-image":null,"_wp_old_slug":null,"_yoast_wpseo_title":null,"_yoast_wpseo_canonical":null,"yoast_head":"<!-- This site is optimized with the Yoast SEO plugin v27.5 - https:\/\/yoast.com\/product\/yoast-seo-wordpress\/ -->\n<title>Naturgefahren besser beurteilen - Save<\/title>\n<meta name=\"description\" content=\"Das Bundesamt f\u00fcr Umwelt hat vor dem Hintergrund des Klimawandels die Entwicklung der Naturgefahren-Prozesse mithilfe einer neuen Methode dargestellt.\" \/>\n<meta name=\"robots\" content=\"index, follow, max-snippet:-1, max-image-preview:large, max-video-preview:-1\" \/>\n<link rel=\"canonical\" href=\"https:\/\/news.save.ch\/it\/naturgefahren-besser-beurteilen\/\" \/>\n<meta property=\"og:locale\" content=\"it_IT\" \/>\n<meta property=\"og:type\" content=\"article\" \/>\n<meta property=\"og:title\" content=\"Naturgefahren besser beurteilen\" \/>\n<meta property=\"og:description\" content=\"Das Bundesamt f\u00fcr Umwelt hat vor dem Hintergrund des Klimawandels die Entwicklung der Naturgefahren-Prozesse mithilfe einer neuen Methode dargestellt. Damit k\u00f6nne die Ver\u00e4nderung von Gefahren in einer Region besser abgesch\u00e4tzt werden.\" \/>\n<meta property=\"og:url\" content=\"https:\/\/news.save.ch\/it\/naturgefahren-besser-beurteilen\/\" \/>\n<meta property=\"og:site_name\" content=\"Save\" \/>\n<meta property=\"article:published_time\" content=\"2015-10-06T11:45:02+00:00\" \/>\n<meta property=\"article:modified_time\" content=\"2023-03-14T07:59:01+00:00\" \/>\n<meta property=\"og:image\" content=\"https:\/\/news.save.ch\/wp-content\/uploads\/2016\/12\/Naturgefahren-besser-beurteilen-sicherheitsforum.jpg\" \/>\n<meta name=\"author\" content=\"admin\" \/>\n<meta name=\"twitter:card\" content=\"summary_large_image\" \/>\n<meta name=\"twitter:label1\" content=\"Scritto da\" \/>\n\t<meta name=\"twitter:data1\" content=\"admin\" \/>\n\t<meta name=\"twitter:label2\" content=\"Tempo di lettura stimato\" \/>\n\t<meta name=\"twitter:data2\" content=\"1 minuto\" \/>\n<script type=\"application\/ld+json\" class=\"yoast-schema-graph\">{\"@context\":\"https:\\\/\\\/schema.org\",\"@graph\":[{\"@type\":\"Article\",\"@id\":\"https:\\\/\\\/news.save.ch\\\/naturgefahren-besser-beurteilen\\\/#article\",\"isPartOf\":{\"@id\":\"https:\\\/\\\/news.save.ch\\\/naturgefahren-besser-beurteilen\\\/\"},\"author\":{\"name\":\"admin\",\"@id\":\"https:\\\/\\\/news.save.ch\\\/de\\\/#\\\/schema\\\/person\\\/d49e199490bad7c70d64b9ab51142f2b\"},\"headline\":\"Naturgefahren besser beurteilen\",\"datePublished\":\"2015-10-06T11:45:02+00:00\",\"dateModified\":\"2023-03-14T07:59:01+00:00\",\"mainEntityOfPage\":{\"@id\":\"https:\\\/\\\/news.save.ch\\\/naturgefahren-besser-beurteilen\\\/\"},\"wordCount\":301,\"commentCount\":0,\"publisher\":{\"@id\":\"https:\\\/\\\/news.save.ch\\\/de\\\/#organization\"},\"image\":{\"@id\":\"https:\\\/\\\/news.save.ch\\\/naturgefahren-besser-beurteilen\\\/#primaryimage\"},\"thumbnailUrl\":\"https:\\\/\\\/news.save.ch\\\/wp-content\\\/uploads\\\/2016\\\/12\\\/Naturgefahren-besser-beurteilen-sicherheitsforum.jpg\",\"keywords\":[\"Naturgefahren\"],\"articleSection\":[\"SICHERHEIT\"],\"inLanguage\":\"it-IT\"},{\"@type\":\"WebPage\",\"@id\":\"https:\\\/\\\/news.save.ch\\\/naturgefahren-besser-beurteilen\\\/\",\"url\":\"https:\\\/\\\/news.save.ch\\\/naturgefahren-besser-beurteilen\\\/\",\"name\":\"Naturgefahren besser beurteilen - Save\",\"isPartOf\":{\"@id\":\"https:\\\/\\\/news.save.ch\\\/de\\\/#website\"},\"primaryImageOfPage\":{\"@id\":\"https:\\\/\\\/news.save.ch\\\/naturgefahren-besser-beurteilen\\\/#primaryimage\"},\"image\":{\"@id\":\"https:\\\/\\\/news.save.ch\\\/naturgefahren-besser-beurteilen\\\/#primaryimage\"},\"thumbnailUrl\":\"https:\\\/\\\/news.save.ch\\\/wp-content\\\/uploads\\\/2016\\\/12\\\/Naturgefahren-besser-beurteilen-sicherheitsforum.jpg\",\"datePublished\":\"2015-10-06T11:45:02+00:00\",\"dateModified\":\"2023-03-14T07:59:01+00:00\",\"description\":\"Das Bundesamt f\u00fcr Umwelt hat vor dem Hintergrund des Klimawandels die Entwicklung der Naturgefahren-Prozesse mithilfe einer neuen Methode dargestellt.\",\"breadcrumb\":{\"@id\":\"https:\\\/\\\/news.save.ch\\\/naturgefahren-besser-beurteilen\\\/#breadcrumb\"},\"inLanguage\":\"it-IT\",\"potentialAction\":[{\"@type\":\"ReadAction\",\"target\":[\"https:\\\/\\\/news.save.ch\\\/naturgefahren-besser-beurteilen\\\/\"]}]},{\"@type\":\"ImageObject\",\"inLanguage\":\"it-IT\",\"@id\":\"https:\\\/\\\/news.save.ch\\\/naturgefahren-besser-beurteilen\\\/#primaryimage\",\"url\":\"https:\\\/\\\/news.save.ch\\\/wp-content\\\/uploads\\\/2016\\\/12\\\/Naturgefahren-besser-beurteilen-sicherheitsforum.jpg\",\"contentUrl\":\"https:\\\/\\\/news.save.ch\\\/wp-content\\\/uploads\\\/2016\\\/12\\\/Naturgefahren-besser-beurteilen-sicherheitsforum.jpg\",\"width\":985,\"height\":635,\"caption\":\"Wo nimmt der Steinschlag eher zu, wo ab? Quelle: Bafu-Studie\"},{\"@type\":\"BreadcrumbList\",\"@id\":\"https:\\\/\\\/news.save.ch\\\/naturgefahren-besser-beurteilen\\\/#breadcrumb\",\"itemListElement\":[{\"@type\":\"ListItem\",\"position\":1,\"name\":\"Home\",\"item\":\"https:\\\/\\\/news.save.ch\\\/de\\\/\"},{\"@type\":\"ListItem\",\"position\":2,\"name\":\"Naturgefahren besser beurteilen\"}]},{\"@type\":\"WebSite\",\"@id\":\"https:\\\/\\\/news.save.ch\\\/de\\\/#website\",\"url\":\"https:\\\/\\\/news.save.ch\\\/de\\\/\",\"name\":\"Save\",\"description\":\"Schweizer Fachzeitschrift f\u00fcr Sicherheit\",\"publisher\":{\"@id\":\"https:\\\/\\\/news.save.ch\\\/de\\\/#organization\"},\"potentialAction\":[{\"@type\":\"SearchAction\",\"target\":{\"@type\":\"EntryPoint\",\"urlTemplate\":\"https:\\\/\\\/news.save.ch\\\/de\\\/?s={search_term_string}\"},\"query-input\":{\"@type\":\"PropertyValueSpecification\",\"valueRequired\":true,\"valueName\":\"search_term_string\"}}],\"inLanguage\":\"it-IT\"},{\"@type\":\"Organization\",\"@id\":\"https:\\\/\\\/news.save.ch\\\/de\\\/#organization\",\"name\":\"Sicherheitsforum\",\"url\":\"https:\\\/\\\/news.save.ch\\\/de\\\/\",\"logo\":{\"@type\":\"ImageObject\",\"inLanguage\":\"it-IT\",\"@id\":\"https:\\\/\\\/news.save.ch\\\/de\\\/#\\\/schema\\\/logo\\\/image\\\/\",\"url\":\"https:\\\/\\\/news.save.ch\\\/wp-content\\\/uploads\\\/2022\\\/06\\\/Logo_SF_2012.png\",\"contentUrl\":\"https:\\\/\\\/news.save.ch\\\/wp-content\\\/uploads\\\/2022\\\/06\\\/Logo_SF_2012.png\",\"width\":1100,\"height\":91,\"caption\":\"Sicherheitsforum\"},\"image\":{\"@id\":\"https:\\\/\\\/news.save.ch\\\/de\\\/#\\\/schema\\\/logo\\\/image\\\/\"}},{\"@type\":\"Person\",\"@id\":\"https:\\\/\\\/news.save.ch\\\/de\\\/#\\\/schema\\\/person\\\/d49e199490bad7c70d64b9ab51142f2b\",\"name\":\"admin\",\"image\":{\"@type\":\"ImageObject\",\"inLanguage\":\"it-IT\",\"@id\":\"https:\\\/\\\/secure.gravatar.com\\\/avatar\\\/ae2f4d718e6c49043e314ce431e7e645d646302a24a5ef5a8bc8e3f5a032e319?s=96&d=mm&r=g\",\"url\":\"https:\\\/\\\/secure.gravatar.com\\\/avatar\\\/ae2f4d718e6c49043e314ce431e7e645d646302a24a5ef5a8bc8e3f5a032e319?s=96&d=mm&r=g\",\"contentUrl\":\"https:\\\/\\\/secure.gravatar.com\\\/avatar\\\/ae2f4d718e6c49043e314ce431e7e645d646302a24a5ef5a8bc8e3f5a032e319?s=96&d=mm&r=g\",\"caption\":\"admin\"},\"sameAs\":[\"https:\\\/\\\/develop.organisator.galledia.ch\"],\"url\":\"https:\\\/\\\/news.save.ch\\\/it\\\/author\\\/admin\\\/\"}]}<\/script>\n<!-- \/ Yoast SEO plugin. -->","yoast_head_json":{"title":"Migliore valutazione dei rischi naturali - Salva","description":"Sullo sfondo dei cambiamenti climatici, l'Ufficio federale dell'ambiente ha utilizzato un nuovo metodo per illustrare lo sviluppo dei processi di pericolo naturale.","robots":{"index":"index","follow":"follow","max-snippet":"max-snippet:-1","max-image-preview":"max-image-preview:large","max-video-preview":"max-video-preview:-1"},"canonical":"https:\/\/news.save.ch\/it\/naturgefahren-besser-beurteilen\/","og_locale":"it_IT","og_type":"article","og_title":"Naturgefahren besser beurteilen","og_description":"Das Bundesamt f\u00fcr Umwelt hat vor dem Hintergrund des Klimawandels die Entwicklung der Naturgefahren-Prozesse mithilfe einer neuen Methode dargestellt. Damit k\u00f6nne die Ver\u00e4nderung von Gefahren in einer Region besser abgesch\u00e4tzt werden.","og_url":"https:\/\/news.save.ch\/it\/naturgefahren-besser-beurteilen\/","og_site_name":"Save","article_published_time":"2015-10-06T11:45:02+00:00","article_modified_time":"2023-03-14T07:59:01+00:00","og_image":[{"url":"https:\/\/news.save.ch\/wp-content\/uploads\/2016\/12\/Naturgefahren-besser-beurteilen-sicherheitsforum.jpg","type":"","width":"","height":""}],"author":"admin","twitter_card":"summary_large_image","twitter_misc":{"Scritto da":"admin","Tempo di lettura stimato":"1 minuto"},"schema":{"@context":"https:\/\/schema.org","@graph":[{"@type":"Article","@id":"https:\/\/news.save.ch\/naturgefahren-besser-beurteilen\/#article","isPartOf":{"@id":"https:\/\/news.save.ch\/naturgefahren-besser-beurteilen\/"},"author":{"name":"admin","@id":"https:\/\/news.save.ch\/de\/#\/schema\/person\/d49e199490bad7c70d64b9ab51142f2b"},"headline":"Naturgefahren besser beurteilen","datePublished":"2015-10-06T11:45:02+00:00","dateModified":"2023-03-14T07:59:01+00:00","mainEntityOfPage":{"@id":"https:\/\/news.save.ch\/naturgefahren-besser-beurteilen\/"},"wordCount":301,"commentCount":0,"publisher":{"@id":"https:\/\/news.save.ch\/de\/#organization"},"image":{"@id":"https:\/\/news.save.ch\/naturgefahren-besser-beurteilen\/#primaryimage"},"thumbnailUrl":"https:\/\/news.save.ch\/wp-content\/uploads\/2016\/12\/Naturgefahren-besser-beurteilen-sicherheitsforum.jpg","keywords":["Naturgefahren"],"articleSection":["SICHERHEIT"],"inLanguage":"it-IT"},{"@type":"WebPage","@id":"https:\/\/news.save.ch\/naturgefahren-besser-beurteilen\/","url":"https:\/\/news.save.ch\/naturgefahren-besser-beurteilen\/","name":"Migliore valutazione dei rischi naturali - Salva","isPartOf":{"@id":"https:\/\/news.save.ch\/de\/#website"},"primaryImageOfPage":{"@id":"https:\/\/news.save.ch\/naturgefahren-besser-beurteilen\/#primaryimage"},"image":{"@id":"https:\/\/news.save.ch\/naturgefahren-besser-beurteilen\/#primaryimage"},"thumbnailUrl":"https:\/\/news.save.ch\/wp-content\/uploads\/2016\/12\/Naturgefahren-besser-beurteilen-sicherheitsforum.jpg","datePublished":"2015-10-06T11:45:02+00:00","dateModified":"2023-03-14T07:59:01+00:00","description":"Sullo sfondo dei cambiamenti climatici, l'Ufficio federale dell'ambiente ha utilizzato un nuovo metodo per illustrare lo sviluppo dei processi di pericolo naturale.","breadcrumb":{"@id":"https:\/\/news.save.ch\/naturgefahren-besser-beurteilen\/#breadcrumb"},"inLanguage":"it-IT","potentialAction":[{"@type":"ReadAction","target":["https:\/\/news.save.ch\/naturgefahren-besser-beurteilen\/"]}]},{"@type":"ImageObject","inLanguage":"it-IT","@id":"https:\/\/news.save.ch\/naturgefahren-besser-beurteilen\/#primaryimage","url":"https:\/\/news.save.ch\/wp-content\/uploads\/2016\/12\/Naturgefahren-besser-beurteilen-sicherheitsforum.jpg","contentUrl":"https:\/\/news.save.ch\/wp-content\/uploads\/2016\/12\/Naturgefahren-besser-beurteilen-sicherheitsforum.jpg","width":985,"height":635,"caption":"Wo nimmt der Steinschlag eher zu, wo ab? Quelle: Bafu-Studie"},{"@type":"BreadcrumbList","@id":"https:\/\/news.save.ch\/naturgefahren-besser-beurteilen\/#breadcrumb","itemListElement":[{"@type":"ListItem","position":1,"name":"Home","item":"https:\/\/news.save.ch\/de\/"},{"@type":"ListItem","position":2,"name":"Naturgefahren besser beurteilen"}]},{"@type":"WebSite","@id":"https:\/\/news.save.ch\/de\/#website","url":"https:\/\/news.save.ch\/de\/","name":"Risparmiare","description":"Rivista svizzera specializzata in sicurezza","publisher":{"@id":"https:\/\/news.save.ch\/de\/#organization"},"potentialAction":[{"@type":"SearchAction","target":{"@type":"EntryPoint","urlTemplate":"https:\/\/news.save.ch\/de\/?s={search_term_string}"},"query-input":{"@type":"PropertyValueSpecification","valueRequired":true,"valueName":"search_term_string"}}],"inLanguage":"it-IT"},{"@type":"Organization","@id":"https:\/\/news.save.ch\/de\/#organization","name":"Forum sulla sicurezza","url":"https:\/\/news.save.ch\/de\/","logo":{"@type":"ImageObject","inLanguage":"it-IT","@id":"https:\/\/news.save.ch\/de\/#\/schema\/logo\/image\/","url":"https:\/\/news.save.ch\/wp-content\/uploads\/2022\/06\/Logo_SF_2012.png","contentUrl":"https:\/\/news.save.ch\/wp-content\/uploads\/2022\/06\/Logo_SF_2012.png","width":1100,"height":91,"caption":"Sicherheitsforum"},"image":{"@id":"https:\/\/news.save.ch\/de\/#\/schema\/logo\/image\/"}},{"@type":"Person","@id":"https:\/\/news.save.ch\/de\/#\/schema\/person\/d49e199490bad7c70d64b9ab51142f2b","name":"amministratore","image":{"@type":"ImageObject","inLanguage":"it-IT","@id":"https:\/\/secure.gravatar.com\/avatar\/ae2f4d718e6c49043e314ce431e7e645d646302a24a5ef5a8bc8e3f5a032e319?s=96&d=mm&r=g","url":"https:\/\/secure.gravatar.com\/avatar\/ae2f4d718e6c49043e314ce431e7e645d646302a24a5ef5a8bc8e3f5a032e319?s=96&d=mm&r=g","contentUrl":"https:\/\/secure.gravatar.com\/avatar\/ae2f4d718e6c49043e314ce431e7e645d646302a24a5ef5a8bc8e3f5a032e319?s=96&d=mm&r=g","caption":"admin"},"sameAs":["https:\/\/develop.organisator.galledia.ch"],"url":"https:\/\/news.save.ch\/it\/author\/admin\/"}]}},"_links":{"self":[{"href":"https:\/\/news.save.ch\/it\/wp-json\/wp\/v2\/posts\/1760","targetHints":{"allow":["GET"]}}],"collection":[{"href":"https:\/\/news.save.ch\/it\/wp-json\/wp\/v2\/posts"}],"about":[{"href":"https:\/\/news.save.ch\/it\/wp-json\/wp\/v2\/types\/post"}],"author":[{"embeddable":true,"href":"https:\/\/news.save.ch\/it\/wp-json\/wp\/v2\/users\/1"}],"replies":[{"embeddable":true,"href":"https:\/\/news.save.ch\/it\/wp-json\/wp\/v2\/comments?post=1760"}],"version-history":[{"count":1,"href":"https:\/\/news.save.ch\/it\/wp-json\/wp\/v2\/posts\/1760\/revisions"}],"predecessor-version":[{"id":17884,"href":"https:\/\/news.save.ch\/it\/wp-json\/wp\/v2\/posts\/1760\/revisions\/17884"}],"wp:featuredmedia":[{"embeddable":true,"href":"https:\/\/news.save.ch\/it\/wp-json\/wp\/v2\/media\/1761"}],"wp:attachment":[{"href":"https:\/\/news.save.ch\/it\/wp-json\/wp\/v2\/media?parent=1760"}],"wp:term":[{"taxonomy":"category","embeddable":true,"href":"https:\/\/news.save.ch\/it\/wp-json\/wp\/v2\/categories?post=1760"},{"taxonomy":"post_tag","embeddable":true,"href":"https:\/\/news.save.ch\/it\/wp-json\/wp\/v2\/tags?post=1760"}],"curies":[{"name":"wp","href":"https:\/\/api.w.org\/{rel}","templated":true}]}}