{"id":1783,"date":"2015-10-07T13:54:23","date_gmt":"2015-10-07T11:54:23","guid":{"rendered":"https:\/\/dev.sicherheitsforum.ch\/?p=1783"},"modified":"2015-10-07T13:54:23","modified_gmt":"2015-10-07T11:54:23","slug":"seetec-neue-verantwortliche-fuer-vertrieb","status":null,"type":"post","link":"https:\/\/news.save.ch\/it\/seetec-neue-verantwortliche-fuer-vertrieb\/","title":{"rendered":"SeeTec: nuovi responsabili delle vendite"},"content":{"rendered":"<figure id=\"attachment_1787\" aria-describedby=\"caption-attachment-1787\" style=\"width: 472px\" class=\"wp-caption alignnone\"><img loading=\"lazy\" decoding=\"async\" class=\"wp-image-1787 size-full\" src=\"https:\/\/news.save.ch\/wp-content\/uploads\/2016\/12\/SeeTec-neue-Verantwortliche-f\u00fcr-Vertrieb-sicherheitsforum.jpg\" width=\"472\" height=\"709\" \/><figcaption id=\"caption-attachment-1787\" class=\"wp-caption-text\">Frank M\u00fcller<\/figcaption><\/figure>\n<figure id=\"attachment_1788\" aria-describedby=\"caption-attachment-1788\" style=\"width: 680px\" class=\"wp-caption alignnone\"><img loading=\"lazy\" decoding=\"async\" class=\"wp-image-1788 size-medium\" src=\"https:\/\/news.save.ch\/wp-content\/uploads\/2016\/12\/SeeTec-neue-Verantwortliche-f\u00fcr-Vertrieb2-sicherheitsforum.jpg\" width=\"680\" height=\"942\" \/><figcaption id=\"caption-attachment-1788\" class=\"wp-caption-text\">Michael Breuer<\/figcaption><\/figure>\n<figure id=\"attachment_1789\" aria-describedby=\"caption-attachment-1789\" style=\"width: 680px\" class=\"wp-caption alignnone\"><img loading=\"lazy\" decoding=\"async\" class=\"wp-image-1789 size-medium\" src=\"https:\/\/news.save.ch\/wp-content\/uploads\/2016\/12\/SeeTec-neue-Verantwortliche-f\u00fcr-Vertrieb3-sicherheitsforum.jpg\" width=\"680\" height=\"718\" \/><figcaption id=\"caption-attachment-1789\" class=\"wp-caption-text\">Albero di prugne Alarich<\/figcaption><\/figure>\n<p>Frank M\u00fcller \u00e8 il nuovo Country Manager Germania. M\u00fcller lavorava gi\u00e0 nel reparto vendite dell'azienda dal 2008 e continua a essere responsabile della regione della Germania settentrionale. Inoltre, si occupa di partner chiave selezionati in tutta la Germania e ora dirige anche il team di vendita in Germania, secondo il fornitore di soluzioni di sicurezza.<\/p>\n<p>Michael Breuer assume la responsabilit\u00e0 generale del mercato austriaco in qualit\u00e0 di Country Manager. Alarich Pflaumbaum \u00e8 ora responsabile anche della regione della Germania centrale, oltre a ricoprire il ruolo di Country Manager dei Paesi Bassi. Ora \u00e8 anche responsabile della regione della Germania centrale come Key Partner Manager.<\/p>","protected":false},"excerpt":{"rendered":"<p>Frank M\u00fcller ist neuer Country Manager Deutschland. M\u00fcller ist bereits seit 2008 im Vertrieb des Unternehmens\u00a0t\u00e4tig und ist auch weiterhin f\u00fcr das Gebiet Deutschland Nord verantwortlich.\u00a0Zus\u00e4tzlich betreue\u00a0er bundesweit ausgew\u00e4hlte Key Partner und leite\u00a0nun auch das Vertriebsteam in Deutschland, so der Anbieter f\u00fcr Sicherheitsl\u00f6sungen. Michael Breuer \u00fcbernimmt als Country Manager die Gesamtverantwortung f\u00fcr den \u00f6sterreichischen Markt. [&hellip;]<\/p>\n","protected":false},"author":1,"featured_media":1787,"comment_status":"open","ping_status":"open","sticky":false,"template":"","format":"standard","meta":{"_acf_changed":false,"pgc_sgb_lightbox_settings":"","footnotes":""},"categories":[1],"tags":[65],"class_list":["post-1783","post","type-post","status-publish","format-standard","has-post-thumbnail","hentry","category-allgemein","tag-unternehmen"],"acf":[],"hkrextid":null,"publication":null,"issue":null,"workflow":null,"startPage":null,"spitzmarke":null,"_posts_by_tag_page_fields":{"widget_title":"","widget_tags":""},"_at_widget":"1","_yoast_wpseo_primary_category":"1","_yoast_wpseo_focuskw_text_input":"SeeTec","_yoast_wpseo_opengraph-image":"https:\/\/news.save.ch\/wp-content\/uploads\/2016\/12\/SeeTec-neue-Verantwortliche-f\u00fcr-Vertrieb-sicherheitsforum.jpg","_yoast_wpseo_opengraph-description":"SeeTec hat die Zust\u00e4ndigkeiten im Vertrieb in Deutschland und \u00d6sterreich angepasst. Bekannte Gesichter sind in neuen Positionen.","_yoast_wpseo_opengraph-title":"SeeTec: neue Verantwortliche f\u00fcr Vertrieb","enclosure":null,"_yoast_wpseo_twitter-title":null,"_yoast_wpseo_twitter-description":null,"_yoast_wpseo_twitter-image":null,"_wp_old_slug":null,"_yoast_wpseo_title":null,"_yoast_wpseo_canonical":null,"yoast_head":"<!-- This site is optimized with the Yoast SEO plugin v27.5 - https:\/\/yoast.com\/product\/yoast-seo-wordpress\/ -->\n<title>SeeTec: neue Verantwortliche f\u00fcr Vertrieb - Save<\/title>\n<meta name=\"description\" content=\"SeeTec hat die Zust\u00e4ndigkeiten im Vertrieb in Deutschland und \u00d6sterreich angepasst. Bekannte Gesichter sind in neuen Positionen.\" \/>\n<meta name=\"robots\" content=\"index, follow, max-snippet:-1, max-image-preview:large, max-video-preview:-1\" \/>\n<link rel=\"canonical\" href=\"https:\/\/news.save.ch\/it\/seetec-neue-verantwortliche-fuer-vertrieb\/\" \/>\n<meta property=\"og:locale\" content=\"it_IT\" \/>\n<meta property=\"og:type\" content=\"article\" \/>\n<meta property=\"og:title\" content=\"SeeTec: neue Verantwortliche f\u00fcr Vertrieb\" \/>\n<meta property=\"og:description\" content=\"SeeTec hat die Zust\u00e4ndigkeiten im Vertrieb in Deutschland und \u00d6sterreich angepasst. Bekannte Gesichter sind in neuen Positionen.\" \/>\n<meta property=\"og:url\" content=\"https:\/\/news.save.ch\/it\/seetec-neue-verantwortliche-fuer-vertrieb\/\" \/>\n<meta property=\"og:site_name\" content=\"Save\" \/>\n<meta property=\"article:published_time\" content=\"2015-10-07T11:54:23+00:00\" \/>\n<meta property=\"og:image\" content=\"https:\/\/news.save.ch\/wp-content\/uploads\/2016\/12\/SeeTec-neue-Verantwortliche-f\u00fcr-Vertrieb-sicherheitsforum.jpg\" \/>\n<meta name=\"author\" content=\"admin\" \/>\n<meta name=\"twitter:card\" content=\"summary_large_image\" \/>\n<meta name=\"twitter:label1\" content=\"Scritto da\" \/>\n\t<meta name=\"twitter:data1\" content=\"admin\" \/>\n\t<meta name=\"twitter:label2\" content=\"Tempo di lettura stimato\" \/>\n\t<meta name=\"twitter:data2\" content=\"1 minuto\" \/>\n<script type=\"application\/ld+json\" class=\"yoast-schema-graph\">{\"@context\":\"https:\\\/\\\/schema.org\",\"@graph\":[{\"@type\":\"Article\",\"@id\":\"https:\\\/\\\/news.save.ch\\\/seetec-neue-verantwortliche-fuer-vertrieb\\\/#article\",\"isPartOf\":{\"@id\":\"https:\\\/\\\/news.save.ch\\\/seetec-neue-verantwortliche-fuer-vertrieb\\\/\"},\"author\":{\"name\":\"admin\",\"@id\":\"https:\\\/\\\/news.save.ch\\\/de\\\/#\\\/schema\\\/person\\\/d49e199490bad7c70d64b9ab51142f2b\"},\"headline\":\"SeeTec: neue Verantwortliche f\u00fcr Vertrieb\",\"datePublished\":\"2015-10-07T11:54:23+00:00\",\"mainEntityOfPage\":{\"@id\":\"https:\\\/\\\/news.save.ch\\\/seetec-neue-verantwortliche-fuer-vertrieb\\\/\"},\"wordCount\":136,\"commentCount\":0,\"publisher\":{\"@id\":\"https:\\\/\\\/news.save.ch\\\/de\\\/#organization\"},\"image\":{\"@id\":\"https:\\\/\\\/news.save.ch\\\/seetec-neue-verantwortliche-fuer-vertrieb\\\/#primaryimage\"},\"thumbnailUrl\":\"https:\\\/\\\/news.save.ch\\\/wp-content\\\/uploads\\\/2016\\\/12\\\/SeeTec-neue-Verantwortliche-fuer-Vertrieb-sicherheitsforum.jpg\",\"keywords\":[\"Unternehmen\"],\"articleSection\":[\"ALLGEMEIN\"],\"inLanguage\":\"it-IT\"},{\"@type\":\"WebPage\",\"@id\":\"https:\\\/\\\/news.save.ch\\\/seetec-neue-verantwortliche-fuer-vertrieb\\\/\",\"url\":\"https:\\\/\\\/news.save.ch\\\/seetec-neue-verantwortliche-fuer-vertrieb\\\/\",\"name\":\"SeeTec: neue Verantwortliche f\u00fcr Vertrieb - Save\",\"isPartOf\":{\"@id\":\"https:\\\/\\\/news.save.ch\\\/de\\\/#website\"},\"primaryImageOfPage\":{\"@id\":\"https:\\\/\\\/news.save.ch\\\/seetec-neue-verantwortliche-fuer-vertrieb\\\/#primaryimage\"},\"image\":{\"@id\":\"https:\\\/\\\/news.save.ch\\\/seetec-neue-verantwortliche-fuer-vertrieb\\\/#primaryimage\"},\"thumbnailUrl\":\"https:\\\/\\\/news.save.ch\\\/wp-content\\\/uploads\\\/2016\\\/12\\\/SeeTec-neue-Verantwortliche-fuer-Vertrieb-sicherheitsforum.jpg\",\"datePublished\":\"2015-10-07T11:54:23+00:00\",\"description\":\"SeeTec hat die Zust\u00e4ndigkeiten im Vertrieb in Deutschland und \u00d6sterreich angepasst. Bekannte Gesichter sind in neuen Positionen.\",\"breadcrumb\":{\"@id\":\"https:\\\/\\\/news.save.ch\\\/seetec-neue-verantwortliche-fuer-vertrieb\\\/#breadcrumb\"},\"inLanguage\":\"it-IT\",\"potentialAction\":[{\"@type\":\"ReadAction\",\"target\":[\"https:\\\/\\\/news.save.ch\\\/seetec-neue-verantwortliche-fuer-vertrieb\\\/\"]}]},{\"@type\":\"ImageObject\",\"inLanguage\":\"it-IT\",\"@id\":\"https:\\\/\\\/news.save.ch\\\/seetec-neue-verantwortliche-fuer-vertrieb\\\/#primaryimage\",\"url\":\"https:\\\/\\\/news.save.ch\\\/wp-content\\\/uploads\\\/2016\\\/12\\\/SeeTec-neue-Verantwortliche-fuer-Vertrieb-sicherheitsforum.jpg\",\"contentUrl\":\"https:\\\/\\\/news.save.ch\\\/wp-content\\\/uploads\\\/2016\\\/12\\\/SeeTec-neue-Verantwortliche-fuer-Vertrieb-sicherheitsforum.jpg\",\"width\":472,\"height\":709,\"caption\":\"Frank M\u00fcller\"},{\"@type\":\"BreadcrumbList\",\"@id\":\"https:\\\/\\\/news.save.ch\\\/seetec-neue-verantwortliche-fuer-vertrieb\\\/#breadcrumb\",\"itemListElement\":[{\"@type\":\"ListItem\",\"position\":1,\"name\":\"Home\",\"item\":\"https:\\\/\\\/news.save.ch\\\/de\\\/\"},{\"@type\":\"ListItem\",\"position\":2,\"name\":\"SeeTec: neue Verantwortliche f\u00fcr Vertrieb\"}]},{\"@type\":\"WebSite\",\"@id\":\"https:\\\/\\\/news.save.ch\\\/de\\\/#website\",\"url\":\"https:\\\/\\\/news.save.ch\\\/de\\\/\",\"name\":\"Save\",\"description\":\"Schweizer Fachzeitschrift f\u00fcr Sicherheit\",\"publisher\":{\"@id\":\"https:\\\/\\\/news.save.ch\\\/de\\\/#organization\"},\"potentialAction\":[{\"@type\":\"SearchAction\",\"target\":{\"@type\":\"EntryPoint\",\"urlTemplate\":\"https:\\\/\\\/news.save.ch\\\/de\\\/?s={search_term_string}\"},\"query-input\":{\"@type\":\"PropertyValueSpecification\",\"valueRequired\":true,\"valueName\":\"search_term_string\"}}],\"inLanguage\":\"it-IT\"},{\"@type\":\"Organization\",\"@id\":\"https:\\\/\\\/news.save.ch\\\/de\\\/#organization\",\"name\":\"Sicherheitsforum\",\"url\":\"https:\\\/\\\/news.save.ch\\\/de\\\/\",\"logo\":{\"@type\":\"ImageObject\",\"inLanguage\":\"it-IT\",\"@id\":\"https:\\\/\\\/news.save.ch\\\/de\\\/#\\\/schema\\\/logo\\\/image\\\/\",\"url\":\"https:\\\/\\\/news.save.ch\\\/wp-content\\\/uploads\\\/2022\\\/06\\\/Logo_SF_2012.png\",\"contentUrl\":\"https:\\\/\\\/news.save.ch\\\/wp-content\\\/uploads\\\/2022\\\/06\\\/Logo_SF_2012.png\",\"width\":1100,\"height\":91,\"caption\":\"Sicherheitsforum\"},\"image\":{\"@id\":\"https:\\\/\\\/news.save.ch\\\/de\\\/#\\\/schema\\\/logo\\\/image\\\/\"}},{\"@type\":\"Person\",\"@id\":\"https:\\\/\\\/news.save.ch\\\/de\\\/#\\\/schema\\\/person\\\/d49e199490bad7c70d64b9ab51142f2b\",\"name\":\"admin\",\"image\":{\"@type\":\"ImageObject\",\"inLanguage\":\"it-IT\",\"@id\":\"https:\\\/\\\/secure.gravatar.com\\\/avatar\\\/ae2f4d718e6c49043e314ce431e7e645d646302a24a5ef5a8bc8e3f5a032e319?s=96&d=mm&r=g\",\"url\":\"https:\\\/\\\/secure.gravatar.com\\\/avatar\\\/ae2f4d718e6c49043e314ce431e7e645d646302a24a5ef5a8bc8e3f5a032e319?s=96&d=mm&r=g\",\"contentUrl\":\"https:\\\/\\\/secure.gravatar.com\\\/avatar\\\/ae2f4d718e6c49043e314ce431e7e645d646302a24a5ef5a8bc8e3f5a032e319?s=96&d=mm&r=g\",\"caption\":\"admin\"},\"sameAs\":[\"https:\\\/\\\/develop.organisator.galledia.ch\"],\"url\":\"https:\\\/\\\/news.save.ch\\\/it\\\/author\\\/admin\\\/\"}]}<\/script>\n<!-- \/ Yoast SEO plugin. -->","yoast_head_json":{"title":"SeeTec: nuovi responsabili delle vendite - Save","description":"SeeTec ha adeguato le responsabilit\u00e0 nelle vendite in Germania e Austria. Volti noti occupano nuove posizioni.","robots":{"index":"index","follow":"follow","max-snippet":"max-snippet:-1","max-image-preview":"max-image-preview:large","max-video-preview":"max-video-preview:-1"},"canonical":"https:\/\/news.save.ch\/it\/seetec-neue-verantwortliche-fuer-vertrieb\/","og_locale":"it_IT","og_type":"article","og_title":"SeeTec: neue Verantwortliche f\u00fcr Vertrieb","og_description":"SeeTec hat die Zust\u00e4ndigkeiten im Vertrieb in Deutschland und \u00d6sterreich angepasst. Bekannte Gesichter sind in neuen Positionen.","og_url":"https:\/\/news.save.ch\/it\/seetec-neue-verantwortliche-fuer-vertrieb\/","og_site_name":"Save","article_published_time":"2015-10-07T11:54:23+00:00","og_image":[{"url":"https:\/\/news.save.ch\/wp-content\/uploads\/2016\/12\/SeeTec-neue-Verantwortliche-f\u00fcr-Vertrieb-sicherheitsforum.jpg","type":"","width":"","height":""}],"author":"admin","twitter_card":"summary_large_image","twitter_misc":{"Scritto da":"admin","Tempo di lettura stimato":"1 minuto"},"schema":{"@context":"https:\/\/schema.org","@graph":[{"@type":"Article","@id":"https:\/\/news.save.ch\/seetec-neue-verantwortliche-fuer-vertrieb\/#article","isPartOf":{"@id":"https:\/\/news.save.ch\/seetec-neue-verantwortliche-fuer-vertrieb\/"},"author":{"name":"admin","@id":"https:\/\/news.save.ch\/de\/#\/schema\/person\/d49e199490bad7c70d64b9ab51142f2b"},"headline":"SeeTec: neue Verantwortliche f\u00fcr Vertrieb","datePublished":"2015-10-07T11:54:23+00:00","mainEntityOfPage":{"@id":"https:\/\/news.save.ch\/seetec-neue-verantwortliche-fuer-vertrieb\/"},"wordCount":136,"commentCount":0,"publisher":{"@id":"https:\/\/news.save.ch\/de\/#organization"},"image":{"@id":"https:\/\/news.save.ch\/seetec-neue-verantwortliche-fuer-vertrieb\/#primaryimage"},"thumbnailUrl":"https:\/\/news.save.ch\/wp-content\/uploads\/2016\/12\/SeeTec-neue-Verantwortliche-fuer-Vertrieb-sicherheitsforum.jpg","keywords":["Unternehmen"],"articleSection":["ALLGEMEIN"],"inLanguage":"it-IT"},{"@type":"WebPage","@id":"https:\/\/news.save.ch\/seetec-neue-verantwortliche-fuer-vertrieb\/","url":"https:\/\/news.save.ch\/seetec-neue-verantwortliche-fuer-vertrieb\/","name":"SeeTec: nuovi responsabili delle vendite - Save","isPartOf":{"@id":"https:\/\/news.save.ch\/de\/#website"},"primaryImageOfPage":{"@id":"https:\/\/news.save.ch\/seetec-neue-verantwortliche-fuer-vertrieb\/#primaryimage"},"image":{"@id":"https:\/\/news.save.ch\/seetec-neue-verantwortliche-fuer-vertrieb\/#primaryimage"},"thumbnailUrl":"https:\/\/news.save.ch\/wp-content\/uploads\/2016\/12\/SeeTec-neue-Verantwortliche-fuer-Vertrieb-sicherheitsforum.jpg","datePublished":"2015-10-07T11:54:23+00:00","description":"SeeTec ha adeguato le responsabilit\u00e0 nelle vendite in Germania e Austria. Volti noti occupano nuove posizioni.","breadcrumb":{"@id":"https:\/\/news.save.ch\/seetec-neue-verantwortliche-fuer-vertrieb\/#breadcrumb"},"inLanguage":"it-IT","potentialAction":[{"@type":"ReadAction","target":["https:\/\/news.save.ch\/seetec-neue-verantwortliche-fuer-vertrieb\/"]}]},{"@type":"ImageObject","inLanguage":"it-IT","@id":"https:\/\/news.save.ch\/seetec-neue-verantwortliche-fuer-vertrieb\/#primaryimage","url":"https:\/\/news.save.ch\/wp-content\/uploads\/2016\/12\/SeeTec-neue-Verantwortliche-fuer-Vertrieb-sicherheitsforum.jpg","contentUrl":"https:\/\/news.save.ch\/wp-content\/uploads\/2016\/12\/SeeTec-neue-Verantwortliche-fuer-Vertrieb-sicherheitsforum.jpg","width":472,"height":709,"caption":"Frank M\u00fcller"},{"@type":"BreadcrumbList","@id":"https:\/\/news.save.ch\/seetec-neue-verantwortliche-fuer-vertrieb\/#breadcrumb","itemListElement":[{"@type":"ListItem","position":1,"name":"Home","item":"https:\/\/news.save.ch\/de\/"},{"@type":"ListItem","position":2,"name":"SeeTec: neue Verantwortliche f\u00fcr Vertrieb"}]},{"@type":"WebSite","@id":"https:\/\/news.save.ch\/de\/#website","url":"https:\/\/news.save.ch\/de\/","name":"Risparmiare","description":"Rivista svizzera specializzata in sicurezza","publisher":{"@id":"https:\/\/news.save.ch\/de\/#organization"},"potentialAction":[{"@type":"SearchAction","target":{"@type":"EntryPoint","urlTemplate":"https:\/\/news.save.ch\/de\/?s={search_term_string}"},"query-input":{"@type":"PropertyValueSpecification","valueRequired":true,"valueName":"search_term_string"}}],"inLanguage":"it-IT"},{"@type":"Organization","@id":"https:\/\/news.save.ch\/de\/#organization","name":"Forum sulla sicurezza","url":"https:\/\/news.save.ch\/de\/","logo":{"@type":"ImageObject","inLanguage":"it-IT","@id":"https:\/\/news.save.ch\/de\/#\/schema\/logo\/image\/","url":"https:\/\/news.save.ch\/wp-content\/uploads\/2022\/06\/Logo_SF_2012.png","contentUrl":"https:\/\/news.save.ch\/wp-content\/uploads\/2022\/06\/Logo_SF_2012.png","width":1100,"height":91,"caption":"Sicherheitsforum"},"image":{"@id":"https:\/\/news.save.ch\/de\/#\/schema\/logo\/image\/"}},{"@type":"Person","@id":"https:\/\/news.save.ch\/de\/#\/schema\/person\/d49e199490bad7c70d64b9ab51142f2b","name":"amministratore","image":{"@type":"ImageObject","inLanguage":"it-IT","@id":"https:\/\/secure.gravatar.com\/avatar\/ae2f4d718e6c49043e314ce431e7e645d646302a24a5ef5a8bc8e3f5a032e319?s=96&d=mm&r=g","url":"https:\/\/secure.gravatar.com\/avatar\/ae2f4d718e6c49043e314ce431e7e645d646302a24a5ef5a8bc8e3f5a032e319?s=96&d=mm&r=g","contentUrl":"https:\/\/secure.gravatar.com\/avatar\/ae2f4d718e6c49043e314ce431e7e645d646302a24a5ef5a8bc8e3f5a032e319?s=96&d=mm&r=g","caption":"admin"},"sameAs":["https:\/\/develop.organisator.galledia.ch"],"url":"https:\/\/news.save.ch\/it\/author\/admin\/"}]}},"_links":{"self":[{"href":"https:\/\/news.save.ch\/it\/wp-json\/wp\/v2\/posts\/1783","targetHints":{"allow":["GET"]}}],"collection":[{"href":"https:\/\/news.save.ch\/it\/wp-json\/wp\/v2\/posts"}],"about":[{"href":"https:\/\/news.save.ch\/it\/wp-json\/wp\/v2\/types\/post"}],"author":[{"embeddable":true,"href":"https:\/\/news.save.ch\/it\/wp-json\/wp\/v2\/users\/1"}],"replies":[{"embeddable":true,"href":"https:\/\/news.save.ch\/it\/wp-json\/wp\/v2\/comments?post=1783"}],"version-history":[{"count":0,"href":"https:\/\/news.save.ch\/it\/wp-json\/wp\/v2\/posts\/1783\/revisions"}],"wp:featuredmedia":[{"embeddable":true,"href":"https:\/\/news.save.ch\/it\/wp-json\/wp\/v2\/media\/1787"}],"wp:attachment":[{"href":"https:\/\/news.save.ch\/it\/wp-json\/wp\/v2\/media?parent=1783"}],"wp:term":[{"taxonomy":"category","embeddable":true,"href":"https:\/\/news.save.ch\/it\/wp-json\/wp\/v2\/categories?post=1783"},{"taxonomy":"post_tag","embeddable":true,"href":"https:\/\/news.save.ch\/it\/wp-json\/wp\/v2\/tags?post=1783"}],"curies":[{"name":"wp","href":"https:\/\/api.w.org\/{rel}","templated":true}]}}