{"id":1813,"date":"2015-11-03T14:03:32","date_gmt":"2015-11-03T13:03:32","guid":{"rendered":"https:\/\/dev.sicherheitsforum.ch\/?p=1813"},"modified":"2023-03-14T09:00:03","modified_gmt":"2023-03-14T08:00:03","slug":"pcs-mit-design-preis-ausgezeichnet","status":null,"type":"post","link":"https:\/\/news.save.ch\/it\/pcs-mit-design-preis-ausgezeichnet\/","title":{"rendered":"PCS premiato per il design"},"content":{"rendered":"<figure id=\"attachment_1816\" aria-describedby=\"caption-attachment-1816\" style=\"width: 680px\" class=\"wp-caption alignnone\"><img loading=\"lazy\" decoding=\"async\" class=\"wp-image-1816 size-medium\" src=\"https:\/\/news.save.ch\/wp-content\/uploads\/2016\/12\/PCS-mit-Design-Preis-ausgezeichnet-sicherheitsforum.jpg\" width=\"680\" height=\"454\" \/><figcaption id=\"caption-attachment-1816\" class=\"wp-caption-text\">Touchscreen pluripremiato<\/figcaption><\/figure>\n<p>L'azienda \u00e8 stata premiata per il suo nuovo terminale di registrazione degli orari Intus 5200. Il German Design Award 2016 \u00e8 stato assegnato a <a href=\"https:\/\/www.pcs.com\" target=\"_blank\" data-cke-saved-href=\"https:\/\/www.pcs.com\" rel=\"noopener\">Ingegneria dei sistemi PCS<\/a> con la menzione speciale.<\/p>\n<p>Il terminale compatto Intus 5200 \u00e8 uno strumento versatile per la gestione del tempo che convince per la sua tecnologia innovativa, secondo il fornitore. Il terminale combina uno schermo tattile con una tastiera a membrana per adattarsi in modo flessibile ai desideri dei dipendenti e alle esigenze dell'azienda. <a href=\"https:\/\/youtu.be\/pj3puTCUMOM\" target=\"_blank\" data-cke-saved-href=\"https:\/\/youtu.be\/pj3puTCUMOM\" rel=\"noopener\">Qui<\/a> si pu\u00f2 avere un'idea del terminale premiato.<\/p>\n<p>Il German Design Award, istituito nel 2012, \u00e8 il premio internazionale del German Design Council. Il premio Menzione speciale riconosce le opere il cui design presenta aspetti o soluzioni parziali particolarmente riusciti: un premio che onora l'impegno di PCS e del designer Thomas Detemple di ergon\u00b3Design, come scrive PCS Systemtechnik.<\/p>","protected":false},"excerpt":{"rendered":"<p>Ausgezeichnet wurde das Unternehmen f\u00fcr sein neues Zeiterfassungsterminal Intus 5200. Den German Design Award 2016 erhielt PCS Systemtechnik mit dem Pr\u00e4dikat Special Mention. Das kompakte Terminal Intus 5200 sei ein vielseitiges Instrument f\u00fcr die Zeitwirtschaft, das mit innovativer Technologie \u00fcberzeuge, so der Anbieter. Das Terminal kombiniere einen Touchscreen mit einer Folientastatur, um flexibel zu sein [&hellip;]<\/p>\n","protected":false},"author":1,"featured_media":1816,"comment_status":"open","ping_status":"open","sticky":false,"template":"","format":"standard","meta":{"_acf_changed":false,"pgc_sgb_lightbox_settings":"","footnotes":""},"categories":[3312],"tags":[90],"class_list":["post-1813","post","type-post","status-publish","format-standard","has-post-thumbnail","hentry","category-sicherheit","tag-zutrittskontrollevideo-security"],"acf":[],"hkrextid":null,"publication":null,"issue":null,"workflow":null,"startPage":null,"spitzmarke":null,"_posts_by_tag_page_fields":{"widget_title":"","widget_tags":""},"_at_widget":"1","_yoast_wpseo_primary_category":"3303","_yoast_wpseo_focuskw_text_input":"PCS mit Design-Preis ausgezeichnet","_yoast_wpseo_opengraph-image":"https:\/\/news.save.ch\/wp-content\/uploads\/2016\/12\/PCS-mit-Design-Preis-ausgezeichnet-sicherheitsforum.jpg","_yoast_wpseo_opengraph-description":"Der Anbieter PCS Systemtechnik GmbH in M\u00fcnchen hat k\u00fcrzlich den German Design Award 2016 geholt.","_yoast_wpseo_opengraph-title":"PCS mit Design-Preis ausgezeichnet","enclosure":null,"_yoast_wpseo_twitter-title":null,"_yoast_wpseo_twitter-description":null,"_yoast_wpseo_twitter-image":null,"_wp_old_slug":null,"_yoast_wpseo_title":null,"_yoast_wpseo_canonical":null,"yoast_head":"<!-- This site is optimized with the Yoast SEO plugin v27.4 - https:\/\/yoast.com\/product\/yoast-seo-wordpress\/ -->\n<title>PCS mit Design-Preis ausgezeichnet - Save<\/title>\n<meta name=\"description\" content=\"PCS Systemtechnik GmbH hat k\u00fcrzlich den German Design Award 2016 geholt. Ausgezeichnet wurden sie f\u00fcr ihr neues Zeiterfassungsterminal Intus 5200.\" \/>\n<meta name=\"robots\" content=\"index, follow, max-snippet:-1, max-image-preview:large, max-video-preview:-1\" \/>\n<link rel=\"canonical\" href=\"https:\/\/news.save.ch\/it\/pcs-mit-design-preis-ausgezeichnet\/\" \/>\n<meta property=\"og:locale\" content=\"it_IT\" \/>\n<meta property=\"og:type\" content=\"article\" \/>\n<meta property=\"og:title\" content=\"PCS mit Design-Preis ausgezeichnet\" \/>\n<meta property=\"og:description\" content=\"Der Anbieter PCS Systemtechnik GmbH in M\u00fcnchen hat k\u00fcrzlich den German Design Award 2016 geholt.\" \/>\n<meta property=\"og:url\" content=\"https:\/\/news.save.ch\/it\/pcs-mit-design-preis-ausgezeichnet\/\" \/>\n<meta property=\"og:site_name\" content=\"Save\" \/>\n<meta property=\"article:published_time\" content=\"2015-11-03T13:03:32+00:00\" \/>\n<meta property=\"article:modified_time\" content=\"2023-03-14T08:00:03+00:00\" \/>\n<meta property=\"og:image\" content=\"https:\/\/news.save.ch\/wp-content\/uploads\/2016\/12\/PCS-mit-Design-Preis-ausgezeichnet-sicherheitsforum.jpg\" \/>\n<meta name=\"author\" content=\"admin\" \/>\n<meta name=\"twitter:card\" content=\"summary_large_image\" \/>\n<meta name=\"twitter:label1\" content=\"Scritto da\" \/>\n\t<meta name=\"twitter:data1\" content=\"admin\" \/>\n\t<meta name=\"twitter:label2\" content=\"Tempo di lettura stimato\" \/>\n\t<meta name=\"twitter:data2\" content=\"1 minuto\" \/>\n<script type=\"application\/ld+json\" class=\"yoast-schema-graph\">{\"@context\":\"https:\\\/\\\/schema.org\",\"@graph\":[{\"@type\":\"Article\",\"@id\":\"https:\\\/\\\/news.save.ch\\\/pcs-mit-design-preis-ausgezeichnet\\\/#article\",\"isPartOf\":{\"@id\":\"https:\\\/\\\/news.save.ch\\\/pcs-mit-design-preis-ausgezeichnet\\\/\"},\"author\":{\"name\":\"admin\",\"@id\":\"https:\\\/\\\/news.save.ch\\\/de\\\/#\\\/schema\\\/person\\\/d49e199490bad7c70d64b9ab51142f2b\"},\"headline\":\"PCS mit Design-Preis ausgezeichnet\",\"datePublished\":\"2015-11-03T13:03:32+00:00\",\"dateModified\":\"2023-03-14T08:00:03+00:00\",\"mainEntityOfPage\":{\"@id\":\"https:\\\/\\\/news.save.ch\\\/pcs-mit-design-preis-ausgezeichnet\\\/\"},\"wordCount\":139,\"commentCount\":0,\"publisher\":{\"@id\":\"https:\\\/\\\/news.save.ch\\\/de\\\/#organization\"},\"image\":{\"@id\":\"https:\\\/\\\/news.save.ch\\\/pcs-mit-design-preis-ausgezeichnet\\\/#primaryimage\"},\"thumbnailUrl\":\"https:\\\/\\\/news.save.ch\\\/wp-content\\\/uploads\\\/2016\\\/12\\\/PCS-mit-Design-Preis-ausgezeichnet-sicherheitsforum-scaled-1-scaled.jpg\",\"keywords\":[\"Zutrittskontrolle\\\/Video-Security\"],\"articleSection\":[\"SICHERHEIT\"],\"inLanguage\":\"it-IT\"},{\"@type\":\"WebPage\",\"@id\":\"https:\\\/\\\/news.save.ch\\\/pcs-mit-design-preis-ausgezeichnet\\\/\",\"url\":\"https:\\\/\\\/news.save.ch\\\/pcs-mit-design-preis-ausgezeichnet\\\/\",\"name\":\"PCS mit Design-Preis ausgezeichnet - Save\",\"isPartOf\":{\"@id\":\"https:\\\/\\\/news.save.ch\\\/de\\\/#website\"},\"primaryImageOfPage\":{\"@id\":\"https:\\\/\\\/news.save.ch\\\/pcs-mit-design-preis-ausgezeichnet\\\/#primaryimage\"},\"image\":{\"@id\":\"https:\\\/\\\/news.save.ch\\\/pcs-mit-design-preis-ausgezeichnet\\\/#primaryimage\"},\"thumbnailUrl\":\"https:\\\/\\\/news.save.ch\\\/wp-content\\\/uploads\\\/2016\\\/12\\\/PCS-mit-Design-Preis-ausgezeichnet-sicherheitsforum-scaled-1-scaled.jpg\",\"datePublished\":\"2015-11-03T13:03:32+00:00\",\"dateModified\":\"2023-03-14T08:00:03+00:00\",\"description\":\"PCS Systemtechnik GmbH hat k\u00fcrzlich den German Design Award 2016 geholt. Ausgezeichnet wurden sie f\u00fcr ihr neues Zeiterfassungsterminal Intus 5200.\",\"breadcrumb\":{\"@id\":\"https:\\\/\\\/news.save.ch\\\/pcs-mit-design-preis-ausgezeichnet\\\/#breadcrumb\"},\"inLanguage\":\"it-IT\",\"potentialAction\":[{\"@type\":\"ReadAction\",\"target\":[\"https:\\\/\\\/news.save.ch\\\/pcs-mit-design-preis-ausgezeichnet\\\/\"]}]},{\"@type\":\"ImageObject\",\"inLanguage\":\"it-IT\",\"@id\":\"https:\\\/\\\/news.save.ch\\\/pcs-mit-design-preis-ausgezeichnet\\\/#primaryimage\",\"url\":\"https:\\\/\\\/news.save.ch\\\/wp-content\\\/uploads\\\/2016\\\/12\\\/PCS-mit-Design-Preis-ausgezeichnet-sicherheitsforum-scaled-1-scaled.jpg\",\"contentUrl\":\"https:\\\/\\\/news.save.ch\\\/wp-content\\\/uploads\\\/2016\\\/12\\\/PCS-mit-Design-Preis-ausgezeichnet-sicherheitsforum-scaled-1-scaled.jpg\",\"width\":1400,\"height\":934,\"caption\":\"Preisgekr\u00f6nter Touchscreen\"},{\"@type\":\"BreadcrumbList\",\"@id\":\"https:\\\/\\\/news.save.ch\\\/pcs-mit-design-preis-ausgezeichnet\\\/#breadcrumb\",\"itemListElement\":[{\"@type\":\"ListItem\",\"position\":1,\"name\":\"Home\",\"item\":\"https:\\\/\\\/news.save.ch\\\/de\\\/\"},{\"@type\":\"ListItem\",\"position\":2,\"name\":\"PCS mit Design-Preis ausgezeichnet\"}]},{\"@type\":\"WebSite\",\"@id\":\"https:\\\/\\\/news.save.ch\\\/de\\\/#website\",\"url\":\"https:\\\/\\\/news.save.ch\\\/de\\\/\",\"name\":\"Save\",\"description\":\"Schweizer Fachzeitschrift f\u00fcr Sicherheit\",\"publisher\":{\"@id\":\"https:\\\/\\\/news.save.ch\\\/de\\\/#organization\"},\"potentialAction\":[{\"@type\":\"SearchAction\",\"target\":{\"@type\":\"EntryPoint\",\"urlTemplate\":\"https:\\\/\\\/news.save.ch\\\/de\\\/?s={search_term_string}\"},\"query-input\":{\"@type\":\"PropertyValueSpecification\",\"valueRequired\":true,\"valueName\":\"search_term_string\"}}],\"inLanguage\":\"it-IT\"},{\"@type\":\"Organization\",\"@id\":\"https:\\\/\\\/news.save.ch\\\/de\\\/#organization\",\"name\":\"Sicherheitsforum\",\"url\":\"https:\\\/\\\/news.save.ch\\\/de\\\/\",\"logo\":{\"@type\":\"ImageObject\",\"inLanguage\":\"it-IT\",\"@id\":\"https:\\\/\\\/news.save.ch\\\/de\\\/#\\\/schema\\\/logo\\\/image\\\/\",\"url\":\"https:\\\/\\\/news.save.ch\\\/wp-content\\\/uploads\\\/2022\\\/06\\\/Logo_SF_2012.png\",\"contentUrl\":\"https:\\\/\\\/news.save.ch\\\/wp-content\\\/uploads\\\/2022\\\/06\\\/Logo_SF_2012.png\",\"width\":1100,\"height\":91,\"caption\":\"Sicherheitsforum\"},\"image\":{\"@id\":\"https:\\\/\\\/news.save.ch\\\/de\\\/#\\\/schema\\\/logo\\\/image\\\/\"}},{\"@type\":\"Person\",\"@id\":\"https:\\\/\\\/news.save.ch\\\/de\\\/#\\\/schema\\\/person\\\/d49e199490bad7c70d64b9ab51142f2b\",\"name\":\"admin\",\"image\":{\"@type\":\"ImageObject\",\"inLanguage\":\"it-IT\",\"@id\":\"https:\\\/\\\/secure.gravatar.com\\\/avatar\\\/ae2f4d718e6c49043e314ce431e7e645d646302a24a5ef5a8bc8e3f5a032e319?s=96&d=mm&r=g\",\"url\":\"https:\\\/\\\/secure.gravatar.com\\\/avatar\\\/ae2f4d718e6c49043e314ce431e7e645d646302a24a5ef5a8bc8e3f5a032e319?s=96&d=mm&r=g\",\"contentUrl\":\"https:\\\/\\\/secure.gravatar.com\\\/avatar\\\/ae2f4d718e6c49043e314ce431e7e645d646302a24a5ef5a8bc8e3f5a032e319?s=96&d=mm&r=g\",\"caption\":\"admin\"},\"sameAs\":[\"https:\\\/\\\/develop.organisator.galledia.ch\"],\"url\":\"https:\\\/\\\/news.save.ch\\\/it\\\/author\\\/admin\\\/\"}]}<\/script>\n<!-- \/ Yoast SEO plugin. -->","yoast_head_json":{"title":"PCS premiato per il design - Save","description":"PCS Systemtechnik GmbH ha recentemente vinto il German Design Award 2016. Sono stati premiati per il loro nuovo terminale di registrazione degli orari Intus 5200.","robots":{"index":"index","follow":"follow","max-snippet":"max-snippet:-1","max-image-preview":"max-image-preview:large","max-video-preview":"max-video-preview:-1"},"canonical":"https:\/\/news.save.ch\/it\/pcs-mit-design-preis-ausgezeichnet\/","og_locale":"it_IT","og_type":"article","og_title":"PCS mit Design-Preis ausgezeichnet","og_description":"Der Anbieter PCS Systemtechnik GmbH in M\u00fcnchen hat k\u00fcrzlich den German Design Award 2016 geholt.","og_url":"https:\/\/news.save.ch\/it\/pcs-mit-design-preis-ausgezeichnet\/","og_site_name":"Save","article_published_time":"2015-11-03T13:03:32+00:00","article_modified_time":"2023-03-14T08:00:03+00:00","og_image":[{"url":"https:\/\/news.save.ch\/wp-content\/uploads\/2016\/12\/PCS-mit-Design-Preis-ausgezeichnet-sicherheitsforum.jpg","type":"","width":"","height":""}],"author":"admin","twitter_card":"summary_large_image","twitter_misc":{"Scritto da":"admin","Tempo di lettura stimato":"1 minuto"},"schema":{"@context":"https:\/\/schema.org","@graph":[{"@type":"Article","@id":"https:\/\/news.save.ch\/pcs-mit-design-preis-ausgezeichnet\/#article","isPartOf":{"@id":"https:\/\/news.save.ch\/pcs-mit-design-preis-ausgezeichnet\/"},"author":{"name":"admin","@id":"https:\/\/news.save.ch\/de\/#\/schema\/person\/d49e199490bad7c70d64b9ab51142f2b"},"headline":"PCS mit Design-Preis ausgezeichnet","datePublished":"2015-11-03T13:03:32+00:00","dateModified":"2023-03-14T08:00:03+00:00","mainEntityOfPage":{"@id":"https:\/\/news.save.ch\/pcs-mit-design-preis-ausgezeichnet\/"},"wordCount":139,"commentCount":0,"publisher":{"@id":"https:\/\/news.save.ch\/de\/#organization"},"image":{"@id":"https:\/\/news.save.ch\/pcs-mit-design-preis-ausgezeichnet\/#primaryimage"},"thumbnailUrl":"https:\/\/news.save.ch\/wp-content\/uploads\/2016\/12\/PCS-mit-Design-Preis-ausgezeichnet-sicherheitsforum-scaled-1-scaled.jpg","keywords":["Zutrittskontrolle\/Video-Security"],"articleSection":["SICHERHEIT"],"inLanguage":"it-IT"},{"@type":"WebPage","@id":"https:\/\/news.save.ch\/pcs-mit-design-preis-ausgezeichnet\/","url":"https:\/\/news.save.ch\/pcs-mit-design-preis-ausgezeichnet\/","name":"PCS premiato per il design - Save","isPartOf":{"@id":"https:\/\/news.save.ch\/de\/#website"},"primaryImageOfPage":{"@id":"https:\/\/news.save.ch\/pcs-mit-design-preis-ausgezeichnet\/#primaryimage"},"image":{"@id":"https:\/\/news.save.ch\/pcs-mit-design-preis-ausgezeichnet\/#primaryimage"},"thumbnailUrl":"https:\/\/news.save.ch\/wp-content\/uploads\/2016\/12\/PCS-mit-Design-Preis-ausgezeichnet-sicherheitsforum-scaled-1-scaled.jpg","datePublished":"2015-11-03T13:03:32+00:00","dateModified":"2023-03-14T08:00:03+00:00","description":"PCS Systemtechnik GmbH ha recentemente vinto il German Design Award 2016. Sono stati premiati per il loro nuovo terminale di registrazione degli orari Intus 5200.","breadcrumb":{"@id":"https:\/\/news.save.ch\/pcs-mit-design-preis-ausgezeichnet\/#breadcrumb"},"inLanguage":"it-IT","potentialAction":[{"@type":"ReadAction","target":["https:\/\/news.save.ch\/pcs-mit-design-preis-ausgezeichnet\/"]}]},{"@type":"ImageObject","inLanguage":"it-IT","@id":"https:\/\/news.save.ch\/pcs-mit-design-preis-ausgezeichnet\/#primaryimage","url":"https:\/\/news.save.ch\/wp-content\/uploads\/2016\/12\/PCS-mit-Design-Preis-ausgezeichnet-sicherheitsforum-scaled-1-scaled.jpg","contentUrl":"https:\/\/news.save.ch\/wp-content\/uploads\/2016\/12\/PCS-mit-Design-Preis-ausgezeichnet-sicherheitsforum-scaled-1-scaled.jpg","width":1400,"height":934,"caption":"Preisgekr\u00f6nter Touchscreen"},{"@type":"BreadcrumbList","@id":"https:\/\/news.save.ch\/pcs-mit-design-preis-ausgezeichnet\/#breadcrumb","itemListElement":[{"@type":"ListItem","position":1,"name":"Home","item":"https:\/\/news.save.ch\/de\/"},{"@type":"ListItem","position":2,"name":"PCS mit Design-Preis ausgezeichnet"}]},{"@type":"WebSite","@id":"https:\/\/news.save.ch\/de\/#website","url":"https:\/\/news.save.ch\/de\/","name":"Risparmiare","description":"Rivista svizzera specializzata in sicurezza","publisher":{"@id":"https:\/\/news.save.ch\/de\/#organization"},"potentialAction":[{"@type":"SearchAction","target":{"@type":"EntryPoint","urlTemplate":"https:\/\/news.save.ch\/de\/?s={search_term_string}"},"query-input":{"@type":"PropertyValueSpecification","valueRequired":true,"valueName":"search_term_string"}}],"inLanguage":"it-IT"},{"@type":"Organization","@id":"https:\/\/news.save.ch\/de\/#organization","name":"Forum sulla sicurezza","url":"https:\/\/news.save.ch\/de\/","logo":{"@type":"ImageObject","inLanguage":"it-IT","@id":"https:\/\/news.save.ch\/de\/#\/schema\/logo\/image\/","url":"https:\/\/news.save.ch\/wp-content\/uploads\/2022\/06\/Logo_SF_2012.png","contentUrl":"https:\/\/news.save.ch\/wp-content\/uploads\/2022\/06\/Logo_SF_2012.png","width":1100,"height":91,"caption":"Sicherheitsforum"},"image":{"@id":"https:\/\/news.save.ch\/de\/#\/schema\/logo\/image\/"}},{"@type":"Person","@id":"https:\/\/news.save.ch\/de\/#\/schema\/person\/d49e199490bad7c70d64b9ab51142f2b","name":"amministratore","image":{"@type":"ImageObject","inLanguage":"it-IT","@id":"https:\/\/secure.gravatar.com\/avatar\/ae2f4d718e6c49043e314ce431e7e645d646302a24a5ef5a8bc8e3f5a032e319?s=96&d=mm&r=g","url":"https:\/\/secure.gravatar.com\/avatar\/ae2f4d718e6c49043e314ce431e7e645d646302a24a5ef5a8bc8e3f5a032e319?s=96&d=mm&r=g","contentUrl":"https:\/\/secure.gravatar.com\/avatar\/ae2f4d718e6c49043e314ce431e7e645d646302a24a5ef5a8bc8e3f5a032e319?s=96&d=mm&r=g","caption":"admin"},"sameAs":["https:\/\/develop.organisator.galledia.ch"],"url":"https:\/\/news.save.ch\/it\/author\/admin\/"}]}},"_links":{"self":[{"href":"https:\/\/news.save.ch\/it\/wp-json\/wp\/v2\/posts\/1813","targetHints":{"allow":["GET"]}}],"collection":[{"href":"https:\/\/news.save.ch\/it\/wp-json\/wp\/v2\/posts"}],"about":[{"href":"https:\/\/news.save.ch\/it\/wp-json\/wp\/v2\/types\/post"}],"author":[{"embeddable":true,"href":"https:\/\/news.save.ch\/it\/wp-json\/wp\/v2\/users\/1"}],"replies":[{"embeddable":true,"href":"https:\/\/news.save.ch\/it\/wp-json\/wp\/v2\/comments?post=1813"}],"version-history":[{"count":1,"href":"https:\/\/news.save.ch\/it\/wp-json\/wp\/v2\/posts\/1813\/revisions"}],"predecessor-version":[{"id":18007,"href":"https:\/\/news.save.ch\/it\/wp-json\/wp\/v2\/posts\/1813\/revisions\/18007"}],"wp:featuredmedia":[{"embeddable":true,"href":"https:\/\/news.save.ch\/it\/wp-json\/wp\/v2\/media\/1816"}],"wp:attachment":[{"href":"https:\/\/news.save.ch\/it\/wp-json\/wp\/v2\/media?parent=1813"}],"wp:term":[{"taxonomy":"category","embeddable":true,"href":"https:\/\/news.save.ch\/it\/wp-json\/wp\/v2\/categories?post=1813"},{"taxonomy":"post_tag","embeddable":true,"href":"https:\/\/news.save.ch\/it\/wp-json\/wp\/v2\/tags?post=1813"}],"curies":[{"name":"wp","href":"https:\/\/api.w.org\/{rel}","templated":true}]}}