{"id":1824,"date":"2015-05-18T08:59:11","date_gmt":"2015-05-18T06:59:11","guid":{"rendered":"https:\/\/dev.sicherheitsforum.ch\/?p=1824"},"modified":"2015-05-18T08:59:11","modified_gmt":"2015-05-18T06:59:11","slug":"bosch-neuer-leiter-public-affairs","status":null,"type":"post","link":"https:\/\/news.save.ch\/it\/bosch-neuer-leiter-public-affairs\/","title":{"rendered":"Bosch: nuovo responsabile degli affari pubblici"},"content":{"rendered":"<figure id=\"attachment_1830\" aria-describedby=\"caption-attachment-1830\" style=\"width: 680px\" class=\"wp-caption alignnone\"><img loading=\"lazy\" decoding=\"async\" class=\"wp-image-1830 size-medium\" src=\"https:\/\/news.save.ch\/wp-content\/uploads\/2016\/12\/55598e6ea964f_Christoph-Hampe_Sicherheitsforum.jpg\" width=\"680\" height=\"942\" \/><figcaption id=\"caption-attachment-1830\" class=\"wp-caption-text\">Christoph Hampe (48)<\/figcaption><\/figure>\n<p>In questa posizione, Hampe \u00e8 responsabile del lavoro delle associazioni e dei comitati, nonch\u00e9 dei contatti governativi per <a href=\"https:\/\/www.boschsecurity.de\" target=\"_blank\" data-cke-saved-href=\"https:\/\/www.boschsecurity.de\" rel=\"noopener\">Sistemi di sicurezza Bosch<\/a> a Berlino, secondo il comunicato stampa. L'avvocato lavora in azienda da dieci anni. Negli ultimi cinque anni, Hampe \u00e8 stato responsabile delle attivit\u00e0 di prodotto in Russia. In precedenza, \u00e8 stato responsabile in varie funzioni delle vendite e del marketing per l'area dei prodotti per la sicurezza degli edifici in Germania.<\/p>\n<p>Il precedente responsabile degli Affari pubblici, Michael von Foerster (48 anni), lascer\u00e0 l'azienda il 30 giugno 2015 per intraprendere una nuova sfida professionale, secondo quanto dichiarato.<\/p>","protected":false},"excerpt":{"rendered":"<p>In dieser Position verantwortet Hampe die Verbands- und Gremienarbeit sowie die Regierungskontakte f\u00fcr Bosch Sicherheitssysteme in Berlin, wie es in der Medienmitteilung heisst. Der Jurist sei bereits seit zehn Jahren im Unternehmen t\u00e4tig. In den vergangenen f\u00fcnf Jahren sei Hampe f\u00fcr das Produktgesch\u00e4ft in Russland zust\u00e4ndig gewesen. Davor habe er in unterschiedlichen Funktionen den Bereich [&hellip;]<\/p>\n","protected":false},"author":1,"featured_media":1830,"comment_status":"open","ping_status":"open","sticky":false,"template":"","format":"standard","meta":{"_acf_changed":false,"pgc_sgb_lightbox_settings":"","footnotes":""},"categories":[1],"tags":[209,210,144],"class_list":["post-1824","post","type-post","status-publish","format-standard","has-post-thumbnail","hentry","category-allgemein","tag-bosch-sicherheitssysteme","tag-christoph-hampe","tag-personalien"],"acf":[],"hkrextid":null,"publication":null,"issue":null,"workflow":null,"startPage":null,"spitzmarke":null,"_posts_by_tag_page_fields":{"widget_title":"","widget_tags":""},"_at_widget":"1","_yoast_wpseo_primary_category":"","_yoast_wpseo_focuskw_text_input":"Bosch","_yoast_wpseo_opengraph-image":"https:\/\/news.save.ch\/wp-content\/uploads\/2016\/12\/55598e6ea964f_Christoph-Hampe_Sicherheitsforum.jpg","_yoast_wpseo_opengraph-description":"Am 1. Juli 2015 wird Christoph Hampe (48) neuer Leiter Public Affairs der Bosch Sicherheitssysteme GmbH.","_yoast_wpseo_opengraph-title":"Bosch: Neuer Leiter Public Affairs","enclosure":null,"_yoast_wpseo_twitter-title":null,"_yoast_wpseo_twitter-description":null,"_yoast_wpseo_twitter-image":null,"_wp_old_slug":null,"_yoast_wpseo_title":null,"_yoast_wpseo_canonical":null,"yoast_head":"<!-- This site is optimized with the Yoast SEO plugin v27.5 - https:\/\/yoast.com\/product\/yoast-seo-wordpress\/ -->\n<title>Bosch: Neuer Leiter Public Affairs - Save<\/title>\n<meta name=\"description\" content=\"Am 1. Juli 2015 wird Christoph Hampe (48) neuer Leiter Public Affairs der Bosch Sicherheitssysteme GmbH.\" \/>\n<meta name=\"robots\" content=\"index, follow, max-snippet:-1, max-image-preview:large, max-video-preview:-1\" \/>\n<link rel=\"canonical\" href=\"https:\/\/news.save.ch\/it\/bosch-neuer-leiter-public-affairs\/\" \/>\n<meta property=\"og:locale\" content=\"it_IT\" \/>\n<meta property=\"og:type\" content=\"article\" \/>\n<meta property=\"og:title\" content=\"Bosch: Neuer Leiter Public Affairs\" \/>\n<meta property=\"og:description\" content=\"Am 1. Juli 2015 wird Christoph Hampe (48) neuer Leiter Public Affairs der Bosch Sicherheitssysteme GmbH.\" \/>\n<meta property=\"og:url\" content=\"https:\/\/news.save.ch\/it\/bosch-neuer-leiter-public-affairs\/\" \/>\n<meta property=\"og:site_name\" content=\"Save\" \/>\n<meta property=\"article:published_time\" content=\"2015-05-18T06:59:11+00:00\" \/>\n<meta property=\"og:image\" content=\"https:\/\/news.save.ch\/wp-content\/uploads\/2016\/12\/55598e6ea964f_Christoph-Hampe_Sicherheitsforum.jpg\" \/>\n<meta name=\"author\" content=\"admin\" \/>\n<meta name=\"twitter:card\" content=\"summary_large_image\" \/>\n<meta name=\"twitter:label1\" content=\"Scritto da\" \/>\n\t<meta name=\"twitter:data1\" content=\"admin\" \/>\n\t<meta name=\"twitter:label2\" content=\"Tempo di lettura stimato\" \/>\n\t<meta name=\"twitter:data2\" content=\"1 minuto\" \/>\n<script type=\"application\/ld+json\" class=\"yoast-schema-graph\">{\"@context\":\"https:\\\/\\\/schema.org\",\"@graph\":[{\"@type\":\"Article\",\"@id\":\"https:\\\/\\\/news.save.ch\\\/bosch-neuer-leiter-public-affairs\\\/#article\",\"isPartOf\":{\"@id\":\"https:\\\/\\\/news.save.ch\\\/bosch-neuer-leiter-public-affairs\\\/\"},\"author\":{\"name\":\"admin\",\"@id\":\"https:\\\/\\\/news.save.ch\\\/de\\\/#\\\/schema\\\/person\\\/d49e199490bad7c70d64b9ab51142f2b\"},\"headline\":\"Bosch: Neuer Leiter Public Affairs\",\"datePublished\":\"2015-05-18T06:59:11+00:00\",\"mainEntityOfPage\":{\"@id\":\"https:\\\/\\\/news.save.ch\\\/bosch-neuer-leiter-public-affairs\\\/\"},\"wordCount\":112,\"commentCount\":0,\"publisher\":{\"@id\":\"https:\\\/\\\/news.save.ch\\\/de\\\/#organization\"},\"image\":{\"@id\":\"https:\\\/\\\/news.save.ch\\\/bosch-neuer-leiter-public-affairs\\\/#primaryimage\"},\"thumbnailUrl\":\"https:\\\/\\\/news.save.ch\\\/wp-content\\\/uploads\\\/2016\\\/12\\\/55598e6ea964f_Christoph-Hampe_Sicherheitsforum-scaled.jpg\",\"keywords\":[\"Bosch Sicherheitssysteme\",\"Christoph Hampe\",\"Personalien\"],\"articleSection\":[\"ALLGEMEIN\"],\"inLanguage\":\"it-IT\"},{\"@type\":\"WebPage\",\"@id\":\"https:\\\/\\\/news.save.ch\\\/bosch-neuer-leiter-public-affairs\\\/\",\"url\":\"https:\\\/\\\/news.save.ch\\\/bosch-neuer-leiter-public-affairs\\\/\",\"name\":\"Bosch: Neuer Leiter Public Affairs - Save\",\"isPartOf\":{\"@id\":\"https:\\\/\\\/news.save.ch\\\/de\\\/#website\"},\"primaryImageOfPage\":{\"@id\":\"https:\\\/\\\/news.save.ch\\\/bosch-neuer-leiter-public-affairs\\\/#primaryimage\"},\"image\":{\"@id\":\"https:\\\/\\\/news.save.ch\\\/bosch-neuer-leiter-public-affairs\\\/#primaryimage\"},\"thumbnailUrl\":\"https:\\\/\\\/news.save.ch\\\/wp-content\\\/uploads\\\/2016\\\/12\\\/55598e6ea964f_Christoph-Hampe_Sicherheitsforum-scaled.jpg\",\"datePublished\":\"2015-05-18T06:59:11+00:00\",\"description\":\"Am 1. Juli 2015 wird Christoph Hampe (48) neuer Leiter Public Affairs der Bosch Sicherheitssysteme GmbH.\",\"breadcrumb\":{\"@id\":\"https:\\\/\\\/news.save.ch\\\/bosch-neuer-leiter-public-affairs\\\/#breadcrumb\"},\"inLanguage\":\"it-IT\",\"potentialAction\":[{\"@type\":\"ReadAction\",\"target\":[\"https:\\\/\\\/news.save.ch\\\/bosch-neuer-leiter-public-affairs\\\/\"]}]},{\"@type\":\"ImageObject\",\"inLanguage\":\"it-IT\",\"@id\":\"https:\\\/\\\/news.save.ch\\\/bosch-neuer-leiter-public-affairs\\\/#primaryimage\",\"url\":\"https:\\\/\\\/news.save.ch\\\/wp-content\\\/uploads\\\/2016\\\/12\\\/55598e6ea964f_Christoph-Hampe_Sicherheitsforum-scaled.jpg\",\"contentUrl\":\"https:\\\/\\\/news.save.ch\\\/wp-content\\\/uploads\\\/2016\\\/12\\\/55598e6ea964f_Christoph-Hampe_Sicherheitsforum-scaled.jpg\",\"width\":1011,\"height\":1400,\"caption\":\"Christoph Hampe (48)\"},{\"@type\":\"BreadcrumbList\",\"@id\":\"https:\\\/\\\/news.save.ch\\\/bosch-neuer-leiter-public-affairs\\\/#breadcrumb\",\"itemListElement\":[{\"@type\":\"ListItem\",\"position\":1,\"name\":\"Home\",\"item\":\"https:\\\/\\\/news.save.ch\\\/de\\\/\"},{\"@type\":\"ListItem\",\"position\":2,\"name\":\"Bosch: Neuer Leiter Public Affairs\"}]},{\"@type\":\"WebSite\",\"@id\":\"https:\\\/\\\/news.save.ch\\\/de\\\/#website\",\"url\":\"https:\\\/\\\/news.save.ch\\\/de\\\/\",\"name\":\"Save\",\"description\":\"Schweizer Fachzeitschrift f\u00fcr Sicherheit\",\"publisher\":{\"@id\":\"https:\\\/\\\/news.save.ch\\\/de\\\/#organization\"},\"potentialAction\":[{\"@type\":\"SearchAction\",\"target\":{\"@type\":\"EntryPoint\",\"urlTemplate\":\"https:\\\/\\\/news.save.ch\\\/de\\\/?s={search_term_string}\"},\"query-input\":{\"@type\":\"PropertyValueSpecification\",\"valueRequired\":true,\"valueName\":\"search_term_string\"}}],\"inLanguage\":\"it-IT\"},{\"@type\":\"Organization\",\"@id\":\"https:\\\/\\\/news.save.ch\\\/de\\\/#organization\",\"name\":\"Sicherheitsforum\",\"url\":\"https:\\\/\\\/news.save.ch\\\/de\\\/\",\"logo\":{\"@type\":\"ImageObject\",\"inLanguage\":\"it-IT\",\"@id\":\"https:\\\/\\\/news.save.ch\\\/de\\\/#\\\/schema\\\/logo\\\/image\\\/\",\"url\":\"https:\\\/\\\/news.save.ch\\\/wp-content\\\/uploads\\\/2022\\\/06\\\/Logo_SF_2012.png\",\"contentUrl\":\"https:\\\/\\\/news.save.ch\\\/wp-content\\\/uploads\\\/2022\\\/06\\\/Logo_SF_2012.png\",\"width\":1100,\"height\":91,\"caption\":\"Sicherheitsforum\"},\"image\":{\"@id\":\"https:\\\/\\\/news.save.ch\\\/de\\\/#\\\/schema\\\/logo\\\/image\\\/\"}},{\"@type\":\"Person\",\"@id\":\"https:\\\/\\\/news.save.ch\\\/de\\\/#\\\/schema\\\/person\\\/d49e199490bad7c70d64b9ab51142f2b\",\"name\":\"admin\",\"image\":{\"@type\":\"ImageObject\",\"inLanguage\":\"it-IT\",\"@id\":\"https:\\\/\\\/secure.gravatar.com\\\/avatar\\\/ae2f4d718e6c49043e314ce431e7e645d646302a24a5ef5a8bc8e3f5a032e319?s=96&d=mm&r=g\",\"url\":\"https:\\\/\\\/secure.gravatar.com\\\/avatar\\\/ae2f4d718e6c49043e314ce431e7e645d646302a24a5ef5a8bc8e3f5a032e319?s=96&d=mm&r=g\",\"contentUrl\":\"https:\\\/\\\/secure.gravatar.com\\\/avatar\\\/ae2f4d718e6c49043e314ce431e7e645d646302a24a5ef5a8bc8e3f5a032e319?s=96&d=mm&r=g\",\"caption\":\"admin\"},\"sameAs\":[\"https:\\\/\\\/develop.organisator.galledia.ch\"],\"url\":\"https:\\\/\\\/news.save.ch\\\/it\\\/author\\\/admin\\\/\"}]}<\/script>\n<!-- \/ Yoast SEO plugin. -->","yoast_head_json":{"title":"Bosch: nuovo responsabile degli affari pubblici - Salva","description":"Il 1\u00b0 luglio 2015, Christoph Hampe (48 anni) diventer\u00e0 il nuovo Responsabile degli Affari Pubblici di Bosch Sicherheitssysteme GmbH.","robots":{"index":"index","follow":"follow","max-snippet":"max-snippet:-1","max-image-preview":"max-image-preview:large","max-video-preview":"max-video-preview:-1"},"canonical":"https:\/\/news.save.ch\/it\/bosch-neuer-leiter-public-affairs\/","og_locale":"it_IT","og_type":"article","og_title":"Bosch: Neuer Leiter Public Affairs","og_description":"Am 1. Juli 2015 wird Christoph Hampe (48) neuer Leiter Public Affairs der Bosch Sicherheitssysteme GmbH.","og_url":"https:\/\/news.save.ch\/it\/bosch-neuer-leiter-public-affairs\/","og_site_name":"Save","article_published_time":"2015-05-18T06:59:11+00:00","og_image":[{"url":"https:\/\/news.save.ch\/wp-content\/uploads\/2016\/12\/55598e6ea964f_Christoph-Hampe_Sicherheitsforum.jpg","type":"","width":"","height":""}],"author":"admin","twitter_card":"summary_large_image","twitter_misc":{"Scritto da":"admin","Tempo di lettura stimato":"1 minuto"},"schema":{"@context":"https:\/\/schema.org","@graph":[{"@type":"Article","@id":"https:\/\/news.save.ch\/bosch-neuer-leiter-public-affairs\/#article","isPartOf":{"@id":"https:\/\/news.save.ch\/bosch-neuer-leiter-public-affairs\/"},"author":{"name":"admin","@id":"https:\/\/news.save.ch\/de\/#\/schema\/person\/d49e199490bad7c70d64b9ab51142f2b"},"headline":"Bosch: Neuer Leiter Public Affairs","datePublished":"2015-05-18T06:59:11+00:00","mainEntityOfPage":{"@id":"https:\/\/news.save.ch\/bosch-neuer-leiter-public-affairs\/"},"wordCount":112,"commentCount":0,"publisher":{"@id":"https:\/\/news.save.ch\/de\/#organization"},"image":{"@id":"https:\/\/news.save.ch\/bosch-neuer-leiter-public-affairs\/#primaryimage"},"thumbnailUrl":"https:\/\/news.save.ch\/wp-content\/uploads\/2016\/12\/55598e6ea964f_Christoph-Hampe_Sicherheitsforum-scaled.jpg","keywords":["Bosch Sicherheitssysteme","Christoph Hampe","Personalien"],"articleSection":["ALLGEMEIN"],"inLanguage":"it-IT"},{"@type":"WebPage","@id":"https:\/\/news.save.ch\/bosch-neuer-leiter-public-affairs\/","url":"https:\/\/news.save.ch\/bosch-neuer-leiter-public-affairs\/","name":"Bosch: nuovo responsabile degli affari pubblici - Salva","isPartOf":{"@id":"https:\/\/news.save.ch\/de\/#website"},"primaryImageOfPage":{"@id":"https:\/\/news.save.ch\/bosch-neuer-leiter-public-affairs\/#primaryimage"},"image":{"@id":"https:\/\/news.save.ch\/bosch-neuer-leiter-public-affairs\/#primaryimage"},"thumbnailUrl":"https:\/\/news.save.ch\/wp-content\/uploads\/2016\/12\/55598e6ea964f_Christoph-Hampe_Sicherheitsforum-scaled.jpg","datePublished":"2015-05-18T06:59:11+00:00","description":"Il 1\u00b0 luglio 2015, Christoph Hampe (48 anni) diventer\u00e0 il nuovo Responsabile degli Affari Pubblici di Bosch Sicherheitssysteme GmbH.","breadcrumb":{"@id":"https:\/\/news.save.ch\/bosch-neuer-leiter-public-affairs\/#breadcrumb"},"inLanguage":"it-IT","potentialAction":[{"@type":"ReadAction","target":["https:\/\/news.save.ch\/bosch-neuer-leiter-public-affairs\/"]}]},{"@type":"ImageObject","inLanguage":"it-IT","@id":"https:\/\/news.save.ch\/bosch-neuer-leiter-public-affairs\/#primaryimage","url":"https:\/\/news.save.ch\/wp-content\/uploads\/2016\/12\/55598e6ea964f_Christoph-Hampe_Sicherheitsforum-scaled.jpg","contentUrl":"https:\/\/news.save.ch\/wp-content\/uploads\/2016\/12\/55598e6ea964f_Christoph-Hampe_Sicherheitsforum-scaled.jpg","width":1011,"height":1400,"caption":"Christoph Hampe (48)"},{"@type":"BreadcrumbList","@id":"https:\/\/news.save.ch\/bosch-neuer-leiter-public-affairs\/#breadcrumb","itemListElement":[{"@type":"ListItem","position":1,"name":"Home","item":"https:\/\/news.save.ch\/de\/"},{"@type":"ListItem","position":2,"name":"Bosch: Neuer Leiter Public Affairs"}]},{"@type":"WebSite","@id":"https:\/\/news.save.ch\/de\/#website","url":"https:\/\/news.save.ch\/de\/","name":"Risparmiare","description":"Rivista svizzera specializzata in sicurezza","publisher":{"@id":"https:\/\/news.save.ch\/de\/#organization"},"potentialAction":[{"@type":"SearchAction","target":{"@type":"EntryPoint","urlTemplate":"https:\/\/news.save.ch\/de\/?s={search_term_string}"},"query-input":{"@type":"PropertyValueSpecification","valueRequired":true,"valueName":"search_term_string"}}],"inLanguage":"it-IT"},{"@type":"Organization","@id":"https:\/\/news.save.ch\/de\/#organization","name":"Forum sulla sicurezza","url":"https:\/\/news.save.ch\/de\/","logo":{"@type":"ImageObject","inLanguage":"it-IT","@id":"https:\/\/news.save.ch\/de\/#\/schema\/logo\/image\/","url":"https:\/\/news.save.ch\/wp-content\/uploads\/2022\/06\/Logo_SF_2012.png","contentUrl":"https:\/\/news.save.ch\/wp-content\/uploads\/2022\/06\/Logo_SF_2012.png","width":1100,"height":91,"caption":"Sicherheitsforum"},"image":{"@id":"https:\/\/news.save.ch\/de\/#\/schema\/logo\/image\/"}},{"@type":"Person","@id":"https:\/\/news.save.ch\/de\/#\/schema\/person\/d49e199490bad7c70d64b9ab51142f2b","name":"amministratore","image":{"@type":"ImageObject","inLanguage":"it-IT","@id":"https:\/\/secure.gravatar.com\/avatar\/ae2f4d718e6c49043e314ce431e7e645d646302a24a5ef5a8bc8e3f5a032e319?s=96&d=mm&r=g","url":"https:\/\/secure.gravatar.com\/avatar\/ae2f4d718e6c49043e314ce431e7e645d646302a24a5ef5a8bc8e3f5a032e319?s=96&d=mm&r=g","contentUrl":"https:\/\/secure.gravatar.com\/avatar\/ae2f4d718e6c49043e314ce431e7e645d646302a24a5ef5a8bc8e3f5a032e319?s=96&d=mm&r=g","caption":"admin"},"sameAs":["https:\/\/develop.organisator.galledia.ch"],"url":"https:\/\/news.save.ch\/it\/author\/admin\/"}]}},"_links":{"self":[{"href":"https:\/\/news.save.ch\/it\/wp-json\/wp\/v2\/posts\/1824","targetHints":{"allow":["GET"]}}],"collection":[{"href":"https:\/\/news.save.ch\/it\/wp-json\/wp\/v2\/posts"}],"about":[{"href":"https:\/\/news.save.ch\/it\/wp-json\/wp\/v2\/types\/post"}],"author":[{"embeddable":true,"href":"https:\/\/news.save.ch\/it\/wp-json\/wp\/v2\/users\/1"}],"replies":[{"embeddable":true,"href":"https:\/\/news.save.ch\/it\/wp-json\/wp\/v2\/comments?post=1824"}],"version-history":[{"count":0,"href":"https:\/\/news.save.ch\/it\/wp-json\/wp\/v2\/posts\/1824\/revisions"}],"wp:featuredmedia":[{"embeddable":true,"href":"https:\/\/news.save.ch\/it\/wp-json\/wp\/v2\/media\/1830"}],"wp:attachment":[{"href":"https:\/\/news.save.ch\/it\/wp-json\/wp\/v2\/media?parent=1824"}],"wp:term":[{"taxonomy":"category","embeddable":true,"href":"https:\/\/news.save.ch\/it\/wp-json\/wp\/v2\/categories?post=1824"},{"taxonomy":"post_tag","embeddable":true,"href":"https:\/\/news.save.ch\/it\/wp-json\/wp\/v2\/tags?post=1824"}],"curies":[{"name":"wp","href":"https:\/\/api.w.org\/{rel}","templated":true}]}}