{"id":1861,"date":"2015-05-06T12:57:18","date_gmt":"2015-05-06T10:57:18","guid":{"rendered":"https:\/\/dev.sicherheitsforum.ch\/?p=1861"},"modified":"2023-03-14T08:59:01","modified_gmt":"2023-03-14T07:59:01","slug":"weiterhin-hochwassergefahr","status":null,"type":"post","link":"https:\/\/news.save.ch\/it\/weiterhin-hochwassergefahr\/","title":{"rendered":"Pericolo continuo di inondazioni"},"content":{"rendered":"<figure id=\"attachment_1863\" aria-describedby=\"caption-attachment-1863\" style=\"width: 680px\" class=\"wp-caption alignnone\"><img loading=\"lazy\" decoding=\"async\" class=\"wp-image-1863 size-medium\" src=\"https:\/\/news.save.ch\/wp-content\/uploads\/2016\/12\/5549d79730eab_Glattal-korr_Sicherheitsforum-1.jpg\" width=\"680\" height=\"453\" \/><figcaption id=\"caption-attachment-1863\" class=\"wp-caption-text\">Prospettive fosche: Vista della Glattal di Zurigo (5 maggio).<\/figcaption><\/figure>\n<figure id=\"attachment_1864\" aria-describedby=\"caption-attachment-1864\" style=\"width: 680px\" class=\"wp-caption alignnone\"><img loading=\"lazy\" decoding=\"async\" class=\"wp-image-1864 size-medium\" src=\"https:\/\/news.save.ch\/wp-content\/uploads\/2016\/12\/5549ff7f47d04_unwetterschaeden_Sicherheitsforum.jpg\" width=\"680\" height=\"471\" \/><figcaption id=\"caption-attachment-1864\" class=\"wp-caption-text\">Esame statistico: importo annuale delle perdite<\/figcaption><\/figure>\n<p>Oggi, venerd\u00ec, l'attivit\u00e0 di rovesci e temporali da sud-ovest aumenter\u00e0 di nuovo nella seconda met\u00e0 della giornata. La pioggia \u00e8 attesa ripetutamente fino a domenica mattina. MeteoSvizzera prevede il maggior numero di precipitazioni tra mezzogiorno di venerd\u00ec e mezzogiorno di sabato lungo le Prealpi centrali e orientali e nel vicino Altopiano centrale. Nelle aree citate si prevedono 20 litri per metro quadro. A livello locale, \u00e8 possibile ottenere 35 litri in poco tempo. Sugli altri versanti settentrionali delle Alpi e nel Giura sono previsti da 10 a 20 litri per metro quadro, nelle restanti pianure circa 5-10 litri.<\/p>\n<p>Grazie all'interruzione delle precipitazioni degli ultimi giorni, i livelli delle acque dei corsi d'acqua sono scesi e attualmente si trovano per lo pi\u00f9 nella fascia di pericolo 1, ad eccezione degli sbocchi dei laghi, in particolare dei laghi di Thun e di Bienne. Nel caso dei laghi che si affacciano sul Giura, l'acqua dei laghi di Murten e Neuch\u00e2tel confluir\u00e0 nel lago di Biel non appena il livello del lago di Biel scender\u00e0 al di sotto di quello del lago di Neuch\u00e2tel. Per alleviare la pressione sui laghi che si affacciano sul Giura, il deflusso dal lago di Bienne \u00e8 regolato a un livello molto alto in accordo tra il governo federale e i cantoni. Le autorit\u00e0 ritengono che ci vorr\u00e0 molto tempo (diverse settimane) prima che si raggiunga la normalit\u00e0.<\/p>\n<p>Il rischio di alluvione sui laghi di Neuch\u00e2tel e Bienne e sull'Aare sotto il lago di Bienne rimane molto elevato (livello 4). Sui laghi di Thun e Murten e sull'Aare sotto il lago di Thun rimane alta (livello 3).<\/p>\n<p>Le precipitazioni previste fino a domenica 10 maggio potrebbero portare a un aumento locale della portata, soprattutto nei corsi d'acqua di piccole e medie dimensioni. Se il bacino idrografico dell'Emme dovesse essere interessato dalle precipitazioni, lo scarico allo sbarramento del porto dovrebbe essere immediatamente ridotto. In questo caso, il livello del lago di Bienne si innalzerebbe rapidamente e bruscamente.<\/p>\n<p>Si consiglia di prestare estrema attenzione in prossimit\u00e0 di fiumi e laghi con acqua alta, come indicato sul sito <a href=\"https:\/\/www.naturgefahren.ch\/home\/aktuelle-naturgefahren.html\" target=\"_blank\" data-cke-saved-href=\"https:\/\/www.naturgefahren.ch\/home\/aktuelle-naturgefahren.html\" rel=\"noopener\">Portale sui rischi naturali <\/a>significa. \u00c8 necessario seguire le istruzioni delle autorit\u00e0 locali.<\/p>\n<p>Per inciso, la gestione dei rischi naturali viene discussa in occasione di un <a title=\"Link al programma speciale\" href=\"https:\/\/www.sicherheit-messe.ch\/htm\/sonderschau_naturgefahren.htm\" target=\"_blank\" data-cke-saved-href=\"https:\/\/www.sicherheit-messe.ch\/htm\/sonderschau_naturgefahren.htm\" rel=\"noopener\">Spettacolo speciale<\/a> al\u00a0<a title=\"Link alla fiera\" href=\"https:\/\/www.sicherheit-messe.ch\" target=\"_blank\" data-cke-saved-href=\"https:\/\/www.sicherheit-messe.ch\" rel=\"noopener\">SICUREZZA 2015<\/a> (10-13 novembre). La fiera sar\u00e0 accompagnata da un congresso: nel giugno 2015, l'ampio <a title=\"Link all&#039;organizzatore del congresso\" href=\"https:\/\/www.save.ch\" target=\"_blank\" data-cke-saved-href=\"https:\/\/www.save.ch\" rel=\"noopener\">Programma<\/a>.<\/p>","protected":false},"excerpt":{"rendered":"<p>Heute Freitag nimmt in der zweiten Tagesh\u00e4lfte die Schauer- und Gewitteraktivit\u00e4t aus S\u00fcdwesten wieder zu. Bis Sonntagmorgen ist wiederholt mit Regen zu rechnen. Am meisten Niederschlag erwartet MeteoSchweiz zwischen Freitagmittag und Samstagmittag entlang der zentralen und \u00f6stlichen Voralpen sowie im angrenzenden Mittelland. In den erw\u00e4hnten Gebieten ist mit 20 Liter pro Quadratmeter zu rechnen. Lokal [&hellip;]<\/p>\n","protected":false},"author":1,"featured_media":1863,"comment_status":"open","ping_status":"open","sticky":false,"template":"","format":"standard","meta":{"_acf_changed":false,"pgc_sgb_lightbox_settings":"","footnotes":""},"categories":[3312],"tags":[213,170,214],"class_list":["post-1861","post","type-post","status-publish","format-standard","has-post-thumbnail","hentry","category-sicherheit","tag-hochwassergefahr","tag-naturgefahren","tag-risikomanagement"],"acf":[],"hkrextid":null,"publication":null,"issue":null,"workflow":null,"startPage":null,"spitzmarke":null,"_posts_by_tag_page_fields":{"widget_title":"","widget_tags":""},"_at_widget":"1","_yoast_wpseo_primary_category":"5","_yoast_wpseo_focuskw_text_input":"Hochwassergefahr","_yoast_wpseo_opengraph-image":"https:\/\/news.save.ch\/wp-content\/uploads\/2016\/12\/5549d79730eab_Glattal-korr_Sicherheitsforum-1.jpg","_yoast_wpseo_opengraph-description":"Nur schon der Blick auf die Region um den kleinen Greifensee im Z\u00fcrcher Glattal zeigt, dass sich die Hochwassersituation in der Schweiz noch nicht entspannt hat.","_yoast_wpseo_opengraph-title":"Weiterhin Hochwassergefahr","enclosure":null,"_yoast_wpseo_twitter-title":null,"_yoast_wpseo_twitter-description":null,"_yoast_wpseo_twitter-image":null,"_wp_old_slug":null,"_yoast_wpseo_title":null,"_yoast_wpseo_canonical":null,"yoast_head":"<!-- This site is optimized with the Yoast SEO plugin v27.4 - https:\/\/yoast.com\/product\/yoast-seo-wordpress\/ -->\n<title>Weiterhin Hochwassergefahr - Save<\/title>\n<meta name=\"description\" content=\"Hochwassergefahr: Die Hochwassersituation in der Schweiz hat sich noch nicht entspannt.\" \/>\n<meta name=\"robots\" content=\"index, follow, max-snippet:-1, max-image-preview:large, max-video-preview:-1\" \/>\n<link rel=\"canonical\" href=\"https:\/\/news.save.ch\/it\/weiterhin-hochwassergefahr\/\" \/>\n<meta property=\"og:locale\" content=\"it_IT\" \/>\n<meta property=\"og:type\" content=\"article\" \/>\n<meta property=\"og:title\" content=\"Weiterhin Hochwassergefahr\" \/>\n<meta property=\"og:description\" content=\"Nur schon der Blick auf die Region um den kleinen Greifensee im Z\u00fcrcher Glattal zeigt, dass sich die Hochwassersituation in der Schweiz noch nicht entspannt hat.\" \/>\n<meta property=\"og:url\" content=\"https:\/\/news.save.ch\/it\/weiterhin-hochwassergefahr\/\" \/>\n<meta property=\"og:site_name\" content=\"Save\" \/>\n<meta property=\"article:published_time\" content=\"2015-05-06T10:57:18+00:00\" \/>\n<meta property=\"article:modified_time\" content=\"2023-03-14T07:59:01+00:00\" \/>\n<meta property=\"og:image\" content=\"https:\/\/news.save.ch\/wp-content\/uploads\/2016\/12\/5549d79730eab_Glattal-korr_Sicherheitsforum-1.jpg\" \/>\n<meta name=\"author\" content=\"admin\" \/>\n<meta name=\"twitter:card\" content=\"summary_large_image\" \/>\n<meta name=\"twitter:label1\" content=\"Scritto da\" \/>\n\t<meta name=\"twitter:data1\" content=\"admin\" \/>\n\t<meta name=\"twitter:label2\" content=\"Tempo di lettura stimato\" \/>\n\t<meta name=\"twitter:data2\" content=\"2 minuti\" \/>\n<script type=\"application\/ld+json\" class=\"yoast-schema-graph\">{\"@context\":\"https:\\\/\\\/schema.org\",\"@graph\":[{\"@type\":\"Article\",\"@id\":\"https:\\\/\\\/news.save.ch\\\/weiterhin-hochwassergefahr\\\/#article\",\"isPartOf\":{\"@id\":\"https:\\\/\\\/news.save.ch\\\/weiterhin-hochwassergefahr\\\/\"},\"author\":{\"name\":\"admin\",\"@id\":\"https:\\\/\\\/news.save.ch\\\/de\\\/#\\\/schema\\\/person\\\/d49e199490bad7c70d64b9ab51142f2b\"},\"headline\":\"Weiterhin Hochwassergefahr\",\"datePublished\":\"2015-05-06T10:57:18+00:00\",\"dateModified\":\"2023-03-14T07:59:01+00:00\",\"mainEntityOfPage\":{\"@id\":\"https:\\\/\\\/news.save.ch\\\/weiterhin-hochwassergefahr\\\/\"},\"wordCount\":366,\"commentCount\":0,\"publisher\":{\"@id\":\"https:\\\/\\\/news.save.ch\\\/de\\\/#organization\"},\"image\":{\"@id\":\"https:\\\/\\\/news.save.ch\\\/weiterhin-hochwassergefahr\\\/#primaryimage\"},\"thumbnailUrl\":\"https:\\\/\\\/news.save.ch\\\/wp-content\\\/uploads\\\/2016\\\/12\\\/5549d79730eab_Glattal-korr_Sicherheitsforum-1-scaled-1-scaled.jpg\",\"keywords\":[\"Hochwassergefahr\",\"Naturgefahren\",\"Risikomanagement\"],\"articleSection\":[\"SICHERHEIT\"],\"inLanguage\":\"it-IT\"},{\"@type\":\"WebPage\",\"@id\":\"https:\\\/\\\/news.save.ch\\\/weiterhin-hochwassergefahr\\\/\",\"url\":\"https:\\\/\\\/news.save.ch\\\/weiterhin-hochwassergefahr\\\/\",\"name\":\"Weiterhin Hochwassergefahr - Save\",\"isPartOf\":{\"@id\":\"https:\\\/\\\/news.save.ch\\\/de\\\/#website\"},\"primaryImageOfPage\":{\"@id\":\"https:\\\/\\\/news.save.ch\\\/weiterhin-hochwassergefahr\\\/#primaryimage\"},\"image\":{\"@id\":\"https:\\\/\\\/news.save.ch\\\/weiterhin-hochwassergefahr\\\/#primaryimage\"},\"thumbnailUrl\":\"https:\\\/\\\/news.save.ch\\\/wp-content\\\/uploads\\\/2016\\\/12\\\/5549d79730eab_Glattal-korr_Sicherheitsforum-1-scaled-1-scaled.jpg\",\"datePublished\":\"2015-05-06T10:57:18+00:00\",\"dateModified\":\"2023-03-14T07:59:01+00:00\",\"description\":\"Hochwassergefahr: Die Hochwassersituation in der Schweiz hat sich noch nicht entspannt.\",\"breadcrumb\":{\"@id\":\"https:\\\/\\\/news.save.ch\\\/weiterhin-hochwassergefahr\\\/#breadcrumb\"},\"inLanguage\":\"it-IT\",\"potentialAction\":[{\"@type\":\"ReadAction\",\"target\":[\"https:\\\/\\\/news.save.ch\\\/weiterhin-hochwassergefahr\\\/\"]}]},{\"@type\":\"ImageObject\",\"inLanguage\":\"it-IT\",\"@id\":\"https:\\\/\\\/news.save.ch\\\/weiterhin-hochwassergefahr\\\/#primaryimage\",\"url\":\"https:\\\/\\\/news.save.ch\\\/wp-content\\\/uploads\\\/2016\\\/12\\\/5549d79730eab_Glattal-korr_Sicherheitsforum-1-scaled-1-scaled.jpg\",\"contentUrl\":\"https:\\\/\\\/news.save.ch\\\/wp-content\\\/uploads\\\/2016\\\/12\\\/5549d79730eab_Glattal-korr_Sicherheitsforum-1-scaled-1-scaled.jpg\",\"width\":1400,\"height\":934,\"caption\":\"Tr\u00fcbe Aussichten: Blick aufs Z\u00fcrcher Glattal (5. Mai).\"},{\"@type\":\"BreadcrumbList\",\"@id\":\"https:\\\/\\\/news.save.ch\\\/weiterhin-hochwassergefahr\\\/#breadcrumb\",\"itemListElement\":[{\"@type\":\"ListItem\",\"position\":1,\"name\":\"Home\",\"item\":\"https:\\\/\\\/news.save.ch\\\/de\\\/\"},{\"@type\":\"ListItem\",\"position\":2,\"name\":\"Weiterhin Hochwassergefahr\"}]},{\"@type\":\"WebSite\",\"@id\":\"https:\\\/\\\/news.save.ch\\\/de\\\/#website\",\"url\":\"https:\\\/\\\/news.save.ch\\\/de\\\/\",\"name\":\"Save\",\"description\":\"Schweizer Fachzeitschrift f\u00fcr Sicherheit\",\"publisher\":{\"@id\":\"https:\\\/\\\/news.save.ch\\\/de\\\/#organization\"},\"potentialAction\":[{\"@type\":\"SearchAction\",\"target\":{\"@type\":\"EntryPoint\",\"urlTemplate\":\"https:\\\/\\\/news.save.ch\\\/de\\\/?s={search_term_string}\"},\"query-input\":{\"@type\":\"PropertyValueSpecification\",\"valueRequired\":true,\"valueName\":\"search_term_string\"}}],\"inLanguage\":\"it-IT\"},{\"@type\":\"Organization\",\"@id\":\"https:\\\/\\\/news.save.ch\\\/de\\\/#organization\",\"name\":\"Sicherheitsforum\",\"url\":\"https:\\\/\\\/news.save.ch\\\/de\\\/\",\"logo\":{\"@type\":\"ImageObject\",\"inLanguage\":\"it-IT\",\"@id\":\"https:\\\/\\\/news.save.ch\\\/de\\\/#\\\/schema\\\/logo\\\/image\\\/\",\"url\":\"https:\\\/\\\/news.save.ch\\\/wp-content\\\/uploads\\\/2022\\\/06\\\/Logo_SF_2012.png\",\"contentUrl\":\"https:\\\/\\\/news.save.ch\\\/wp-content\\\/uploads\\\/2022\\\/06\\\/Logo_SF_2012.png\",\"width\":1100,\"height\":91,\"caption\":\"Sicherheitsforum\"},\"image\":{\"@id\":\"https:\\\/\\\/news.save.ch\\\/de\\\/#\\\/schema\\\/logo\\\/image\\\/\"}},{\"@type\":\"Person\",\"@id\":\"https:\\\/\\\/news.save.ch\\\/de\\\/#\\\/schema\\\/person\\\/d49e199490bad7c70d64b9ab51142f2b\",\"name\":\"admin\",\"image\":{\"@type\":\"ImageObject\",\"inLanguage\":\"it-IT\",\"@id\":\"https:\\\/\\\/secure.gravatar.com\\\/avatar\\\/ae2f4d718e6c49043e314ce431e7e645d646302a24a5ef5a8bc8e3f5a032e319?s=96&d=mm&r=g\",\"url\":\"https:\\\/\\\/secure.gravatar.com\\\/avatar\\\/ae2f4d718e6c49043e314ce431e7e645d646302a24a5ef5a8bc8e3f5a032e319?s=96&d=mm&r=g\",\"contentUrl\":\"https:\\\/\\\/secure.gravatar.com\\\/avatar\\\/ae2f4d718e6c49043e314ce431e7e645d646302a24a5ef5a8bc8e3f5a032e319?s=96&d=mm&r=g\",\"caption\":\"admin\"},\"sameAs\":[\"https:\\\/\\\/develop.organisator.galledia.ch\"],\"url\":\"https:\\\/\\\/news.save.ch\\\/it\\\/author\\\/admin\\\/\"}]}<\/script>\n<!-- \/ Yoast SEO plugin. -->","yoast_head_json":{"title":"Ancora pericolo di inondazioni - Sava","description":"Rischio di inondazioni: la situazione delle inondazioni in Svizzera non si \u00e8 ancora attenuata.","robots":{"index":"index","follow":"follow","max-snippet":"max-snippet:-1","max-image-preview":"max-image-preview:large","max-video-preview":"max-video-preview:-1"},"canonical":"https:\/\/news.save.ch\/it\/weiterhin-hochwassergefahr\/","og_locale":"it_IT","og_type":"article","og_title":"Weiterhin Hochwassergefahr","og_description":"Nur schon der Blick auf die Region um den kleinen Greifensee im Z\u00fcrcher Glattal zeigt, dass sich die Hochwassersituation in der Schweiz noch nicht entspannt hat.","og_url":"https:\/\/news.save.ch\/it\/weiterhin-hochwassergefahr\/","og_site_name":"Save","article_published_time":"2015-05-06T10:57:18+00:00","article_modified_time":"2023-03-14T07:59:01+00:00","og_image":[{"url":"https:\/\/news.save.ch\/wp-content\/uploads\/2016\/12\/5549d79730eab_Glattal-korr_Sicherheitsforum-1.jpg","type":"","width":"","height":""}],"author":"admin","twitter_card":"summary_large_image","twitter_misc":{"Scritto da":"admin","Tempo di lettura stimato":"2 minuti"},"schema":{"@context":"https:\/\/schema.org","@graph":[{"@type":"Article","@id":"https:\/\/news.save.ch\/weiterhin-hochwassergefahr\/#article","isPartOf":{"@id":"https:\/\/news.save.ch\/weiterhin-hochwassergefahr\/"},"author":{"name":"admin","@id":"https:\/\/news.save.ch\/de\/#\/schema\/person\/d49e199490bad7c70d64b9ab51142f2b"},"headline":"Weiterhin Hochwassergefahr","datePublished":"2015-05-06T10:57:18+00:00","dateModified":"2023-03-14T07:59:01+00:00","mainEntityOfPage":{"@id":"https:\/\/news.save.ch\/weiterhin-hochwassergefahr\/"},"wordCount":366,"commentCount":0,"publisher":{"@id":"https:\/\/news.save.ch\/de\/#organization"},"image":{"@id":"https:\/\/news.save.ch\/weiterhin-hochwassergefahr\/#primaryimage"},"thumbnailUrl":"https:\/\/news.save.ch\/wp-content\/uploads\/2016\/12\/5549d79730eab_Glattal-korr_Sicherheitsforum-1-scaled-1-scaled.jpg","keywords":["Hochwassergefahr","Naturgefahren","Risikomanagement"],"articleSection":["SICHERHEIT"],"inLanguage":"it-IT"},{"@type":"WebPage","@id":"https:\/\/news.save.ch\/weiterhin-hochwassergefahr\/","url":"https:\/\/news.save.ch\/weiterhin-hochwassergefahr\/","name":"Ancora pericolo di inondazioni - Sava","isPartOf":{"@id":"https:\/\/news.save.ch\/de\/#website"},"primaryImageOfPage":{"@id":"https:\/\/news.save.ch\/weiterhin-hochwassergefahr\/#primaryimage"},"image":{"@id":"https:\/\/news.save.ch\/weiterhin-hochwassergefahr\/#primaryimage"},"thumbnailUrl":"https:\/\/news.save.ch\/wp-content\/uploads\/2016\/12\/5549d79730eab_Glattal-korr_Sicherheitsforum-1-scaled-1-scaled.jpg","datePublished":"2015-05-06T10:57:18+00:00","dateModified":"2023-03-14T07:59:01+00:00","description":"Rischio di inondazioni: la situazione delle inondazioni in Svizzera non si \u00e8 ancora attenuata.","breadcrumb":{"@id":"https:\/\/news.save.ch\/weiterhin-hochwassergefahr\/#breadcrumb"},"inLanguage":"it-IT","potentialAction":[{"@type":"ReadAction","target":["https:\/\/news.save.ch\/weiterhin-hochwassergefahr\/"]}]},{"@type":"ImageObject","inLanguage":"it-IT","@id":"https:\/\/news.save.ch\/weiterhin-hochwassergefahr\/#primaryimage","url":"https:\/\/news.save.ch\/wp-content\/uploads\/2016\/12\/5549d79730eab_Glattal-korr_Sicherheitsforum-1-scaled-1-scaled.jpg","contentUrl":"https:\/\/news.save.ch\/wp-content\/uploads\/2016\/12\/5549d79730eab_Glattal-korr_Sicherheitsforum-1-scaled-1-scaled.jpg","width":1400,"height":934,"caption":"Tr\u00fcbe Aussichten: Blick aufs Z\u00fcrcher Glattal (5. Mai)."},{"@type":"BreadcrumbList","@id":"https:\/\/news.save.ch\/weiterhin-hochwassergefahr\/#breadcrumb","itemListElement":[{"@type":"ListItem","position":1,"name":"Home","item":"https:\/\/news.save.ch\/de\/"},{"@type":"ListItem","position":2,"name":"Weiterhin Hochwassergefahr"}]},{"@type":"WebSite","@id":"https:\/\/news.save.ch\/de\/#website","url":"https:\/\/news.save.ch\/de\/","name":"Risparmiare","description":"Rivista svizzera specializzata in sicurezza","publisher":{"@id":"https:\/\/news.save.ch\/de\/#organization"},"potentialAction":[{"@type":"SearchAction","target":{"@type":"EntryPoint","urlTemplate":"https:\/\/news.save.ch\/de\/?s={search_term_string}"},"query-input":{"@type":"PropertyValueSpecification","valueRequired":true,"valueName":"search_term_string"}}],"inLanguage":"it-IT"},{"@type":"Organization","@id":"https:\/\/news.save.ch\/de\/#organization","name":"Forum sulla sicurezza","url":"https:\/\/news.save.ch\/de\/","logo":{"@type":"ImageObject","inLanguage":"it-IT","@id":"https:\/\/news.save.ch\/de\/#\/schema\/logo\/image\/","url":"https:\/\/news.save.ch\/wp-content\/uploads\/2022\/06\/Logo_SF_2012.png","contentUrl":"https:\/\/news.save.ch\/wp-content\/uploads\/2022\/06\/Logo_SF_2012.png","width":1100,"height":91,"caption":"Sicherheitsforum"},"image":{"@id":"https:\/\/news.save.ch\/de\/#\/schema\/logo\/image\/"}},{"@type":"Person","@id":"https:\/\/news.save.ch\/de\/#\/schema\/person\/d49e199490bad7c70d64b9ab51142f2b","name":"amministratore","image":{"@type":"ImageObject","inLanguage":"it-IT","@id":"https:\/\/secure.gravatar.com\/avatar\/ae2f4d718e6c49043e314ce431e7e645d646302a24a5ef5a8bc8e3f5a032e319?s=96&d=mm&r=g","url":"https:\/\/secure.gravatar.com\/avatar\/ae2f4d718e6c49043e314ce431e7e645d646302a24a5ef5a8bc8e3f5a032e319?s=96&d=mm&r=g","contentUrl":"https:\/\/secure.gravatar.com\/avatar\/ae2f4d718e6c49043e314ce431e7e645d646302a24a5ef5a8bc8e3f5a032e319?s=96&d=mm&r=g","caption":"admin"},"sameAs":["https:\/\/develop.organisator.galledia.ch"],"url":"https:\/\/news.save.ch\/it\/author\/admin\/"}]}},"_links":{"self":[{"href":"https:\/\/news.save.ch\/it\/wp-json\/wp\/v2\/posts\/1861","targetHints":{"allow":["GET"]}}],"collection":[{"href":"https:\/\/news.save.ch\/it\/wp-json\/wp\/v2\/posts"}],"about":[{"href":"https:\/\/news.save.ch\/it\/wp-json\/wp\/v2\/types\/post"}],"author":[{"embeddable":true,"href":"https:\/\/news.save.ch\/it\/wp-json\/wp\/v2\/users\/1"}],"replies":[{"embeddable":true,"href":"https:\/\/news.save.ch\/it\/wp-json\/wp\/v2\/comments?post=1861"}],"version-history":[{"count":1,"href":"https:\/\/news.save.ch\/it\/wp-json\/wp\/v2\/posts\/1861\/revisions"}],"predecessor-version":[{"id":17890,"href":"https:\/\/news.save.ch\/it\/wp-json\/wp\/v2\/posts\/1861\/revisions\/17890"}],"wp:featuredmedia":[{"embeddable":true,"href":"https:\/\/news.save.ch\/it\/wp-json\/wp\/v2\/media\/1863"}],"wp:attachment":[{"href":"https:\/\/news.save.ch\/it\/wp-json\/wp\/v2\/media?parent=1861"}],"wp:term":[{"taxonomy":"category","embeddable":true,"href":"https:\/\/news.save.ch\/it\/wp-json\/wp\/v2\/categories?post=1861"},{"taxonomy":"post_tag","embeddable":true,"href":"https:\/\/news.save.ch\/it\/wp-json\/wp\/v2\/tags?post=1861"}],"curies":[{"name":"wp","href":"https:\/\/api.w.org\/{rel}","templated":true}]}}