{"id":1905,"date":"2017-03-21T10:29:31","date_gmt":"2017-03-21T09:29:31","guid":{"rendered":"https:\/\/news.save.ch\/?p=1905"},"modified":"2023-03-14T09:04:23","modified_gmt":"2023-03-14T08:04:23","slug":"so-geht-richtige-zahnhygiene","status":null,"type":"post","link":"https:\/\/news.save.ch\/it\/so-geht-richtige-zahnhygiene\/","title":{"rendered":"Ecco come funziona una corretta igiene orale"},"content":{"rendered":"<figure id=\"attachment_1906\" aria-describedby=\"caption-attachment-1906\" style=\"width: 680px\" class=\"wp-caption alignnone\"><img loading=\"lazy\" decoding=\"async\" class=\"size-medium wp-image-1906\" src=\"http:\/\/develop.safety-plus.ch\/wp-content\/uploads\/2017\/03\/Depositphotos_43886009_l-2015.jpg\" alt=\"\" width=\"680\" height=\"453\" \/><figcaption id=\"caption-attachment-1906\" class=\"wp-caption-text\">Spazzolare i denti per due minuti due volte al giorno \u00e8 l'ideale per una buona salute orale.<\/figcaption><\/figure>\n<p>La Federazione dentale mondiale FDI vuole celebrare l'odierna Giornata mondiale del dentista.<a href=\"http:\/\/www.worldoralhealthday.org\/\">Giornata della salute orale<\/a> per sfatare alcuni miti sull'igiene orale. Perch\u00e9 delle buone abitudini di igiene orale possono contribuire molto a una buona salute orale anche in et\u00e0 avanzata e a far risparmiare molte spese mediche, soprattutto in Svizzera.<\/p>\n<p><strong>Fattore di rischio bevande dolci<\/strong><\/p>\n<p>L'igiene orale \u00e8 solo uno dei fattori di rischio che possono contribuire a una cattiva salute orale. Una dieta non sana, soprattutto se ricca di zuccheri, \u00e8 uno dei fattori di rischio pi\u00f9 comuni per le malattie orali. In particolare, la FDI critica le bevande dolci come succhi di frutta, bibite e bevande energetiche, che spesso contengono grandi quantit\u00e0 di zucchero nascosto. L'organizzazione raccomanda di consumare solo bevande con un contenuto di zucchero inferiore a 2,5 grammi per 100 ml. A titolo di confronto, la cola ne contiene oltre 10 grammi, il succo d'arancia circa 9 grammi e la bevanda energetica Red Bull addirittura 11 grammi per 100 millilitri. Il rischio di malattie dentali aumenta a partire da 50 grammi di zucchero al giorno, che corrispondono a circa 12 cucchiaini.<\/p>\n<p><strong>Fumo e alcol<\/strong><\/p>\n<p>Il consumo di tabacco aumenta il rischio di malattie gengivali e di tumori orali. Provoca inoltre scolorimento dei denti, alito cattivo, perdita dei denti e perdita del senso del gusto. Il consumo eccessivo di alcol aumenta il rischio di lesioni dentali e di carie. Inoltre, come il tabacco, contribuisce ad aumentare il rischio di cancro.<\/p>\n<p><strong>Buona igiene dentale<\/strong><\/p>\n<p>Torniamo al rituale quotidiano dell'igiene dentale: che cosa \u00e8 necessario, che cosa \u00e8 eccessivo?<\/p>\n<p>Le raccomandazioni dell'FDI:<\/p>\n<ul>\n<li>L'ideale \u00e8 lavarsi i denti due volte al giorno per due minuti con un dentifricio al fluoro.<\/li>\n<li>Non sciacquare la bocca con acqua subito dopo aver lavato i denti per far s\u00ec che il fluoro faccia effetto. \u00c8 sufficiente sputare.<\/li>\n<li>Aspettate almeno 30 minuti dopo un pasto principale prima di lavarvi i denti.<\/li>\n<li>Se non si ha la possibilit\u00e0 di lavarsi i denti dopo i pasti, masticare una gomma senza zucchero o usare un collutorio al fluoro.<\/li>\n<li>Visitare un dentista almeno una volta all'anno o non appena si notano segni di cattiva salute orale.<\/li>\n<li>Rinunciare al tabacco.<\/li>\n<li>Seguire una dieta sana, con il minor numero possibile di alimenti e bevande ad alto contenuto di zuccheri.<\/li>\n<li>Limitare il consumo di alcol.<\/li>\n<li>Utilizzare un paradenti per gli sport di contatto.<\/li>\n<\/ul>\n<p>&nbsp;<\/p>","protected":false},"excerpt":{"rendered":"<p>Die Zahngesundheitsorganisation FDI World Dental Federation will zum heutigen Welt-Mundgesundheitstag mit einigen Mundpflegemythen aufr\u00e4umen. Denn gute Mundhygiene-Gewohnheiten k\u00f6nnen viel zu einer guten Mundgesundheit bis ins hohe Alter beitragen &#8211; und gerade in der Schweiz viel Zahlarztkosten sparen. Risikofaktor S\u00fcssgetr\u00e4nke Mundhygiene ist dabei nur einer der Risikofaktoren, die zur \u00a0einer ungen\u00fcgenden Mundgesundheit beitragen k\u00f6nnen. Eine ungesunde [&hellip;]<\/p>\n","protected":false},"author":1,"featured_media":1906,"comment_status":"open","ping_status":"open","sticky":false,"template":"","format":"standard","meta":{"_acf_changed":false,"pgc_sgb_lightbox_settings":"","footnotes":""},"categories":[3314],"tags":[141,68,3273],"class_list":["post-1905","post","type-post","status-publish","format-standard","has-post-thumbnail","hentry","category-health-safety","tag-praevention","tag-tipps-und-tricks","tag-zahngesundheit"],"acf":[],"hkrextid":null,"publication":null,"issue":null,"workflow":null,"startPage":null,"spitzmarke":null,"_posts_by_tag_page_fields":{"widget_title":"","widget_tags":""},"_at_widget":"1","_yoast_wpseo_primary_category":"2","_yoast_wpseo_focuskw_text_input":"Mundhygiene","_yoast_wpseo_opengraph-image":null,"_yoast_wpseo_opengraph-description":null,"_yoast_wpseo_opengraph-title":null,"enclosure":null,"_yoast_wpseo_twitter-title":null,"_yoast_wpseo_twitter-description":null,"_yoast_wpseo_twitter-image":null,"_wp_old_slug":null,"_yoast_wpseo_title":"Mundgesundheitstag: So geht richtige Zahnhygiene - Safety-Plus","_yoast_wpseo_canonical":null,"yoast_head":"<!-- This site is optimized with the Yoast SEO plugin v27.4 - https:\/\/yoast.com\/product\/yoast-seo-wordpress\/ -->\n<title>Mundgesundheitstag: So geht richtige Zahnhygiene - Safety-Plus<\/title>\n<meta name=\"description\" content=\"Heute ist Welt-Mundgesundheitstag. Ein guter Anlass, die t\u00e4gliche Mundhygiene zu hinterfragen - und mit einigen Zahnpflegemythen aufzur\u00e4umen.\" \/>\n<meta name=\"robots\" content=\"index, follow, max-snippet:-1, max-image-preview:large, max-video-preview:-1\" \/>\n<link rel=\"canonical\" href=\"https:\/\/news.save.ch\/it\/so-geht-richtige-zahnhygiene\/\" \/>\n<meta property=\"og:locale\" content=\"it_IT\" \/>\n<meta property=\"og:type\" content=\"article\" \/>\n<meta property=\"og:title\" content=\"Mundgesundheitstag: So geht richtige Zahnhygiene - Safety-Plus\" \/>\n<meta property=\"og:description\" content=\"Heute ist Welt-Mundgesundheitstag. Ein guter Anlass, die t\u00e4gliche Mundhygiene zu hinterfragen - und mit einigen Zahnpflegemythen aufzur\u00e4umen.\" \/>\n<meta property=\"og:url\" content=\"https:\/\/news.save.ch\/it\/so-geht-richtige-zahnhygiene\/\" \/>\n<meta property=\"og:site_name\" content=\"Save\" \/>\n<meta property=\"article:published_time\" content=\"2017-03-21T09:29:31+00:00\" \/>\n<meta property=\"article:modified_time\" content=\"2023-03-14T08:04:23+00:00\" \/>\n<meta property=\"og:image\" content=\"https:\/\/news.save.ch\/wp-content\/uploads\/2017\/03\/Depositphotos_43886009_l-2015-scaled-1.jpg\" \/>\n\t<meta property=\"og:image:width\" content=\"1200\" \/>\n\t<meta property=\"og:image:height\" content=\"800\" \/>\n\t<meta property=\"og:image:type\" content=\"image\/jpeg\" \/>\n<meta name=\"author\" content=\"admin\" \/>\n<meta name=\"twitter:card\" content=\"summary_large_image\" \/>\n<meta name=\"twitter:label1\" content=\"Scritto da\" \/>\n\t<meta name=\"twitter:data1\" content=\"admin\" \/>\n\t<meta name=\"twitter:label2\" content=\"Tempo di lettura stimato\" \/>\n\t<meta name=\"twitter:data2\" content=\"2 minuti\" \/>\n<script type=\"application\/ld+json\" class=\"yoast-schema-graph\">{\"@context\":\"https:\\\/\\\/schema.org\",\"@graph\":[{\"@type\":\"Article\",\"@id\":\"https:\\\/\\\/news.save.ch\\\/so-geht-richtige-zahnhygiene\\\/#article\",\"isPartOf\":{\"@id\":\"https:\\\/\\\/news.save.ch\\\/so-geht-richtige-zahnhygiene\\\/\"},\"author\":{\"name\":\"admin\",\"@id\":\"https:\\\/\\\/news.save.ch\\\/de\\\/#\\\/schema\\\/person\\\/d49e199490bad7c70d64b9ab51142f2b\"},\"headline\":\"So geht richtige Mundhygiene\",\"datePublished\":\"2017-03-21T09:29:31+00:00\",\"dateModified\":\"2023-03-14T08:04:23+00:00\",\"mainEntityOfPage\":{\"@id\":\"https:\\\/\\\/news.save.ch\\\/so-geht-richtige-zahnhygiene\\\/\"},\"wordCount\":384,\"commentCount\":1,\"publisher\":{\"@id\":\"https:\\\/\\\/news.save.ch\\\/de\\\/#organization\"},\"image\":{\"@id\":\"https:\\\/\\\/news.save.ch\\\/so-geht-richtige-zahnhygiene\\\/#primaryimage\"},\"thumbnailUrl\":\"https:\\\/\\\/news.save.ch\\\/wp-content\\\/uploads\\\/2017\\\/03\\\/Depositphotos_43886009_l-2015-scaled-1.jpg\",\"keywords\":[\"Pr\u00e4vention\",\"Tipps und Tricks\",\"Zahngesundheit\"],\"articleSection\":[\"HEALTH &amp; SAFETY\"],\"inLanguage\":\"it-IT\"},{\"@type\":\"WebPage\",\"@id\":\"https:\\\/\\\/news.save.ch\\\/so-geht-richtige-zahnhygiene\\\/\",\"url\":\"https:\\\/\\\/news.save.ch\\\/so-geht-richtige-zahnhygiene\\\/\",\"name\":\"Mundgesundheitstag: So geht richtige Zahnhygiene - Safety-Plus\",\"isPartOf\":{\"@id\":\"https:\\\/\\\/news.save.ch\\\/de\\\/#website\"},\"primaryImageOfPage\":{\"@id\":\"https:\\\/\\\/news.save.ch\\\/so-geht-richtige-zahnhygiene\\\/#primaryimage\"},\"image\":{\"@id\":\"https:\\\/\\\/news.save.ch\\\/so-geht-richtige-zahnhygiene\\\/#primaryimage\"},\"thumbnailUrl\":\"https:\\\/\\\/news.save.ch\\\/wp-content\\\/uploads\\\/2017\\\/03\\\/Depositphotos_43886009_l-2015-scaled-1.jpg\",\"datePublished\":\"2017-03-21T09:29:31+00:00\",\"dateModified\":\"2023-03-14T08:04:23+00:00\",\"description\":\"Heute ist Welt-Mundgesundheitstag. Ein guter Anlass, die t\u00e4gliche Mundhygiene zu hinterfragen - und mit einigen Zahnpflegemythen aufzur\u00e4umen.\",\"breadcrumb\":{\"@id\":\"https:\\\/\\\/news.save.ch\\\/so-geht-richtige-zahnhygiene\\\/#breadcrumb\"},\"inLanguage\":\"it-IT\",\"potentialAction\":[{\"@type\":\"ReadAction\",\"target\":[\"https:\\\/\\\/news.save.ch\\\/so-geht-richtige-zahnhygiene\\\/\"]}]},{\"@type\":\"ImageObject\",\"inLanguage\":\"it-IT\",\"@id\":\"https:\\\/\\\/news.save.ch\\\/so-geht-richtige-zahnhygiene\\\/#primaryimage\",\"url\":\"https:\\\/\\\/news.save.ch\\\/wp-content\\\/uploads\\\/2017\\\/03\\\/Depositphotos_43886009_l-2015-scaled-1.jpg\",\"contentUrl\":\"https:\\\/\\\/news.save.ch\\\/wp-content\\\/uploads\\\/2017\\\/03\\\/Depositphotos_43886009_l-2015-scaled-1.jpg\",\"width\":1200,\"height\":800,\"caption\":\"Zwei Mal t\u00e4glich zwei Minuten Z\u00e4hneputzen ist ideal f\u00fcr eine gute Mundgesundheit.\"},{\"@type\":\"BreadcrumbList\",\"@id\":\"https:\\\/\\\/news.save.ch\\\/so-geht-richtige-zahnhygiene\\\/#breadcrumb\",\"itemListElement\":[{\"@type\":\"ListItem\",\"position\":1,\"name\":\"Home\",\"item\":\"https:\\\/\\\/news.save.ch\\\/de\\\/\"},{\"@type\":\"ListItem\",\"position\":2,\"name\":\"So geht richtige Mundhygiene\"}]},{\"@type\":\"WebSite\",\"@id\":\"https:\\\/\\\/news.save.ch\\\/de\\\/#website\",\"url\":\"https:\\\/\\\/news.save.ch\\\/de\\\/\",\"name\":\"Save\",\"description\":\"Schweizer Fachzeitschrift f\u00fcr Sicherheit\",\"publisher\":{\"@id\":\"https:\\\/\\\/news.save.ch\\\/de\\\/#organization\"},\"potentialAction\":[{\"@type\":\"SearchAction\",\"target\":{\"@type\":\"EntryPoint\",\"urlTemplate\":\"https:\\\/\\\/news.save.ch\\\/de\\\/?s={search_term_string}\"},\"query-input\":{\"@type\":\"PropertyValueSpecification\",\"valueRequired\":true,\"valueName\":\"search_term_string\"}}],\"inLanguage\":\"it-IT\"},{\"@type\":\"Organization\",\"@id\":\"https:\\\/\\\/news.save.ch\\\/de\\\/#organization\",\"name\":\"Sicherheitsforum\",\"url\":\"https:\\\/\\\/news.save.ch\\\/de\\\/\",\"logo\":{\"@type\":\"ImageObject\",\"inLanguage\":\"it-IT\",\"@id\":\"https:\\\/\\\/news.save.ch\\\/de\\\/#\\\/schema\\\/logo\\\/image\\\/\",\"url\":\"https:\\\/\\\/news.save.ch\\\/wp-content\\\/uploads\\\/2022\\\/06\\\/Logo_SF_2012.png\",\"contentUrl\":\"https:\\\/\\\/news.save.ch\\\/wp-content\\\/uploads\\\/2022\\\/06\\\/Logo_SF_2012.png\",\"width\":1100,\"height\":91,\"caption\":\"Sicherheitsforum\"},\"image\":{\"@id\":\"https:\\\/\\\/news.save.ch\\\/de\\\/#\\\/schema\\\/logo\\\/image\\\/\"}},{\"@type\":\"Person\",\"@id\":\"https:\\\/\\\/news.save.ch\\\/de\\\/#\\\/schema\\\/person\\\/d49e199490bad7c70d64b9ab51142f2b\",\"name\":\"admin\",\"image\":{\"@type\":\"ImageObject\",\"inLanguage\":\"it-IT\",\"@id\":\"https:\\\/\\\/secure.gravatar.com\\\/avatar\\\/ae2f4d718e6c49043e314ce431e7e645d646302a24a5ef5a8bc8e3f5a032e319?s=96&d=mm&r=g\",\"url\":\"https:\\\/\\\/secure.gravatar.com\\\/avatar\\\/ae2f4d718e6c49043e314ce431e7e645d646302a24a5ef5a8bc8e3f5a032e319?s=96&d=mm&r=g\",\"contentUrl\":\"https:\\\/\\\/secure.gravatar.com\\\/avatar\\\/ae2f4d718e6c49043e314ce431e7e645d646302a24a5ef5a8bc8e3f5a032e319?s=96&d=mm&r=g\",\"caption\":\"admin\"},\"sameAs\":[\"https:\\\/\\\/develop.organisator.galledia.ch\"],\"url\":\"https:\\\/\\\/news.save.ch\\\/it\\\/author\\\/admin\\\/\"}]}<\/script>\n<!-- \/ Yoast SEO plugin. -->","yoast_head_json":{"title":"Giornata della salute orale: come funziona una corretta igiene dentale - Safety-Plus","description":"Oggi \u00e8 la Giornata Mondiale della Salute Orale. Una buona occasione per interrogarsi sulla propria igiene orale quotidiana e per sfatare alcuni miti sulla cura dei denti.","robots":{"index":"index","follow":"follow","max-snippet":"max-snippet:-1","max-image-preview":"max-image-preview:large","max-video-preview":"max-video-preview:-1"},"canonical":"https:\/\/news.save.ch\/it\/so-geht-richtige-zahnhygiene\/","og_locale":"it_IT","og_type":"article","og_title":"Mundgesundheitstag: So geht richtige Zahnhygiene - Safety-Plus","og_description":"Heute ist Welt-Mundgesundheitstag. Ein guter Anlass, die t\u00e4gliche Mundhygiene zu hinterfragen - und mit einigen Zahnpflegemythen aufzur\u00e4umen.","og_url":"https:\/\/news.save.ch\/it\/so-geht-richtige-zahnhygiene\/","og_site_name":"Save","article_published_time":"2017-03-21T09:29:31+00:00","article_modified_time":"2023-03-14T08:04:23+00:00","og_image":[{"width":1200,"height":800,"url":"https:\/\/news.save.ch\/wp-content\/uploads\/2017\/03\/Depositphotos_43886009_l-2015-scaled-1.jpg","type":"image\/jpeg"}],"author":"admin","twitter_card":"summary_large_image","twitter_misc":{"Scritto da":"admin","Tempo di lettura stimato":"2 minuti"},"schema":{"@context":"https:\/\/schema.org","@graph":[{"@type":"Article","@id":"https:\/\/news.save.ch\/so-geht-richtige-zahnhygiene\/#article","isPartOf":{"@id":"https:\/\/news.save.ch\/so-geht-richtige-zahnhygiene\/"},"author":{"name":"admin","@id":"https:\/\/news.save.ch\/de\/#\/schema\/person\/d49e199490bad7c70d64b9ab51142f2b"},"headline":"So geht richtige Mundhygiene","datePublished":"2017-03-21T09:29:31+00:00","dateModified":"2023-03-14T08:04:23+00:00","mainEntityOfPage":{"@id":"https:\/\/news.save.ch\/so-geht-richtige-zahnhygiene\/"},"wordCount":384,"commentCount":1,"publisher":{"@id":"https:\/\/news.save.ch\/de\/#organization"},"image":{"@id":"https:\/\/news.save.ch\/so-geht-richtige-zahnhygiene\/#primaryimage"},"thumbnailUrl":"https:\/\/news.save.ch\/wp-content\/uploads\/2017\/03\/Depositphotos_43886009_l-2015-scaled-1.jpg","keywords":["Pr\u00e4vention","Tipps und Tricks","Zahngesundheit"],"articleSection":["HEALTH &amp; SAFETY"],"inLanguage":"it-IT"},{"@type":"WebPage","@id":"https:\/\/news.save.ch\/so-geht-richtige-zahnhygiene\/","url":"https:\/\/news.save.ch\/so-geht-richtige-zahnhygiene\/","name":"Giornata della salute orale: come funziona una corretta igiene dentale - Safety-Plus","isPartOf":{"@id":"https:\/\/news.save.ch\/de\/#website"},"primaryImageOfPage":{"@id":"https:\/\/news.save.ch\/so-geht-richtige-zahnhygiene\/#primaryimage"},"image":{"@id":"https:\/\/news.save.ch\/so-geht-richtige-zahnhygiene\/#primaryimage"},"thumbnailUrl":"https:\/\/news.save.ch\/wp-content\/uploads\/2017\/03\/Depositphotos_43886009_l-2015-scaled-1.jpg","datePublished":"2017-03-21T09:29:31+00:00","dateModified":"2023-03-14T08:04:23+00:00","description":"Oggi \u00e8 la Giornata Mondiale della Salute Orale. Una buona occasione per interrogarsi sulla propria igiene orale quotidiana e per sfatare alcuni miti sulla cura dei denti.","breadcrumb":{"@id":"https:\/\/news.save.ch\/so-geht-richtige-zahnhygiene\/#breadcrumb"},"inLanguage":"it-IT","potentialAction":[{"@type":"ReadAction","target":["https:\/\/news.save.ch\/so-geht-richtige-zahnhygiene\/"]}]},{"@type":"ImageObject","inLanguage":"it-IT","@id":"https:\/\/news.save.ch\/so-geht-richtige-zahnhygiene\/#primaryimage","url":"https:\/\/news.save.ch\/wp-content\/uploads\/2017\/03\/Depositphotos_43886009_l-2015-scaled-1.jpg","contentUrl":"https:\/\/news.save.ch\/wp-content\/uploads\/2017\/03\/Depositphotos_43886009_l-2015-scaled-1.jpg","width":1200,"height":800,"caption":"Zwei Mal t\u00e4glich zwei Minuten Z\u00e4hneputzen ist ideal f\u00fcr eine gute Mundgesundheit."},{"@type":"BreadcrumbList","@id":"https:\/\/news.save.ch\/so-geht-richtige-zahnhygiene\/#breadcrumb","itemListElement":[{"@type":"ListItem","position":1,"name":"Home","item":"https:\/\/news.save.ch\/de\/"},{"@type":"ListItem","position":2,"name":"So geht richtige Mundhygiene"}]},{"@type":"WebSite","@id":"https:\/\/news.save.ch\/de\/#website","url":"https:\/\/news.save.ch\/de\/","name":"Risparmiare","description":"Rivista svizzera specializzata in sicurezza","publisher":{"@id":"https:\/\/news.save.ch\/de\/#organization"},"potentialAction":[{"@type":"SearchAction","target":{"@type":"EntryPoint","urlTemplate":"https:\/\/news.save.ch\/de\/?s={search_term_string}"},"query-input":{"@type":"PropertyValueSpecification","valueRequired":true,"valueName":"search_term_string"}}],"inLanguage":"it-IT"},{"@type":"Organization","@id":"https:\/\/news.save.ch\/de\/#organization","name":"Forum sulla sicurezza","url":"https:\/\/news.save.ch\/de\/","logo":{"@type":"ImageObject","inLanguage":"it-IT","@id":"https:\/\/news.save.ch\/de\/#\/schema\/logo\/image\/","url":"https:\/\/news.save.ch\/wp-content\/uploads\/2022\/06\/Logo_SF_2012.png","contentUrl":"https:\/\/news.save.ch\/wp-content\/uploads\/2022\/06\/Logo_SF_2012.png","width":1100,"height":91,"caption":"Sicherheitsforum"},"image":{"@id":"https:\/\/news.save.ch\/de\/#\/schema\/logo\/image\/"}},{"@type":"Person","@id":"https:\/\/news.save.ch\/de\/#\/schema\/person\/d49e199490bad7c70d64b9ab51142f2b","name":"amministratore","image":{"@type":"ImageObject","inLanguage":"it-IT","@id":"https:\/\/secure.gravatar.com\/avatar\/ae2f4d718e6c49043e314ce431e7e645d646302a24a5ef5a8bc8e3f5a032e319?s=96&d=mm&r=g","url":"https:\/\/secure.gravatar.com\/avatar\/ae2f4d718e6c49043e314ce431e7e645d646302a24a5ef5a8bc8e3f5a032e319?s=96&d=mm&r=g","contentUrl":"https:\/\/secure.gravatar.com\/avatar\/ae2f4d718e6c49043e314ce431e7e645d646302a24a5ef5a8bc8e3f5a032e319?s=96&d=mm&r=g","caption":"admin"},"sameAs":["https:\/\/develop.organisator.galledia.ch"],"url":"https:\/\/news.save.ch\/it\/author\/admin\/"}]}},"_links":{"self":[{"href":"https:\/\/news.save.ch\/it\/wp-json\/wp\/v2\/posts\/1905","targetHints":{"allow":["GET"]}}],"collection":[{"href":"https:\/\/news.save.ch\/it\/wp-json\/wp\/v2\/posts"}],"about":[{"href":"https:\/\/news.save.ch\/it\/wp-json\/wp\/v2\/types\/post"}],"author":[{"embeddable":true,"href":"https:\/\/news.save.ch\/it\/wp-json\/wp\/v2\/users\/1"}],"replies":[{"embeddable":true,"href":"https:\/\/news.save.ch\/it\/wp-json\/wp\/v2\/comments?post=1905"}],"version-history":[{"count":1,"href":"https:\/\/news.save.ch\/it\/wp-json\/wp\/v2\/posts\/1905\/revisions"}],"predecessor-version":[{"id":18948,"href":"https:\/\/news.save.ch\/it\/wp-json\/wp\/v2\/posts\/1905\/revisions\/18948"}],"wp:featuredmedia":[{"embeddable":true,"href":"https:\/\/news.save.ch\/it\/wp-json\/wp\/v2\/media\/1906"}],"wp:attachment":[{"href":"https:\/\/news.save.ch\/it\/wp-json\/wp\/v2\/media?parent=1905"}],"wp:term":[{"taxonomy":"category","embeddable":true,"href":"https:\/\/news.save.ch\/it\/wp-json\/wp\/v2\/categories?post=1905"},{"taxonomy":"post_tag","embeddable":true,"href":"https:\/\/news.save.ch\/it\/wp-json\/wp\/v2\/tags?post=1905"}],"curies":[{"name":"wp","href":"https:\/\/api.w.org\/{rel}","templated":true}]}}