{"id":1907,"date":"2015-05-20T13:55:04","date_gmt":"2015-05-20T11:55:04","guid":{"rendered":"https:\/\/dev.sicherheitsforum.ch\/?p=1907"},"modified":"2023-03-14T09:00:05","modified_gmt":"2023-03-14T08:00:05","slug":"mit-gehirnwellen-menschen-identifizieren","status":null,"type":"post","link":"https:\/\/news.save.ch\/it\/mit-gehirnwellen-menschen-identifizieren\/","title":{"rendered":"Identificare le persone con le onde cerebrali"},"content":{"rendered":"<figure id=\"attachment_1912\" aria-describedby=\"caption-attachment-1912\" style=\"width: 680px\" class=\"wp-caption alignnone\"><img loading=\"lazy\" decoding=\"async\" class=\"size-medium wp-image-1912\" src=\"https:\/\/sicherheitsforum.ch\/wp-content\/uploads\/2016\/12\/555c777dc2df3_Gehirnwellen-Depositphotos_10171240_m_Sicherheitsforum.jpg\" alt=\"\" width=\"680\" height=\"510\" \/><figcaption id=\"caption-attachment-1912\" class=\"wp-caption-text\">Le onde cerebrali saranno presto utilizzate per identificare l'identit\u00e0?<\/figcaption><\/figure>\n<p>I ricercatori hanno registrato i segnali di 45 volontari mentre leggevano un elenco di 75 abbreviazioni. Le modifiche valutate erano cos\u00ec uniche che le persone potevano essere identificate con 94%.<\/p>\n<p><strong>Necessario un ulteriore sviluppo<\/strong><\/p>\n<p>Il in \"<a href=\"https:\/\/bit.ly\/1IP7b4S\" target=\"_blank\" data-cke-saved-href=\"https:\/\/bit.ly\/1IP7b4S\" rel=\"noopener\">Neurocomputing<\/a>\"I risultati pubblicati indicano che le onde cerebrali potrebbero essere utilizzate nei sistemi di sicurezza per identificare l'identit\u00e0. Anche se l'accuratezza raggiunta finora non sarebbe sufficiente per proteggere, ad esempio, una stanza o un computer pieno di segreti, questi risultati sono un inizio promettente.<\/p>\n<p>In passato sono gi\u00e0 stati sviluppati metodi di identificazione delle persone basati sui segnali elettrici del cervello. Un vantaggio sarebbe che, a differenza delle password o delle impronte digitali, l'identit\u00e0 pu\u00f2 essere verificata in modo permanente. La verifica continua attraverso il riconoscimento facciale, il riconoscimento dell'orecchio o il monitoraggio delle onde cerebrali, potrebbe consentire a una persona di interagire con molti sistemi informatici o persino con una serie di oggetti \"intelligenti\", senza una password.<\/p>\n<p>Finora, tuttavia, gli approcci corrispondenti sono spesso falliti a causa del \"rumore di fondo\" durante la misurazione dei segnali cerebrali e quindi della possibilit\u00e0 di analizzare questi dati. L'approccio di Armstrong risolve questo problema concentrandosi sulle onde cerebrali di una specifica regione del cervello associata alla lettura e al riconoscimento delle parole. Questo produce segnali pi\u00f9 chiari che possono essere analizzati pi\u00f9 rapidamente.<\/p>\n<p><strong>La biometria completamente reimmaginata<\/strong><\/p>\n<p>I segnali si presentano quando una persona accede alla sua memoria semantica. I ricordi episodici registrano le nostre esperienze, mentre i ricordi semantici catturano il significato di parole specifiche. L'insieme dei significati che le persone associano alle parole pu\u00f2 variare leggermente da persona a persona. Questo rivela un modello individuale.<\/p>\n<p>A differenza dei ricordi episodici, quelli semantici cambiano molto poco. Ad esempio, se si viene punti da un'ape, \u00e8 probabile che ci siano differenze nei neuroni della memoria episodica quando si legge la parola \"ape\". Tuttavia, \u00e8 probabile che i neuroni della memoria semantica si comportino in modo simile a quello precedente a questo evento.<\/p>\n<p>Secondo Armstrong, il nuovo metodo pu\u00f2 essere ulteriormente sviluppato per fornire un'alternativa pi\u00f9 personale e pi\u00f9 difficile da decifrare rispetto al riconoscimento delle impronte digitali o alla scansione dell'iride. Il ricercatore fa riferimento a un caso in Malesia. Nel 2005, i ladri di auto hanno rimosso i polpastrelli del proprietario per poter avviare l'auto. Ma un cervello non pu\u00f2 essere semplicemente rimosso.<\/p>\n<p>Kevin Bowyer del <a href=\"https:\/\/nd.edu\" target=\"_blank\" data-cke-saved-href=\"https:\/\/nd.edu\" rel=\"noopener\">Universit\u00e0 di Notre Dame<\/a> Secondo l'esperto, l'approccio cambia il concetto di biometria. Tuttavia, l'esperto sottolinea che il metodo \u00e8 attualmente molto meno preciso della scansione dell'impronta digitale o dell'iride. Poich\u00e9 \u00e8 necessario posizionare tre elettrodi sulla testa, il metodo \u00e8 anche pi\u00f9 difficile da usare.<\/p>\n<p><em>Fonte: <a href=\"https:\/\/www.pressetext.com\" target=\"_blank\" data-cke-saved-href=\"https:\/\/www.pressetext.com\" rel=\"noopener\">Comunicato stampa<\/a><\/em><\/p>","protected":false},"excerpt":{"rendered":"<p>Die Forscher haben die Signale von 45 Freiwilligen aufgezeichnet, als sie eine Liste mit 75 Abk\u00fcrzungen lasen. Die ausgewerteten Ver\u00e4nderungen waren so einzigartig, dass Menschen zu 94% identifiziert werden konnten. Weiterentwicklung n\u00f6tig Die in &#8222;Neurocomputing&#8220;\u00a0ver\u00f6ffentlichten Ergebnisse weisen darauf hin, dass Gehirnwellen bei Sicherheitssystemen zur Identifizierung der Identit\u00e4t eingesetzt werden k\u00f6nnten. Obwohl die bisher erzielte Genauigkeit [&hellip;]<\/p>\n","protected":false},"author":1,"featured_media":1912,"comment_status":"open","ping_status":"open","sticky":false,"template":"","format":"standard","meta":{"_acf_changed":false,"pgc_sgb_lightbox_settings":"","footnotes":""},"categories":[3312],"tags":[218,219,220,221],"class_list":["post-1907","post","type-post","status-publish","format-standard","has-post-thumbnail","hentry","category-sicherheit","tag-biometrik","tag-gehirnwellen","tag-identifikation","tag-neurocomputing"],"acf":[],"hkrextid":null,"publication":null,"issue":null,"workflow":null,"startPage":null,"spitzmarke":null,"_posts_by_tag_page_fields":{"widget_title":"","widget_tags":""},"_at_widget":"1","_yoast_wpseo_primary_category":"3303","_yoast_wpseo_focuskw_text_input":"Gehirnwellen","_yoast_wpseo_opengraph-image":"https:\/\/sicherheitsforum.ch\/wp-content\/uploads\/2016\/12\/555c777dc2df3_Gehirnwellen-Depositphotos_10171240_m_Sicherheitsforum.jpg","_yoast_wpseo_opengraph-description":"W\u00f6rter, die Gehirnwellen ausl\u00f6sen, k\u00f6nnen laut Forschern des Basque Center on Cognition, Brain, and Language eingesetzt werden, um Menschen zu identifizieren.","_yoast_wpseo_opengraph-title":"Mit Gehirnwellen Menschen identifizieren","enclosure":null,"_yoast_wpseo_twitter-title":null,"_yoast_wpseo_twitter-description":null,"_yoast_wpseo_twitter-image":null,"_wp_old_slug":null,"_yoast_wpseo_title":null,"_yoast_wpseo_canonical":null,"yoast_head":"<!-- This site is optimized with the Yoast SEO plugin v27.4 - https:\/\/yoast.com\/product\/yoast-seo-wordpress\/ -->\n<title>Mit Gehirnwellen Menschen identifizieren - Save<\/title>\n<meta name=\"description\" content=\"W\u00f6rter, die Gehirnwellen ausl\u00f6sen, k\u00f6nnen laut des Basque Center on Cognition, Brain, and Language eingesetzt werden, um Menschen zu identifizieren.\" \/>\n<meta name=\"robots\" content=\"index, follow, max-snippet:-1, max-image-preview:large, max-video-preview:-1\" \/>\n<link rel=\"canonical\" href=\"https:\/\/news.save.ch\/it\/mit-gehirnwellen-menschen-identifizieren\/\" \/>\n<meta property=\"og:locale\" content=\"it_IT\" \/>\n<meta property=\"og:type\" content=\"article\" \/>\n<meta property=\"og:title\" content=\"Mit Gehirnwellen Menschen identifizieren\" \/>\n<meta property=\"og:description\" content=\"W\u00f6rter, die Gehirnwellen ausl\u00f6sen, k\u00f6nnen laut Forschern des Basque Center on Cognition, Brain, and Language eingesetzt werden, um Menschen zu identifizieren.\" \/>\n<meta property=\"og:url\" content=\"https:\/\/news.save.ch\/it\/mit-gehirnwellen-menschen-identifizieren\/\" \/>\n<meta property=\"og:site_name\" content=\"Save\" \/>\n<meta property=\"article:published_time\" content=\"2015-05-20T11:55:04+00:00\" \/>\n<meta property=\"article:modified_time\" content=\"2023-03-14T08:00:05+00:00\" \/>\n<meta property=\"og:image\" content=\"https:\/\/sicherheitsforum.ch\/wp-content\/uploads\/2016\/12\/555c777dc2df3_Gehirnwellen-Depositphotos_10171240_m_Sicherheitsforum.jpg\" \/>\n<meta name=\"author\" content=\"admin\" \/>\n<meta name=\"twitter:card\" content=\"summary_large_image\" \/>\n<meta name=\"twitter:label1\" content=\"Scritto da\" \/>\n\t<meta name=\"twitter:data1\" content=\"admin\" \/>\n\t<meta name=\"twitter:label2\" content=\"Tempo di lettura stimato\" \/>\n\t<meta name=\"twitter:data2\" content=\"2 minuti\" \/>\n<script type=\"application\/ld+json\" class=\"yoast-schema-graph\">{\"@context\":\"https:\\\/\\\/schema.org\",\"@graph\":[{\"@type\":\"Article\",\"@id\":\"https:\\\/\\\/news.save.ch\\\/mit-gehirnwellen-menschen-identifizieren\\\/#article\",\"isPartOf\":{\"@id\":\"https:\\\/\\\/news.save.ch\\\/mit-gehirnwellen-menschen-identifizieren\\\/\"},\"author\":{\"name\":\"admin\",\"@id\":\"https:\\\/\\\/news.save.ch\\\/de\\\/#\\\/schema\\\/person\\\/d49e199490bad7c70d64b9ab51142f2b\"},\"headline\":\"Mit Gehirnwellen Menschen identifizieren\",\"datePublished\":\"2015-05-20T11:55:04+00:00\",\"dateModified\":\"2023-03-14T08:00:05+00:00\",\"mainEntityOfPage\":{\"@id\":\"https:\\\/\\\/news.save.ch\\\/mit-gehirnwellen-menschen-identifizieren\\\/\"},\"wordCount\":467,\"commentCount\":0,\"publisher\":{\"@id\":\"https:\\\/\\\/news.save.ch\\\/de\\\/#organization\"},\"image\":{\"@id\":\"https:\\\/\\\/news.save.ch\\\/mit-gehirnwellen-menschen-identifizieren\\\/#primaryimage\"},\"thumbnailUrl\":\"https:\\\/\\\/news.save.ch\\\/wp-content\\\/uploads\\\/2016\\\/12\\\/555c777dc2df3_Gehirnwellen-Depositphotos_10171240_m_Sicherheitsforum-scaled.jpg\",\"keywords\":[\"Biometrik\",\"Gehirnwellen\",\"Identifikation\",\"Neurocomputing\"],\"articleSection\":[\"SICHERHEIT\"],\"inLanguage\":\"it-IT\"},{\"@type\":\"WebPage\",\"@id\":\"https:\\\/\\\/news.save.ch\\\/mit-gehirnwellen-menschen-identifizieren\\\/\",\"url\":\"https:\\\/\\\/news.save.ch\\\/mit-gehirnwellen-menschen-identifizieren\\\/\",\"name\":\"Mit Gehirnwellen Menschen identifizieren - Save\",\"isPartOf\":{\"@id\":\"https:\\\/\\\/news.save.ch\\\/de\\\/#website\"},\"primaryImageOfPage\":{\"@id\":\"https:\\\/\\\/news.save.ch\\\/mit-gehirnwellen-menschen-identifizieren\\\/#primaryimage\"},\"image\":{\"@id\":\"https:\\\/\\\/news.save.ch\\\/mit-gehirnwellen-menschen-identifizieren\\\/#primaryimage\"},\"thumbnailUrl\":\"https:\\\/\\\/news.save.ch\\\/wp-content\\\/uploads\\\/2016\\\/12\\\/555c777dc2df3_Gehirnwellen-Depositphotos_10171240_m_Sicherheitsforum-scaled.jpg\",\"datePublished\":\"2015-05-20T11:55:04+00:00\",\"dateModified\":\"2023-03-14T08:00:05+00:00\",\"description\":\"W\u00f6rter, die Gehirnwellen ausl\u00f6sen, k\u00f6nnen laut des Basque Center on Cognition, Brain, and Language eingesetzt werden, um Menschen zu identifizieren.\",\"breadcrumb\":{\"@id\":\"https:\\\/\\\/news.save.ch\\\/mit-gehirnwellen-menschen-identifizieren\\\/#breadcrumb\"},\"inLanguage\":\"it-IT\",\"potentialAction\":[{\"@type\":\"ReadAction\",\"target\":[\"https:\\\/\\\/news.save.ch\\\/mit-gehirnwellen-menschen-identifizieren\\\/\"]}]},{\"@type\":\"ImageObject\",\"inLanguage\":\"it-IT\",\"@id\":\"https:\\\/\\\/news.save.ch\\\/mit-gehirnwellen-menschen-identifizieren\\\/#primaryimage\",\"url\":\"https:\\\/\\\/news.save.ch\\\/wp-content\\\/uploads\\\/2016\\\/12\\\/555c777dc2df3_Gehirnwellen-Depositphotos_10171240_m_Sicherheitsforum-scaled.jpg\",\"contentUrl\":\"https:\\\/\\\/news.save.ch\\\/wp-content\\\/uploads\\\/2016\\\/12\\\/555c777dc2df3_Gehirnwellen-Depositphotos_10171240_m_Sicherheitsforum-scaled.jpg\",\"width\":1400,\"height\":1050,\"caption\":\"Werden bald Gehirnwellen zur Identifizierung der Identit\u00e4t eingesetzt?\"},{\"@type\":\"BreadcrumbList\",\"@id\":\"https:\\\/\\\/news.save.ch\\\/mit-gehirnwellen-menschen-identifizieren\\\/#breadcrumb\",\"itemListElement\":[{\"@type\":\"ListItem\",\"position\":1,\"name\":\"Home\",\"item\":\"https:\\\/\\\/news.save.ch\\\/de\\\/\"},{\"@type\":\"ListItem\",\"position\":2,\"name\":\"Mit Gehirnwellen Menschen identifizieren\"}]},{\"@type\":\"WebSite\",\"@id\":\"https:\\\/\\\/news.save.ch\\\/de\\\/#website\",\"url\":\"https:\\\/\\\/news.save.ch\\\/de\\\/\",\"name\":\"Save\",\"description\":\"Schweizer Fachzeitschrift f\u00fcr Sicherheit\",\"publisher\":{\"@id\":\"https:\\\/\\\/news.save.ch\\\/de\\\/#organization\"},\"potentialAction\":[{\"@type\":\"SearchAction\",\"target\":{\"@type\":\"EntryPoint\",\"urlTemplate\":\"https:\\\/\\\/news.save.ch\\\/de\\\/?s={search_term_string}\"},\"query-input\":{\"@type\":\"PropertyValueSpecification\",\"valueRequired\":true,\"valueName\":\"search_term_string\"}}],\"inLanguage\":\"it-IT\"},{\"@type\":\"Organization\",\"@id\":\"https:\\\/\\\/news.save.ch\\\/de\\\/#organization\",\"name\":\"Sicherheitsforum\",\"url\":\"https:\\\/\\\/news.save.ch\\\/de\\\/\",\"logo\":{\"@type\":\"ImageObject\",\"inLanguage\":\"it-IT\",\"@id\":\"https:\\\/\\\/news.save.ch\\\/de\\\/#\\\/schema\\\/logo\\\/image\\\/\",\"url\":\"https:\\\/\\\/news.save.ch\\\/wp-content\\\/uploads\\\/2022\\\/06\\\/Logo_SF_2012.png\",\"contentUrl\":\"https:\\\/\\\/news.save.ch\\\/wp-content\\\/uploads\\\/2022\\\/06\\\/Logo_SF_2012.png\",\"width\":1100,\"height\":91,\"caption\":\"Sicherheitsforum\"},\"image\":{\"@id\":\"https:\\\/\\\/news.save.ch\\\/de\\\/#\\\/schema\\\/logo\\\/image\\\/\"}},{\"@type\":\"Person\",\"@id\":\"https:\\\/\\\/news.save.ch\\\/de\\\/#\\\/schema\\\/person\\\/d49e199490bad7c70d64b9ab51142f2b\",\"name\":\"admin\",\"image\":{\"@type\":\"ImageObject\",\"inLanguage\":\"it-IT\",\"@id\":\"https:\\\/\\\/secure.gravatar.com\\\/avatar\\\/ae2f4d718e6c49043e314ce431e7e645d646302a24a5ef5a8bc8e3f5a032e319?s=96&d=mm&r=g\",\"url\":\"https:\\\/\\\/secure.gravatar.com\\\/avatar\\\/ae2f4d718e6c49043e314ce431e7e645d646302a24a5ef5a8bc8e3f5a032e319?s=96&d=mm&r=g\",\"contentUrl\":\"https:\\\/\\\/secure.gravatar.com\\\/avatar\\\/ae2f4d718e6c49043e314ce431e7e645d646302a24a5ef5a8bc8e3f5a032e319?s=96&d=mm&r=g\",\"caption\":\"admin\"},\"sameAs\":[\"https:\\\/\\\/develop.organisator.galledia.ch\"],\"url\":\"https:\\\/\\\/news.save.ch\\\/it\\\/author\\\/admin\\\/\"}]}<\/script>\n<!-- \/ Yoast SEO plugin. -->","yoast_head_json":{"title":"Identificare le persone con le onde cerebrali - Save","description":"Secondo il Basque Center on Cognition, Brain, and Language, le parole che attivano le onde cerebrali possono essere utilizzate per identificare le persone.","robots":{"index":"index","follow":"follow","max-snippet":"max-snippet:-1","max-image-preview":"max-image-preview:large","max-video-preview":"max-video-preview:-1"},"canonical":"https:\/\/news.save.ch\/it\/mit-gehirnwellen-menschen-identifizieren\/","og_locale":"it_IT","og_type":"article","og_title":"Mit Gehirnwellen Menschen identifizieren","og_description":"W\u00f6rter, die Gehirnwellen ausl\u00f6sen, k\u00f6nnen laut Forschern des Basque Center on Cognition, Brain, and Language eingesetzt werden, um Menschen zu identifizieren.","og_url":"https:\/\/news.save.ch\/it\/mit-gehirnwellen-menschen-identifizieren\/","og_site_name":"Save","article_published_time":"2015-05-20T11:55:04+00:00","article_modified_time":"2023-03-14T08:00:05+00:00","og_image":[{"url":"https:\/\/sicherheitsforum.ch\/wp-content\/uploads\/2016\/12\/555c777dc2df3_Gehirnwellen-Depositphotos_10171240_m_Sicherheitsforum.jpg","type":"","width":"","height":""}],"author":"admin","twitter_card":"summary_large_image","twitter_misc":{"Scritto da":"admin","Tempo di lettura stimato":"2 minuti"},"schema":{"@context":"https:\/\/schema.org","@graph":[{"@type":"Article","@id":"https:\/\/news.save.ch\/mit-gehirnwellen-menschen-identifizieren\/#article","isPartOf":{"@id":"https:\/\/news.save.ch\/mit-gehirnwellen-menschen-identifizieren\/"},"author":{"name":"admin","@id":"https:\/\/news.save.ch\/de\/#\/schema\/person\/d49e199490bad7c70d64b9ab51142f2b"},"headline":"Mit Gehirnwellen Menschen identifizieren","datePublished":"2015-05-20T11:55:04+00:00","dateModified":"2023-03-14T08:00:05+00:00","mainEntityOfPage":{"@id":"https:\/\/news.save.ch\/mit-gehirnwellen-menschen-identifizieren\/"},"wordCount":467,"commentCount":0,"publisher":{"@id":"https:\/\/news.save.ch\/de\/#organization"},"image":{"@id":"https:\/\/news.save.ch\/mit-gehirnwellen-menschen-identifizieren\/#primaryimage"},"thumbnailUrl":"https:\/\/news.save.ch\/wp-content\/uploads\/2016\/12\/555c777dc2df3_Gehirnwellen-Depositphotos_10171240_m_Sicherheitsforum-scaled.jpg","keywords":["Biometrik","Gehirnwellen","Identifikation","Neurocomputing"],"articleSection":["SICHERHEIT"],"inLanguage":"it-IT"},{"@type":"WebPage","@id":"https:\/\/news.save.ch\/mit-gehirnwellen-menschen-identifizieren\/","url":"https:\/\/news.save.ch\/mit-gehirnwellen-menschen-identifizieren\/","name":"Identificare le persone con le onde cerebrali - Save","isPartOf":{"@id":"https:\/\/news.save.ch\/de\/#website"},"primaryImageOfPage":{"@id":"https:\/\/news.save.ch\/mit-gehirnwellen-menschen-identifizieren\/#primaryimage"},"image":{"@id":"https:\/\/news.save.ch\/mit-gehirnwellen-menschen-identifizieren\/#primaryimage"},"thumbnailUrl":"https:\/\/news.save.ch\/wp-content\/uploads\/2016\/12\/555c777dc2df3_Gehirnwellen-Depositphotos_10171240_m_Sicherheitsforum-scaled.jpg","datePublished":"2015-05-20T11:55:04+00:00","dateModified":"2023-03-14T08:00:05+00:00","description":"Secondo il Basque Center on Cognition, Brain, and Language, le parole che attivano le onde cerebrali possono essere utilizzate per identificare le persone.","breadcrumb":{"@id":"https:\/\/news.save.ch\/mit-gehirnwellen-menschen-identifizieren\/#breadcrumb"},"inLanguage":"it-IT","potentialAction":[{"@type":"ReadAction","target":["https:\/\/news.save.ch\/mit-gehirnwellen-menschen-identifizieren\/"]}]},{"@type":"ImageObject","inLanguage":"it-IT","@id":"https:\/\/news.save.ch\/mit-gehirnwellen-menschen-identifizieren\/#primaryimage","url":"https:\/\/news.save.ch\/wp-content\/uploads\/2016\/12\/555c777dc2df3_Gehirnwellen-Depositphotos_10171240_m_Sicherheitsforum-scaled.jpg","contentUrl":"https:\/\/news.save.ch\/wp-content\/uploads\/2016\/12\/555c777dc2df3_Gehirnwellen-Depositphotos_10171240_m_Sicherheitsforum-scaled.jpg","width":1400,"height":1050,"caption":"Werden bald Gehirnwellen zur Identifizierung der Identit\u00e4t eingesetzt?"},{"@type":"BreadcrumbList","@id":"https:\/\/news.save.ch\/mit-gehirnwellen-menschen-identifizieren\/#breadcrumb","itemListElement":[{"@type":"ListItem","position":1,"name":"Home","item":"https:\/\/news.save.ch\/de\/"},{"@type":"ListItem","position":2,"name":"Mit Gehirnwellen Menschen identifizieren"}]},{"@type":"WebSite","@id":"https:\/\/news.save.ch\/de\/#website","url":"https:\/\/news.save.ch\/de\/","name":"Risparmiare","description":"Rivista svizzera specializzata in sicurezza","publisher":{"@id":"https:\/\/news.save.ch\/de\/#organization"},"potentialAction":[{"@type":"SearchAction","target":{"@type":"EntryPoint","urlTemplate":"https:\/\/news.save.ch\/de\/?s={search_term_string}"},"query-input":{"@type":"PropertyValueSpecification","valueRequired":true,"valueName":"search_term_string"}}],"inLanguage":"it-IT"},{"@type":"Organization","@id":"https:\/\/news.save.ch\/de\/#organization","name":"Forum sulla sicurezza","url":"https:\/\/news.save.ch\/de\/","logo":{"@type":"ImageObject","inLanguage":"it-IT","@id":"https:\/\/news.save.ch\/de\/#\/schema\/logo\/image\/","url":"https:\/\/news.save.ch\/wp-content\/uploads\/2022\/06\/Logo_SF_2012.png","contentUrl":"https:\/\/news.save.ch\/wp-content\/uploads\/2022\/06\/Logo_SF_2012.png","width":1100,"height":91,"caption":"Sicherheitsforum"},"image":{"@id":"https:\/\/news.save.ch\/de\/#\/schema\/logo\/image\/"}},{"@type":"Person","@id":"https:\/\/news.save.ch\/de\/#\/schema\/person\/d49e199490bad7c70d64b9ab51142f2b","name":"amministratore","image":{"@type":"ImageObject","inLanguage":"it-IT","@id":"https:\/\/secure.gravatar.com\/avatar\/ae2f4d718e6c49043e314ce431e7e645d646302a24a5ef5a8bc8e3f5a032e319?s=96&d=mm&r=g","url":"https:\/\/secure.gravatar.com\/avatar\/ae2f4d718e6c49043e314ce431e7e645d646302a24a5ef5a8bc8e3f5a032e319?s=96&d=mm&r=g","contentUrl":"https:\/\/secure.gravatar.com\/avatar\/ae2f4d718e6c49043e314ce431e7e645d646302a24a5ef5a8bc8e3f5a032e319?s=96&d=mm&r=g","caption":"admin"},"sameAs":["https:\/\/develop.organisator.galledia.ch"],"url":"https:\/\/news.save.ch\/it\/author\/admin\/"}]}},"_links":{"self":[{"href":"https:\/\/news.save.ch\/it\/wp-json\/wp\/v2\/posts\/1907","targetHints":{"allow":["GET"]}}],"collection":[{"href":"https:\/\/news.save.ch\/it\/wp-json\/wp\/v2\/posts"}],"about":[{"href":"https:\/\/news.save.ch\/it\/wp-json\/wp\/v2\/types\/post"}],"author":[{"embeddable":true,"href":"https:\/\/news.save.ch\/it\/wp-json\/wp\/v2\/users\/1"}],"replies":[{"embeddable":true,"href":"https:\/\/news.save.ch\/it\/wp-json\/wp\/v2\/comments?post=1907"}],"version-history":[{"count":1,"href":"https:\/\/news.save.ch\/it\/wp-json\/wp\/v2\/posts\/1907\/revisions"}],"predecessor-version":[{"id":18021,"href":"https:\/\/news.save.ch\/it\/wp-json\/wp\/v2\/posts\/1907\/revisions\/18021"}],"wp:featuredmedia":[{"embeddable":true,"href":"https:\/\/news.save.ch\/it\/wp-json\/wp\/v2\/media\/1912"}],"wp:attachment":[{"href":"https:\/\/news.save.ch\/it\/wp-json\/wp\/v2\/media?parent=1907"}],"wp:term":[{"taxonomy":"category","embeddable":true,"href":"https:\/\/news.save.ch\/it\/wp-json\/wp\/v2\/categories?post=1907"},{"taxonomy":"post_tag","embeddable":true,"href":"https:\/\/news.save.ch\/it\/wp-json\/wp\/v2\/tags?post=1907"}],"curies":[{"name":"wp","href":"https:\/\/api.w.org\/{rel}","templated":true}]}}