{"id":1911,"date":"2015-11-20T15:07:30","date_gmt":"2015-11-20T14:07:30","guid":{"rendered":"https:\/\/dev.sicherheitsforum.ch\/?p=1911"},"modified":"2015-11-20T15:07:30","modified_gmt":"2015-11-20T14:07:30","slug":"eu-treffen-der-justiz-und-innenminister","status":null,"type":"post","link":"https:\/\/news.save.ch\/it\/eu-treffen-der-justiz-und-innenminister\/","title":{"rendered":"UE: riunione dei ministri della Giustizia e degli Affari interni"},"content":{"rendered":"<p><img loading=\"lazy\" decoding=\"async\" class=\"alignnone wp-image-1914 size-full\" src=\"https:\/\/news.save.ch\/wp-content\/uploads\/2016\/12\/EU-Treffen-der-Justiz-und-Innenminister-sicherheitsforum.jpg\" width=\"486\" height=\"328\" srcset=\"https:\/\/news.save.ch\/wp-content\/uploads\/2016\/12\/EU-Treffen-der-Justiz-und-Innenminister-sicherheitsforum.jpg 486w, https:\/\/news.save.ch\/wp-content\/uploads\/2016\/12\/EU-Treffen-der-Justiz-und-Innenminister-sicherheitsforum-375x253.jpg 375w\" sizes=\"auto, (max-width: 486px) 100vw, 486px\" \/><\/p>\n<p>La Presidenza lussemburghese, in consultazione con il governo francese, aveva invitato i delegati alla riunione straordinaria. I ministri hanno osservato che gli attentati di Parigi sono stati un attacco ai valori europei fondamentali come la libert\u00e0, la democrazia, i diritti umani e lo Stato di diritto. Hanno espresso il loro apprezzamento alla polizia francese per il lavoro rapido e proficuo svolto.<\/p>\n<p>Nelle conclusioni, adottate all'unanimit\u00e0, i ministri affermano che la cosa pi\u00f9 importante ora \u00e8 attuare le misure contro il terrorismo gi\u00e0 decise e accelerare i progetti previsti. Sono disponibili molti strumenti, soprattutto per lo scambio di informazioni. Bastava usarli con costanza. In particolare, i ministri ritengono che lo scambio di dati con Europol debba essere migliorato.<\/p>\n<p><strong>Controlli pi\u00f9 severi alle frontiere esterne dell'UE<\/strong><\/p>\n<p>I ministri hanno inoltre convenuto che un'efficace protezione delle frontiere esterne dell'UE \u00e8 un prerequisito fondamentale per garantire la sicurezza all'interno dell'area Schengen. Per questo motivo, anche i cittadini dell'UE e le persone con diritto di soggiorno dovrebbero poter essere controllati sistematicamente nei database della polizia al momento dell'ingresso alle frontiere esterne.<\/p>\n<p>I ministri hanno inoltre concordato varie misure per migliorare lo scambio di informazioni attraverso il sistema di ricerca comune SIS II e l'ufficio di polizia europeo Europol. Europol lancer\u00e0 una piattaforma speciale per lo scambio di informazioni sui viaggiatori jihadisti, sul traffico illegale di armi e sul finanziamento del terrorismo, il Centro europeo antiterrorismo (ECTC), il 1\u00b0 gennaio 2016. Inoltre, gli uffici nazionali per la segnalazione del riciclaggio di denaro devono cooperare pi\u00f9 strettamente con Europol. La Svizzera accoglie con favore questo lavoro. Scambia gi\u00e0 regolarmente informazioni con Europol.<\/p>\n<p><strong>Contro il commercio illegale di armi<\/strong><\/p>\n<p>Altre misure mirano a fermare il traffico illegale di armi e ad agire pi\u00f9 efficacemente contro il finanziamento del terrorismo. Un altro progetto \u00e8 un sistema per lo scambio dei dati dei passeggeri (PNR), attualmente in discussione al Parlamento europeo.<\/p>\n<p>La lotta al commercio illegale di armi \u00e8 una questione molto importante per la Svizzera. Partecipa quindi allo scambio di informazioni tra le autorit\u00e0 attraverso la piattaforma di Europol ed \u00e8 anche coinvolto nelle discussioni sulla revisione della direttiva UE sulle armi. Inoltre, la Svizzera sta valutando se partecipare al futuro sistema dell'UE per lo scambio di dati sui passeggeri aerei (PNR).<\/p>\n<p><em>Servizio informazioni del DFGP<\/em><\/p>","protected":false},"excerpt":{"rendered":"<p>Zu dem ausserordentlichen Treffen hatte die luxemburgische Ratspr\u00e4sidentschaft in Absprache mit der franz\u00f6sischen Regierung eingeladen. Die Minister hielten fest, die Anschl\u00e4ge von Paris seien ein Angriff auf europ\u00e4ische Grundwerte wie Freiheit, Demokratie, Menschenrechte und Rechtsstaat. Sie dr\u00fcckten der franz\u00f6sischen Polizei ihre Anerkennung f\u00fcr die rasche und erfolgreiche Arbeit aus. In ihren Schlussfolgerungen, die einstimmig verabschiedet [&hellip;]<\/p>\n","protected":false},"author":1,"featured_media":1914,"comment_status":"open","ping_status":"open","sticky":false,"template":"","format":"standard","meta":{"_acf_changed":false,"pgc_sgb_lightbox_settings":"","footnotes":""},"categories":[1],"tags":[43],"class_list":["post-1911","post","type-post","status-publish","format-standard","has-post-thumbnail","hentry","category-allgemein","tag-terrorismus"],"acf":[],"hkrextid":null,"publication":null,"issue":null,"workflow":null,"startPage":null,"spitzmarke":null,"_posts_by_tag_page_fields":{"widget_title":"","widget_tags":""},"_at_widget":"1","_yoast_wpseo_primary_category":"1","_yoast_wpseo_focuskw_text_input":"Justiz- und Innenminister","_yoast_wpseo_opengraph-image":"https:\/\/news.save.ch\/wp-content\/uploads\/2016\/12\/EU-Treffen-der-Justiz-und-Innenminister-sicherheitsforum.jpg","_yoast_wpseo_opengraph-description":"Eine Woche nach den Anschl\u00e4gen in Paris hat sich am Freitag der Rat der Justiz- und Innenminister der Europ\u00e4ischen Union (EU) in Br\u00fcssel zu einer ausserordentlichen Tagung getroffen, um die Bek\u00e4mpfung des Terrorismus zu verst\u00e4rken. Auch die Schweiz war dabei.","_yoast_wpseo_opengraph-title":"EU: Treffen der Justiz- und Innenminister","enclosure":null,"_yoast_wpseo_twitter-title":null,"_yoast_wpseo_twitter-description":null,"_yoast_wpseo_twitter-image":null,"_wp_old_slug":null,"_yoast_wpseo_title":null,"_yoast_wpseo_canonical":null,"yoast_head":"<!-- This site is optimized with the Yoast SEO plugin v27.5 - https:\/\/yoast.com\/product\/yoast-seo-wordpress\/ -->\n<title>EU: Treffen der Justiz- und Innenminister - Save<\/title>\n<meta name=\"description\" content=\"Eine Woche nach den Anschl\u00e4gen in Paris hat sich am Freitag der Rat der Justiz- und Innenminister der Europ\u00e4ischen Union in Br\u00fcssel getroffen.\" \/>\n<meta name=\"robots\" content=\"index, follow, max-snippet:-1, max-image-preview:large, max-video-preview:-1\" \/>\n<link rel=\"canonical\" href=\"https:\/\/news.save.ch\/it\/eu-treffen-der-justiz-und-innenminister\/\" \/>\n<meta property=\"og:locale\" content=\"it_IT\" \/>\n<meta property=\"og:type\" content=\"article\" \/>\n<meta property=\"og:title\" content=\"EU: Treffen der Justiz- und Innenminister\" \/>\n<meta property=\"og:description\" content=\"Eine Woche nach den Anschl\u00e4gen in Paris hat sich am Freitag der Rat der Justiz- und Innenminister der Europ\u00e4ischen Union (EU) in Br\u00fcssel zu einer ausserordentlichen Tagung getroffen, um die Bek\u00e4mpfung des Terrorismus zu verst\u00e4rken. Auch die Schweiz war dabei.\" \/>\n<meta property=\"og:url\" content=\"https:\/\/news.save.ch\/it\/eu-treffen-der-justiz-und-innenminister\/\" \/>\n<meta property=\"og:site_name\" content=\"Save\" \/>\n<meta property=\"article:published_time\" content=\"2015-11-20T14:07:30+00:00\" \/>\n<meta property=\"og:image\" content=\"https:\/\/news.save.ch\/wp-content\/uploads\/2016\/12\/EU-Treffen-der-Justiz-und-Innenminister-sicherheitsforum.jpg\" \/>\n<meta name=\"author\" content=\"admin\" \/>\n<meta name=\"twitter:card\" content=\"summary_large_image\" \/>\n<meta name=\"twitter:label1\" content=\"Scritto da\" \/>\n\t<meta name=\"twitter:data1\" content=\"admin\" \/>\n\t<meta name=\"twitter:label2\" content=\"Tempo di lettura stimato\" \/>\n\t<meta name=\"twitter:data2\" content=\"2 minuti\" \/>\n<script type=\"application\/ld+json\" class=\"yoast-schema-graph\">{\"@context\":\"https:\\\/\\\/schema.org\",\"@graph\":[{\"@type\":\"Article\",\"@id\":\"https:\\\/\\\/news.save.ch\\\/eu-treffen-der-justiz-und-innenminister\\\/#article\",\"isPartOf\":{\"@id\":\"https:\\\/\\\/news.save.ch\\\/eu-treffen-der-justiz-und-innenminister\\\/\"},\"author\":{\"name\":\"admin\",\"@id\":\"https:\\\/\\\/news.save.ch\\\/de\\\/#\\\/schema\\\/person\\\/d49e199490bad7c70d64b9ab51142f2b\"},\"headline\":\"EU: Treffen der Justiz- und Innenminister\",\"datePublished\":\"2015-11-20T14:07:30+00:00\",\"mainEntityOfPage\":{\"@id\":\"https:\\\/\\\/news.save.ch\\\/eu-treffen-der-justiz-und-innenminister\\\/\"},\"wordCount\":366,\"commentCount\":0,\"publisher\":{\"@id\":\"https:\\\/\\\/news.save.ch\\\/de\\\/#organization\"},\"image\":{\"@id\":\"https:\\\/\\\/news.save.ch\\\/eu-treffen-der-justiz-und-innenminister\\\/#primaryimage\"},\"thumbnailUrl\":\"https:\\\/\\\/news.save.ch\\\/wp-content\\\/uploads\\\/2016\\\/12\\\/EU-Treffen-der-Justiz-und-Innenminister-sicherheitsforum.jpg\",\"keywords\":[\"Terrorismus\"],\"articleSection\":[\"ALLGEMEIN\"],\"inLanguage\":\"it-IT\"},{\"@type\":\"WebPage\",\"@id\":\"https:\\\/\\\/news.save.ch\\\/eu-treffen-der-justiz-und-innenminister\\\/\",\"url\":\"https:\\\/\\\/news.save.ch\\\/eu-treffen-der-justiz-und-innenminister\\\/\",\"name\":\"EU: Treffen der Justiz- und Innenminister - Save\",\"isPartOf\":{\"@id\":\"https:\\\/\\\/news.save.ch\\\/de\\\/#website\"},\"primaryImageOfPage\":{\"@id\":\"https:\\\/\\\/news.save.ch\\\/eu-treffen-der-justiz-und-innenminister\\\/#primaryimage\"},\"image\":{\"@id\":\"https:\\\/\\\/news.save.ch\\\/eu-treffen-der-justiz-und-innenminister\\\/#primaryimage\"},\"thumbnailUrl\":\"https:\\\/\\\/news.save.ch\\\/wp-content\\\/uploads\\\/2016\\\/12\\\/EU-Treffen-der-Justiz-und-Innenminister-sicherheitsforum.jpg\",\"datePublished\":\"2015-11-20T14:07:30+00:00\",\"description\":\"Eine Woche nach den Anschl\u00e4gen in Paris hat sich am Freitag der Rat der Justiz- und Innenminister der Europ\u00e4ischen Union in Br\u00fcssel getroffen.\",\"breadcrumb\":{\"@id\":\"https:\\\/\\\/news.save.ch\\\/eu-treffen-der-justiz-und-innenminister\\\/#breadcrumb\"},\"inLanguage\":\"it-IT\",\"potentialAction\":[{\"@type\":\"ReadAction\",\"target\":[\"https:\\\/\\\/news.save.ch\\\/eu-treffen-der-justiz-und-innenminister\\\/\"]}]},{\"@type\":\"ImageObject\",\"inLanguage\":\"it-IT\",\"@id\":\"https:\\\/\\\/news.save.ch\\\/eu-treffen-der-justiz-und-innenminister\\\/#primaryimage\",\"url\":\"https:\\\/\\\/news.save.ch\\\/wp-content\\\/uploads\\\/2016\\\/12\\\/EU-Treffen-der-Justiz-und-Innenminister-sicherheitsforum.jpg\",\"contentUrl\":\"https:\\\/\\\/news.save.ch\\\/wp-content\\\/uploads\\\/2016\\\/12\\\/EU-Treffen-der-Justiz-und-Innenminister-sicherheitsforum.jpg\",\"width\":486,\"height\":328},{\"@type\":\"BreadcrumbList\",\"@id\":\"https:\\\/\\\/news.save.ch\\\/eu-treffen-der-justiz-und-innenminister\\\/#breadcrumb\",\"itemListElement\":[{\"@type\":\"ListItem\",\"position\":1,\"name\":\"Home\",\"item\":\"https:\\\/\\\/news.save.ch\\\/de\\\/\"},{\"@type\":\"ListItem\",\"position\":2,\"name\":\"EU: Treffen der Justiz- und Innenminister\"}]},{\"@type\":\"WebSite\",\"@id\":\"https:\\\/\\\/news.save.ch\\\/de\\\/#website\",\"url\":\"https:\\\/\\\/news.save.ch\\\/de\\\/\",\"name\":\"Save\",\"description\":\"Schweizer Fachzeitschrift f\u00fcr Sicherheit\",\"publisher\":{\"@id\":\"https:\\\/\\\/news.save.ch\\\/de\\\/#organization\"},\"potentialAction\":[{\"@type\":\"SearchAction\",\"target\":{\"@type\":\"EntryPoint\",\"urlTemplate\":\"https:\\\/\\\/news.save.ch\\\/de\\\/?s={search_term_string}\"},\"query-input\":{\"@type\":\"PropertyValueSpecification\",\"valueRequired\":true,\"valueName\":\"search_term_string\"}}],\"inLanguage\":\"it-IT\"},{\"@type\":\"Organization\",\"@id\":\"https:\\\/\\\/news.save.ch\\\/de\\\/#organization\",\"name\":\"Sicherheitsforum\",\"url\":\"https:\\\/\\\/news.save.ch\\\/de\\\/\",\"logo\":{\"@type\":\"ImageObject\",\"inLanguage\":\"it-IT\",\"@id\":\"https:\\\/\\\/news.save.ch\\\/de\\\/#\\\/schema\\\/logo\\\/image\\\/\",\"url\":\"https:\\\/\\\/news.save.ch\\\/wp-content\\\/uploads\\\/2022\\\/06\\\/Logo_SF_2012.png\",\"contentUrl\":\"https:\\\/\\\/news.save.ch\\\/wp-content\\\/uploads\\\/2022\\\/06\\\/Logo_SF_2012.png\",\"width\":1100,\"height\":91,\"caption\":\"Sicherheitsforum\"},\"image\":{\"@id\":\"https:\\\/\\\/news.save.ch\\\/de\\\/#\\\/schema\\\/logo\\\/image\\\/\"}},{\"@type\":\"Person\",\"@id\":\"https:\\\/\\\/news.save.ch\\\/de\\\/#\\\/schema\\\/person\\\/d49e199490bad7c70d64b9ab51142f2b\",\"name\":\"admin\",\"image\":{\"@type\":\"ImageObject\",\"inLanguage\":\"it-IT\",\"@id\":\"https:\\\/\\\/secure.gravatar.com\\\/avatar\\\/ae2f4d718e6c49043e314ce431e7e645d646302a24a5ef5a8bc8e3f5a032e319?s=96&d=mm&r=g\",\"url\":\"https:\\\/\\\/secure.gravatar.com\\\/avatar\\\/ae2f4d718e6c49043e314ce431e7e645d646302a24a5ef5a8bc8e3f5a032e319?s=96&d=mm&r=g\",\"contentUrl\":\"https:\\\/\\\/secure.gravatar.com\\\/avatar\\\/ae2f4d718e6c49043e314ce431e7e645d646302a24a5ef5a8bc8e3f5a032e319?s=96&d=mm&r=g\",\"caption\":\"admin\"},\"sameAs\":[\"https:\\\/\\\/develop.organisator.galledia.ch\"],\"url\":\"https:\\\/\\\/news.save.ch\\\/it\\\/author\\\/admin\\\/\"}]}<\/script>\n<!-- \/ Yoast SEO plugin. -->","yoast_head_json":{"title":"UE: Riunione dei ministri della Giustizia e degli Affari interni - Salva","description":"A una settimana dagli attentati di Parigi, venerd\u00ec si \u00e8 riunito a Bruxelles il Consiglio dei ministri della Giustizia e degli Affari interni dell'Unione europea.","robots":{"index":"index","follow":"follow","max-snippet":"max-snippet:-1","max-image-preview":"max-image-preview:large","max-video-preview":"max-video-preview:-1"},"canonical":"https:\/\/news.save.ch\/it\/eu-treffen-der-justiz-und-innenminister\/","og_locale":"it_IT","og_type":"article","og_title":"EU: Treffen der Justiz- und Innenminister","og_description":"Eine Woche nach den Anschl\u00e4gen in Paris hat sich am Freitag der Rat der Justiz- und Innenminister der Europ\u00e4ischen Union (EU) in Br\u00fcssel zu einer ausserordentlichen Tagung getroffen, um die Bek\u00e4mpfung des Terrorismus zu verst\u00e4rken. Auch die Schweiz war dabei.","og_url":"https:\/\/news.save.ch\/it\/eu-treffen-der-justiz-und-innenminister\/","og_site_name":"Save","article_published_time":"2015-11-20T14:07:30+00:00","og_image":[{"url":"https:\/\/news.save.ch\/wp-content\/uploads\/2016\/12\/EU-Treffen-der-Justiz-und-Innenminister-sicherheitsforum.jpg","type":"","width":"","height":""}],"author":"admin","twitter_card":"summary_large_image","twitter_misc":{"Scritto da":"admin","Tempo di lettura stimato":"2 minuti"},"schema":{"@context":"https:\/\/schema.org","@graph":[{"@type":"Article","@id":"https:\/\/news.save.ch\/eu-treffen-der-justiz-und-innenminister\/#article","isPartOf":{"@id":"https:\/\/news.save.ch\/eu-treffen-der-justiz-und-innenminister\/"},"author":{"name":"admin","@id":"https:\/\/news.save.ch\/de\/#\/schema\/person\/d49e199490bad7c70d64b9ab51142f2b"},"headline":"EU: Treffen der Justiz- und Innenminister","datePublished":"2015-11-20T14:07:30+00:00","mainEntityOfPage":{"@id":"https:\/\/news.save.ch\/eu-treffen-der-justiz-und-innenminister\/"},"wordCount":366,"commentCount":0,"publisher":{"@id":"https:\/\/news.save.ch\/de\/#organization"},"image":{"@id":"https:\/\/news.save.ch\/eu-treffen-der-justiz-und-innenminister\/#primaryimage"},"thumbnailUrl":"https:\/\/news.save.ch\/wp-content\/uploads\/2016\/12\/EU-Treffen-der-Justiz-und-Innenminister-sicherheitsforum.jpg","keywords":["Terrorismus"],"articleSection":["ALLGEMEIN"],"inLanguage":"it-IT"},{"@type":"WebPage","@id":"https:\/\/news.save.ch\/eu-treffen-der-justiz-und-innenminister\/","url":"https:\/\/news.save.ch\/eu-treffen-der-justiz-und-innenminister\/","name":"UE: Riunione dei ministri della Giustizia e degli Affari interni - Salva","isPartOf":{"@id":"https:\/\/news.save.ch\/de\/#website"},"primaryImageOfPage":{"@id":"https:\/\/news.save.ch\/eu-treffen-der-justiz-und-innenminister\/#primaryimage"},"image":{"@id":"https:\/\/news.save.ch\/eu-treffen-der-justiz-und-innenminister\/#primaryimage"},"thumbnailUrl":"https:\/\/news.save.ch\/wp-content\/uploads\/2016\/12\/EU-Treffen-der-Justiz-und-Innenminister-sicherheitsforum.jpg","datePublished":"2015-11-20T14:07:30+00:00","description":"A una settimana dagli attentati di Parigi, venerd\u00ec si \u00e8 riunito a Bruxelles il Consiglio dei ministri della Giustizia e degli Affari interni dell'Unione europea.","breadcrumb":{"@id":"https:\/\/news.save.ch\/eu-treffen-der-justiz-und-innenminister\/#breadcrumb"},"inLanguage":"it-IT","potentialAction":[{"@type":"ReadAction","target":["https:\/\/news.save.ch\/eu-treffen-der-justiz-und-innenminister\/"]}]},{"@type":"ImageObject","inLanguage":"it-IT","@id":"https:\/\/news.save.ch\/eu-treffen-der-justiz-und-innenminister\/#primaryimage","url":"https:\/\/news.save.ch\/wp-content\/uploads\/2016\/12\/EU-Treffen-der-Justiz-und-Innenminister-sicherheitsforum.jpg","contentUrl":"https:\/\/news.save.ch\/wp-content\/uploads\/2016\/12\/EU-Treffen-der-Justiz-und-Innenminister-sicherheitsforum.jpg","width":486,"height":328},{"@type":"BreadcrumbList","@id":"https:\/\/news.save.ch\/eu-treffen-der-justiz-und-innenminister\/#breadcrumb","itemListElement":[{"@type":"ListItem","position":1,"name":"Home","item":"https:\/\/news.save.ch\/de\/"},{"@type":"ListItem","position":2,"name":"EU: Treffen der Justiz- und Innenminister"}]},{"@type":"WebSite","@id":"https:\/\/news.save.ch\/de\/#website","url":"https:\/\/news.save.ch\/de\/","name":"Risparmiare","description":"Rivista svizzera specializzata in sicurezza","publisher":{"@id":"https:\/\/news.save.ch\/de\/#organization"},"potentialAction":[{"@type":"SearchAction","target":{"@type":"EntryPoint","urlTemplate":"https:\/\/news.save.ch\/de\/?s={search_term_string}"},"query-input":{"@type":"PropertyValueSpecification","valueRequired":true,"valueName":"search_term_string"}}],"inLanguage":"it-IT"},{"@type":"Organization","@id":"https:\/\/news.save.ch\/de\/#organization","name":"Forum sulla sicurezza","url":"https:\/\/news.save.ch\/de\/","logo":{"@type":"ImageObject","inLanguage":"it-IT","@id":"https:\/\/news.save.ch\/de\/#\/schema\/logo\/image\/","url":"https:\/\/news.save.ch\/wp-content\/uploads\/2022\/06\/Logo_SF_2012.png","contentUrl":"https:\/\/news.save.ch\/wp-content\/uploads\/2022\/06\/Logo_SF_2012.png","width":1100,"height":91,"caption":"Sicherheitsforum"},"image":{"@id":"https:\/\/news.save.ch\/de\/#\/schema\/logo\/image\/"}},{"@type":"Person","@id":"https:\/\/news.save.ch\/de\/#\/schema\/person\/d49e199490bad7c70d64b9ab51142f2b","name":"amministratore","image":{"@type":"ImageObject","inLanguage":"it-IT","@id":"https:\/\/secure.gravatar.com\/avatar\/ae2f4d718e6c49043e314ce431e7e645d646302a24a5ef5a8bc8e3f5a032e319?s=96&d=mm&r=g","url":"https:\/\/secure.gravatar.com\/avatar\/ae2f4d718e6c49043e314ce431e7e645d646302a24a5ef5a8bc8e3f5a032e319?s=96&d=mm&r=g","contentUrl":"https:\/\/secure.gravatar.com\/avatar\/ae2f4d718e6c49043e314ce431e7e645d646302a24a5ef5a8bc8e3f5a032e319?s=96&d=mm&r=g","caption":"admin"},"sameAs":["https:\/\/develop.organisator.galledia.ch"],"url":"https:\/\/news.save.ch\/it\/author\/admin\/"}]}},"_links":{"self":[{"href":"https:\/\/news.save.ch\/it\/wp-json\/wp\/v2\/posts\/1911","targetHints":{"allow":["GET"]}}],"collection":[{"href":"https:\/\/news.save.ch\/it\/wp-json\/wp\/v2\/posts"}],"about":[{"href":"https:\/\/news.save.ch\/it\/wp-json\/wp\/v2\/types\/post"}],"author":[{"embeddable":true,"href":"https:\/\/news.save.ch\/it\/wp-json\/wp\/v2\/users\/1"}],"replies":[{"embeddable":true,"href":"https:\/\/news.save.ch\/it\/wp-json\/wp\/v2\/comments?post=1911"}],"version-history":[{"count":0,"href":"https:\/\/news.save.ch\/it\/wp-json\/wp\/v2\/posts\/1911\/revisions"}],"wp:featuredmedia":[{"embeddable":true,"href":"https:\/\/news.save.ch\/it\/wp-json\/wp\/v2\/media\/1914"}],"wp:attachment":[{"href":"https:\/\/news.save.ch\/it\/wp-json\/wp\/v2\/media?parent=1911"}],"wp:term":[{"taxonomy":"category","embeddable":true,"href":"https:\/\/news.save.ch\/it\/wp-json\/wp\/v2\/categories?post=1911"},{"taxonomy":"post_tag","embeddable":true,"href":"https:\/\/news.save.ch\/it\/wp-json\/wp\/v2\/tags?post=1911"}],"curies":[{"name":"wp","href":"https:\/\/api.w.org\/{rel}","templated":true}]}}