{"id":19294,"date":"2023-04-19T15:28:46","date_gmt":"2023-04-19T13:28:46","guid":{"rendered":"https:\/\/news.save.ch\/?p=19294"},"modified":"2023-04-28T16:46:40","modified_gmt":"2023-04-28T14:46:40","slug":"neues-bundesamt-fuer-cybersicherheit","status":null,"type":"post","link":"https:\/\/news.save.ch\/it\/neues-bundesamt-fuer-cybersicherheit\/","title":{"rendered":"Cybersecurity: nuovo ufficio federale entro il 2024"},"content":{"rendered":"<figure id=\"attachment_19296\" aria-describedby=\"caption-attachment-19296\" style=\"width: 680px\" class=\"wp-caption aligncenter\"><img loading=\"lazy\" decoding=\"async\" class=\"size-medium wp-image-19296\" src=\"https:\/\/news.save.ch\/wp-content\/uploads\/2023\/04\/Depositphotos_219253118_L-1-680x451.jpg\" alt=\"\" width=\"680\" height=\"451\" srcset=\"https:\/\/news.save.ch\/wp-content\/uploads\/2023\/04\/Depositphotos_219253118_L-1-680x451.jpg 680w, https:\/\/news.save.ch\/wp-content\/uploads\/2023\/04\/Depositphotos_219253118_L-1-1024x678.jpg 1024w, https:\/\/news.save.ch\/wp-content\/uploads\/2023\/04\/Depositphotos_219253118_L-1-768x509.jpg 768w, https:\/\/news.save.ch\/wp-content\/uploads\/2023\/04\/Depositphotos_219253118_L-1-1536x1018.jpg 1536w, https:\/\/news.save.ch\/wp-content\/uploads\/2023\/04\/Depositphotos_219253118_L-1-18x12.jpg 18w, https:\/\/news.save.ch\/wp-content\/uploads\/2023\/04\/Depositphotos_219253118_L-1-375x248.jpg 375w, https:\/\/news.save.ch\/wp-content\/uploads\/2023\/04\/Depositphotos_219253118_L-1-528x350.jpg 528w, https:\/\/news.save.ch\/wp-content\/uploads\/2023\/04\/Depositphotos_219253118_L-1-1000x663.jpg 1000w, https:\/\/news.save.ch\/wp-content\/uploads\/2023\/04\/Depositphotos_219253118_L-1-scaled.jpg 1200w\" sizes=\"auto, (max-width: 680px) 100vw, 680px\" \/><figcaption id=\"caption-attachment-19296\" class=\"wp-caption-text\">Depositphotos, Mehaniq<\/figcaption><\/figure>\n<p>All'inizio di dicembre 2022, il Consiglio federale ha deciso di rendere l'NCSC un ufficio federale civile. In relazione a ci\u00f2, si \u00e8 dichiarato favorevole a trasferire le risorse umane e materiali di 13,7 milioni di franchi stanziate a questo scopo nella Segreteria generale del DFF al nuovo Ufficio federale per la sicurezza informatica del DDPS a partire dal 1\u00b0 gennaio 2024.<\/p>\n<h2>Svolgere compiti di supporto in modo indipendente<\/h2>\n<p>Inoltre, secondo il comunicato stampa, il nuovo ufficio federale avr\u00e0 bisogno di risorse finanziarie per i compiti di supporto in materia di finanze, risorse umane, informatica e affari legali. Questi compiti trasversali sono attualmente svolti principalmente dal Segretariato generale del DFF, al quale l'NCSC \u00e8 collegato come divisione. Secondo il comunicato, il nuovo Ufficio federale, in quanto unit\u00e0 amministrativa indipendente del DDPS, dovrebbe essere in grado di svolgere questi compiti autonomamente. Per questo motivo, il Consiglio federale ha deciso di aumentare il suo budget di 0,8 milioni di franchi a partire dal 1\u00b0 gennaio 2024. Questo aumento comprende le spese di personale per quattro posizioni aggiuntive.<\/p>\n<p>Al fine di mantenere il pi\u00f9 possibile basso il fabbisogno di risorse aggiuntive per questi compiti di supporto, \u00e8 necessario utilizzare le sinergie con il Segretariato generale del DDPS, come viene sottolineato in conclusione.<\/p>\n<p><a href=\"http:\/\/www.youtube.com\/watch?v=WRVka0Nfx4Q\">La relativa conferenza stampa del Consiglio federale pu\u00f2 essere ascoltata sul canale Youtube.<\/a><\/p>","protected":false},"excerpt":{"rendered":"<p>Der Bundesrat hat Anfang Dezember 2022 beschlossen, das NCSC als ein ziviles Bundesamt dem zu unterstellen. Damit verbunden hat er sich nun daf\u00fcr ausgesprochen, die im Generalsekretariat des EFD hierf\u00fcr eingestellten Personal- und Sachmittel von 13,7 Millionen Franken per 1. Januar 2024 ins neue Bundesamt f\u00fcr Cybersicherheit im VBS zu transferieren. Supportaufgaben selbst\u00e4ndig erf\u00fcllen Zus\u00e4tzlich [&hellip;]<\/p>\n","protected":false},"author":8,"featured_media":19295,"comment_status":"closed","ping_status":"closed","sticky":false,"template":"","format":"standard","meta":{"_acf_changed":false,"pgc_sgb_lightbox_settings":"","footnotes":""},"categories":[3313],"tags":[3338,1044],"class_list":["post-19294","post","type-post","status-publish","format-standard","has-post-thumbnail","hentry","category-digitalisierung","tag-bundesamt-fuer-cybersicherheit","tag-ncsc"],"acf":[],"hkrextid":null,"publication":null,"issue":null,"workflow":null,"startPage":null,"spitzmarke":null,"_posts_by_tag_page_fields":null,"_at_widget":null,"_yoast_wpseo_primary_category":"3313","_yoast_wpseo_focuskw_text_input":null,"_yoast_wpseo_opengraph-image":null,"_yoast_wpseo_opengraph-description":null,"_yoast_wpseo_opengraph-title":null,"enclosure":null,"_yoast_wpseo_twitter-title":null,"_yoast_wpseo_twitter-description":null,"_yoast_wpseo_twitter-image":null,"_wp_old_slug":null,"_yoast_wpseo_title":null,"_yoast_wpseo_canonical":null,"yoast_head":"<!-- This site is optimized with the Yoast SEO plugin v27.5 - https:\/\/yoast.com\/product\/yoast-seo-wordpress\/ -->\n<title>Cybersicherheit: Neues Bundesamt per 2024 - Save<\/title>\n<meta name=\"robots\" content=\"index, follow, max-snippet:-1, max-image-preview:large, max-video-preview:-1\" \/>\n<link rel=\"canonical\" href=\"https:\/\/news.save.ch\/it\/neues-bundesamt-fuer-cybersicherheit\/\" \/>\n<meta property=\"og:locale\" content=\"it_IT\" \/>\n<meta property=\"og:type\" content=\"article\" \/>\n<meta property=\"og:title\" content=\"Cybersicherheit: Neues Bundesamt per 2024 - Save\" \/>\n<meta property=\"og:description\" content=\"Der Bundesrat hat Anfang Dezember 2022 beschlossen, das NCSC als ein ziviles Bundesamt dem zu unterstellen. Damit verbunden hat er sich nun daf\u00fcr ausgesprochen, die im Generalsekretariat des EFD hierf\u00fcr eingestellten Personal- und Sachmittel von 13,7 Millionen Franken per 1. Januar 2024 ins neue Bundesamt f\u00fcr Cybersicherheit im VBS zu transferieren. Supportaufgaben selbst\u00e4ndig erf\u00fcllen Zus\u00e4tzlich [&hellip;]\" \/>\n<meta property=\"og:url\" content=\"https:\/\/news.save.ch\/it\/neues-bundesamt-fuer-cybersicherheit\/\" \/>\n<meta property=\"og:site_name\" content=\"Save\" \/>\n<meta property=\"article:published_time\" content=\"2023-04-19T13:28:46+00:00\" \/>\n<meta property=\"article:modified_time\" content=\"2023-04-28T14:46:40+00:00\" \/>\n<meta property=\"og:image\" content=\"https:\/\/news.save.ch\/wp-content\/uploads\/2023\/04\/Depositphotos_219253118_L-scaled.jpg\" \/>\n\t<meta property=\"og:image:width\" content=\"1200\" \/>\n\t<meta property=\"og:image:height\" content=\"795\" \/>\n\t<meta property=\"og:image:type\" content=\"image\/jpeg\" \/>\n<meta name=\"author\" content=\"Roger Str\u00e4ssle\" \/>\n<meta name=\"twitter:card\" content=\"summary_large_image\" \/>\n<meta name=\"twitter:label1\" content=\"Scritto da\" \/>\n\t<meta name=\"twitter:data1\" content=\"Roger Str\u00e4ssle\" \/>\n\t<meta name=\"twitter:label2\" content=\"Tempo di lettura stimato\" \/>\n\t<meta name=\"twitter:data2\" content=\"2 minuti\" \/>\n<script type=\"application\/ld+json\" class=\"yoast-schema-graph\">{\"@context\":\"https:\\\/\\\/schema.org\",\"@graph\":[{\"@type\":\"Article\",\"@id\":\"https:\\\/\\\/news.save.ch\\\/neues-bundesamt-fuer-cybersicherheit\\\/#article\",\"isPartOf\":{\"@id\":\"https:\\\/\\\/news.save.ch\\\/neues-bundesamt-fuer-cybersicherheit\\\/\"},\"author\":{\"name\":\"Roger Str\u00e4ssle\",\"@id\":\"https:\\\/\\\/news.save.ch\\\/de\\\/#\\\/schema\\\/person\\\/d5022db048e0e2b9785c50e5b24da5aa\"},\"headline\":\"Cybersicherheit: Neues Bundesamt per 2024\",\"datePublished\":\"2023-04-19T13:28:46+00:00\",\"dateModified\":\"2023-04-28T14:46:40+00:00\",\"mainEntityOfPage\":{\"@id\":\"https:\\\/\\\/news.save.ch\\\/neues-bundesamt-fuer-cybersicherheit\\\/\"},\"wordCount\":196,\"publisher\":{\"@id\":\"https:\\\/\\\/news.save.ch\\\/de\\\/#organization\"},\"image\":{\"@id\":\"https:\\\/\\\/news.save.ch\\\/neues-bundesamt-fuer-cybersicherheit\\\/#primaryimage\"},\"thumbnailUrl\":\"https:\\\/\\\/news.save.ch\\\/wp-content\\\/uploads\\\/2023\\\/04\\\/Depositphotos_219253118_L-scaled.jpg\",\"keywords\":[\"Bundesamt f\u00fcr Cybersicherheit\",\"NCSC\"],\"articleSection\":[\"DIGITALISIERUNG\"],\"inLanguage\":\"it-IT\"},{\"@type\":\"WebPage\",\"@id\":\"https:\\\/\\\/news.save.ch\\\/neues-bundesamt-fuer-cybersicherheit\\\/\",\"url\":\"https:\\\/\\\/news.save.ch\\\/neues-bundesamt-fuer-cybersicherheit\\\/\",\"name\":\"Cybersicherheit: Neues Bundesamt per 2024 - Save\",\"isPartOf\":{\"@id\":\"https:\\\/\\\/news.save.ch\\\/de\\\/#website\"},\"primaryImageOfPage\":{\"@id\":\"https:\\\/\\\/news.save.ch\\\/neues-bundesamt-fuer-cybersicherheit\\\/#primaryimage\"},\"image\":{\"@id\":\"https:\\\/\\\/news.save.ch\\\/neues-bundesamt-fuer-cybersicherheit\\\/#primaryimage\"},\"thumbnailUrl\":\"https:\\\/\\\/news.save.ch\\\/wp-content\\\/uploads\\\/2023\\\/04\\\/Depositphotos_219253118_L-scaled.jpg\",\"datePublished\":\"2023-04-19T13:28:46+00:00\",\"dateModified\":\"2023-04-28T14:46:40+00:00\",\"breadcrumb\":{\"@id\":\"https:\\\/\\\/news.save.ch\\\/neues-bundesamt-fuer-cybersicherheit\\\/#breadcrumb\"},\"inLanguage\":\"it-IT\",\"potentialAction\":[{\"@type\":\"ReadAction\",\"target\":[\"https:\\\/\\\/news.save.ch\\\/neues-bundesamt-fuer-cybersicherheit\\\/\"]}]},{\"@type\":\"ImageObject\",\"inLanguage\":\"it-IT\",\"@id\":\"https:\\\/\\\/news.save.ch\\\/neues-bundesamt-fuer-cybersicherheit\\\/#primaryimage\",\"url\":\"https:\\\/\\\/news.save.ch\\\/wp-content\\\/uploads\\\/2023\\\/04\\\/Depositphotos_219253118_L-scaled.jpg\",\"contentUrl\":\"https:\\\/\\\/news.save.ch\\\/wp-content\\\/uploads\\\/2023\\\/04\\\/Depositphotos_219253118_L-scaled.jpg\",\"width\":1200,\"height\":795,\"caption\":\"Depositphotos, Mehaniq\"},{\"@type\":\"BreadcrumbList\",\"@id\":\"https:\\\/\\\/news.save.ch\\\/neues-bundesamt-fuer-cybersicherheit\\\/#breadcrumb\",\"itemListElement\":[{\"@type\":\"ListItem\",\"position\":1,\"name\":\"Home\",\"item\":\"https:\\\/\\\/news.save.ch\\\/de\\\/\"},{\"@type\":\"ListItem\",\"position\":2,\"name\":\"Cybersicherheit: Neues Bundesamt per 2024\"}]},{\"@type\":\"WebSite\",\"@id\":\"https:\\\/\\\/news.save.ch\\\/de\\\/#website\",\"url\":\"https:\\\/\\\/news.save.ch\\\/de\\\/\",\"name\":\"Save\",\"description\":\"Schweizer Fachzeitschrift f\u00fcr Sicherheit\",\"publisher\":{\"@id\":\"https:\\\/\\\/news.save.ch\\\/de\\\/#organization\"},\"potentialAction\":[{\"@type\":\"SearchAction\",\"target\":{\"@type\":\"EntryPoint\",\"urlTemplate\":\"https:\\\/\\\/news.save.ch\\\/de\\\/?s={search_term_string}\"},\"query-input\":{\"@type\":\"PropertyValueSpecification\",\"valueRequired\":true,\"valueName\":\"search_term_string\"}}],\"inLanguage\":\"it-IT\"},{\"@type\":\"Organization\",\"@id\":\"https:\\\/\\\/news.save.ch\\\/de\\\/#organization\",\"name\":\"Sicherheitsforum\",\"url\":\"https:\\\/\\\/news.save.ch\\\/de\\\/\",\"logo\":{\"@type\":\"ImageObject\",\"inLanguage\":\"it-IT\",\"@id\":\"https:\\\/\\\/news.save.ch\\\/de\\\/#\\\/schema\\\/logo\\\/image\\\/\",\"url\":\"https:\\\/\\\/news.save.ch\\\/wp-content\\\/uploads\\\/2022\\\/06\\\/Logo_SF_2012.png\",\"contentUrl\":\"https:\\\/\\\/news.save.ch\\\/wp-content\\\/uploads\\\/2022\\\/06\\\/Logo_SF_2012.png\",\"width\":1100,\"height\":91,\"caption\":\"Sicherheitsforum\"},\"image\":{\"@id\":\"https:\\\/\\\/news.save.ch\\\/de\\\/#\\\/schema\\\/logo\\\/image\\\/\"}},{\"@type\":\"Person\",\"@id\":\"https:\\\/\\\/news.save.ch\\\/de\\\/#\\\/schema\\\/person\\\/d5022db048e0e2b9785c50e5b24da5aa\",\"name\":\"Roger Str\u00e4ssle\",\"image\":{\"@type\":\"ImageObject\",\"inLanguage\":\"it-IT\",\"@id\":\"https:\\\/\\\/secure.gravatar.com\\\/avatar\\\/862a5569d087de48e5856e32f45d719a03804c891d6deb8d4f71a660e79e4a47?s=96&d=mm&r=g\",\"url\":\"https:\\\/\\\/secure.gravatar.com\\\/avatar\\\/862a5569d087de48e5856e32f45d719a03804c891d6deb8d4f71a660e79e4a47?s=96&d=mm&r=g\",\"contentUrl\":\"https:\\\/\\\/secure.gravatar.com\\\/avatar\\\/862a5569d087de48e5856e32f45d719a03804c891d6deb8d4f71a660e79e4a47?s=96&d=mm&r=g\",\"caption\":\"Roger Str\u00e4ssle\"},\"url\":\"https:\\\/\\\/news.save.ch\\\/it\\\/author\\\/roger-straessle\\\/\"}]}<\/script>\n<!-- \/ Yoast SEO plugin. -->","yoast_head_json":{"title":"Cybersecurity: nuovo ufficio federale entro il 2024 - Save","robots":{"index":"index","follow":"follow","max-snippet":"max-snippet:-1","max-image-preview":"max-image-preview:large","max-video-preview":"max-video-preview:-1"},"canonical":"https:\/\/news.save.ch\/it\/neues-bundesamt-fuer-cybersicherheit\/","og_locale":"it_IT","og_type":"article","og_title":"Cybersicherheit: Neues Bundesamt per 2024 - Save","og_description":"Der Bundesrat hat Anfang Dezember 2022 beschlossen, das NCSC als ein ziviles Bundesamt dem zu unterstellen. Damit verbunden hat er sich nun daf\u00fcr ausgesprochen, die im Generalsekretariat des EFD hierf\u00fcr eingestellten Personal- und Sachmittel von 13,7 Millionen Franken per 1. Januar 2024 ins neue Bundesamt f\u00fcr Cybersicherheit im VBS zu transferieren. Supportaufgaben selbst\u00e4ndig erf\u00fcllen Zus\u00e4tzlich [&hellip;]","og_url":"https:\/\/news.save.ch\/it\/neues-bundesamt-fuer-cybersicherheit\/","og_site_name":"Save","article_published_time":"2023-04-19T13:28:46+00:00","article_modified_time":"2023-04-28T14:46:40+00:00","og_image":[{"width":1200,"height":795,"url":"https:\/\/news.save.ch\/wp-content\/uploads\/2023\/04\/Depositphotos_219253118_L-scaled.jpg","type":"image\/jpeg"}],"author":"Roger Str\u00e4ssle","twitter_card":"summary_large_image","twitter_misc":{"Scritto da":"Roger Str\u00e4ssle","Tempo di lettura stimato":"2 minuti"},"schema":{"@context":"https:\/\/schema.org","@graph":[{"@type":"Article","@id":"https:\/\/news.save.ch\/neues-bundesamt-fuer-cybersicherheit\/#article","isPartOf":{"@id":"https:\/\/news.save.ch\/neues-bundesamt-fuer-cybersicherheit\/"},"author":{"name":"Roger Str\u00e4ssle","@id":"https:\/\/news.save.ch\/de\/#\/schema\/person\/d5022db048e0e2b9785c50e5b24da5aa"},"headline":"Cybersicherheit: Neues Bundesamt per 2024","datePublished":"2023-04-19T13:28:46+00:00","dateModified":"2023-04-28T14:46:40+00:00","mainEntityOfPage":{"@id":"https:\/\/news.save.ch\/neues-bundesamt-fuer-cybersicherheit\/"},"wordCount":196,"publisher":{"@id":"https:\/\/news.save.ch\/de\/#organization"},"image":{"@id":"https:\/\/news.save.ch\/neues-bundesamt-fuer-cybersicherheit\/#primaryimage"},"thumbnailUrl":"https:\/\/news.save.ch\/wp-content\/uploads\/2023\/04\/Depositphotos_219253118_L-scaled.jpg","keywords":["Bundesamt f\u00fcr Cybersicherheit","NCSC"],"articleSection":["DIGITALISIERUNG"],"inLanguage":"it-IT"},{"@type":"WebPage","@id":"https:\/\/news.save.ch\/neues-bundesamt-fuer-cybersicherheit\/","url":"https:\/\/news.save.ch\/neues-bundesamt-fuer-cybersicherheit\/","name":"Cybersecurity: nuovo ufficio federale entro il 2024 - Save","isPartOf":{"@id":"https:\/\/news.save.ch\/de\/#website"},"primaryImageOfPage":{"@id":"https:\/\/news.save.ch\/neues-bundesamt-fuer-cybersicherheit\/#primaryimage"},"image":{"@id":"https:\/\/news.save.ch\/neues-bundesamt-fuer-cybersicherheit\/#primaryimage"},"thumbnailUrl":"https:\/\/news.save.ch\/wp-content\/uploads\/2023\/04\/Depositphotos_219253118_L-scaled.jpg","datePublished":"2023-04-19T13:28:46+00:00","dateModified":"2023-04-28T14:46:40+00:00","breadcrumb":{"@id":"https:\/\/news.save.ch\/neues-bundesamt-fuer-cybersicherheit\/#breadcrumb"},"inLanguage":"it-IT","potentialAction":[{"@type":"ReadAction","target":["https:\/\/news.save.ch\/neues-bundesamt-fuer-cybersicherheit\/"]}]},{"@type":"ImageObject","inLanguage":"it-IT","@id":"https:\/\/news.save.ch\/neues-bundesamt-fuer-cybersicherheit\/#primaryimage","url":"https:\/\/news.save.ch\/wp-content\/uploads\/2023\/04\/Depositphotos_219253118_L-scaled.jpg","contentUrl":"https:\/\/news.save.ch\/wp-content\/uploads\/2023\/04\/Depositphotos_219253118_L-scaled.jpg","width":1200,"height":795,"caption":"Depositphotos, Mehaniq"},{"@type":"BreadcrumbList","@id":"https:\/\/news.save.ch\/neues-bundesamt-fuer-cybersicherheit\/#breadcrumb","itemListElement":[{"@type":"ListItem","position":1,"name":"Home","item":"https:\/\/news.save.ch\/de\/"},{"@type":"ListItem","position":2,"name":"Cybersicherheit: Neues Bundesamt per 2024"}]},{"@type":"WebSite","@id":"https:\/\/news.save.ch\/de\/#website","url":"https:\/\/news.save.ch\/de\/","name":"Risparmiare","description":"Rivista svizzera specializzata in sicurezza","publisher":{"@id":"https:\/\/news.save.ch\/de\/#organization"},"potentialAction":[{"@type":"SearchAction","target":{"@type":"EntryPoint","urlTemplate":"https:\/\/news.save.ch\/de\/?s={search_term_string}"},"query-input":{"@type":"PropertyValueSpecification","valueRequired":true,"valueName":"search_term_string"}}],"inLanguage":"it-IT"},{"@type":"Organization","@id":"https:\/\/news.save.ch\/de\/#organization","name":"Forum sulla sicurezza","url":"https:\/\/news.save.ch\/de\/","logo":{"@type":"ImageObject","inLanguage":"it-IT","@id":"https:\/\/news.save.ch\/de\/#\/schema\/logo\/image\/","url":"https:\/\/news.save.ch\/wp-content\/uploads\/2022\/06\/Logo_SF_2012.png","contentUrl":"https:\/\/news.save.ch\/wp-content\/uploads\/2022\/06\/Logo_SF_2012.png","width":1100,"height":91,"caption":"Sicherheitsforum"},"image":{"@id":"https:\/\/news.save.ch\/de\/#\/schema\/logo\/image\/"}},{"@type":"Person","@id":"https:\/\/news.save.ch\/de\/#\/schema\/person\/d5022db048e0e2b9785c50e5b24da5aa","name":"Roger Str\u00e4ssle","image":{"@type":"ImageObject","inLanguage":"it-IT","@id":"https:\/\/secure.gravatar.com\/avatar\/862a5569d087de48e5856e32f45d719a03804c891d6deb8d4f71a660e79e4a47?s=96&d=mm&r=g","url":"https:\/\/secure.gravatar.com\/avatar\/862a5569d087de48e5856e32f45d719a03804c891d6deb8d4f71a660e79e4a47?s=96&d=mm&r=g","contentUrl":"https:\/\/secure.gravatar.com\/avatar\/862a5569d087de48e5856e32f45d719a03804c891d6deb8d4f71a660e79e4a47?s=96&d=mm&r=g","caption":"Roger Str\u00e4ssle"},"url":"https:\/\/news.save.ch\/it\/author\/roger-straessle\/"}]}},"_links":{"self":[{"href":"https:\/\/news.save.ch\/it\/wp-json\/wp\/v2\/posts\/19294","targetHints":{"allow":["GET"]}}],"collection":[{"href":"https:\/\/news.save.ch\/it\/wp-json\/wp\/v2\/posts"}],"about":[{"href":"https:\/\/news.save.ch\/it\/wp-json\/wp\/v2\/types\/post"}],"author":[{"embeddable":true,"href":"https:\/\/news.save.ch\/it\/wp-json\/wp\/v2\/users\/8"}],"replies":[{"embeddable":true,"href":"https:\/\/news.save.ch\/it\/wp-json\/wp\/v2\/comments?post=19294"}],"version-history":[{"count":4,"href":"https:\/\/news.save.ch\/it\/wp-json\/wp\/v2\/posts\/19294\/revisions"}],"predecessor-version":[{"id":19352,"href":"https:\/\/news.save.ch\/it\/wp-json\/wp\/v2\/posts\/19294\/revisions\/19352"}],"wp:featuredmedia":[{"embeddable":true,"href":"https:\/\/news.save.ch\/it\/wp-json\/wp\/v2\/media\/19295"}],"wp:attachment":[{"href":"https:\/\/news.save.ch\/it\/wp-json\/wp\/v2\/media?parent=19294"}],"wp:term":[{"taxonomy":"category","embeddable":true,"href":"https:\/\/news.save.ch\/it\/wp-json\/wp\/v2\/categories?post=19294"},{"taxonomy":"post_tag","embeddable":true,"href":"https:\/\/news.save.ch\/it\/wp-json\/wp\/v2\/tags?post=19294"}],"curies":[{"name":"wp","href":"https:\/\/api.w.org\/{rel}","templated":true}]}}